{"id":48879,"date":"2023-02-04T20:44:08","date_gmt":"2023-02-04T19:44:08","guid":{"rendered":"https:\/\/kulturonline.tv\/?p=48879"},"modified":"2023-02-04T20:44:09","modified_gmt":"2023-02-04T19:44:09","slug":"die-globale-pop-ikone-pnk-hat-vier-stadion-shows-in-deutschland-angekuendigt","status":"publish","type":"post","link":"https:\/\/kulturonline.tv\/de\/die-globale-pop-ikone-pnk-hat-vier-stadion-shows-in-deutschland-angekuendigt\/","title":{"rendered":"Die globale Pop-Ikone P!NK hat vier Stadion-Shows in Deutschland angek\u00fcndigt"},"content":{"rendered":"\n<p>Damit kehrt sie mit ihrer ungemein kraftvollen Stimme und ihrer gefeierten, hochkar\u00e4tigen Live-Show zum ersten Mal seit ihrer ph\u00e4nomenalen, ausverkauften \u201eBeautiful Trauma World Tour\u201c 2019 nach Deutschland zur\u00fcck.<\/p>\n\n\n\n<figure class=\"wp-block-image size-full\"><img fetchpriority=\"high\" decoding=\"async\" width=\"800\" height=\"450\" src=\"https:\/\/kulturonline.tv\/wp-content\/uploads\/2023\/02\/PINK-edited.jpg\" alt=\"\" class=\"wp-image-48882\" srcset=\"https:\/\/kulturonline.tv\/wp-content\/uploads\/2023\/02\/PINK-edited.jpg 800w, https:\/\/kulturonline.tv\/wp-content\/uploads\/2023\/02\/PINK-edited-768x432.jpg 768w, https:\/\/kulturonline.tv\/wp-content\/uploads\/2023\/02\/PINK-edited-600x338.jpg 600w\" sizes=\"(max-width: 800px) 100vw, 800px\" \/><figcaption class=\"wp-element-caption\">\u00a9 Andemaja, CC BY-SA 4.0, via Wikimedia Commons<\/figcaption><\/figure>\n\n\n\n<p>P!NK ist bekannt f\u00fcr ihre unbestreitbar spektakul\u00e4ren Live-Shows mit kolossalen Inszenierungen und gepaart mit ihrem Weltklasse-Talent. Der \u201eSummer Carnival 2023\u201c wird ein weiterer beeindruckender Meilenstein in ihrer ohnehin schon ph\u00e4nomenalen Karriere und ein unvergessliches Live-Erlebnis f\u00fcr ihre Fans werden.<\/p>\n\n\n\n<p><\/p>\n\n\n\n<figure class=\"wp-block-embed is-type-video is-provider-youtube wp-block-embed-youtube wp-embed-aspect-16-9 wp-has-aspect-ratio\"><div class=\"wp-block-embed__wrapper\">\n<iframe title=\"P!NK - TRUSTFALL (Official Video)\" width=\"800\" height=\"450\" src=\"https:\/\/www.youtube.com\/embed\/D2KE2a5qo0g?feature=oembed\" frameborder=\"0\" allow=\"accelerometer; autoplay; clipboard-write; encrypted-media; gyroscope; picture-in-picture; web-share\" referrerpolicy=\"strict-origin-when-cross-origin\" allowfullscreen><\/iframe>\n<\/div><\/figure>\n\n\n\n<p>Kultur Online TV<\/p>\n\n\n\n<p>#musik #news #tipp<\/p>\n","protected":false},"excerpt":{"rendered":"<p>Damit kehrt sie mit ihrer ungemein kraftvollen Stimme und ihrer gefeierten, hochkar\u00e4tigen Live-Show zum ersten Mal seit ihrer ph\u00e4nomenalen, ausverkauften \u201eBeautiful Trauma World Tour\u201c 2019 nach Deutschland zur\u00fcck. P!NK ist bekannt f\u00fcr ihre unbestreitbar spektakul\u00e4ren Live-Shows mit kolossalen Inszenierungen und gepaart mit ihrem Weltklasse-Talent. Der \u201eSummer Carnival 2023\u201c wird ein weiterer beeindruckender Meilenstein in ihrer [&hellip;]<\/p>\n","protected":false},"author":2,"featured_media":48882,"comment_status":"closed","ping_status":"closed","sticky":false,"template":"","format":"standard","meta":{"_acf_changed":false,"footnotes":""},"categories":[401],"tags":[],"class_list":["post-48879","post","type-post","status-publish","format-standard","has-post-thumbnail","hentry","category-radiothek-news"],"acf":[],"yoast_head":"<!-- This site is optimized with the Yoast SEO plugin v26.1.1 - https:\/\/yoast.com\/wordpress\/plugins\/seo\/ -->\n<title>Die globale Pop-Ikone P!NK hat vier Stadion-Shows in Deutschland angek\u00fcndigt - Kultur Online TV &amp; FM<\/title>\n<meta name=\"description\" content=\"Damit kehrt sie mit ihrer ungemein kraftvollen Stimme und ihrer gefeierten, hochkar\u00e4tigen Live-Show zum ersten Mal seit ihrer ph\u00e4nomenalen, ausverkauften \u201eBeautiful Trauma World Tour\u201c 2019 nach Deutschland zur\u00fcck.\" \/>\n<meta name=\"robots\" content=\"index, follow, max-snippet:-1, max-image-preview:large, max-video-preview:-1\" \/>\n<link rel=\"canonical\" href=\"https:\/\/kulturonline.tv\/de\/die-globale-pop-ikone-pnk-hat-vier-stadion-shows-in-deutschland-angekuendigt\/\" \/>\n<meta property=\"og:locale\" content=\"de_DE\" \/>\n<meta property=\"og:type\" content=\"article\" \/>\n<meta property=\"og:title\" content=\"Die globale Pop-Ikone P!NK hat vier Stadion-Shows in Deutschland angek\u00fcndigt - Kultur Online TV &amp; FM\" \/>\n<meta property=\"og:description\" content=\"Damit kehrt sie mit ihrer ungemein kraftvollen Stimme und ihrer gefeierten, hochkar\u00e4tigen Live-Show zum ersten Mal seit ihrer ph\u00e4nomenalen, ausverkauften \u201eBeautiful Trauma World Tour\u201c 2019 nach Deutschland zur\u00fcck.\" \/>\n<meta property=\"og:url\" content=\"https:\/\/kulturonline.tv\/de\/die-globale-pop-ikone-pnk-hat-vier-stadion-shows-in-deutschland-angekuendigt\/\" \/>\n<meta property=\"og:site_name\" content=\"Kultur Online TV &amp; FM\" \/>\n<meta property=\"article:publisher\" content=\"https:\/\/www.facebook.com\/kulturonline.tv\" \/>\n<meta property=\"article:published_time\" content=\"2023-02-04T19:44:08+00:00\" \/>\n<meta property=\"article:modified_time\" content=\"2023-02-04T19:44:09+00:00\" \/>\n<meta property=\"og:image\" content=\"https:\/\/kulturonline.tv\/wp-content\/uploads\/2023\/02\/PINK-edited.jpg\" \/>\n\t<meta property=\"og:image:width\" content=\"800\" \/>\n\t<meta property=\"og:image:height\" content=\"450\" \/>\n\t<meta property=\"og:image:type\" content=\"image\/jpeg\" \/>\n<meta name=\"author\" content=\"guenter.wolfgang\" \/>\n<meta name=\"twitter:card\" content=\"summary_large_image\" \/>\n<meta name=\"twitter:label1\" content=\"Verfasst von\" \/>\n\t<meta name=\"twitter:data1\" content=\"guenter.wolfgang\" \/>\n<script type=\"application\/ld+json\" class=\"yoast-schema-graph\">{\"@context\":\"https:\/\/schema.org\",\"@graph\":[{\"@type\":\"Article\",\"@id\":\"https:\/\/kulturonline.tv\/de\/die-globale-pop-ikone-pnk-hat-vier-stadion-shows-in-deutschland-angekuendigt\/#article\",\"isPartOf\":{\"@id\":\"https:\/\/kulturonline.tv\/de\/die-globale-pop-ikone-pnk-hat-vier-stadion-shows-in-deutschland-angekuendigt\/\"},\"author\":{\"name\":\"guenter.wolfgang\",\"@id\":\"https:\/\/kulturonline.tv\/de\/#\/schema\/person\/b0fac729bb9a0c193fb1df23449df4fe\"},\"headline\":\"Die globale Pop-Ikone P!NK hat vier Stadion-Shows in Deutschland angek\u00fcndigt\",\"datePublished\":\"2023-02-04T19:44:08+00:00\",\"dateModified\":\"2023-02-04T19:44:09+00:00\",\"mainEntityOfPage\":{\"@id\":\"https:\/\/kulturonline.tv\/de\/die-globale-pop-ikone-pnk-hat-vier-stadion-shows-in-deutschland-angekuendigt\/\"},\"wordCount\":108,\"publisher\":{\"@id\":\"https:\/\/kulturonline.tv\/de\/#organization\"},\"image\":{\"@id\":\"https:\/\/kulturonline.tv\/de\/die-globale-pop-ikone-pnk-hat-vier-stadion-shows-in-deutschland-angekuendigt\/#primaryimage\"},\"thumbnailUrl\":\"https:\/\/kulturonline.tv\/wp-content\/uploads\/2023\/02\/PINK-edited.jpg\",\"articleSection\":[\"Radiothek News\"],\"inLanguage\":\"de\"},{\"@type\":\"WebPage\",\"@id\":\"https:\/\/kulturonline.tv\/de\/die-globale-pop-ikone-pnk-hat-vier-stadion-shows-in-deutschland-angekuendigt\/\",\"url\":\"https:\/\/kulturonline.tv\/de\/die-globale-pop-ikone-pnk-hat-vier-stadion-shows-in-deutschland-angekuendigt\/\",\"name\":\"Die globale Pop-Ikone P!NK hat vier Stadion-Shows in Deutschland angek\u00fcndigt - Kultur Online TV &amp; FM\",\"isPartOf\":{\"@id\":\"https:\/\/kulturonline.tv\/de\/#website\"},\"primaryImageOfPage\":{\"@id\":\"https:\/\/kulturonline.tv\/de\/die-globale-pop-ikone-pnk-hat-vier-stadion-shows-in-deutschland-angekuendigt\/#primaryimage\"},\"image\":{\"@id\":\"https:\/\/kulturonline.tv\/de\/die-globale-pop-ikone-pnk-hat-vier-stadion-shows-in-deutschland-angekuendigt\/#primaryimage\"},\"thumbnailUrl\":\"https:\/\/kulturonline.tv\/wp-content\/uploads\/2023\/02\/PINK-edited.jpg\",\"datePublished\":\"2023-02-04T19:44:08+00:00\",\"dateModified\":\"2023-02-04T19:44:09+00:00\",\"description\":\"Damit kehrt sie mit ihrer ungemein kraftvollen Stimme und ihrer gefeierten, hochkar\u00e4tigen Live-Show zum ersten Mal seit ihrer ph\u00e4nomenalen, ausverkauften \u201eBeautiful Trauma World Tour\u201c 2019 nach Deutschland zur\u00fcck.\",\"breadcrumb\":{\"@id\":\"https:\/\/kulturonline.tv\/de\/die-globale-pop-ikone-pnk-hat-vier-stadion-shows-in-deutschland-angekuendigt\/#breadcrumb\"},\"inLanguage\":\"de\",\"potentialAction\":[{\"@type\":\"ReadAction\",\"target\":[\"https:\/\/kulturonline.tv\/de\/die-globale-pop-ikone-pnk-hat-vier-stadion-shows-in-deutschland-angekuendigt\/\"]}]},{\"@type\":\"ImageObject\",\"inLanguage\":\"de\",\"@id\":\"https:\/\/kulturonline.tv\/de\/die-globale-pop-ikone-pnk-hat-vier-stadion-shows-in-deutschland-angekuendigt\/#primaryimage\",\"url\":\"https:\/\/kulturonline.tv\/wp-content\/uploads\/2023\/02\/PINK-edited.jpg\",\"contentUrl\":\"https:\/\/kulturonline.tv\/wp-content\/uploads\/2023\/02\/PINK-edited.jpg\",\"width\":800,\"height\":450},{\"@type\":\"BreadcrumbList\",\"@id\":\"https:\/\/kulturonline.tv\/de\/die-globale-pop-ikone-pnk-hat-vier-stadion-shows-in-deutschland-angekuendigt\/#breadcrumb\",\"itemListElement\":[{\"@type\":\"ListItem\",\"position\":1,\"name\":\"Startseite\",\"item\":\"https:\/\/kulturonline.tv\/de\/\"},{\"@type\":\"ListItem\",\"position\":2,\"name\":\"Die globale Pop-Ikone P!NK hat vier Stadion-Shows in Deutschland angek\u00fcndigt\"}]},{\"@type\":\"WebSite\",\"@id\":\"https:\/\/kulturonline.tv\/de\/#website\",\"url\":\"https:\/\/kulturonline.tv\/de\/\",\"name\":\"Kultur Online TV &amp; FM\",\"description\":\"Wir sind Kultur 2.0 zum sehen &amp; h\u00f6ren\",\"publisher\":{\"@id\":\"https:\/\/kulturonline.tv\/de\/#organization\"},\"potentialAction\":[{\"@type\":\"SearchAction\",\"target\":{\"@type\":\"EntryPoint\",\"urlTemplate\":\"https:\/\/kulturonline.tv\/de\/?s={search_term_string}\"},\"query-input\":{\"@type\":\"PropertyValueSpecification\",\"valueRequired\":true,\"valueName\":\"search_term_string\"}}],\"inLanguage\":\"de\"},{\"@type\":\"Organization\",\"@id\":\"https:\/\/kulturonline.tv\/de\/#organization\",\"name\":\"Kultur Online TV\",\"url\":\"https:\/\/kulturonline.tv\/de\/\",\"logo\":{\"@type\":\"ImageObject\",\"inLanguage\":\"de\",\"@id\":\"https:\/\/kulturonline.tv\/de\/#\/schema\/logo\/image\/\",\"url\":\"https:\/\/kulturonline.tv\/wp-content\/uploads\/2021\/08\/Kultur-Online-Tv-Logo-Endversion-neu.png\",\"contentUrl\":\"https:\/\/kulturonline.tv\/wp-content\/uploads\/2021\/08\/Kultur-Online-Tv-Logo-Endversion-neu.png\",\"width\":200,\"height\":200,\"caption\":\"Kultur Online TV\"},\"image\":{\"@id\":\"https:\/\/kulturonline.tv\/de\/#\/schema\/logo\/image\/\"},\"sameAs\":[\"https:\/\/www.facebook.com\/kulturonline.tv\",\"https:\/\/www.instagram.com\/kulturonline.tv\"]},{\"@type\":\"Person\",\"@id\":\"https:\/\/kulturonline.tv\/de\/#\/schema\/person\/b0fac729bb9a0c193fb1df23449df4fe\",\"name\":\"guenter.wolfgang\"}]}<\/script>\n<!-- \/ Yoast SEO plugin. -->","yoast_head_json":{"title":"Die globale Pop-Ikone P!NK hat vier Stadion-Shows in Deutschland angek\u00fcndigt - Kultur Online TV &amp; FM","description":"Damit kehrt sie mit ihrer ungemein kraftvollen Stimme und ihrer gefeierten, hochkar\u00e4tigen Live-Show zum ersten Mal seit ihrer ph\u00e4nomenalen, ausverkauften \u201eBeautiful Trauma World Tour\u201c 2019 nach Deutschland zur\u00fcck.","robots":{"index":"index","follow":"follow","max-snippet":"max-snippet:-1","max-image-preview":"max-image-preview:large","max-video-preview":"max-video-preview:-1"},"canonical":"https:\/\/kulturonline.tv\/de\/die-globale-pop-ikone-pnk-hat-vier-stadion-shows-in-deutschland-angekuendigt\/","og_locale":"de_DE","og_type":"article","og_title":"Die globale Pop-Ikone P!NK hat vier Stadion-Shows in Deutschland angek\u00fcndigt - Kultur Online TV &amp; FM","og_description":"Damit kehrt sie mit ihrer ungemein kraftvollen Stimme und ihrer gefeierten, hochkar\u00e4tigen Live-Show zum ersten Mal seit ihrer ph\u00e4nomenalen, ausverkauften \u201eBeautiful Trauma World Tour\u201c 2019 nach Deutschland zur\u00fcck.","og_url":"https:\/\/kulturonline.tv\/de\/die-globale-pop-ikone-pnk-hat-vier-stadion-shows-in-deutschland-angekuendigt\/","og_site_name":"Kultur Online TV &amp; FM","article_publisher":"https:\/\/www.facebook.com\/kulturonline.tv","article_published_time":"2023-02-04T19:44:08+00:00","article_modified_time":"2023-02-04T19:44:09+00:00","og_image":[{"width":800,"height":450,"url":"https:\/\/kulturonline.tv\/wp-content\/uploads\/2023\/02\/PINK-edited.jpg","type":"image\/jpeg"}],"author":"guenter.wolfgang","twitter_card":"summary_large_image","twitter_misc":{"Verfasst von":"guenter.wolfgang"},"schema":{"@context":"https:\/\/schema.org","@graph":[{"@type":"Article","@id":"https:\/\/kulturonline.tv\/de\/die-globale-pop-ikone-pnk-hat-vier-stadion-shows-in-deutschland-angekuendigt\/#article","isPartOf":{"@id":"https:\/\/kulturonline.tv\/de\/die-globale-pop-ikone-pnk-hat-vier-stadion-shows-in-deutschland-angekuendigt\/"},"author":{"name":"guenter.wolfgang","@id":"https:\/\/kulturonline.tv\/de\/#\/schema\/person\/b0fac729bb9a0c193fb1df23449df4fe"},"headline":"Die globale Pop-Ikone P!NK hat vier Stadion-Shows in Deutschland angek\u00fcndigt","datePublished":"2023-02-04T19:44:08+00:00","dateModified":"2023-02-04T19:44:09+00:00","mainEntityOfPage":{"@id":"https:\/\/kulturonline.tv\/de\/die-globale-pop-ikone-pnk-hat-vier-stadion-shows-in-deutschland-angekuendigt\/"},"wordCount":108,"publisher":{"@id":"https:\/\/kulturonline.tv\/de\/#organization"},"image":{"@id":"https:\/\/kulturonline.tv\/de\/die-globale-pop-ikone-pnk-hat-vier-stadion-shows-in-deutschland-angekuendigt\/#primaryimage"},"thumbnailUrl":"https:\/\/kulturonline.tv\/wp-content\/uploads\/2023\/02\/PINK-edited.jpg","articleSection":["Radiothek News"],"inLanguage":"de"},{"@type":"WebPage","@id":"https:\/\/kulturonline.tv\/de\/die-globale-pop-ikone-pnk-hat-vier-stadion-shows-in-deutschland-angekuendigt\/","url":"https:\/\/kulturonline.tv\/de\/die-globale-pop-ikone-pnk-hat-vier-stadion-shows-in-deutschland-angekuendigt\/","name":"Die globale Pop-Ikone P!NK hat vier Stadion-Shows in Deutschland angek\u00fcndigt - Kultur Online TV &amp; FM","isPartOf":{"@id":"https:\/\/kulturonline.tv\/de\/#website"},"primaryImageOfPage":{"@id":"https:\/\/kulturonline.tv\/de\/die-globale-pop-ikone-pnk-hat-vier-stadion-shows-in-deutschland-angekuendigt\/#primaryimage"},"image":{"@id":"https:\/\/kulturonline.tv\/de\/die-globale-pop-ikone-pnk-hat-vier-stadion-shows-in-deutschland-angekuendigt\/#primaryimage"},"thumbnailUrl":"https:\/\/kulturonline.tv\/wp-content\/uploads\/2023\/02\/PINK-edited.jpg","datePublished":"2023-02-04T19:44:08+00:00","dateModified":"2023-02-04T19:44:09+00:00","description":"Damit kehrt sie mit ihrer ungemein kraftvollen Stimme und ihrer gefeierten, hochkar\u00e4tigen Live-Show zum ersten Mal seit ihrer ph\u00e4nomenalen, ausverkauften \u201eBeautiful Trauma World Tour\u201c 2019 nach Deutschland zur\u00fcck.","breadcrumb":{"@id":"https:\/\/kulturonline.tv\/de\/die-globale-pop-ikone-pnk-hat-vier-stadion-shows-in-deutschland-angekuendigt\/#breadcrumb"},"inLanguage":"de","potentialAction":[{"@type":"ReadAction","target":["https:\/\/kulturonline.tv\/de\/die-globale-pop-ikone-pnk-hat-vier-stadion-shows-in-deutschland-angekuendigt\/"]}]},{"@type":"ImageObject","inLanguage":"de","@id":"https:\/\/kulturonline.tv\/de\/die-globale-pop-ikone-pnk-hat-vier-stadion-shows-in-deutschland-angekuendigt\/#primaryimage","url":"https:\/\/kulturonline.tv\/wp-content\/uploads\/2023\/02\/PINK-edited.jpg","contentUrl":"https:\/\/kulturonline.tv\/wp-content\/uploads\/2023\/02\/PINK-edited.jpg","width":800,"height":450},{"@type":"BreadcrumbList","@id":"https:\/\/kulturonline.tv\/de\/die-globale-pop-ikone-pnk-hat-vier-stadion-shows-in-deutschland-angekuendigt\/#breadcrumb","itemListElement":[{"@type":"ListItem","position":1,"name":"Startseite","item":"https:\/\/kulturonline.tv\/de\/"},{"@type":"ListItem","position":2,"name":"Die globale Pop-Ikone P!NK hat vier Stadion-Shows in Deutschland angek\u00fcndigt"}]},{"@type":"WebSite","@id":"https:\/\/kulturonline.tv\/de\/#website","url":"https:\/\/kulturonline.tv\/de\/","name":"Kultur Online TV &amp; FM","description":"Wir sind Kultur 2.0 zum sehen &amp; h\u00f6ren","publisher":{"@id":"https:\/\/kulturonline.tv\/de\/#organization"},"potentialAction":[{"@type":"SearchAction","target":{"@type":"EntryPoint","urlTemplate":"https:\/\/kulturonline.tv\/de\/?s={search_term_string}"},"query-input":{"@type":"PropertyValueSpecification","valueRequired":true,"valueName":"search_term_string"}}],"inLanguage":"de"},{"@type":"Organization","@id":"https:\/\/kulturonline.tv\/de\/#organization","name":"Kultur Online TV","url":"https:\/\/kulturonline.tv\/de\/","logo":{"@type":"ImageObject","inLanguage":"de","@id":"https:\/\/kulturonline.tv\/de\/#\/schema\/logo\/image\/","url":"https:\/\/kulturonline.tv\/wp-content\/uploads\/2021\/08\/Kultur-Online-Tv-Logo-Endversion-neu.png","contentUrl":"https:\/\/kulturonline.tv\/wp-content\/uploads\/2021\/08\/Kultur-Online-Tv-Logo-Endversion-neu.png","width":200,"height":200,"caption":"Kultur Online TV"},"image":{"@id":"https:\/\/kulturonline.tv\/de\/#\/schema\/logo\/image\/"},"sameAs":["https:\/\/www.facebook.com\/kulturonline.tv","https:\/\/www.instagram.com\/kulturonline.tv"]},{"@type":"Person","@id":"https:\/\/kulturonline.tv\/de\/#\/schema\/person\/b0fac729bb9a0c193fb1df23449df4fe","name":"guenter.wolfgang"}]}},"_links":{"self":[{"href":"https:\/\/kulturonline.tv\/de\/wp-json\/wp\/v2\/posts\/48879","targetHints":{"allow":["GET"]}}],"collection":[{"href":"https:\/\/kulturonline.tv\/de\/wp-json\/wp\/v2\/posts"}],"about":[{"href":"https:\/\/kulturonline.tv\/de\/wp-json\/wp\/v2\/types\/post"}],"author":[{"embeddable":true,"href":"https:\/\/kulturonline.tv\/de\/wp-json\/wp\/v2\/users\/2"}],"replies":[{"embeddable":true,"href":"https:\/\/kulturonline.tv\/de\/wp-json\/wp\/v2\/comments?post=48879"}],"version-history":[{"count":0,"href":"https:\/\/kulturonline.tv\/de\/wp-json\/wp\/v2\/posts\/48879\/revisions"}],"wp:featuredmedia":[{"embeddable":true,"href":"https:\/\/kulturonline.tv\/de\/wp-json\/wp\/v2\/media\/48882"}],"wp:attachment":[{"href":"https:\/\/kulturonline.tv\/de\/wp-json\/wp\/v2\/media?parent=48879"}],"wp:term":[{"taxonomy":"category","embeddable":true,"href":"https:\/\/kulturonline.tv\/de\/wp-json\/wp\/v2\/categories?post=48879"},{"taxonomy":"post_tag","embeddable":true,"href":"https:\/\/kulturonline.tv\/de\/wp-json\/wp\/v2\/tags?post=48879"}],"curies":[{"name":"wp","href":"https:\/\/api.w.org\/{rel}","templated":true}]}}