{"id":52635,"date":"2023-02-21T22:32:08","date_gmt":"2023-02-21T21:32:08","guid":{"rendered":"https:\/\/kulturonline.tv\/?p=52635"},"modified":"2023-02-21T22:32:09","modified_gmt":"2023-02-21T21:32:09","slug":"muenchner-lach-und-schiessgesellschaft-meldet-insolvenz-an","status":"publish","type":"post","link":"https:\/\/kulturonline.tv\/de\/muenchner-lach-und-schiessgesellschaft-meldet-insolvenz-an\/","title":{"rendered":"M\u00fcnchner Lach- und Schie\u00dfgesellschaft meldet Insolvenz an"},"content":{"rendered":"\n<p>Die ber\u00fchmte M\u00fcnchner Lach- und Schie\u00dfgesellschaft hat nach l\u00e4ngerem Ringen Insolvenz angemeldet. Die Gesellschafter sind mit dem Versuch eines Neubeginns unternehmerisch gescheitert.<\/p>\n\n\n\n<figure class=\"wp-block-image size-full is-resized\"><img fetchpriority=\"high\" decoding=\"async\" src=\"https:\/\/kulturonline.tv\/wp-content\/uploads\/2023\/02\/Muc_swa_LachuSchiess-edited.jpg\" alt=\"\" class=\"wp-image-52638\" width=\"840\" height=\"472\" srcset=\"https:\/\/kulturonline.tv\/wp-content\/uploads\/2023\/02\/Muc_swa_LachuSchiess-edited.jpg 580w, https:\/\/kulturonline.tv\/wp-content\/uploads\/2023\/02\/Muc_swa_LachuSchiess-edited-320x180.jpg 320w, https:\/\/kulturonline.tv\/wp-content\/uploads\/2023\/02\/Muc_swa_LachuSchiess-edited-480x270.jpg 480w\" sizes=\"(max-width: 840px) 100vw, 840px\" \/><\/figure>\n\n\n\n<p>Die Stadt M\u00fcnchen ist nach eigenen Angaben bereit, der von der Pleite bedrohten Traditionsb\u00fchne zu helfen. Momentan seien aber keine weiteren Gespr\u00e4che mit den drei Gesellschaftern vorgesehen. Oberb\u00fcrgermeister Dieter Reiter sagte, mit allen Beteiligten \u00fcber Fortbestand und Wiederaufnahme des Spielbetriebs zu sprechen, sei nur dann sinnvoll, wenn es eine Gesch\u00e4ftsf\u00fchrung gebe, die einen klaren Businessplan und ein schl\u00fcssiges und tragf\u00e4higes Konzept vorlegen k\u00f6nne.<\/p>\n\n\n\n<p>Kultur Online TV-FM<\/p>\n\n\n\n<p>#news #theater<\/p>\n","protected":false},"excerpt":{"rendered":"<p>Die ber\u00fchmte M\u00fcnchner Lach- und Schie\u00dfgesellschaft hat nach l\u00e4ngerem Ringen Insolvenz angemeldet. Die Gesellschafter sind mit dem Versuch eines Neubeginns unternehmerisch gescheitert. Die Stadt M\u00fcnchen ist nach eigenen Angaben bereit, der von der Pleite bedrohten Traditionsb\u00fchne zu helfen. Momentan seien aber keine weiteren Gespr\u00e4che mit den drei Gesellschaftern vorgesehen. Oberb\u00fcrgermeister Dieter Reiter sagte, mit allen [&hellip;]<\/p>\n","protected":false},"author":2,"featured_media":52638,"comment_status":"closed","ping_status":"closed","sticky":false,"template":"","format":"standard","meta":{"_acf_changed":false,"footnotes":""},"categories":[105],"tags":[],"class_list":["post-52635","post","type-post","status-publish","format-standard","has-post-thumbnail","hentry","category-theater"],"acf":[],"yoast_head":"<!-- This site is optimized with the Yoast SEO plugin v26.1.1 - https:\/\/yoast.com\/wordpress\/plugins\/seo\/ -->\n<title>M\u00fcnchner Lach- und Schie\u00dfgesellschaft meldet Insolvenz an - Kultur Online TV &amp; FM<\/title>\n<meta name=\"description\" content=\"Die ber\u00fchmte M\u00fcnchner Lach- und Schie\u00dfgesellschaft hat nach l\u00e4ngerem Ringen Insolvenz angemeldet. Die Gesellschafter sind mit dem Versuch eines Neubeginns unternehmerisch gescheitert.\" \/>\n<meta name=\"robots\" content=\"index, follow, max-snippet:-1, max-image-preview:large, max-video-preview:-1\" \/>\n<link rel=\"canonical\" href=\"https:\/\/kulturonline.tv\/de\/muenchner-lach-und-schiessgesellschaft-meldet-insolvenz-an\/\" \/>\n<meta property=\"og:locale\" content=\"de_DE\" \/>\n<meta property=\"og:type\" content=\"article\" \/>\n<meta property=\"og:title\" content=\"M\u00fcnchner Lach- und Schie\u00dfgesellschaft meldet Insolvenz an - Kultur Online TV &amp; FM\" \/>\n<meta property=\"og:description\" content=\"Die ber\u00fchmte M\u00fcnchner Lach- und Schie\u00dfgesellschaft hat nach l\u00e4ngerem Ringen Insolvenz angemeldet. Die Gesellschafter sind mit dem Versuch eines Neubeginns unternehmerisch gescheitert.\" \/>\n<meta property=\"og:url\" content=\"https:\/\/kulturonline.tv\/de\/muenchner-lach-und-schiessgesellschaft-meldet-insolvenz-an\/\" \/>\n<meta property=\"og:site_name\" content=\"Kultur Online TV &amp; FM\" \/>\n<meta property=\"article:publisher\" content=\"https:\/\/www.facebook.com\/kulturonline.tv\" \/>\n<meta property=\"article:published_time\" content=\"2023-02-21T21:32:08+00:00\" \/>\n<meta property=\"article:modified_time\" content=\"2023-02-21T21:32:09+00:00\" \/>\n<meta property=\"og:image\" content=\"https:\/\/kulturonline.tv\/wp-content\/uploads\/2023\/02\/Muc_swa_LachuSchiess-edited.jpg\" \/>\n\t<meta property=\"og:image:width\" content=\"580\" \/>\n\t<meta property=\"og:image:height\" content=\"326\" \/>\n\t<meta property=\"og:image:type\" content=\"image\/jpeg\" \/>\n<meta name=\"author\" content=\"guenter.wolfgang\" \/>\n<meta name=\"twitter:card\" content=\"summary_large_image\" \/>\n<meta name=\"twitter:label1\" content=\"Verfasst von\" \/>\n\t<meta name=\"twitter:data1\" content=\"guenter.wolfgang\" \/>\n\t<meta name=\"twitter:label2\" content=\"Gesch\u00e4tzte Lesezeit\" \/>\n\t<meta name=\"twitter:data2\" content=\"1\u00a0Minute\" \/>\n<script type=\"application\/ld+json\" class=\"yoast-schema-graph\">{\"@context\":\"https:\/\/schema.org\",\"@graph\":[{\"@type\":\"Article\",\"@id\":\"https:\/\/kulturonline.tv\/de\/muenchner-lach-und-schiessgesellschaft-meldet-insolvenz-an\/#article\",\"isPartOf\":{\"@id\":\"https:\/\/kulturonline.tv\/de\/muenchner-lach-und-schiessgesellschaft-meldet-insolvenz-an\/\"},\"author\":{\"name\":\"guenter.wolfgang\",\"@id\":\"https:\/\/kulturonline.tv\/de\/#\/schema\/person\/b0fac729bb9a0c193fb1df23449df4fe\"},\"headline\":\"M\u00fcnchner Lach- und Schie\u00dfgesellschaft meldet Insolvenz an\",\"datePublished\":\"2023-02-21T21:32:08+00:00\",\"dateModified\":\"2023-02-21T21:32:09+00:00\",\"mainEntityOfPage\":{\"@id\":\"https:\/\/kulturonline.tv\/de\/muenchner-lach-und-schiessgesellschaft-meldet-insolvenz-an\/\"},\"wordCount\":112,\"publisher\":{\"@id\":\"https:\/\/kulturonline.tv\/de\/#organization\"},\"image\":{\"@id\":\"https:\/\/kulturonline.tv\/de\/muenchner-lach-und-schiessgesellschaft-meldet-insolvenz-an\/#primaryimage\"},\"thumbnailUrl\":\"https:\/\/kulturonline.tv\/wp-content\/uploads\/2023\/02\/Muc_swa_LachuSchiess-edited.jpg\",\"articleSection\":[\"Theater\"],\"inLanguage\":\"de\"},{\"@type\":\"WebPage\",\"@id\":\"https:\/\/kulturonline.tv\/de\/muenchner-lach-und-schiessgesellschaft-meldet-insolvenz-an\/\",\"url\":\"https:\/\/kulturonline.tv\/de\/muenchner-lach-und-schiessgesellschaft-meldet-insolvenz-an\/\",\"name\":\"M\u00fcnchner Lach- und Schie\u00dfgesellschaft meldet Insolvenz an - Kultur Online TV &amp; FM\",\"isPartOf\":{\"@id\":\"https:\/\/kulturonline.tv\/de\/#website\"},\"primaryImageOfPage\":{\"@id\":\"https:\/\/kulturonline.tv\/de\/muenchner-lach-und-schiessgesellschaft-meldet-insolvenz-an\/#primaryimage\"},\"image\":{\"@id\":\"https:\/\/kulturonline.tv\/de\/muenchner-lach-und-schiessgesellschaft-meldet-insolvenz-an\/#primaryimage\"},\"thumbnailUrl\":\"https:\/\/kulturonline.tv\/wp-content\/uploads\/2023\/02\/Muc_swa_LachuSchiess-edited.jpg\",\"datePublished\":\"2023-02-21T21:32:08+00:00\",\"dateModified\":\"2023-02-21T21:32:09+00:00\",\"description\":\"Die ber\u00fchmte M\u00fcnchner Lach- und Schie\u00dfgesellschaft hat nach l\u00e4ngerem Ringen Insolvenz angemeldet. Die Gesellschafter sind mit dem Versuch eines Neubeginns unternehmerisch gescheitert.\",\"breadcrumb\":{\"@id\":\"https:\/\/kulturonline.tv\/de\/muenchner-lach-und-schiessgesellschaft-meldet-insolvenz-an\/#breadcrumb\"},\"inLanguage\":\"de\",\"potentialAction\":[{\"@type\":\"ReadAction\",\"target\":[\"https:\/\/kulturonline.tv\/de\/muenchner-lach-und-schiessgesellschaft-meldet-insolvenz-an\/\"]}]},{\"@type\":\"ImageObject\",\"inLanguage\":\"de\",\"@id\":\"https:\/\/kulturonline.tv\/de\/muenchner-lach-und-schiessgesellschaft-meldet-insolvenz-an\/#primaryimage\",\"url\":\"https:\/\/kulturonline.tv\/wp-content\/uploads\/2023\/02\/Muc_swa_LachuSchiess-edited.jpg\",\"contentUrl\":\"https:\/\/kulturonline.tv\/wp-content\/uploads\/2023\/02\/Muc_swa_LachuSchiess-edited.jpg\",\"width\":580,\"height\":326},{\"@type\":\"BreadcrumbList\",\"@id\":\"https:\/\/kulturonline.tv\/de\/muenchner-lach-und-schiessgesellschaft-meldet-insolvenz-an\/#breadcrumb\",\"itemListElement\":[{\"@type\":\"ListItem\",\"position\":1,\"name\":\"Startseite\",\"item\":\"https:\/\/kulturonline.tv\/de\/\"},{\"@type\":\"ListItem\",\"position\":2,\"name\":\"M\u00fcnchner Lach- und Schie\u00dfgesellschaft meldet Insolvenz an\"}]},{\"@type\":\"WebSite\",\"@id\":\"https:\/\/kulturonline.tv\/de\/#website\",\"url\":\"https:\/\/kulturonline.tv\/de\/\",\"name\":\"Kultur Online TV &amp; FM\",\"description\":\"Wir sind Kultur 2.0 zum sehen &amp; h\u00f6ren\",\"publisher\":{\"@id\":\"https:\/\/kulturonline.tv\/de\/#organization\"},\"potentialAction\":[{\"@type\":\"SearchAction\",\"target\":{\"@type\":\"EntryPoint\",\"urlTemplate\":\"https:\/\/kulturonline.tv\/de\/?s={search_term_string}\"},\"query-input\":{\"@type\":\"PropertyValueSpecification\",\"valueRequired\":true,\"valueName\":\"search_term_string\"}}],\"inLanguage\":\"de\"},{\"@type\":\"Organization\",\"@id\":\"https:\/\/kulturonline.tv\/de\/#organization\",\"name\":\"Kultur Online TV\",\"url\":\"https:\/\/kulturonline.tv\/de\/\",\"logo\":{\"@type\":\"ImageObject\",\"inLanguage\":\"de\",\"@id\":\"https:\/\/kulturonline.tv\/de\/#\/schema\/logo\/image\/\",\"url\":\"https:\/\/kulturonline.tv\/wp-content\/uploads\/2021\/08\/Kultur-Online-Tv-Logo-Endversion-neu.png\",\"contentUrl\":\"https:\/\/kulturonline.tv\/wp-content\/uploads\/2021\/08\/Kultur-Online-Tv-Logo-Endversion-neu.png\",\"width\":200,\"height\":200,\"caption\":\"Kultur Online TV\"},\"image\":{\"@id\":\"https:\/\/kulturonline.tv\/de\/#\/schema\/logo\/image\/\"},\"sameAs\":[\"https:\/\/www.facebook.com\/kulturonline.tv\",\"https:\/\/www.instagram.com\/kulturonline.tv\"]},{\"@type\":\"Person\",\"@id\":\"https:\/\/kulturonline.tv\/de\/#\/schema\/person\/b0fac729bb9a0c193fb1df23449df4fe\",\"name\":\"guenter.wolfgang\"}]}<\/script>\n<!-- \/ Yoast SEO plugin. -->","yoast_head_json":{"title":"M\u00fcnchner Lach- und Schie\u00dfgesellschaft meldet Insolvenz an - Kultur Online TV &amp; FM","description":"Die ber\u00fchmte M\u00fcnchner Lach- und Schie\u00dfgesellschaft hat nach l\u00e4ngerem Ringen Insolvenz angemeldet. Die Gesellschafter sind mit dem Versuch eines Neubeginns unternehmerisch gescheitert.","robots":{"index":"index","follow":"follow","max-snippet":"max-snippet:-1","max-image-preview":"max-image-preview:large","max-video-preview":"max-video-preview:-1"},"canonical":"https:\/\/kulturonline.tv\/de\/muenchner-lach-und-schiessgesellschaft-meldet-insolvenz-an\/","og_locale":"de_DE","og_type":"article","og_title":"M\u00fcnchner Lach- und Schie\u00dfgesellschaft meldet Insolvenz an - Kultur Online TV &amp; FM","og_description":"Die ber\u00fchmte M\u00fcnchner Lach- und Schie\u00dfgesellschaft hat nach l\u00e4ngerem Ringen Insolvenz angemeldet. Die Gesellschafter sind mit dem Versuch eines Neubeginns unternehmerisch gescheitert.","og_url":"https:\/\/kulturonline.tv\/de\/muenchner-lach-und-schiessgesellschaft-meldet-insolvenz-an\/","og_site_name":"Kultur Online TV &amp; FM","article_publisher":"https:\/\/www.facebook.com\/kulturonline.tv","article_published_time":"2023-02-21T21:32:08+00:00","article_modified_time":"2023-02-21T21:32:09+00:00","og_image":[{"width":580,"height":326,"url":"https:\/\/kulturonline.tv\/wp-content\/uploads\/2023\/02\/Muc_swa_LachuSchiess-edited.jpg","type":"image\/jpeg"}],"author":"guenter.wolfgang","twitter_card":"summary_large_image","twitter_misc":{"Verfasst von":"guenter.wolfgang","Gesch\u00e4tzte Lesezeit":"1\u00a0Minute"},"schema":{"@context":"https:\/\/schema.org","@graph":[{"@type":"Article","@id":"https:\/\/kulturonline.tv\/de\/muenchner-lach-und-schiessgesellschaft-meldet-insolvenz-an\/#article","isPartOf":{"@id":"https:\/\/kulturonline.tv\/de\/muenchner-lach-und-schiessgesellschaft-meldet-insolvenz-an\/"},"author":{"name":"guenter.wolfgang","@id":"https:\/\/kulturonline.tv\/de\/#\/schema\/person\/b0fac729bb9a0c193fb1df23449df4fe"},"headline":"M\u00fcnchner Lach- und Schie\u00dfgesellschaft meldet Insolvenz an","datePublished":"2023-02-21T21:32:08+00:00","dateModified":"2023-02-21T21:32:09+00:00","mainEntityOfPage":{"@id":"https:\/\/kulturonline.tv\/de\/muenchner-lach-und-schiessgesellschaft-meldet-insolvenz-an\/"},"wordCount":112,"publisher":{"@id":"https:\/\/kulturonline.tv\/de\/#organization"},"image":{"@id":"https:\/\/kulturonline.tv\/de\/muenchner-lach-und-schiessgesellschaft-meldet-insolvenz-an\/#primaryimage"},"thumbnailUrl":"https:\/\/kulturonline.tv\/wp-content\/uploads\/2023\/02\/Muc_swa_LachuSchiess-edited.jpg","articleSection":["Theater"],"inLanguage":"de"},{"@type":"WebPage","@id":"https:\/\/kulturonline.tv\/de\/muenchner-lach-und-schiessgesellschaft-meldet-insolvenz-an\/","url":"https:\/\/kulturonline.tv\/de\/muenchner-lach-und-schiessgesellschaft-meldet-insolvenz-an\/","name":"M\u00fcnchner Lach- und Schie\u00dfgesellschaft meldet Insolvenz an - Kultur Online TV &amp; FM","isPartOf":{"@id":"https:\/\/kulturonline.tv\/de\/#website"},"primaryImageOfPage":{"@id":"https:\/\/kulturonline.tv\/de\/muenchner-lach-und-schiessgesellschaft-meldet-insolvenz-an\/#primaryimage"},"image":{"@id":"https:\/\/kulturonline.tv\/de\/muenchner-lach-und-schiessgesellschaft-meldet-insolvenz-an\/#primaryimage"},"thumbnailUrl":"https:\/\/kulturonline.tv\/wp-content\/uploads\/2023\/02\/Muc_swa_LachuSchiess-edited.jpg","datePublished":"2023-02-21T21:32:08+00:00","dateModified":"2023-02-21T21:32:09+00:00","description":"Die ber\u00fchmte M\u00fcnchner Lach- und Schie\u00dfgesellschaft hat nach l\u00e4ngerem Ringen Insolvenz angemeldet. Die Gesellschafter sind mit dem Versuch eines Neubeginns unternehmerisch gescheitert.","breadcrumb":{"@id":"https:\/\/kulturonline.tv\/de\/muenchner-lach-und-schiessgesellschaft-meldet-insolvenz-an\/#breadcrumb"},"inLanguage":"de","potentialAction":[{"@type":"ReadAction","target":["https:\/\/kulturonline.tv\/de\/muenchner-lach-und-schiessgesellschaft-meldet-insolvenz-an\/"]}]},{"@type":"ImageObject","inLanguage":"de","@id":"https:\/\/kulturonline.tv\/de\/muenchner-lach-und-schiessgesellschaft-meldet-insolvenz-an\/#primaryimage","url":"https:\/\/kulturonline.tv\/wp-content\/uploads\/2023\/02\/Muc_swa_LachuSchiess-edited.jpg","contentUrl":"https:\/\/kulturonline.tv\/wp-content\/uploads\/2023\/02\/Muc_swa_LachuSchiess-edited.jpg","width":580,"height":326},{"@type":"BreadcrumbList","@id":"https:\/\/kulturonline.tv\/de\/muenchner-lach-und-schiessgesellschaft-meldet-insolvenz-an\/#breadcrumb","itemListElement":[{"@type":"ListItem","position":1,"name":"Startseite","item":"https:\/\/kulturonline.tv\/de\/"},{"@type":"ListItem","position":2,"name":"M\u00fcnchner Lach- und Schie\u00dfgesellschaft meldet Insolvenz an"}]},{"@type":"WebSite","@id":"https:\/\/kulturonline.tv\/de\/#website","url":"https:\/\/kulturonline.tv\/de\/","name":"Kultur Online TV &amp; FM","description":"Wir sind Kultur 2.0 zum sehen &amp; h\u00f6ren","publisher":{"@id":"https:\/\/kulturonline.tv\/de\/#organization"},"potentialAction":[{"@type":"SearchAction","target":{"@type":"EntryPoint","urlTemplate":"https:\/\/kulturonline.tv\/de\/?s={search_term_string}"},"query-input":{"@type":"PropertyValueSpecification","valueRequired":true,"valueName":"search_term_string"}}],"inLanguage":"de"},{"@type":"Organization","@id":"https:\/\/kulturonline.tv\/de\/#organization","name":"Kultur Online TV","url":"https:\/\/kulturonline.tv\/de\/","logo":{"@type":"ImageObject","inLanguage":"de","@id":"https:\/\/kulturonline.tv\/de\/#\/schema\/logo\/image\/","url":"https:\/\/kulturonline.tv\/wp-content\/uploads\/2021\/08\/Kultur-Online-Tv-Logo-Endversion-neu.png","contentUrl":"https:\/\/kulturonline.tv\/wp-content\/uploads\/2021\/08\/Kultur-Online-Tv-Logo-Endversion-neu.png","width":200,"height":200,"caption":"Kultur Online TV"},"image":{"@id":"https:\/\/kulturonline.tv\/de\/#\/schema\/logo\/image\/"},"sameAs":["https:\/\/www.facebook.com\/kulturonline.tv","https:\/\/www.instagram.com\/kulturonline.tv"]},{"@type":"Person","@id":"https:\/\/kulturonline.tv\/de\/#\/schema\/person\/b0fac729bb9a0c193fb1df23449df4fe","name":"guenter.wolfgang"}]}},"_links":{"self":[{"href":"https:\/\/kulturonline.tv\/de\/wp-json\/wp\/v2\/posts\/52635","targetHints":{"allow":["GET"]}}],"collection":[{"href":"https:\/\/kulturonline.tv\/de\/wp-json\/wp\/v2\/posts"}],"about":[{"href":"https:\/\/kulturonline.tv\/de\/wp-json\/wp\/v2\/types\/post"}],"author":[{"embeddable":true,"href":"https:\/\/kulturonline.tv\/de\/wp-json\/wp\/v2\/users\/2"}],"replies":[{"embeddable":true,"href":"https:\/\/kulturonline.tv\/de\/wp-json\/wp\/v2\/comments?post=52635"}],"version-history":[{"count":0,"href":"https:\/\/kulturonline.tv\/de\/wp-json\/wp\/v2\/posts\/52635\/revisions"}],"wp:featuredmedia":[{"embeddable":true,"href":"https:\/\/kulturonline.tv\/de\/wp-json\/wp\/v2\/media\/52638"}],"wp:attachment":[{"href":"https:\/\/kulturonline.tv\/de\/wp-json\/wp\/v2\/media?parent=52635"}],"wp:term":[{"taxonomy":"category","embeddable":true,"href":"https:\/\/kulturonline.tv\/de\/wp-json\/wp\/v2\/categories?post=52635"},{"taxonomy":"post_tag","embeddable":true,"href":"https:\/\/kulturonline.tv\/de\/wp-json\/wp\/v2\/tags?post=52635"}],"curies":[{"name":"wp","href":"https:\/\/api.w.org\/{rel}","templated":true}]}}