{"id":5379,"date":"2021-09-06T21:20:54","date_gmt":"2021-09-06T19:20:54","guid":{"rendered":"https:\/\/kulturonline.tv\/?p=5379"},"modified":"2021-09-06T21:25:15","modified_gmt":"2021-09-06T19:25:15","slug":"hoerbuecher-des-jahres-2021","status":"publish","type":"post","link":"https:\/\/kulturonline.tv\/de\/hoerbuecher-des-jahres-2021\/","title":{"rendered":"H\u00f6rb\u00fccher des Jahres 2021"},"content":{"rendered":"\n<p><strong>Die Jury der hr2-H\u00f6rbuchbestenliste hat entschieden: Aus den mehr als 100 Titeln, die im Jahresverlauf f\u00fcr die Monatslisten ausgew\u00e4hlt werden, stechen zwei besondere Produktionen heraus.<\/strong><\/p>\n\n\n\n<figure class=\"wp-block-gallery columns-2 is-cropped wp-block-gallery-1 is-layout-flex wp-block-gallery-is-layout-flex\"><ul class=\"blocks-gallery-grid\"><li class=\"blocks-gallery-item\"><figure><img fetchpriority=\"high\" decoding=\"async\" width=\"630\" height=\"370\" src=\"https:\/\/kulturonline.tv\/wp-content\/uploads\/2021\/09\/Saal101-Cover-II.png\" alt=\"\" data-id=\"5381\" data-link=\"https:\/\/kulturonline.tv\/?attachment_id=5381\" class=\"wp-image-5381\" srcset=\"https:\/\/kulturonline.tv\/wp-content\/uploads\/2021\/09\/Saal101-Cover-II.png 630w, https:\/\/kulturonline.tv\/wp-content\/uploads\/2021\/09\/Saal101-Cover-II-600x352.png 600w\" sizes=\"(max-width: 630px) 100vw, 630px\" \/><\/figure><\/li><li class=\"blocks-gallery-item\"><figure><img decoding=\"async\" width=\"630\" height=\"370\" src=\"https:\/\/kulturonline.tv\/wp-content\/uploads\/2021\/09\/Dinge-die-so-nicht-...-Cover-II.png\" alt=\"\" data-id=\"5383\" data-full-url=\"https:\/\/kulturonline.tv\/wp-content\/uploads\/2021\/09\/Dinge-die-so-nicht-...-Cover-II.png\" data-link=\"https:\/\/kulturonline.tv\/?attachment_id=5383\" class=\"wp-image-5383\" srcset=\"https:\/\/kulturonline.tv\/wp-content\/uploads\/2021\/09\/Dinge-die-so-nicht-...-Cover-II.png 630w, https:\/\/kulturonline.tv\/wp-content\/uploads\/2021\/09\/Dinge-die-so-nicht-...-Cover-II-600x352.png 600w\" sizes=\"(max-width: 630px) 100vw, 630px\" \/><\/figure><\/li><\/ul><\/figure>\n\n\n\n<p>H\u00f6rbuch des Jahres 2021 in der Kategorie Erwachsene ist die Produktion<strong>&nbsp;\u201eSaal 101 \u2013 Dokumentarh\u00f6rspiel zum NSU-Prozess\u201c<\/strong>&nbsp;(H\u00f6rverlag);&nbsp;Kinder- und Jugendh\u00f6rbuch des Jahres 2021 ist&nbsp;<strong>\u201eDinge, die so nicht bleiben k\u00f6nnen\u201c<\/strong>&nbsp;von Michael Gerard Bauer (H\u00f6rcompany)<\/p>\n\n\n\n<p><\/p>\n\n\n\n<h2 class=\"wp-block-heading\">Saal 101 <\/h2>\n\n\n\n<p>6. Mai 2013, Oberlandesgericht M\u00fcnchen: Im Saal A 101 beginnt der Prozess gegen die Hauptangeklagte Beate Zsch\u00e4pe und vier Mitangeklagte. Es ist das gr\u00f6\u00dfte Rechtsterrorismusverfahren der deutschen Geschichte. Zehn Morde, zwei Bombenanschl\u00e4ge und 15 Raub\u00fcberf\u00e4lle wurden vom Nationalsozialistischen Untergrund (NSU) ver\u00fcbt. Das Dokumentarh\u00f6rspiel verdichtet 6000 Seiten Protokolle und Notizen der ARD-Gerichtsreporter zu einem einzigartigen St\u00fcck Zeitgeschichte: Es l\u00e4sst die Zeugenbefragungen miterleben und gibt damit tiefe Einblicke in deutsche Abgr\u00fcnde.<\/p>\n\n\n\n<h2 class=\"wp-block-heading\">Dinge die nicht bleiben k\u00f6nnen<\/h2>\n\n\n\n<p>Michael Gerard Bauer, Autor der \u201eNennt mich nicht Ismael\u201c-Trilogie, erz\u00e4hlt die ebenso ungew\u00f6hnliche wie zarte Liebesgeschichte zwischen Ms. Wrong Girl und Mr. Right Guy<\/p>\n\n\n\n<p>Wer sind wir? Und wie wollen wir von anderen wahrgenommen werden? Mit seinem besten Freund Tolly besucht Sebastian den Tag der offenen T\u00fcr an der Uni. Dort begegnet er Frida. Frida ist schr\u00e4g, frech und \u00e4u\u00dferst schlagfertig. Scheinbar m\u00fchelos schwindelt sie die abenteuerlichsten Geschichten zusammen. Doch so unterhaltsam das auch zun\u00e4chst ist, wenn es um ihre Person geht, verstrickt sich Frida immer wieder in Ungereimtheiten. Sebastian f\u00e4llt es zunehmend schwer, Wahres von Erfundenem zu unterscheiden. Trotzdem ist er beeindruckt von Frida, vielleicht sogar mehr als das. Wer ist sie wirklich? Und wie nah kann er ihr an einem einzigen Tag kommen? Aber vor allem: Was ist er bereit, daf\u00fcr von sich preiszugeben?<\/p>\n\n\n\n<p>Kultur Online TV<\/p>\n\n\n\n<p>#b\u00fccher #tipp <\/p>\n","protected":false},"excerpt":{"rendered":"<p>Die Jury der hr2-H\u00f6rbuchbestenliste hat entschieden: Aus den mehr als 100 Titeln, die im Jahresverlauf f\u00fcr die Monatslisten ausgew\u00e4hlt werden, stechen zwei besondere Produktionen heraus. H\u00f6rbuch des Jahres 2021 in der Kategorie Erwachsene ist die Produktion&nbsp;\u201eSaal 101 \u2013 Dokumentarh\u00f6rspiel zum NSU-Prozess\u201c&nbsp;(H\u00f6rverlag);&nbsp;Kinder- und Jugendh\u00f6rbuch des Jahres 2021 ist&nbsp;\u201eDinge, die so nicht bleiben k\u00f6nnen\u201c&nbsp;von Michael Gerard Bauer [&hellip;]<\/p>\n","protected":false},"author":2,"featured_media":5392,"comment_status":"closed","ping_status":"closed","sticky":false,"template":"","format":"standard","meta":{"_acf_changed":false,"footnotes":""},"categories":[106],"tags":[],"class_list":["post-5379","post","type-post","status-publish","format-standard","has-post-thumbnail","hentry","category-literatur"],"acf":[],"yoast_head":"<!-- This site is optimized with the Yoast SEO plugin v26.1.1 - https:\/\/yoast.com\/wordpress\/plugins\/seo\/ -->\n<title>H\u00f6rb\u00fccher des Jahres 2021 - Kultur Online TV &amp; FM<\/title>\n<meta name=\"description\" content=\"Kultur sehen und H\u00f6ren\" \/>\n<meta name=\"robots\" content=\"index, follow, max-snippet:-1, max-image-preview:large, max-video-preview:-1\" \/>\n<link rel=\"canonical\" href=\"https:\/\/kulturonline.tv\/de\/hoerbuecher-des-jahres-2021\/\" \/>\n<meta property=\"og:locale\" content=\"de_DE\" \/>\n<meta property=\"og:type\" content=\"article\" \/>\n<meta property=\"og:title\" content=\"H\u00f6rb\u00fccher des Jahres 2021 - Kultur Online TV &amp; FM\" \/>\n<meta property=\"og:description\" content=\"Kultur sehen und H\u00f6ren\" \/>\n<meta property=\"og:url\" content=\"https:\/\/kulturonline.tv\/de\/hoerbuecher-des-jahres-2021\/\" \/>\n<meta property=\"og:site_name\" content=\"Kultur Online TV &amp; FM\" \/>\n<meta property=\"article:publisher\" content=\"https:\/\/www.facebook.com\/kulturonline.tv\" \/>\n<meta property=\"article:published_time\" content=\"2021-09-06T19:20:54+00:00\" \/>\n<meta property=\"article:modified_time\" content=\"2021-09-06T19:25:15+00:00\" \/>\n<meta property=\"og:image\" content=\"https:\/\/kulturonline.tv\/wp-content\/uploads\/2021\/09\/Hoerbuecher-1.jpg\" \/>\n\t<meta property=\"og:image:width\" content=\"1920\" \/>\n\t<meta property=\"og:image:height\" content=\"1280\" \/>\n\t<meta property=\"og:image:type\" content=\"image\/jpeg\" \/>\n<meta name=\"author\" content=\"guenter.wolfgang\" \/>\n<meta name=\"twitter:card\" content=\"summary_large_image\" \/>\n<meta name=\"twitter:label1\" content=\"Verfasst von\" \/>\n\t<meta name=\"twitter:data1\" content=\"guenter.wolfgang\" \/>\n\t<meta name=\"twitter:label2\" content=\"Gesch\u00e4tzte Lesezeit\" \/>\n\t<meta name=\"twitter:data2\" content=\"2\u00a0Minuten\" \/>\n<script type=\"application\/ld+json\" class=\"yoast-schema-graph\">{\"@context\":\"https:\/\/schema.org\",\"@graph\":[{\"@type\":\"Article\",\"@id\":\"https:\/\/kulturonline.tv\/de\/hoerbuecher-des-jahres-2021\/#article\",\"isPartOf\":{\"@id\":\"https:\/\/kulturonline.tv\/de\/hoerbuecher-des-jahres-2021\/\"},\"author\":{\"name\":\"guenter.wolfgang\",\"@id\":\"https:\/\/kulturonline.tv\/de\/#\/schema\/person\/b0fac729bb9a0c193fb1df23449df4fe\"},\"headline\":\"H\u00f6rb\u00fccher des Jahres 2021\",\"datePublished\":\"2021-09-06T19:20:54+00:00\",\"dateModified\":\"2021-09-06T19:25:15+00:00\",\"mainEntityOfPage\":{\"@id\":\"https:\/\/kulturonline.tv\/de\/hoerbuecher-des-jahres-2021\/\"},\"wordCount\":310,\"publisher\":{\"@id\":\"https:\/\/kulturonline.tv\/de\/#organization\"},\"image\":{\"@id\":\"https:\/\/kulturonline.tv\/de\/hoerbuecher-des-jahres-2021\/#primaryimage\"},\"thumbnailUrl\":\"https:\/\/kulturonline.tv\/wp-content\/uploads\/2021\/09\/Hoerbuecher-1.jpg\",\"articleSection\":[\"Literatur\"],\"inLanguage\":\"de\"},{\"@type\":\"WebPage\",\"@id\":\"https:\/\/kulturonline.tv\/de\/hoerbuecher-des-jahres-2021\/\",\"url\":\"https:\/\/kulturonline.tv\/de\/hoerbuecher-des-jahres-2021\/\",\"name\":\"H\u00f6rb\u00fccher des Jahres 2021 - Kultur Online TV &amp; FM\",\"isPartOf\":{\"@id\":\"https:\/\/kulturonline.tv\/de\/#website\"},\"primaryImageOfPage\":{\"@id\":\"https:\/\/kulturonline.tv\/de\/hoerbuecher-des-jahres-2021\/#primaryimage\"},\"image\":{\"@id\":\"https:\/\/kulturonline.tv\/de\/hoerbuecher-des-jahres-2021\/#primaryimage\"},\"thumbnailUrl\":\"https:\/\/kulturonline.tv\/wp-content\/uploads\/2021\/09\/Hoerbuecher-1.jpg\",\"datePublished\":\"2021-09-06T19:20:54+00:00\",\"dateModified\":\"2021-09-06T19:25:15+00:00\",\"description\":\"Kultur sehen und H\u00f6ren\",\"breadcrumb\":{\"@id\":\"https:\/\/kulturonline.tv\/de\/hoerbuecher-des-jahres-2021\/#breadcrumb\"},\"inLanguage\":\"de\",\"potentialAction\":[{\"@type\":\"ReadAction\",\"target\":[\"https:\/\/kulturonline.tv\/de\/hoerbuecher-des-jahres-2021\/\"]}]},{\"@type\":\"ImageObject\",\"inLanguage\":\"de\",\"@id\":\"https:\/\/kulturonline.tv\/de\/hoerbuecher-des-jahres-2021\/#primaryimage\",\"url\":\"https:\/\/kulturonline.tv\/wp-content\/uploads\/2021\/09\/Hoerbuecher-1.jpg\",\"contentUrl\":\"https:\/\/kulturonline.tv\/wp-content\/uploads\/2021\/09\/Hoerbuecher-1.jpg\",\"width\":1920,\"height\":1280},{\"@type\":\"BreadcrumbList\",\"@id\":\"https:\/\/kulturonline.tv\/de\/hoerbuecher-des-jahres-2021\/#breadcrumb\",\"itemListElement\":[{\"@type\":\"ListItem\",\"position\":1,\"name\":\"Startseite\",\"item\":\"https:\/\/kulturonline.tv\/de\/\"},{\"@type\":\"ListItem\",\"position\":2,\"name\":\"H\u00f6rb\u00fccher des Jahres 2021\"}]},{\"@type\":\"WebSite\",\"@id\":\"https:\/\/kulturonline.tv\/de\/#website\",\"url\":\"https:\/\/kulturonline.tv\/de\/\",\"name\":\"Kultur Online TV &amp; FM\",\"description\":\"Wir sind Kultur 2.0 zum sehen &amp; h\u00f6ren\",\"publisher\":{\"@id\":\"https:\/\/kulturonline.tv\/de\/#organization\"},\"potentialAction\":[{\"@type\":\"SearchAction\",\"target\":{\"@type\":\"EntryPoint\",\"urlTemplate\":\"https:\/\/kulturonline.tv\/de\/?s={search_term_string}\"},\"query-input\":{\"@type\":\"PropertyValueSpecification\",\"valueRequired\":true,\"valueName\":\"search_term_string\"}}],\"inLanguage\":\"de\"},{\"@type\":\"Organization\",\"@id\":\"https:\/\/kulturonline.tv\/de\/#organization\",\"name\":\"Kultur Online TV\",\"url\":\"https:\/\/kulturonline.tv\/de\/\",\"logo\":{\"@type\":\"ImageObject\",\"inLanguage\":\"de\",\"@id\":\"https:\/\/kulturonline.tv\/de\/#\/schema\/logo\/image\/\",\"url\":\"https:\/\/kulturonline.tv\/wp-content\/uploads\/2021\/08\/Kultur-Online-Tv-Logo-Endversion-neu.png\",\"contentUrl\":\"https:\/\/kulturonline.tv\/wp-content\/uploads\/2021\/08\/Kultur-Online-Tv-Logo-Endversion-neu.png\",\"width\":200,\"height\":200,\"caption\":\"Kultur Online TV\"},\"image\":{\"@id\":\"https:\/\/kulturonline.tv\/de\/#\/schema\/logo\/image\/\"},\"sameAs\":[\"https:\/\/www.facebook.com\/kulturonline.tv\",\"https:\/\/www.instagram.com\/kulturonline.tv\"]},{\"@type\":\"Person\",\"@id\":\"https:\/\/kulturonline.tv\/de\/#\/schema\/person\/b0fac729bb9a0c193fb1df23449df4fe\",\"name\":\"guenter.wolfgang\"}]}<\/script>\n<!-- \/ Yoast SEO plugin. -->","yoast_head_json":{"title":"H\u00f6rb\u00fccher des Jahres 2021 - Kultur Online TV &amp; FM","description":"Kultur sehen und H\u00f6ren","robots":{"index":"index","follow":"follow","max-snippet":"max-snippet:-1","max-image-preview":"max-image-preview:large","max-video-preview":"max-video-preview:-1"},"canonical":"https:\/\/kulturonline.tv\/de\/hoerbuecher-des-jahres-2021\/","og_locale":"de_DE","og_type":"article","og_title":"H\u00f6rb\u00fccher des Jahres 2021 - Kultur Online TV &amp; FM","og_description":"Kultur sehen und H\u00f6ren","og_url":"https:\/\/kulturonline.tv\/de\/hoerbuecher-des-jahres-2021\/","og_site_name":"Kultur Online TV &amp; FM","article_publisher":"https:\/\/www.facebook.com\/kulturonline.tv","article_published_time":"2021-09-06T19:20:54+00:00","article_modified_time":"2021-09-06T19:25:15+00:00","og_image":[{"width":1920,"height":1280,"url":"https:\/\/kulturonline.tv\/wp-content\/uploads\/2021\/09\/Hoerbuecher-1.jpg","type":"image\/jpeg"}],"author":"guenter.wolfgang","twitter_card":"summary_large_image","twitter_misc":{"Verfasst von":"guenter.wolfgang","Gesch\u00e4tzte Lesezeit":"2\u00a0Minuten"},"schema":{"@context":"https:\/\/schema.org","@graph":[{"@type":"Article","@id":"https:\/\/kulturonline.tv\/de\/hoerbuecher-des-jahres-2021\/#article","isPartOf":{"@id":"https:\/\/kulturonline.tv\/de\/hoerbuecher-des-jahres-2021\/"},"author":{"name":"guenter.wolfgang","@id":"https:\/\/kulturonline.tv\/de\/#\/schema\/person\/b0fac729bb9a0c193fb1df23449df4fe"},"headline":"H\u00f6rb\u00fccher des Jahres 2021","datePublished":"2021-09-06T19:20:54+00:00","dateModified":"2021-09-06T19:25:15+00:00","mainEntityOfPage":{"@id":"https:\/\/kulturonline.tv\/de\/hoerbuecher-des-jahres-2021\/"},"wordCount":310,"publisher":{"@id":"https:\/\/kulturonline.tv\/de\/#organization"},"image":{"@id":"https:\/\/kulturonline.tv\/de\/hoerbuecher-des-jahres-2021\/#primaryimage"},"thumbnailUrl":"https:\/\/kulturonline.tv\/wp-content\/uploads\/2021\/09\/Hoerbuecher-1.jpg","articleSection":["Literatur"],"inLanguage":"de"},{"@type":"WebPage","@id":"https:\/\/kulturonline.tv\/de\/hoerbuecher-des-jahres-2021\/","url":"https:\/\/kulturonline.tv\/de\/hoerbuecher-des-jahres-2021\/","name":"H\u00f6rb\u00fccher des Jahres 2021 - Kultur Online TV &amp; FM","isPartOf":{"@id":"https:\/\/kulturonline.tv\/de\/#website"},"primaryImageOfPage":{"@id":"https:\/\/kulturonline.tv\/de\/hoerbuecher-des-jahres-2021\/#primaryimage"},"image":{"@id":"https:\/\/kulturonline.tv\/de\/hoerbuecher-des-jahres-2021\/#primaryimage"},"thumbnailUrl":"https:\/\/kulturonline.tv\/wp-content\/uploads\/2021\/09\/Hoerbuecher-1.jpg","datePublished":"2021-09-06T19:20:54+00:00","dateModified":"2021-09-06T19:25:15+00:00","description":"Kultur sehen und H\u00f6ren","breadcrumb":{"@id":"https:\/\/kulturonline.tv\/de\/hoerbuecher-des-jahres-2021\/#breadcrumb"},"inLanguage":"de","potentialAction":[{"@type":"ReadAction","target":["https:\/\/kulturonline.tv\/de\/hoerbuecher-des-jahres-2021\/"]}]},{"@type":"ImageObject","inLanguage":"de","@id":"https:\/\/kulturonline.tv\/de\/hoerbuecher-des-jahres-2021\/#primaryimage","url":"https:\/\/kulturonline.tv\/wp-content\/uploads\/2021\/09\/Hoerbuecher-1.jpg","contentUrl":"https:\/\/kulturonline.tv\/wp-content\/uploads\/2021\/09\/Hoerbuecher-1.jpg","width":1920,"height":1280},{"@type":"BreadcrumbList","@id":"https:\/\/kulturonline.tv\/de\/hoerbuecher-des-jahres-2021\/#breadcrumb","itemListElement":[{"@type":"ListItem","position":1,"name":"Startseite","item":"https:\/\/kulturonline.tv\/de\/"},{"@type":"ListItem","position":2,"name":"H\u00f6rb\u00fccher des Jahres 2021"}]},{"@type":"WebSite","@id":"https:\/\/kulturonline.tv\/de\/#website","url":"https:\/\/kulturonline.tv\/de\/","name":"Kultur Online TV &amp; FM","description":"Wir sind Kultur 2.0 zum sehen &amp; h\u00f6ren","publisher":{"@id":"https:\/\/kulturonline.tv\/de\/#organization"},"potentialAction":[{"@type":"SearchAction","target":{"@type":"EntryPoint","urlTemplate":"https:\/\/kulturonline.tv\/de\/?s={search_term_string}"},"query-input":{"@type":"PropertyValueSpecification","valueRequired":true,"valueName":"search_term_string"}}],"inLanguage":"de"},{"@type":"Organization","@id":"https:\/\/kulturonline.tv\/de\/#organization","name":"Kultur Online TV","url":"https:\/\/kulturonline.tv\/de\/","logo":{"@type":"ImageObject","inLanguage":"de","@id":"https:\/\/kulturonline.tv\/de\/#\/schema\/logo\/image\/","url":"https:\/\/kulturonline.tv\/wp-content\/uploads\/2021\/08\/Kultur-Online-Tv-Logo-Endversion-neu.png","contentUrl":"https:\/\/kulturonline.tv\/wp-content\/uploads\/2021\/08\/Kultur-Online-Tv-Logo-Endversion-neu.png","width":200,"height":200,"caption":"Kultur Online TV"},"image":{"@id":"https:\/\/kulturonline.tv\/de\/#\/schema\/logo\/image\/"},"sameAs":["https:\/\/www.facebook.com\/kulturonline.tv","https:\/\/www.instagram.com\/kulturonline.tv"]},{"@type":"Person","@id":"https:\/\/kulturonline.tv\/de\/#\/schema\/person\/b0fac729bb9a0c193fb1df23449df4fe","name":"guenter.wolfgang"}]}},"_links":{"self":[{"href":"https:\/\/kulturonline.tv\/de\/wp-json\/wp\/v2\/posts\/5379","targetHints":{"allow":["GET"]}}],"collection":[{"href":"https:\/\/kulturonline.tv\/de\/wp-json\/wp\/v2\/posts"}],"about":[{"href":"https:\/\/kulturonline.tv\/de\/wp-json\/wp\/v2\/types\/post"}],"author":[{"embeddable":true,"href":"https:\/\/kulturonline.tv\/de\/wp-json\/wp\/v2\/users\/2"}],"replies":[{"embeddable":true,"href":"https:\/\/kulturonline.tv\/de\/wp-json\/wp\/v2\/comments?post=5379"}],"version-history":[{"count":0,"href":"https:\/\/kulturonline.tv\/de\/wp-json\/wp\/v2\/posts\/5379\/revisions"}],"wp:featuredmedia":[{"embeddable":true,"href":"https:\/\/kulturonline.tv\/de\/wp-json\/wp\/v2\/media\/5392"}],"wp:attachment":[{"href":"https:\/\/kulturonline.tv\/de\/wp-json\/wp\/v2\/media?parent=5379"}],"wp:term":[{"taxonomy":"category","embeddable":true,"href":"https:\/\/kulturonline.tv\/de\/wp-json\/wp\/v2\/categories?post=5379"},{"taxonomy":"post_tag","embeddable":true,"href":"https:\/\/kulturonline.tv\/de\/wp-json\/wp\/v2\/tags?post=5379"}],"curies":[{"name":"wp","href":"https:\/\/api.w.org\/{rel}","templated":true}]}}