{"id":5447,"date":"2021-09-09T08:02:50","date_gmt":"2021-09-09T06:02:50","guid":{"rendered":"https:\/\/kulturonline.tv\/?p=5447"},"modified":"2025-06-13T22:53:35","modified_gmt":"2025-06-13T20:53:35","slug":"soundscoutsopenmic-neues-kulturprojekt-von-schauspieler-michel-guillaume","status":"publish","type":"post","link":"https:\/\/kulturonline.tv\/de\/soundscoutsopenmic-neues-kulturprojekt-von-schauspieler-michel-guillaume\/","title":{"rendered":"Schauspieler Michel Guillaume"},"content":{"rendered":"\n<figure class=\"wp-block-image size-full\"><img fetchpriority=\"high\" decoding=\"async\" width=\"1280\" height=\"720\" src=\"https:\/\/kulturonline.tv\/wp-content\/uploads\/2021\/09\/Kultur-Online-TV-2021.png\" alt=\"\" class=\"wp-image-5451\" srcset=\"https:\/\/kulturonline.tv\/wp-content\/uploads\/2021\/09\/Kultur-Online-TV-2021.png 1280w, https:\/\/kulturonline.tv\/wp-content\/uploads\/2021\/09\/Kultur-Online-TV-2021-600x338.png 600w, https:\/\/kulturonline.tv\/wp-content\/uploads\/2021\/09\/Kultur-Online-TV-2021-800x450.png 800w, https:\/\/kulturonline.tv\/wp-content\/uploads\/2021\/09\/Kultur-Online-TV-2021-768x432.png 768w\" sizes=\"(max-width: 1280px) 100vw, 1280px\" \/><\/figure>\n\n\n\n<p>Kultur Online FM G\u00fcnter Wolfgang hat \u00fcber WhatsApp mit Michel Guillaume \u00fcber das neue Projekt gesprochen. <\/p>\n\n\n\n<p>  <\/p>\n\n\n\n<div class=\"wp-block-group is-layout-flow wp-block-group-is-layout-flow\">\n<div class=\"wp-block-media-text alignwide is-stacked-on-mobile\"><figure class=\"wp-block-media-text__media\"><a href=\"https:\/\/kulturonline.tv\/de\/radio\"><img decoding=\"async\" src=\"https:\/\/kulturonline.tv\/wp-content\/uploads\/2021\/09\/Michel-Guillaume-2021-Neu.png\" alt=\"\" class=\"wp-image-5752 size-full\"\/><\/a><\/figure><div class=\"wp-block-media-text__content\">\n<p class=\"has-large-font-size\"><\/p>\n<\/div><\/div>\n<\/div>\n\n\n\n<figure class=\"wp-block-audio\"><audio controls src=\"https:\/\/kulturonline.tv\/wp-content\/uploads\/2021\/09\/Michel-Neu-Kopie.mp3\"><\/audio><figcaption>\u00a9 Kultur Online TV I FM<\/figcaption><\/figure>\n\n\n\n<p>24 Jahre lang war Michel Guillaume in der ZDF-Reihe Soko M\u00fcnchen als Kriminaloberkommissar Theo Renner auf Verbrecher-Suche, jetzt sucht der Schauspieler, Regisseur und Musikproduzent Musiktalente.<\/p>\n\n\n\n<p>Am 27. September&nbsp;startet sein von ihm und Musiker Uli N\u00f6cker,&nbsp;Saxophonist bei \u201eWoolf &amp; The Gang\u201c,&nbsp;initiiertes neues Musik Projekt bei dem&nbsp;Bands aus dem M\u00fcnchener Raum&nbsp;eine neue Konzertplattform bekommen, mit&nbsp;einem Konzert im Hoftheater M\u00fcnchen:&nbsp;<\/p>\n\n\n\n<p>Als n\u00e4chstes stehen auf dem Programm:&nbsp;Ludwig Seuss Band&nbsp;am 14. Oktober&nbsp;und&nbsp;LOVEMEN&nbsp;am 26. Oktober 2021&nbsp; <\/p>\n\n\n\n<p>Kultur Online FM hat mit Michel Guillaume ein Gespr\u00e4ch \u00fcber WhatsApp \u00fcber sein neues Projekt gef\u00fchrt.https:\/\/kulturonline.tv\/de\/deutschland\/soundscoutsopenmic-neues-kulturprojekt-von-schauspieler-michel-guillaume<\/p>\n\n\n\n<p>Michel Guillaume spielte bereits als Jugendlicher im Fernsehen mit 14 Jahren und \u00fcbernahm eine kleine Rolle in dem ZDF-Fernsehfilm Leutersbronner Geschichten unter der Regie von Hartmut Griesmayr und der Hauptdarstellerin Monica Bleibtreu. Nach seiner Schulausbildung absolvierte Guillaume eine Schauspielausbildung in M\u00fcnchen.<\/p>\n\n\n\n<p>Danach begann er seine Karriere in Max Frischs Schauspiel Andorra, in dem er den Andri darstellte. Zwischen 1988 und 1992 spielte Guillaume unter anderem in der Edgar-Reitz-Verfilmung Die zweite Heimat \u2013 Chronik einer Jugend mit. 1990 war er in Michael Verhoevens Oscar nominiertem Kinofilm das schreckliche M\u00e4dchen zu sehen. Danach ging er in der Rolle des Octavian mit Julius Caesar unter der Regie von Hans-Joachim Heyse auf Tournee.<\/p>\n\n\n\n<p>Von 1993 bis 2017 war Michel Guillaume in der Rolle des Kriminaloberkommissar Theo Renner einer der Hauptdarsteller der ZDF-Krimiserie SOKO M\u00fcnchen. Mit insgesamt 480 Auftritten (469 Folgen SOKO + 11 Folgen Solo f\u00fcr Sudmann) stellte er mit diesem Charakter den Rekord in der Anzahl der Folgen aller deutschen TV-Ermittler auf.<\/p>\n\n\n\n<p>2005 verfilmte Guillaume Schmock, einen Kurz-Spielfilm mit Oliver Korittke und Doreen Dietel in den Hauptrollen. Guillaume schrieb hierf\u00fcr das Drehbuch, produzierte den Film und f\u00fchrte Regie. 2006 erhielt der Film den Murnau-Kurzfilmpreis und 2005 das Pr\u00e4dikat \u201eBesonders wertvoll\u201c.Seinen zweiten Kurzfilm Stempel drehte der Schauspieler 2010. Fuck, sein dritter Kurzfilm mit Manou Lubowski und Sarah Brandner in den Hauptrollen, feierte 2015 auf der Genrenale in Berlin Premiere.<\/p>\n\n\n\n<p>Kultur Online TV<\/p>\n\n\n\n<p>#musik #theater #schauspiel<\/p>\n\n\n\n<div class=\"wp-block-columns is-layout-flex wp-container-core-columns-is-layout-28f84493 wp-block-columns-is-layout-flex\">\n<div class=\"wp-block-column is-layout-flow wp-block-column-is-layout-flow\" style=\"flex-basis:100%\"><\/div>\n<\/div>\n\n\n\n<p><\/p>\n\n\n\n<p><\/p>\n\n\n\n<div class=\"wp-block-columns is-layout-flex wp-container-core-columns-is-layout-28f84493 wp-block-columns-is-layout-flex\"><\/div>\n\n\n\n<p><\/p>\n\n\n\n<p><\/p>\n\n\n\n<p><\/p>\n\n\n\n<p><\/p>\n\n\n\n<p><\/p>\n\n\n\n<p class=\"has-text-align-left\"><\/p>\n\n\n\n<p><\/p>\n","protected":false},"excerpt":{"rendered":"<p>Kultur Online FM G\u00fcnter Wolfgang hat \u00fcber WhatsApp mit Michel Guillaume \u00fcber das neue Projekt gesprochen. 24 Jahre lang war Michel Guillaume in der ZDF-Reihe Soko M\u00fcnchen als Kriminaloberkommissar Theo Renner auf Verbrecher-Suche, jetzt sucht der Schauspieler, Regisseur und Musikproduzent Musiktalente. Am 27. September&nbsp;startet sein von ihm und Musiker Uli N\u00f6cker,&nbsp;Saxophonist bei \u201eWoolf &amp; The [&hellip;]<\/p>\n","protected":false},"author":2,"featured_media":110479,"comment_status":"closed","ping_status":"closed","sticky":false,"template":"","format":"standard","meta":{"_acf_changed":false,"footnotes":""},"categories":[789],"tags":[],"class_list":["post-5447","post","type-post","status-publish","format-standard","has-post-thumbnail","hentry","category-audiothek-im-gespraech"],"acf":[],"yoast_head":"<!-- This site is optimized with the Yoast SEO plugin v26.1.1 - https:\/\/yoast.com\/wordpress\/plugins\/seo\/ -->\n<title>Schauspieler Michel Guillaume - Kultur Online TV &amp; FM<\/title>\n<meta name=\"description\" content=\"Kultur sehen und H\u00f6ren\" \/>\n<meta name=\"robots\" content=\"index, follow, max-snippet:-1, max-image-preview:large, max-video-preview:-1\" \/>\n<link rel=\"canonical\" href=\"https:\/\/kulturonline.tv\/de\/soundscoutsopenmic-neues-kulturprojekt-von-schauspieler-michel-guillaume\/\" \/>\n<meta property=\"og:locale\" content=\"de_DE\" \/>\n<meta property=\"og:type\" content=\"article\" \/>\n<meta property=\"og:title\" content=\"Schauspieler Michel Guillaume - Kultur Online TV &amp; FM\" \/>\n<meta property=\"og:description\" content=\"Kultur sehen und H\u00f6ren\" \/>\n<meta property=\"og:url\" content=\"https:\/\/kulturonline.tv\/de\/soundscoutsopenmic-neues-kulturprojekt-von-schauspieler-michel-guillaume\/\" \/>\n<meta property=\"og:site_name\" content=\"Kultur Online TV &amp; FM\" \/>\n<meta property=\"article:publisher\" content=\"https:\/\/www.facebook.com\/kulturonline.tv\" \/>\n<meta property=\"article:published_time\" content=\"2021-09-09T06:02:50+00:00\" \/>\n<meta property=\"article:modified_time\" content=\"2025-06-13T20:53:35+00:00\" \/>\n<meta property=\"og:image\" content=\"https:\/\/kulturonline.tv\/wp-content\/uploads\/2021\/09\/ktv.jpg\" \/>\n\t<meta property=\"og:image:width\" content=\"524\" \/>\n\t<meta property=\"og:image:height\" content=\"275\" \/>\n\t<meta property=\"og:image:type\" content=\"image\/jpeg\" \/>\n<meta name=\"author\" content=\"guenter.wolfgang\" \/>\n<meta name=\"twitter:card\" content=\"summary_large_image\" \/>\n<meta name=\"twitter:label1\" content=\"Verfasst von\" \/>\n\t<meta name=\"twitter:data1\" content=\"guenter.wolfgang\" \/>\n\t<meta name=\"twitter:label2\" content=\"Gesch\u00e4tzte Lesezeit\" \/>\n\t<meta name=\"twitter:data2\" content=\"2\u00a0Minuten\" \/>\n<script type=\"application\/ld+json\" class=\"yoast-schema-graph\">{\"@context\":\"https:\/\/schema.org\",\"@graph\":[{\"@type\":\"Article\",\"@id\":\"https:\/\/kulturonline.tv\/de\/soundscoutsopenmic-neues-kulturprojekt-von-schauspieler-michel-guillaume\/#article\",\"isPartOf\":{\"@id\":\"https:\/\/kulturonline.tv\/de\/soundscoutsopenmic-neues-kulturprojekt-von-schauspieler-michel-guillaume\/\"},\"author\":{\"name\":\"guenter.wolfgang\",\"@id\":\"https:\/\/kulturonline.tv\/de\/#\/schema\/person\/b0fac729bb9a0c193fb1df23449df4fe\"},\"headline\":\"Schauspieler Michel Guillaume\",\"datePublished\":\"2021-09-09T06:02:50+00:00\",\"dateModified\":\"2025-06-13T20:53:35+00:00\",\"mainEntityOfPage\":{\"@id\":\"https:\/\/kulturonline.tv\/de\/soundscoutsopenmic-neues-kulturprojekt-von-schauspieler-michel-guillaume\/\"},\"wordCount\":366,\"publisher\":{\"@id\":\"https:\/\/kulturonline.tv\/de\/#organization\"},\"image\":{\"@id\":\"https:\/\/kulturonline.tv\/de\/soundscoutsopenmic-neues-kulturprojekt-von-schauspieler-michel-guillaume\/#primaryimage\"},\"thumbnailUrl\":\"https:\/\/kulturonline.tv\/wp-content\/uploads\/2021\/09\/ktv.jpg\",\"articleSection\":[\"Audiothek im Gespr\u00e4ch\"],\"inLanguage\":\"de\"},{\"@type\":\"WebPage\",\"@id\":\"https:\/\/kulturonline.tv\/de\/soundscoutsopenmic-neues-kulturprojekt-von-schauspieler-michel-guillaume\/\",\"url\":\"https:\/\/kulturonline.tv\/de\/soundscoutsopenmic-neues-kulturprojekt-von-schauspieler-michel-guillaume\/\",\"name\":\"Schauspieler Michel Guillaume - Kultur Online TV &amp; FM\",\"isPartOf\":{\"@id\":\"https:\/\/kulturonline.tv\/de\/#website\"},\"primaryImageOfPage\":{\"@id\":\"https:\/\/kulturonline.tv\/de\/soundscoutsopenmic-neues-kulturprojekt-von-schauspieler-michel-guillaume\/#primaryimage\"},\"image\":{\"@id\":\"https:\/\/kulturonline.tv\/de\/soundscoutsopenmic-neues-kulturprojekt-von-schauspieler-michel-guillaume\/#primaryimage\"},\"thumbnailUrl\":\"https:\/\/kulturonline.tv\/wp-content\/uploads\/2021\/09\/ktv.jpg\",\"datePublished\":\"2021-09-09T06:02:50+00:00\",\"dateModified\":\"2025-06-13T20:53:35+00:00\",\"description\":\"Kultur sehen und H\u00f6ren\",\"breadcrumb\":{\"@id\":\"https:\/\/kulturonline.tv\/de\/soundscoutsopenmic-neues-kulturprojekt-von-schauspieler-michel-guillaume\/#breadcrumb\"},\"inLanguage\":\"de\",\"potentialAction\":[{\"@type\":\"ReadAction\",\"target\":[\"https:\/\/kulturonline.tv\/de\/soundscoutsopenmic-neues-kulturprojekt-von-schauspieler-michel-guillaume\/\"]}]},{\"@type\":\"ImageObject\",\"inLanguage\":\"de\",\"@id\":\"https:\/\/kulturonline.tv\/de\/soundscoutsopenmic-neues-kulturprojekt-von-schauspieler-michel-guillaume\/#primaryimage\",\"url\":\"https:\/\/kulturonline.tv\/wp-content\/uploads\/2021\/09\/ktv.jpg\",\"contentUrl\":\"https:\/\/kulturonline.tv\/wp-content\/uploads\/2021\/09\/ktv.jpg\",\"width\":524,\"height\":275},{\"@type\":\"BreadcrumbList\",\"@id\":\"https:\/\/kulturonline.tv\/de\/soundscoutsopenmic-neues-kulturprojekt-von-schauspieler-michel-guillaume\/#breadcrumb\",\"itemListElement\":[{\"@type\":\"ListItem\",\"position\":1,\"name\":\"Startseite\",\"item\":\"https:\/\/kulturonline.tv\/de\/\"},{\"@type\":\"ListItem\",\"position\":2,\"name\":\"Schauspieler Michel Guillaume\"}]},{\"@type\":\"WebSite\",\"@id\":\"https:\/\/kulturonline.tv\/de\/#website\",\"url\":\"https:\/\/kulturonline.tv\/de\/\",\"name\":\"Kultur Online TV &amp; FM\",\"description\":\"Wir sind Kultur 2.0 zum sehen &amp; h\u00f6ren\",\"publisher\":{\"@id\":\"https:\/\/kulturonline.tv\/de\/#organization\"},\"potentialAction\":[{\"@type\":\"SearchAction\",\"target\":{\"@type\":\"EntryPoint\",\"urlTemplate\":\"https:\/\/kulturonline.tv\/de\/?s={search_term_string}\"},\"query-input\":{\"@type\":\"PropertyValueSpecification\",\"valueRequired\":true,\"valueName\":\"search_term_string\"}}],\"inLanguage\":\"de\"},{\"@type\":\"Organization\",\"@id\":\"https:\/\/kulturonline.tv\/de\/#organization\",\"name\":\"Kultur Online TV\",\"url\":\"https:\/\/kulturonline.tv\/de\/\",\"logo\":{\"@type\":\"ImageObject\",\"inLanguage\":\"de\",\"@id\":\"https:\/\/kulturonline.tv\/de\/#\/schema\/logo\/image\/\",\"url\":\"https:\/\/kulturonline.tv\/wp-content\/uploads\/2021\/08\/Kultur-Online-Tv-Logo-Endversion-neu.png\",\"contentUrl\":\"https:\/\/kulturonline.tv\/wp-content\/uploads\/2021\/08\/Kultur-Online-Tv-Logo-Endversion-neu.png\",\"width\":200,\"height\":200,\"caption\":\"Kultur Online TV\"},\"image\":{\"@id\":\"https:\/\/kulturonline.tv\/de\/#\/schema\/logo\/image\/\"},\"sameAs\":[\"https:\/\/www.facebook.com\/kulturonline.tv\",\"https:\/\/www.instagram.com\/kulturonline.tv\"]},{\"@type\":\"Person\",\"@id\":\"https:\/\/kulturonline.tv\/de\/#\/schema\/person\/b0fac729bb9a0c193fb1df23449df4fe\",\"name\":\"guenter.wolfgang\"}]}<\/script>\n<!-- \/ Yoast SEO plugin. -->","yoast_head_json":{"title":"Schauspieler Michel Guillaume - Kultur Online TV &amp; FM","description":"Kultur sehen und H\u00f6ren","robots":{"index":"index","follow":"follow","max-snippet":"max-snippet:-1","max-image-preview":"max-image-preview:large","max-video-preview":"max-video-preview:-1"},"canonical":"https:\/\/kulturonline.tv\/de\/soundscoutsopenmic-neues-kulturprojekt-von-schauspieler-michel-guillaume\/","og_locale":"de_DE","og_type":"article","og_title":"Schauspieler Michel Guillaume - Kultur Online TV &amp; FM","og_description":"Kultur sehen und H\u00f6ren","og_url":"https:\/\/kulturonline.tv\/de\/soundscoutsopenmic-neues-kulturprojekt-von-schauspieler-michel-guillaume\/","og_site_name":"Kultur Online TV &amp; FM","article_publisher":"https:\/\/www.facebook.com\/kulturonline.tv","article_published_time":"2021-09-09T06:02:50+00:00","article_modified_time":"2025-06-13T20:53:35+00:00","og_image":[{"width":524,"height":275,"url":"https:\/\/kulturonline.tv\/wp-content\/uploads\/2021\/09\/ktv.jpg","type":"image\/jpeg"}],"author":"guenter.wolfgang","twitter_card":"summary_large_image","twitter_misc":{"Verfasst von":"guenter.wolfgang","Gesch\u00e4tzte Lesezeit":"2\u00a0Minuten"},"schema":{"@context":"https:\/\/schema.org","@graph":[{"@type":"Article","@id":"https:\/\/kulturonline.tv\/de\/soundscoutsopenmic-neues-kulturprojekt-von-schauspieler-michel-guillaume\/#article","isPartOf":{"@id":"https:\/\/kulturonline.tv\/de\/soundscoutsopenmic-neues-kulturprojekt-von-schauspieler-michel-guillaume\/"},"author":{"name":"guenter.wolfgang","@id":"https:\/\/kulturonline.tv\/de\/#\/schema\/person\/b0fac729bb9a0c193fb1df23449df4fe"},"headline":"Schauspieler Michel Guillaume","datePublished":"2021-09-09T06:02:50+00:00","dateModified":"2025-06-13T20:53:35+00:00","mainEntityOfPage":{"@id":"https:\/\/kulturonline.tv\/de\/soundscoutsopenmic-neues-kulturprojekt-von-schauspieler-michel-guillaume\/"},"wordCount":366,"publisher":{"@id":"https:\/\/kulturonline.tv\/de\/#organization"},"image":{"@id":"https:\/\/kulturonline.tv\/de\/soundscoutsopenmic-neues-kulturprojekt-von-schauspieler-michel-guillaume\/#primaryimage"},"thumbnailUrl":"https:\/\/kulturonline.tv\/wp-content\/uploads\/2021\/09\/ktv.jpg","articleSection":["Audiothek im Gespr\u00e4ch"],"inLanguage":"de"},{"@type":"WebPage","@id":"https:\/\/kulturonline.tv\/de\/soundscoutsopenmic-neues-kulturprojekt-von-schauspieler-michel-guillaume\/","url":"https:\/\/kulturonline.tv\/de\/soundscoutsopenmic-neues-kulturprojekt-von-schauspieler-michel-guillaume\/","name":"Schauspieler Michel Guillaume - Kultur Online TV &amp; FM","isPartOf":{"@id":"https:\/\/kulturonline.tv\/de\/#website"},"primaryImageOfPage":{"@id":"https:\/\/kulturonline.tv\/de\/soundscoutsopenmic-neues-kulturprojekt-von-schauspieler-michel-guillaume\/#primaryimage"},"image":{"@id":"https:\/\/kulturonline.tv\/de\/soundscoutsopenmic-neues-kulturprojekt-von-schauspieler-michel-guillaume\/#primaryimage"},"thumbnailUrl":"https:\/\/kulturonline.tv\/wp-content\/uploads\/2021\/09\/ktv.jpg","datePublished":"2021-09-09T06:02:50+00:00","dateModified":"2025-06-13T20:53:35+00:00","description":"Kultur sehen und H\u00f6ren","breadcrumb":{"@id":"https:\/\/kulturonline.tv\/de\/soundscoutsopenmic-neues-kulturprojekt-von-schauspieler-michel-guillaume\/#breadcrumb"},"inLanguage":"de","potentialAction":[{"@type":"ReadAction","target":["https:\/\/kulturonline.tv\/de\/soundscoutsopenmic-neues-kulturprojekt-von-schauspieler-michel-guillaume\/"]}]},{"@type":"ImageObject","inLanguage":"de","@id":"https:\/\/kulturonline.tv\/de\/soundscoutsopenmic-neues-kulturprojekt-von-schauspieler-michel-guillaume\/#primaryimage","url":"https:\/\/kulturonline.tv\/wp-content\/uploads\/2021\/09\/ktv.jpg","contentUrl":"https:\/\/kulturonline.tv\/wp-content\/uploads\/2021\/09\/ktv.jpg","width":524,"height":275},{"@type":"BreadcrumbList","@id":"https:\/\/kulturonline.tv\/de\/soundscoutsopenmic-neues-kulturprojekt-von-schauspieler-michel-guillaume\/#breadcrumb","itemListElement":[{"@type":"ListItem","position":1,"name":"Startseite","item":"https:\/\/kulturonline.tv\/de\/"},{"@type":"ListItem","position":2,"name":"Schauspieler Michel Guillaume"}]},{"@type":"WebSite","@id":"https:\/\/kulturonline.tv\/de\/#website","url":"https:\/\/kulturonline.tv\/de\/","name":"Kultur Online TV &amp; FM","description":"Wir sind Kultur 2.0 zum sehen &amp; h\u00f6ren","publisher":{"@id":"https:\/\/kulturonline.tv\/de\/#organization"},"potentialAction":[{"@type":"SearchAction","target":{"@type":"EntryPoint","urlTemplate":"https:\/\/kulturonline.tv\/de\/?s={search_term_string}"},"query-input":{"@type":"PropertyValueSpecification","valueRequired":true,"valueName":"search_term_string"}}],"inLanguage":"de"},{"@type":"Organization","@id":"https:\/\/kulturonline.tv\/de\/#organization","name":"Kultur Online TV","url":"https:\/\/kulturonline.tv\/de\/","logo":{"@type":"ImageObject","inLanguage":"de","@id":"https:\/\/kulturonline.tv\/de\/#\/schema\/logo\/image\/","url":"https:\/\/kulturonline.tv\/wp-content\/uploads\/2021\/08\/Kultur-Online-Tv-Logo-Endversion-neu.png","contentUrl":"https:\/\/kulturonline.tv\/wp-content\/uploads\/2021\/08\/Kultur-Online-Tv-Logo-Endversion-neu.png","width":200,"height":200,"caption":"Kultur Online TV"},"image":{"@id":"https:\/\/kulturonline.tv\/de\/#\/schema\/logo\/image\/"},"sameAs":["https:\/\/www.facebook.com\/kulturonline.tv","https:\/\/www.instagram.com\/kulturonline.tv"]},{"@type":"Person","@id":"https:\/\/kulturonline.tv\/de\/#\/schema\/person\/b0fac729bb9a0c193fb1df23449df4fe","name":"guenter.wolfgang"}]}},"_links":{"self":[{"href":"https:\/\/kulturonline.tv\/de\/wp-json\/wp\/v2\/posts\/5447","targetHints":{"allow":["GET"]}}],"collection":[{"href":"https:\/\/kulturonline.tv\/de\/wp-json\/wp\/v2\/posts"}],"about":[{"href":"https:\/\/kulturonline.tv\/de\/wp-json\/wp\/v2\/types\/post"}],"author":[{"embeddable":true,"href":"https:\/\/kulturonline.tv\/de\/wp-json\/wp\/v2\/users\/2"}],"replies":[{"embeddable":true,"href":"https:\/\/kulturonline.tv\/de\/wp-json\/wp\/v2\/comments?post=5447"}],"version-history":[{"count":2,"href":"https:\/\/kulturonline.tv\/de\/wp-json\/wp\/v2\/posts\/5447\/revisions"}],"predecessor-version":[{"id":110483,"href":"https:\/\/kulturonline.tv\/de\/wp-json\/wp\/v2\/posts\/5447\/revisions\/110483"}],"wp:featuredmedia":[{"embeddable":true,"href":"https:\/\/kulturonline.tv\/de\/wp-json\/wp\/v2\/media\/110479"}],"wp:attachment":[{"href":"https:\/\/kulturonline.tv\/de\/wp-json\/wp\/v2\/media?parent=5447"}],"wp:term":[{"taxonomy":"category","embeddable":true,"href":"https:\/\/kulturonline.tv\/de\/wp-json\/wp\/v2\/categories?post=5447"},{"taxonomy":"post_tag","embeddable":true,"href":"https:\/\/kulturonline.tv\/de\/wp-json\/wp\/v2\/tags?post=5447"}],"curies":[{"name":"wp","href":"https:\/\/api.w.org\/{rel}","templated":true}]}}