{"id":57840,"date":"2023-03-17T14:26:40","date_gmt":"2023-03-17T13:26:40","guid":{"rendered":"https:\/\/kulturonline.tv\/unkategorisiert\/wie-man-mit-der-eigenen-kunst-bekannt-wird"},"modified":"2023-11-29T22:16:18","modified_gmt":"2023-11-29T21:16:18","slug":"wie-man-mit-der-eigenen-kunst-bekannt-wird","status":"publish","type":"post","link":"https:\/\/kulturonline.tv\/de\/wie-man-mit-der-eigenen-kunst-bekannt-wird\/","title":{"rendered":"Wie man mit Kunst bekannt wird"},"content":{"rendered":"\n<p>K\u00fcnstler Tim Bengel hat sich in der Kunstszene bereits einen Namen gemacht. Er selbst schafft Kunstwerke aus Sand und Gold. Steffen K\u00f6nig besucht ihn und darf selbst den Pinsel schwingen. Zusammen entwerfen sie ein Kunstwerk. Wird dieses am Ende im Museum landen? Die Museums-Direktorin des Kunstmuseums Stuttgart, Dr. Ulrike Groos, bewertet die Kunst und ist dabei sehr direkt und ehrlich.<\/p>\n\n\n\n<figure class=\"wp-block-embed is-type-video is-provider-youtube wp-block-embed-youtube wp-embed-aspect-16-9 wp-has-aspect-ratio\"><div class=\"wp-block-embed__wrapper\">\nhttps:\/\/www.youtube.com\/watch?v=pJwAQuWnuYE\n<\/div><\/figure>\n\n\n\n<p><\/p>\n\n\n\n<p>&#8222;Machen Sie die Dinge anders!&#8220; ist das Motto von Tim Bengel seit seinem Streik gegen das Schulsystem als Teenager. Im selben Jahr gewann er im Alter von 18 Jahren den Studenten-Kunstpreis und ebnete damit den Weg f\u00fcr seine k\u00fcnstlerische Laufbahn.<\/p>\n\n\n\n<p>Seine innovative und \u00e4sthetisch ansprechende Gold- und Sand-Collage-Technik machte ihn \u00fcber Nacht ber\u00fchmt. Videos seiner Werke erreichten in den sozialen Medien \u00fcber 500 Millionen Menschen. 2017 er\u00f6ffnete Tim Bengel seine erste Einzelausstellung in New York und arbeitet seitdem als professioneller K\u00fcnstler.<\/p>\n\n\n\n<p>Getreu seiner wei\u00df-goldenen \u00c4sthetik vollendete Bengel 2019 seine erste Installation, den&nbsp;<a href=\"https:\/\/news.artnet.com\/art-world\/tim-bengel-berlin-flower-graveyard-1654870\" target=\"_blank\" rel=\"noreferrer noopener\">\u201eFlower-Skull-Friedhof\u201c<\/a>&nbsp;auf dem Gel\u00e4nde der Factory in Berlin Mitte.&nbsp;Die Installation besteht aus 100 goldgravierten Grabsteinen, die einen humorvollen und kritischen Blick auf den eigenen Lebensweg bieten.<\/p>\n\n\n\n<p>Mit dem Ziel, \u201eden Zeitgeist einzufrieren\u201c, pr\u00e4sentierte Bengel 2021 seine erste skulpturale Arbeit in Berlin und Miami. \u201eWer will ewig leben?\u201c&nbsp;ist ein aus ca. 7000 Gramm Gold gegossener&nbsp;<a href=\"https:\/\/news.artnet.com\/art-world\/2009127-2009127\" target=\"_blank\" rel=\"noreferrer noopener\">Avocado-Bagel<\/a>&nbsp;aus massivem Gold.&nbsp;Die Arbeit setzt sich mit der zeitgeistigen Millennial-Kultur, einer gr\u00fcnen Doppelmoral und dem Social-Media-Hype auseinander.<\/p>\n\n\n\n<p>Textquelle: <a href=\"https:\/\/www.timbengel.com\/biography\">https:\/\/www.timbengel.com\/biography<\/a><\/p>\n\n\n\n<p>Video: YouTube \/ SWR<\/p>\n\n\n\n<p>Kultur Online TV<\/p>\n\n\n\n<p>#socialmedia #youtube #beitrag #doku<\/p>\n\n\n\n<p><\/p>\n","protected":false},"excerpt":{"rendered":"<p>K\u00fcnstler Tim Bengel hat sich in der Kunstszene bereits einen Namen gemacht. Er selbst schafft Kunstwerke aus Sand und Gold. Steffen K\u00f6nig besucht ihn und darf selbst den Pinsel schwingen. Zusammen entwerfen sie ein Kunstwerk. Wird dieses am Ende im Museum landen? Die Museums-Direktorin des Kunstmuseums Stuttgart, Dr. Ulrike Groos, bewertet die Kunst und ist [&hellip;]<\/p>\n","protected":false},"author":2,"featured_media":57849,"comment_status":"closed","ping_status":"closed","sticky":false,"template":"","format":"standard","meta":{"_acf_changed":false,"footnotes":""},"categories":[1],"tags":[],"class_list":["post-57840","post","type-post","status-publish","format-standard","has-post-thumbnail","hentry","category-unkategorisiert"],"acf":[],"yoast_head":"<!-- This site is optimized with the Yoast SEO plugin v26.1.1 - https:\/\/yoast.com\/wordpress\/plugins\/seo\/ -->\n<title>Wie man mit Kunst bekannt wird - Kultur Online TV &amp; FM<\/title>\n<meta name=\"description\" content=\"Kultur sehen und H\u00f6ren\" \/>\n<meta name=\"robots\" content=\"index, follow, max-snippet:-1, max-image-preview:large, max-video-preview:-1\" \/>\n<link rel=\"canonical\" href=\"https:\/\/kulturonline.tv\/de\/wie-man-mit-der-eigenen-kunst-bekannt-wird\/\" \/>\n<meta property=\"og:locale\" content=\"de_DE\" \/>\n<meta property=\"og:type\" content=\"article\" \/>\n<meta property=\"og:title\" content=\"Wie man mit Kunst bekannt wird - Kultur Online TV &amp; FM\" \/>\n<meta property=\"og:description\" content=\"Kultur sehen und H\u00f6ren\" \/>\n<meta property=\"og:url\" content=\"https:\/\/kulturonline.tv\/de\/wie-man-mit-der-eigenen-kunst-bekannt-wird\/\" \/>\n<meta property=\"og:site_name\" content=\"Kultur Online TV &amp; FM\" \/>\n<meta property=\"article:publisher\" content=\"https:\/\/www.facebook.com\/kulturonline.tv\" \/>\n<meta property=\"article:published_time\" content=\"2023-03-17T13:26:40+00:00\" \/>\n<meta property=\"article:modified_time\" content=\"2023-11-29T21:16:18+00:00\" \/>\n<meta property=\"og:image\" content=\"https:\/\/kulturonline.tv\/wp-content\/uploads\/2023\/03\/Video-Tipp-2.png\" \/>\n\t<meta property=\"og:image:width\" content=\"1280\" \/>\n\t<meta property=\"og:image:height\" content=\"720\" \/>\n\t<meta property=\"og:image:type\" content=\"image\/png\" \/>\n<meta name=\"author\" content=\"guenter.wolfgang\" \/>\n<meta name=\"twitter:card\" content=\"summary_large_image\" \/>\n<meta name=\"twitter:label1\" content=\"Verfasst von\" \/>\n\t<meta name=\"twitter:data1\" content=\"guenter.wolfgang\" \/>\n\t<meta name=\"twitter:label2\" content=\"Gesch\u00e4tzte Lesezeit\" \/>\n\t<meta name=\"twitter:data2\" content=\"1\u00a0Minute\" \/>\n<script type=\"application\/ld+json\" class=\"yoast-schema-graph\">{\"@context\":\"https:\/\/schema.org\",\"@graph\":[{\"@type\":\"Article\",\"@id\":\"https:\/\/kulturonline.tv\/de\/wie-man-mit-der-eigenen-kunst-bekannt-wird\/#article\",\"isPartOf\":{\"@id\":\"https:\/\/kulturonline.tv\/de\/wie-man-mit-der-eigenen-kunst-bekannt-wird\/\"},\"author\":{\"name\":\"guenter.wolfgang\",\"@id\":\"https:\/\/kulturonline.tv\/de\/#\/schema\/person\/b0fac729bb9a0c193fb1df23449df4fe\"},\"headline\":\"Wie man mit Kunst bekannt wird\",\"datePublished\":\"2023-03-17T13:26:40+00:00\",\"dateModified\":\"2023-11-29T21:16:18+00:00\",\"mainEntityOfPage\":{\"@id\":\"https:\/\/kulturonline.tv\/de\/wie-man-mit-der-eigenen-kunst-bekannt-wird\/\"},\"wordCount\":267,\"publisher\":{\"@id\":\"https:\/\/kulturonline.tv\/de\/#organization\"},\"image\":{\"@id\":\"https:\/\/kulturonline.tv\/de\/wie-man-mit-der-eigenen-kunst-bekannt-wird\/#primaryimage\"},\"thumbnailUrl\":\"https:\/\/kulturonline.tv\/wp-content\/uploads\/2023\/03\/Video-Tipp-2.png\",\"articleSection\":[\"Unkategorisiert\"],\"inLanguage\":\"de\"},{\"@type\":\"WebPage\",\"@id\":\"https:\/\/kulturonline.tv\/de\/wie-man-mit-der-eigenen-kunst-bekannt-wird\/\",\"url\":\"https:\/\/kulturonline.tv\/de\/wie-man-mit-der-eigenen-kunst-bekannt-wird\/\",\"name\":\"Wie man mit Kunst bekannt wird - Kultur Online TV &amp; FM\",\"isPartOf\":{\"@id\":\"https:\/\/kulturonline.tv\/de\/#website\"},\"primaryImageOfPage\":{\"@id\":\"https:\/\/kulturonline.tv\/de\/wie-man-mit-der-eigenen-kunst-bekannt-wird\/#primaryimage\"},\"image\":{\"@id\":\"https:\/\/kulturonline.tv\/de\/wie-man-mit-der-eigenen-kunst-bekannt-wird\/#primaryimage\"},\"thumbnailUrl\":\"https:\/\/kulturonline.tv\/wp-content\/uploads\/2023\/03\/Video-Tipp-2.png\",\"datePublished\":\"2023-03-17T13:26:40+00:00\",\"dateModified\":\"2023-11-29T21:16:18+00:00\",\"description\":\"Kultur sehen und H\u00f6ren\",\"breadcrumb\":{\"@id\":\"https:\/\/kulturonline.tv\/de\/wie-man-mit-der-eigenen-kunst-bekannt-wird\/#breadcrumb\"},\"inLanguage\":\"de\",\"potentialAction\":[{\"@type\":\"ReadAction\",\"target\":[\"https:\/\/kulturonline.tv\/de\/wie-man-mit-der-eigenen-kunst-bekannt-wird\/\"]}]},{\"@type\":\"ImageObject\",\"inLanguage\":\"de\",\"@id\":\"https:\/\/kulturonline.tv\/de\/wie-man-mit-der-eigenen-kunst-bekannt-wird\/#primaryimage\",\"url\":\"https:\/\/kulturonline.tv\/wp-content\/uploads\/2023\/03\/Video-Tipp-2.png\",\"contentUrl\":\"https:\/\/kulturonline.tv\/wp-content\/uploads\/2023\/03\/Video-Tipp-2.png\",\"width\":1280,\"height\":720},{\"@type\":\"BreadcrumbList\",\"@id\":\"https:\/\/kulturonline.tv\/de\/wie-man-mit-der-eigenen-kunst-bekannt-wird\/#breadcrumb\",\"itemListElement\":[{\"@type\":\"ListItem\",\"position\":1,\"name\":\"Startseite\",\"item\":\"https:\/\/kulturonline.tv\/de\/\"},{\"@type\":\"ListItem\",\"position\":2,\"name\":\"Wie man mit Kunst bekannt wird\"}]},{\"@type\":\"WebSite\",\"@id\":\"https:\/\/kulturonline.tv\/de\/#website\",\"url\":\"https:\/\/kulturonline.tv\/de\/\",\"name\":\"Kultur Online TV &amp; FM\",\"description\":\"Wir sind Kultur 2.0 zum sehen &amp; h\u00f6ren\",\"publisher\":{\"@id\":\"https:\/\/kulturonline.tv\/de\/#organization\"},\"potentialAction\":[{\"@type\":\"SearchAction\",\"target\":{\"@type\":\"EntryPoint\",\"urlTemplate\":\"https:\/\/kulturonline.tv\/de\/?s={search_term_string}\"},\"query-input\":{\"@type\":\"PropertyValueSpecification\",\"valueRequired\":true,\"valueName\":\"search_term_string\"}}],\"inLanguage\":\"de\"},{\"@type\":\"Organization\",\"@id\":\"https:\/\/kulturonline.tv\/de\/#organization\",\"name\":\"Kultur Online TV\",\"url\":\"https:\/\/kulturonline.tv\/de\/\",\"logo\":{\"@type\":\"ImageObject\",\"inLanguage\":\"de\",\"@id\":\"https:\/\/kulturonline.tv\/de\/#\/schema\/logo\/image\/\",\"url\":\"https:\/\/kulturonline.tv\/wp-content\/uploads\/2021\/08\/Kultur-Online-Tv-Logo-Endversion-neu.png\",\"contentUrl\":\"https:\/\/kulturonline.tv\/wp-content\/uploads\/2021\/08\/Kultur-Online-Tv-Logo-Endversion-neu.png\",\"width\":200,\"height\":200,\"caption\":\"Kultur Online TV\"},\"image\":{\"@id\":\"https:\/\/kulturonline.tv\/de\/#\/schema\/logo\/image\/\"},\"sameAs\":[\"https:\/\/www.facebook.com\/kulturonline.tv\",\"https:\/\/www.instagram.com\/kulturonline.tv\"]},{\"@type\":\"Person\",\"@id\":\"https:\/\/kulturonline.tv\/de\/#\/schema\/person\/b0fac729bb9a0c193fb1df23449df4fe\",\"name\":\"guenter.wolfgang\"}]}<\/script>\n<!-- \/ Yoast SEO plugin. -->","yoast_head_json":{"title":"Wie man mit Kunst bekannt wird - Kultur Online TV &amp; FM","description":"Kultur sehen und H\u00f6ren","robots":{"index":"index","follow":"follow","max-snippet":"max-snippet:-1","max-image-preview":"max-image-preview:large","max-video-preview":"max-video-preview:-1"},"canonical":"https:\/\/kulturonline.tv\/de\/wie-man-mit-der-eigenen-kunst-bekannt-wird\/","og_locale":"de_DE","og_type":"article","og_title":"Wie man mit Kunst bekannt wird - Kultur Online TV &amp; FM","og_description":"Kultur sehen und H\u00f6ren","og_url":"https:\/\/kulturonline.tv\/de\/wie-man-mit-der-eigenen-kunst-bekannt-wird\/","og_site_name":"Kultur Online TV &amp; FM","article_publisher":"https:\/\/www.facebook.com\/kulturonline.tv","article_published_time":"2023-03-17T13:26:40+00:00","article_modified_time":"2023-11-29T21:16:18+00:00","og_image":[{"width":1280,"height":720,"url":"https:\/\/kulturonline.tv\/wp-content\/uploads\/2023\/03\/Video-Tipp-2.png","type":"image\/png"}],"author":"guenter.wolfgang","twitter_card":"summary_large_image","twitter_misc":{"Verfasst von":"guenter.wolfgang","Gesch\u00e4tzte Lesezeit":"1\u00a0Minute"},"schema":{"@context":"https:\/\/schema.org","@graph":[{"@type":"Article","@id":"https:\/\/kulturonline.tv\/de\/wie-man-mit-der-eigenen-kunst-bekannt-wird\/#article","isPartOf":{"@id":"https:\/\/kulturonline.tv\/de\/wie-man-mit-der-eigenen-kunst-bekannt-wird\/"},"author":{"name":"guenter.wolfgang","@id":"https:\/\/kulturonline.tv\/de\/#\/schema\/person\/b0fac729bb9a0c193fb1df23449df4fe"},"headline":"Wie man mit Kunst bekannt wird","datePublished":"2023-03-17T13:26:40+00:00","dateModified":"2023-11-29T21:16:18+00:00","mainEntityOfPage":{"@id":"https:\/\/kulturonline.tv\/de\/wie-man-mit-der-eigenen-kunst-bekannt-wird\/"},"wordCount":267,"publisher":{"@id":"https:\/\/kulturonline.tv\/de\/#organization"},"image":{"@id":"https:\/\/kulturonline.tv\/de\/wie-man-mit-der-eigenen-kunst-bekannt-wird\/#primaryimage"},"thumbnailUrl":"https:\/\/kulturonline.tv\/wp-content\/uploads\/2023\/03\/Video-Tipp-2.png","articleSection":["Unkategorisiert"],"inLanguage":"de"},{"@type":"WebPage","@id":"https:\/\/kulturonline.tv\/de\/wie-man-mit-der-eigenen-kunst-bekannt-wird\/","url":"https:\/\/kulturonline.tv\/de\/wie-man-mit-der-eigenen-kunst-bekannt-wird\/","name":"Wie man mit Kunst bekannt wird - Kultur Online TV &amp; FM","isPartOf":{"@id":"https:\/\/kulturonline.tv\/de\/#website"},"primaryImageOfPage":{"@id":"https:\/\/kulturonline.tv\/de\/wie-man-mit-der-eigenen-kunst-bekannt-wird\/#primaryimage"},"image":{"@id":"https:\/\/kulturonline.tv\/de\/wie-man-mit-der-eigenen-kunst-bekannt-wird\/#primaryimage"},"thumbnailUrl":"https:\/\/kulturonline.tv\/wp-content\/uploads\/2023\/03\/Video-Tipp-2.png","datePublished":"2023-03-17T13:26:40+00:00","dateModified":"2023-11-29T21:16:18+00:00","description":"Kultur sehen und H\u00f6ren","breadcrumb":{"@id":"https:\/\/kulturonline.tv\/de\/wie-man-mit-der-eigenen-kunst-bekannt-wird\/#breadcrumb"},"inLanguage":"de","potentialAction":[{"@type":"ReadAction","target":["https:\/\/kulturonline.tv\/de\/wie-man-mit-der-eigenen-kunst-bekannt-wird\/"]}]},{"@type":"ImageObject","inLanguage":"de","@id":"https:\/\/kulturonline.tv\/de\/wie-man-mit-der-eigenen-kunst-bekannt-wird\/#primaryimage","url":"https:\/\/kulturonline.tv\/wp-content\/uploads\/2023\/03\/Video-Tipp-2.png","contentUrl":"https:\/\/kulturonline.tv\/wp-content\/uploads\/2023\/03\/Video-Tipp-2.png","width":1280,"height":720},{"@type":"BreadcrumbList","@id":"https:\/\/kulturonline.tv\/de\/wie-man-mit-der-eigenen-kunst-bekannt-wird\/#breadcrumb","itemListElement":[{"@type":"ListItem","position":1,"name":"Startseite","item":"https:\/\/kulturonline.tv\/de\/"},{"@type":"ListItem","position":2,"name":"Wie man mit Kunst bekannt wird"}]},{"@type":"WebSite","@id":"https:\/\/kulturonline.tv\/de\/#website","url":"https:\/\/kulturonline.tv\/de\/","name":"Kultur Online TV &amp; FM","description":"Wir sind Kultur 2.0 zum sehen &amp; h\u00f6ren","publisher":{"@id":"https:\/\/kulturonline.tv\/de\/#organization"},"potentialAction":[{"@type":"SearchAction","target":{"@type":"EntryPoint","urlTemplate":"https:\/\/kulturonline.tv\/de\/?s={search_term_string}"},"query-input":{"@type":"PropertyValueSpecification","valueRequired":true,"valueName":"search_term_string"}}],"inLanguage":"de"},{"@type":"Organization","@id":"https:\/\/kulturonline.tv\/de\/#organization","name":"Kultur Online TV","url":"https:\/\/kulturonline.tv\/de\/","logo":{"@type":"ImageObject","inLanguage":"de","@id":"https:\/\/kulturonline.tv\/de\/#\/schema\/logo\/image\/","url":"https:\/\/kulturonline.tv\/wp-content\/uploads\/2021\/08\/Kultur-Online-Tv-Logo-Endversion-neu.png","contentUrl":"https:\/\/kulturonline.tv\/wp-content\/uploads\/2021\/08\/Kultur-Online-Tv-Logo-Endversion-neu.png","width":200,"height":200,"caption":"Kultur Online TV"},"image":{"@id":"https:\/\/kulturonline.tv\/de\/#\/schema\/logo\/image\/"},"sameAs":["https:\/\/www.facebook.com\/kulturonline.tv","https:\/\/www.instagram.com\/kulturonline.tv"]},{"@type":"Person","@id":"https:\/\/kulturonline.tv\/de\/#\/schema\/person\/b0fac729bb9a0c193fb1df23449df4fe","name":"guenter.wolfgang"}]}},"_links":{"self":[{"href":"https:\/\/kulturonline.tv\/de\/wp-json\/wp\/v2\/posts\/57840","targetHints":{"allow":["GET"]}}],"collection":[{"href":"https:\/\/kulturonline.tv\/de\/wp-json\/wp\/v2\/posts"}],"about":[{"href":"https:\/\/kulturonline.tv\/de\/wp-json\/wp\/v2\/types\/post"}],"author":[{"embeddable":true,"href":"https:\/\/kulturonline.tv\/de\/wp-json\/wp\/v2\/users\/2"}],"replies":[{"embeddable":true,"href":"https:\/\/kulturonline.tv\/de\/wp-json\/wp\/v2\/comments?post=57840"}],"version-history":[{"count":0,"href":"https:\/\/kulturonline.tv\/de\/wp-json\/wp\/v2\/posts\/57840\/revisions"}],"wp:featuredmedia":[{"embeddable":true,"href":"https:\/\/kulturonline.tv\/de\/wp-json\/wp\/v2\/media\/57849"}],"wp:attachment":[{"href":"https:\/\/kulturonline.tv\/de\/wp-json\/wp\/v2\/media?parent=57840"}],"wp:term":[{"taxonomy":"category","embeddable":true,"href":"https:\/\/kulturonline.tv\/de\/wp-json\/wp\/v2\/categories?post=57840"},{"taxonomy":"post_tag","embeddable":true,"href":"https:\/\/kulturonline.tv\/de\/wp-json\/wp\/v2\/tags?post=57840"}],"curies":[{"name":"wp","href":"https:\/\/api.w.org\/{rel}","templated":true}]}}