{"id":57890,"date":"2023-03-17T23:45:27","date_gmt":"2023-03-17T22:45:27","guid":{"rendered":"https:\/\/kulturonline.tv\/?p=57890"},"modified":"2024-10-17T22:01:44","modified_gmt":"2024-10-17T20:01:44","slug":"pen-fordert-freiheit-fuer-andrzej-poczobut","status":"publish","type":"post","link":"https:\/\/kulturonline.tv\/de\/pen-fordert-freiheit-fuer-andrzej-poczobut\/","title":{"rendered":"PEN fordert Freiheit f\u00fcr Andrzej Poczobut"},"content":{"rendered":"\n<p>Das PEN-Zentrum Deutschland und PEN International fordern die Freilassung des polnisch-belarussischen Journalisten Andrzej Poczobut.<\/p>\n\n\n\n<figure class=\"wp-block-image size-full\"><img fetchpriority=\"high\" decoding=\"async\" width=\"1020\" height=\"574\" src=\"https:\/\/kulturonline.tv\/wp-content\/uploads\/2023\/03\/Andrzej_Poczobut_Warsaw_7-1-edited.jpg\" alt=\"\" class=\"wp-image-57896\" srcset=\"https:\/\/kulturonline.tv\/wp-content\/uploads\/2023\/03\/Andrzej_Poczobut_Warsaw_7-1-edited.jpg 1020w, https:\/\/kulturonline.tv\/wp-content\/uploads\/2023\/03\/Andrzej_Poczobut_Warsaw_7-1-edited-800x450.jpg 800w, https:\/\/kulturonline.tv\/wp-content\/uploads\/2023\/03\/Andrzej_Poczobut_Warsaw_7-1-edited-768x432.jpg 768w, https:\/\/kulturonline.tv\/wp-content\/uploads\/2023\/03\/Andrzej_Poczobut_Warsaw_7-1-edited-600x338.jpg 600w\" sizes=\"(max-width: 1020px) 100vw, 1020px\" \/><figcaption class=\"wp-element-caption\">\u00a9 Bladyniec, CC BY-SA 3.0, via Wikimedia Commons<\/figcaption><\/figure>\n\n\n\n<p>Poczobut arbeitete bisher f\u00fcr verschiedene Zeitungen und Zeitschriften in Belarus, so zum Beispiel f\u00fcr Die\u0144, Narodnaja Wolja, G\u0142os znad Niemna und das Magazyn Polski. Im August 2011 arbeitete er f\u00fcr die polnische Tageszeitung Gazeta Wyborcza. Er war zu dieser Zeit einer der f\u00fchrenden Mitglieder in der Union der Polen in Belarus.<\/p>\n\n\n\n<p>Ende 2010 und Anfang 2011 wurde Poczobut jeweils durch die Beh\u00f6rden des Landes verhaftet. Ihm wurden unter anderem Teilnahme an einer nicht genehmigten Protestveranstaltung vorgeworfen. In der ersten Gerichtsverhandlung erhielt er eine Geldstrafe, die zweite endete mit 15 Tagen Gef\u00e4ngnisstrafe. Poczobuts Einw\u00e4nde, er habe als Journalist den Veranstaltungen beigewohnt, halfen nicht, seine Wohnung wurde durchsucht, Computer und andere Unterlagen wurden beschlagnahmt.<\/p>\n\n\n\n<p>Gegen die Haft Poczobuts protestierte der Pr\u00e4sident des Europaparlaments, Jerzy Buzek. Daneben wandten sich andere Institutionen wie Amnesty International und das Komitee zum Schutz von Journalisten gegen die staatliche Willk\u00fcr. Poczubuts Zulassung als Journalist wurde ihm entzogen. Einen Vorschlag der Beh\u00f6rden, doch von Warschau aus zu arbeiten, lehnte er ab.<\/p>\n\n\n\n<p>Am 25. M\u00e4rz 2021 wurde er erneut festgenommen, und Hoher Vertreter der Europ\u00e4ischen Union f\u00fcr Au\u00dfen- und Sicherheitspolitik Josep Borrell verurteilte die Verhaftung.<\/p>\n\n\n\n<p>Am 8. Februar 2023 wurde er nach fast zwei Jahren Untersuchungshaft zu acht Jahren Haft mit \u201eversch\u00e4rftem Regime\u201c verurteilt.<\/p>\n\n\n\n<p>Kultur Online TV<\/p>\n\n\n\n<p>#mixed #news<\/p>\n","protected":false},"excerpt":{"rendered":"<p>Das PEN-Zentrum Deutschland und PEN International fordern die Freilassung des polnisch-belarussischen Journalisten Andrzej Poczobut. Poczobut arbeitete bisher f\u00fcr verschiedene Zeitungen und Zeitschriften in Belarus, so zum Beispiel f\u00fcr Die\u0144, Narodnaja Wolja, G\u0142os znad Niemna und das Magazyn Polski. Im August 2011 arbeitete er f\u00fcr die polnische Tageszeitung Gazeta Wyborcza. Er war zu dieser Zeit einer [&hellip;]<\/p>\n","protected":false},"author":2,"featured_media":57896,"comment_status":"closed","ping_status":"closed","sticky":false,"template":"","format":"standard","meta":{"_acf_changed":false,"footnotes":""},"categories":[281],"tags":[],"class_list":["post-57890","post","type-post","status-publish","format-standard","has-post-thumbnail","hentry","category-mixed"],"acf":[],"yoast_head":"<!-- This site is optimized with the Yoast SEO plugin v26.1.1 - https:\/\/yoast.com\/wordpress\/plugins\/seo\/ -->\n<title>PEN fordert Freiheit f\u00fcr Andrzej Poczobut - Kultur Online TV &amp; FM<\/title>\n<meta name=\"description\" content=\"Das PEN-Zentrum Deutschland und PEN International fordern die Freilassung des polnisch-belarussischen Journalisten Andrzej Poczobut.\" \/>\n<meta name=\"robots\" content=\"index, follow, max-snippet:-1, max-image-preview:large, max-video-preview:-1\" \/>\n<link rel=\"canonical\" href=\"https:\/\/kulturonline.tv\/de\/pen-fordert-freiheit-fuer-andrzej-poczobut\/\" \/>\n<meta property=\"og:locale\" content=\"de_DE\" \/>\n<meta property=\"og:type\" content=\"article\" \/>\n<meta property=\"og:title\" content=\"PEN fordert Freiheit f\u00fcr Andrzej Poczobut - Kultur Online TV &amp; FM\" \/>\n<meta property=\"og:description\" content=\"Das PEN-Zentrum Deutschland und PEN International fordern die Freilassung des polnisch-belarussischen Journalisten Andrzej Poczobut.\" \/>\n<meta property=\"og:url\" content=\"https:\/\/kulturonline.tv\/de\/pen-fordert-freiheit-fuer-andrzej-poczobut\/\" \/>\n<meta property=\"og:site_name\" content=\"Kultur Online TV &amp; FM\" \/>\n<meta property=\"article:publisher\" content=\"https:\/\/www.facebook.com\/kulturonline.tv\" \/>\n<meta property=\"article:published_time\" content=\"2023-03-17T22:45:27+00:00\" \/>\n<meta property=\"article:modified_time\" content=\"2024-10-17T20:01:44+00:00\" \/>\n<meta property=\"og:image\" content=\"https:\/\/kulturonline.tv\/wp-content\/uploads\/2023\/03\/Andrzej_Poczobut_Warsaw_7-1-edited.jpg\" \/>\n\t<meta property=\"og:image:width\" content=\"1020\" \/>\n\t<meta property=\"og:image:height\" content=\"574\" \/>\n\t<meta property=\"og:image:type\" content=\"image\/jpeg\" \/>\n<meta name=\"author\" content=\"guenter.wolfgang\" \/>\n<meta name=\"twitter:card\" content=\"summary_large_image\" \/>\n<meta name=\"twitter:label1\" content=\"Verfasst von\" \/>\n\t<meta name=\"twitter:data1\" content=\"guenter.wolfgang\" \/>\n\t<meta name=\"twitter:label2\" content=\"Gesch\u00e4tzte Lesezeit\" \/>\n\t<meta name=\"twitter:data2\" content=\"1\u00a0Minute\" \/>\n<script type=\"application\/ld+json\" class=\"yoast-schema-graph\">{\"@context\":\"https:\/\/schema.org\",\"@graph\":[{\"@type\":\"Article\",\"@id\":\"https:\/\/kulturonline.tv\/de\/pen-fordert-freiheit-fuer-andrzej-poczobut\/#article\",\"isPartOf\":{\"@id\":\"https:\/\/kulturonline.tv\/de\/pen-fordert-freiheit-fuer-andrzej-poczobut\/\"},\"author\":{\"name\":\"guenter.wolfgang\",\"@id\":\"https:\/\/kulturonline.tv\/de\/#\/schema\/person\/b0fac729bb9a0c193fb1df23449df4fe\"},\"headline\":\"PEN fordert Freiheit f\u00fcr Andrzej Poczobut\",\"datePublished\":\"2023-03-17T22:45:27+00:00\",\"dateModified\":\"2024-10-17T20:01:44+00:00\",\"mainEntityOfPage\":{\"@id\":\"https:\/\/kulturonline.tv\/de\/pen-fordert-freiheit-fuer-andrzej-poczobut\/\"},\"wordCount\":244,\"publisher\":{\"@id\":\"https:\/\/kulturonline.tv\/de\/#organization\"},\"image\":{\"@id\":\"https:\/\/kulturonline.tv\/de\/pen-fordert-freiheit-fuer-andrzej-poczobut\/#primaryimage\"},\"thumbnailUrl\":\"https:\/\/kulturonline.tv\/wp-content\/uploads\/2023\/03\/Andrzej_Poczobut_Warsaw_7-1-edited.jpg\",\"articleSection\":[\"Mixed\"],\"inLanguage\":\"de\"},{\"@type\":\"WebPage\",\"@id\":\"https:\/\/kulturonline.tv\/de\/pen-fordert-freiheit-fuer-andrzej-poczobut\/\",\"url\":\"https:\/\/kulturonline.tv\/de\/pen-fordert-freiheit-fuer-andrzej-poczobut\/\",\"name\":\"PEN fordert Freiheit f\u00fcr Andrzej Poczobut - Kultur Online TV &amp; FM\",\"isPartOf\":{\"@id\":\"https:\/\/kulturonline.tv\/de\/#website\"},\"primaryImageOfPage\":{\"@id\":\"https:\/\/kulturonline.tv\/de\/pen-fordert-freiheit-fuer-andrzej-poczobut\/#primaryimage\"},\"image\":{\"@id\":\"https:\/\/kulturonline.tv\/de\/pen-fordert-freiheit-fuer-andrzej-poczobut\/#primaryimage\"},\"thumbnailUrl\":\"https:\/\/kulturonline.tv\/wp-content\/uploads\/2023\/03\/Andrzej_Poczobut_Warsaw_7-1-edited.jpg\",\"datePublished\":\"2023-03-17T22:45:27+00:00\",\"dateModified\":\"2024-10-17T20:01:44+00:00\",\"description\":\"Das PEN-Zentrum Deutschland und PEN International fordern die Freilassung des polnisch-belarussischen Journalisten Andrzej Poczobut.\",\"breadcrumb\":{\"@id\":\"https:\/\/kulturonline.tv\/de\/pen-fordert-freiheit-fuer-andrzej-poczobut\/#breadcrumb\"},\"inLanguage\":\"de\",\"potentialAction\":[{\"@type\":\"ReadAction\",\"target\":[\"https:\/\/kulturonline.tv\/de\/pen-fordert-freiheit-fuer-andrzej-poczobut\/\"]}]},{\"@type\":\"ImageObject\",\"inLanguage\":\"de\",\"@id\":\"https:\/\/kulturonline.tv\/de\/pen-fordert-freiheit-fuer-andrzej-poczobut\/#primaryimage\",\"url\":\"https:\/\/kulturonline.tv\/wp-content\/uploads\/2023\/03\/Andrzej_Poczobut_Warsaw_7-1-edited.jpg\",\"contentUrl\":\"https:\/\/kulturonline.tv\/wp-content\/uploads\/2023\/03\/Andrzej_Poczobut_Warsaw_7-1-edited.jpg\",\"width\":1020,\"height\":574},{\"@type\":\"BreadcrumbList\",\"@id\":\"https:\/\/kulturonline.tv\/de\/pen-fordert-freiheit-fuer-andrzej-poczobut\/#breadcrumb\",\"itemListElement\":[{\"@type\":\"ListItem\",\"position\":1,\"name\":\"Startseite\",\"item\":\"https:\/\/kulturonline.tv\/de\/\"},{\"@type\":\"ListItem\",\"position\":2,\"name\":\"PEN fordert Freiheit f\u00fcr Andrzej Poczobut\"}]},{\"@type\":\"WebSite\",\"@id\":\"https:\/\/kulturonline.tv\/de\/#website\",\"url\":\"https:\/\/kulturonline.tv\/de\/\",\"name\":\"Kultur Online TV &amp; FM\",\"description\":\"Wir sind Kultur 2.0 zum sehen &amp; h\u00f6ren\",\"publisher\":{\"@id\":\"https:\/\/kulturonline.tv\/de\/#organization\"},\"potentialAction\":[{\"@type\":\"SearchAction\",\"target\":{\"@type\":\"EntryPoint\",\"urlTemplate\":\"https:\/\/kulturonline.tv\/de\/?s={search_term_string}\"},\"query-input\":{\"@type\":\"PropertyValueSpecification\",\"valueRequired\":true,\"valueName\":\"search_term_string\"}}],\"inLanguage\":\"de\"},{\"@type\":\"Organization\",\"@id\":\"https:\/\/kulturonline.tv\/de\/#organization\",\"name\":\"Kultur Online TV\",\"url\":\"https:\/\/kulturonline.tv\/de\/\",\"logo\":{\"@type\":\"ImageObject\",\"inLanguage\":\"de\",\"@id\":\"https:\/\/kulturonline.tv\/de\/#\/schema\/logo\/image\/\",\"url\":\"https:\/\/kulturonline.tv\/wp-content\/uploads\/2021\/08\/Kultur-Online-Tv-Logo-Endversion-neu.png\",\"contentUrl\":\"https:\/\/kulturonline.tv\/wp-content\/uploads\/2021\/08\/Kultur-Online-Tv-Logo-Endversion-neu.png\",\"width\":200,\"height\":200,\"caption\":\"Kultur Online TV\"},\"image\":{\"@id\":\"https:\/\/kulturonline.tv\/de\/#\/schema\/logo\/image\/\"},\"sameAs\":[\"https:\/\/www.facebook.com\/kulturonline.tv\",\"https:\/\/www.instagram.com\/kulturonline.tv\"]},{\"@type\":\"Person\",\"@id\":\"https:\/\/kulturonline.tv\/de\/#\/schema\/person\/b0fac729bb9a0c193fb1df23449df4fe\",\"name\":\"guenter.wolfgang\"}]}<\/script>\n<!-- \/ Yoast SEO plugin. -->","yoast_head_json":{"title":"PEN fordert Freiheit f\u00fcr Andrzej Poczobut - Kultur Online TV &amp; FM","description":"Das PEN-Zentrum Deutschland und PEN International fordern die Freilassung des polnisch-belarussischen Journalisten Andrzej Poczobut.","robots":{"index":"index","follow":"follow","max-snippet":"max-snippet:-1","max-image-preview":"max-image-preview:large","max-video-preview":"max-video-preview:-1"},"canonical":"https:\/\/kulturonline.tv\/de\/pen-fordert-freiheit-fuer-andrzej-poczobut\/","og_locale":"de_DE","og_type":"article","og_title":"PEN fordert Freiheit f\u00fcr Andrzej Poczobut - Kultur Online TV &amp; FM","og_description":"Das PEN-Zentrum Deutschland und PEN International fordern die Freilassung des polnisch-belarussischen Journalisten Andrzej Poczobut.","og_url":"https:\/\/kulturonline.tv\/de\/pen-fordert-freiheit-fuer-andrzej-poczobut\/","og_site_name":"Kultur Online TV &amp; FM","article_publisher":"https:\/\/www.facebook.com\/kulturonline.tv","article_published_time":"2023-03-17T22:45:27+00:00","article_modified_time":"2024-10-17T20:01:44+00:00","og_image":[{"width":1020,"height":574,"url":"https:\/\/kulturonline.tv\/wp-content\/uploads\/2023\/03\/Andrzej_Poczobut_Warsaw_7-1-edited.jpg","type":"image\/jpeg"}],"author":"guenter.wolfgang","twitter_card":"summary_large_image","twitter_misc":{"Verfasst von":"guenter.wolfgang","Gesch\u00e4tzte Lesezeit":"1\u00a0Minute"},"schema":{"@context":"https:\/\/schema.org","@graph":[{"@type":"Article","@id":"https:\/\/kulturonline.tv\/de\/pen-fordert-freiheit-fuer-andrzej-poczobut\/#article","isPartOf":{"@id":"https:\/\/kulturonline.tv\/de\/pen-fordert-freiheit-fuer-andrzej-poczobut\/"},"author":{"name":"guenter.wolfgang","@id":"https:\/\/kulturonline.tv\/de\/#\/schema\/person\/b0fac729bb9a0c193fb1df23449df4fe"},"headline":"PEN fordert Freiheit f\u00fcr Andrzej Poczobut","datePublished":"2023-03-17T22:45:27+00:00","dateModified":"2024-10-17T20:01:44+00:00","mainEntityOfPage":{"@id":"https:\/\/kulturonline.tv\/de\/pen-fordert-freiheit-fuer-andrzej-poczobut\/"},"wordCount":244,"publisher":{"@id":"https:\/\/kulturonline.tv\/de\/#organization"},"image":{"@id":"https:\/\/kulturonline.tv\/de\/pen-fordert-freiheit-fuer-andrzej-poczobut\/#primaryimage"},"thumbnailUrl":"https:\/\/kulturonline.tv\/wp-content\/uploads\/2023\/03\/Andrzej_Poczobut_Warsaw_7-1-edited.jpg","articleSection":["Mixed"],"inLanguage":"de"},{"@type":"WebPage","@id":"https:\/\/kulturonline.tv\/de\/pen-fordert-freiheit-fuer-andrzej-poczobut\/","url":"https:\/\/kulturonline.tv\/de\/pen-fordert-freiheit-fuer-andrzej-poczobut\/","name":"PEN fordert Freiheit f\u00fcr Andrzej Poczobut - Kultur Online TV &amp; FM","isPartOf":{"@id":"https:\/\/kulturonline.tv\/de\/#website"},"primaryImageOfPage":{"@id":"https:\/\/kulturonline.tv\/de\/pen-fordert-freiheit-fuer-andrzej-poczobut\/#primaryimage"},"image":{"@id":"https:\/\/kulturonline.tv\/de\/pen-fordert-freiheit-fuer-andrzej-poczobut\/#primaryimage"},"thumbnailUrl":"https:\/\/kulturonline.tv\/wp-content\/uploads\/2023\/03\/Andrzej_Poczobut_Warsaw_7-1-edited.jpg","datePublished":"2023-03-17T22:45:27+00:00","dateModified":"2024-10-17T20:01:44+00:00","description":"Das PEN-Zentrum Deutschland und PEN International fordern die Freilassung des polnisch-belarussischen Journalisten Andrzej Poczobut.","breadcrumb":{"@id":"https:\/\/kulturonline.tv\/de\/pen-fordert-freiheit-fuer-andrzej-poczobut\/#breadcrumb"},"inLanguage":"de","potentialAction":[{"@type":"ReadAction","target":["https:\/\/kulturonline.tv\/de\/pen-fordert-freiheit-fuer-andrzej-poczobut\/"]}]},{"@type":"ImageObject","inLanguage":"de","@id":"https:\/\/kulturonline.tv\/de\/pen-fordert-freiheit-fuer-andrzej-poczobut\/#primaryimage","url":"https:\/\/kulturonline.tv\/wp-content\/uploads\/2023\/03\/Andrzej_Poczobut_Warsaw_7-1-edited.jpg","contentUrl":"https:\/\/kulturonline.tv\/wp-content\/uploads\/2023\/03\/Andrzej_Poczobut_Warsaw_7-1-edited.jpg","width":1020,"height":574},{"@type":"BreadcrumbList","@id":"https:\/\/kulturonline.tv\/de\/pen-fordert-freiheit-fuer-andrzej-poczobut\/#breadcrumb","itemListElement":[{"@type":"ListItem","position":1,"name":"Startseite","item":"https:\/\/kulturonline.tv\/de\/"},{"@type":"ListItem","position":2,"name":"PEN fordert Freiheit f\u00fcr Andrzej Poczobut"}]},{"@type":"WebSite","@id":"https:\/\/kulturonline.tv\/de\/#website","url":"https:\/\/kulturonline.tv\/de\/","name":"Kultur Online TV &amp; FM","description":"Wir sind Kultur 2.0 zum sehen &amp; h\u00f6ren","publisher":{"@id":"https:\/\/kulturonline.tv\/de\/#organization"},"potentialAction":[{"@type":"SearchAction","target":{"@type":"EntryPoint","urlTemplate":"https:\/\/kulturonline.tv\/de\/?s={search_term_string}"},"query-input":{"@type":"PropertyValueSpecification","valueRequired":true,"valueName":"search_term_string"}}],"inLanguage":"de"},{"@type":"Organization","@id":"https:\/\/kulturonline.tv\/de\/#organization","name":"Kultur Online TV","url":"https:\/\/kulturonline.tv\/de\/","logo":{"@type":"ImageObject","inLanguage":"de","@id":"https:\/\/kulturonline.tv\/de\/#\/schema\/logo\/image\/","url":"https:\/\/kulturonline.tv\/wp-content\/uploads\/2021\/08\/Kultur-Online-Tv-Logo-Endversion-neu.png","contentUrl":"https:\/\/kulturonline.tv\/wp-content\/uploads\/2021\/08\/Kultur-Online-Tv-Logo-Endversion-neu.png","width":200,"height":200,"caption":"Kultur Online TV"},"image":{"@id":"https:\/\/kulturonline.tv\/de\/#\/schema\/logo\/image\/"},"sameAs":["https:\/\/www.facebook.com\/kulturonline.tv","https:\/\/www.instagram.com\/kulturonline.tv"]},{"@type":"Person","@id":"https:\/\/kulturonline.tv\/de\/#\/schema\/person\/b0fac729bb9a0c193fb1df23449df4fe","name":"guenter.wolfgang"}]}},"_links":{"self":[{"href":"https:\/\/kulturonline.tv\/de\/wp-json\/wp\/v2\/posts\/57890","targetHints":{"allow":["GET"]}}],"collection":[{"href":"https:\/\/kulturonline.tv\/de\/wp-json\/wp\/v2\/posts"}],"about":[{"href":"https:\/\/kulturonline.tv\/de\/wp-json\/wp\/v2\/types\/post"}],"author":[{"embeddable":true,"href":"https:\/\/kulturonline.tv\/de\/wp-json\/wp\/v2\/users\/2"}],"replies":[{"embeddable":true,"href":"https:\/\/kulturonline.tv\/de\/wp-json\/wp\/v2\/comments?post=57890"}],"version-history":[{"count":0,"href":"https:\/\/kulturonline.tv\/de\/wp-json\/wp\/v2\/posts\/57890\/revisions"}],"wp:featuredmedia":[{"embeddable":true,"href":"https:\/\/kulturonline.tv\/de\/wp-json\/wp\/v2\/media\/57896"}],"wp:attachment":[{"href":"https:\/\/kulturonline.tv\/de\/wp-json\/wp\/v2\/media?parent=57890"}],"wp:term":[{"taxonomy":"category","embeddable":true,"href":"https:\/\/kulturonline.tv\/de\/wp-json\/wp\/v2\/categories?post=57890"},{"taxonomy":"post_tag","embeddable":true,"href":"https:\/\/kulturonline.tv\/de\/wp-json\/wp\/v2\/tags?post=57890"}],"curies":[{"name":"wp","href":"https:\/\/api.w.org\/{rel}","templated":true}]}}