{"id":57923,"date":"2023-03-18T02:55:39","date_gmt":"2023-03-18T01:55:39","guid":{"rendered":"https:\/\/kulturonline.tv\/?p=57923"},"modified":"2024-10-17T22:14:06","modified_gmt":"2024-10-17T20:14:06","slug":"theaterpreis-fuer-sivan-ben-yishai","status":"publish","type":"post","link":"https:\/\/kulturonline.tv\/de\/theaterpreis-fuer-sivan-ben-yishai\/","title":{"rendered":"Theaterpreis f\u00fcr Sivan Ben Yishai"},"content":{"rendered":"\n<p>Die Dramatikerin Sivan Ben Yishai wird mit dem Theaterpreis Berlin geehrt.<\/p>\n\n\n\n<figure class=\"wp-block-embed is-type-video is-provider-youtube wp-block-embed-youtube wp-embed-aspect-16-9 wp-has-aspect-ratio\"><div class=\"wp-block-embed__wrapper\">\n<iframe title=\"Sivan Ben Yishai: Die Nationaldichterin spricht\" width=\"800\" height=\"450\" src=\"https:\/\/www.youtube.com\/embed\/XXyA-gbMy3g?feature=oembed\" frameborder=\"0\" allow=\"accelerometer; autoplay; clipboard-write; encrypted-media; gyroscope; picture-in-picture; web-share\" referrerpolicy=\"strict-origin-when-cross-origin\" allowfullscreen><\/iframe>\n<\/div><\/figure>\n\n\n\n<p>Sie soll die mit 20.000 Euro dotierte Auszeichnung w\u00e4hrend des Theatertreffens im Mai erhalten. Die in Berlin lebende Israelin schrieb beispielsweise &#8222;B\u00fchnenbeschimpfung&#8220; und &#8222;Like Lovers Do&#8220; Memoiren der Medusa&#8220;.<\/p>\n\n\n\n<p>Ben Yishai studierte Szenisches Schreiben und Theaterregie an der Universit\u00e4t Tel Aviv. Erste Theatererfahrungen sammelte sie am Nissan Nativ Acting Studio und im Improvisationszentrum Tel Aviv. Seit 2012 lebt sie in Berlin und arbeitet als freie Autorin und Regisseurin. 2015 inszenierte sie zwei eigene St\u00fccke in Berlin: \u201e3RDLND\/If you know what I mean and I think you do\u201c beim Future Forum der Stiftung Deutsch-Israelisches Zukunftsforum und \u201eI know I\u2019m ugly but I glitter in the dark\u201c beim ID Festival im Radialsystem V. 2017 wurde Ben Yishais \u201eYour very own double crisis club\u201c, der erste Teil ihrer Tetralogie \u201eLet the blood come out to show them\u201c, zu den Autorentheatertagen eingeladen und am Deutschen Theater Berlin uraufgef\u00fchrt. <\/p>\n\n\n\n<p>Es folgten Auff\u00fchrungen ihrer St\u00fccke u. a. am Maxim Gorki Theater Berlin, am Theater Konstanz, Theater Dortmund, Nationaltheater Mannheim, M\u00fcnchner Kammerspiele sowie in Helsinki, Luxemburg, Tel Aviv und New York City. Sivan Ben Yishai arbeitet eng mit der Schriftstellerin Maren Kames zusammen, die ihre St\u00fccke aus dem Englischen ins Deutsche \u00fcbertr\u00e4gt.<\/p>\n\n\n\n<p>2019 war Sivan Ben Yishai Hausautorin am Nationaltheater Mannheim. 2022 wurde sie f\u00fcr \u201eWounds Are Forever (Selbstportrait als Nationaldichterin)\u201c mit dem M\u00fclheimer Dramatikerpreis ausgezeichnet und von Theater heute zur Dramatikerin des Jahres 2022[2] ausgew\u00e4hlt. 2022 und 2023 wurden ihre St\u00fccke zum Berliner Theatertreffen eingeladen. Ihre St\u00fccke erscheinen sowohl auf Deutsch als auch im Original (Englisch) seit 2017 im Suhrkamp Theaterverlag. 2023 wurde ihr der Theaterpreis Berlin zuerkannt. Die Dramatikerin sei laut Jury \u201eam Firmament des deutschsprachigen Theaters erschienen wie ein Komet\u201c.<\/p>\n\n\n\n<p>Textquelle: Wikipedia<\/p>\n\n\n\n<p>Kultur Online TV<\/p>\n\n\n\n<p>#news #theater<\/p>\n","protected":false},"excerpt":{"rendered":"<p>Die Dramatikerin Sivan Ben Yishai wird mit dem Theaterpreis Berlin geehrt. Sie soll die mit 20.000 Euro dotierte Auszeichnung w\u00e4hrend des Theatertreffens im Mai erhalten. Die in Berlin lebende Israelin schrieb beispielsweise &#8222;B\u00fchnenbeschimpfung&#8220; und &#8222;Like Lovers Do&#8220; Memoiren der Medusa&#8220;. Ben Yishai studierte Szenisches Schreiben und Theaterregie an der Universit\u00e4t Tel Aviv. Erste Theatererfahrungen sammelte [&hellip;]<\/p>\n","protected":false},"author":2,"featured_media":57926,"comment_status":"closed","ping_status":"closed","sticky":false,"template":"","format":"standard","meta":{"_acf_changed":false,"footnotes":""},"categories":[105],"tags":[],"class_list":["post-57923","post","type-post","status-publish","format-standard","has-post-thumbnail","hentry","category-theater"],"acf":[],"yoast_head":"<!-- This site is optimized with the Yoast SEO plugin v26.1.1 - https:\/\/yoast.com\/wordpress\/plugins\/seo\/ -->\n<title>Theaterpreis f\u00fcr Sivan Ben Yishai - Kultur Online TV &amp; FM<\/title>\n<meta name=\"description\" content=\"Die Dramatikerin Sivan Ben Yishai wird mit dem Theaterpreis Berlin geehrt.\" \/>\n<meta name=\"robots\" content=\"index, follow, max-snippet:-1, max-image-preview:large, max-video-preview:-1\" \/>\n<link rel=\"canonical\" href=\"https:\/\/kulturonline.tv\/de\/theaterpreis-fuer-sivan-ben-yishai\/\" \/>\n<meta property=\"og:locale\" content=\"de_DE\" \/>\n<meta property=\"og:type\" content=\"article\" \/>\n<meta property=\"og:title\" content=\"Theaterpreis f\u00fcr Sivan Ben Yishai - Kultur Online TV &amp; FM\" \/>\n<meta property=\"og:description\" content=\"Die Dramatikerin Sivan Ben Yishai wird mit dem Theaterpreis Berlin geehrt.\" \/>\n<meta property=\"og:url\" content=\"https:\/\/kulturonline.tv\/de\/theaterpreis-fuer-sivan-ben-yishai\/\" \/>\n<meta property=\"og:site_name\" content=\"Kultur Online TV &amp; FM\" \/>\n<meta property=\"article:publisher\" content=\"https:\/\/www.facebook.com\/kulturonline.tv\" \/>\n<meta property=\"article:published_time\" content=\"2023-03-18T01:55:39+00:00\" \/>\n<meta property=\"article:modified_time\" content=\"2024-10-17T20:14:06+00:00\" \/>\n<meta property=\"og:image\" content=\"https:\/\/kulturonline.tv\/wp-content\/uploads\/2023\/03\/ktv-2.png\" \/>\n\t<meta property=\"og:image:width\" content=\"1920\" \/>\n\t<meta property=\"og:image:height\" content=\"1080\" \/>\n\t<meta property=\"og:image:type\" content=\"image\/png\" \/>\n<meta name=\"author\" content=\"guenter.wolfgang\" \/>\n<meta name=\"twitter:card\" content=\"summary_large_image\" \/>\n<meta name=\"twitter:label1\" content=\"Verfasst von\" \/>\n\t<meta name=\"twitter:data1\" content=\"guenter.wolfgang\" \/>\n\t<meta name=\"twitter:label2\" content=\"Gesch\u00e4tzte Lesezeit\" \/>\n\t<meta name=\"twitter:data2\" content=\"2\u00a0Minuten\" \/>\n<script type=\"application\/ld+json\" class=\"yoast-schema-graph\">{\"@context\":\"https:\/\/schema.org\",\"@graph\":[{\"@type\":\"Article\",\"@id\":\"https:\/\/kulturonline.tv\/de\/theaterpreis-fuer-sivan-ben-yishai\/#article\",\"isPartOf\":{\"@id\":\"https:\/\/kulturonline.tv\/de\/theaterpreis-fuer-sivan-ben-yishai\/\"},\"author\":{\"name\":\"guenter.wolfgang\",\"@id\":\"https:\/\/kulturonline.tv\/de\/#\/schema\/person\/b0fac729bb9a0c193fb1df23449df4fe\"},\"headline\":\"Theaterpreis f\u00fcr Sivan Ben Yishai\",\"datePublished\":\"2023-03-18T01:55:39+00:00\",\"dateModified\":\"2024-10-17T20:14:06+00:00\",\"mainEntityOfPage\":{\"@id\":\"https:\/\/kulturonline.tv\/de\/theaterpreis-fuer-sivan-ben-yishai\/\"},\"wordCount\":314,\"publisher\":{\"@id\":\"https:\/\/kulturonline.tv\/de\/#organization\"},\"image\":{\"@id\":\"https:\/\/kulturonline.tv\/de\/theaterpreis-fuer-sivan-ben-yishai\/#primaryimage\"},\"thumbnailUrl\":\"https:\/\/kulturonline.tv\/wp-content\/uploads\/2023\/03\/ktv-2.png\",\"articleSection\":[\"Theater\"],\"inLanguage\":\"de\"},{\"@type\":\"WebPage\",\"@id\":\"https:\/\/kulturonline.tv\/de\/theaterpreis-fuer-sivan-ben-yishai\/\",\"url\":\"https:\/\/kulturonline.tv\/de\/theaterpreis-fuer-sivan-ben-yishai\/\",\"name\":\"Theaterpreis f\u00fcr Sivan Ben Yishai - Kultur Online TV &amp; FM\",\"isPartOf\":{\"@id\":\"https:\/\/kulturonline.tv\/de\/#website\"},\"primaryImageOfPage\":{\"@id\":\"https:\/\/kulturonline.tv\/de\/theaterpreis-fuer-sivan-ben-yishai\/#primaryimage\"},\"image\":{\"@id\":\"https:\/\/kulturonline.tv\/de\/theaterpreis-fuer-sivan-ben-yishai\/#primaryimage\"},\"thumbnailUrl\":\"https:\/\/kulturonline.tv\/wp-content\/uploads\/2023\/03\/ktv-2.png\",\"datePublished\":\"2023-03-18T01:55:39+00:00\",\"dateModified\":\"2024-10-17T20:14:06+00:00\",\"description\":\"Die Dramatikerin Sivan Ben Yishai wird mit dem Theaterpreis Berlin geehrt.\",\"breadcrumb\":{\"@id\":\"https:\/\/kulturonline.tv\/de\/theaterpreis-fuer-sivan-ben-yishai\/#breadcrumb\"},\"inLanguage\":\"de\",\"potentialAction\":[{\"@type\":\"ReadAction\",\"target\":[\"https:\/\/kulturonline.tv\/de\/theaterpreis-fuer-sivan-ben-yishai\/\"]}]},{\"@type\":\"ImageObject\",\"inLanguage\":\"de\",\"@id\":\"https:\/\/kulturonline.tv\/de\/theaterpreis-fuer-sivan-ben-yishai\/#primaryimage\",\"url\":\"https:\/\/kulturonline.tv\/wp-content\/uploads\/2023\/03\/ktv-2.png\",\"contentUrl\":\"https:\/\/kulturonline.tv\/wp-content\/uploads\/2023\/03\/ktv-2.png\",\"width\":1920,\"height\":1080},{\"@type\":\"BreadcrumbList\",\"@id\":\"https:\/\/kulturonline.tv\/de\/theaterpreis-fuer-sivan-ben-yishai\/#breadcrumb\",\"itemListElement\":[{\"@type\":\"ListItem\",\"position\":1,\"name\":\"Startseite\",\"item\":\"https:\/\/kulturonline.tv\/de\/\"},{\"@type\":\"ListItem\",\"position\":2,\"name\":\"Theaterpreis f\u00fcr Sivan Ben Yishai\"}]},{\"@type\":\"WebSite\",\"@id\":\"https:\/\/kulturonline.tv\/de\/#website\",\"url\":\"https:\/\/kulturonline.tv\/de\/\",\"name\":\"Kultur Online TV &amp; FM\",\"description\":\"Wir sind Kultur 2.0 zum sehen &amp; h\u00f6ren\",\"publisher\":{\"@id\":\"https:\/\/kulturonline.tv\/de\/#organization\"},\"potentialAction\":[{\"@type\":\"SearchAction\",\"target\":{\"@type\":\"EntryPoint\",\"urlTemplate\":\"https:\/\/kulturonline.tv\/de\/?s={search_term_string}\"},\"query-input\":{\"@type\":\"PropertyValueSpecification\",\"valueRequired\":true,\"valueName\":\"search_term_string\"}}],\"inLanguage\":\"de\"},{\"@type\":\"Organization\",\"@id\":\"https:\/\/kulturonline.tv\/de\/#organization\",\"name\":\"Kultur Online TV\",\"url\":\"https:\/\/kulturonline.tv\/de\/\",\"logo\":{\"@type\":\"ImageObject\",\"inLanguage\":\"de\",\"@id\":\"https:\/\/kulturonline.tv\/de\/#\/schema\/logo\/image\/\",\"url\":\"https:\/\/kulturonline.tv\/wp-content\/uploads\/2021\/08\/Kultur-Online-Tv-Logo-Endversion-neu.png\",\"contentUrl\":\"https:\/\/kulturonline.tv\/wp-content\/uploads\/2021\/08\/Kultur-Online-Tv-Logo-Endversion-neu.png\",\"width\":200,\"height\":200,\"caption\":\"Kultur Online TV\"},\"image\":{\"@id\":\"https:\/\/kulturonline.tv\/de\/#\/schema\/logo\/image\/\"},\"sameAs\":[\"https:\/\/www.facebook.com\/kulturonline.tv\",\"https:\/\/www.instagram.com\/kulturonline.tv\"]},{\"@type\":\"Person\",\"@id\":\"https:\/\/kulturonline.tv\/de\/#\/schema\/person\/b0fac729bb9a0c193fb1df23449df4fe\",\"name\":\"guenter.wolfgang\"}]}<\/script>\n<!-- \/ Yoast SEO plugin. -->","yoast_head_json":{"title":"Theaterpreis f\u00fcr Sivan Ben Yishai - Kultur Online TV &amp; FM","description":"Die Dramatikerin Sivan Ben Yishai wird mit dem Theaterpreis Berlin geehrt.","robots":{"index":"index","follow":"follow","max-snippet":"max-snippet:-1","max-image-preview":"max-image-preview:large","max-video-preview":"max-video-preview:-1"},"canonical":"https:\/\/kulturonline.tv\/de\/theaterpreis-fuer-sivan-ben-yishai\/","og_locale":"de_DE","og_type":"article","og_title":"Theaterpreis f\u00fcr Sivan Ben Yishai - Kultur Online TV &amp; FM","og_description":"Die Dramatikerin Sivan Ben Yishai wird mit dem Theaterpreis Berlin geehrt.","og_url":"https:\/\/kulturonline.tv\/de\/theaterpreis-fuer-sivan-ben-yishai\/","og_site_name":"Kultur Online TV &amp; FM","article_publisher":"https:\/\/www.facebook.com\/kulturonline.tv","article_published_time":"2023-03-18T01:55:39+00:00","article_modified_time":"2024-10-17T20:14:06+00:00","og_image":[{"width":1920,"height":1080,"url":"https:\/\/kulturonline.tv\/wp-content\/uploads\/2023\/03\/ktv-2.png","type":"image\/png"}],"author":"guenter.wolfgang","twitter_card":"summary_large_image","twitter_misc":{"Verfasst von":"guenter.wolfgang","Gesch\u00e4tzte Lesezeit":"2\u00a0Minuten"},"schema":{"@context":"https:\/\/schema.org","@graph":[{"@type":"Article","@id":"https:\/\/kulturonline.tv\/de\/theaterpreis-fuer-sivan-ben-yishai\/#article","isPartOf":{"@id":"https:\/\/kulturonline.tv\/de\/theaterpreis-fuer-sivan-ben-yishai\/"},"author":{"name":"guenter.wolfgang","@id":"https:\/\/kulturonline.tv\/de\/#\/schema\/person\/b0fac729bb9a0c193fb1df23449df4fe"},"headline":"Theaterpreis f\u00fcr Sivan Ben Yishai","datePublished":"2023-03-18T01:55:39+00:00","dateModified":"2024-10-17T20:14:06+00:00","mainEntityOfPage":{"@id":"https:\/\/kulturonline.tv\/de\/theaterpreis-fuer-sivan-ben-yishai\/"},"wordCount":314,"publisher":{"@id":"https:\/\/kulturonline.tv\/de\/#organization"},"image":{"@id":"https:\/\/kulturonline.tv\/de\/theaterpreis-fuer-sivan-ben-yishai\/#primaryimage"},"thumbnailUrl":"https:\/\/kulturonline.tv\/wp-content\/uploads\/2023\/03\/ktv-2.png","articleSection":["Theater"],"inLanguage":"de"},{"@type":"WebPage","@id":"https:\/\/kulturonline.tv\/de\/theaterpreis-fuer-sivan-ben-yishai\/","url":"https:\/\/kulturonline.tv\/de\/theaterpreis-fuer-sivan-ben-yishai\/","name":"Theaterpreis f\u00fcr Sivan Ben Yishai - Kultur Online TV &amp; FM","isPartOf":{"@id":"https:\/\/kulturonline.tv\/de\/#website"},"primaryImageOfPage":{"@id":"https:\/\/kulturonline.tv\/de\/theaterpreis-fuer-sivan-ben-yishai\/#primaryimage"},"image":{"@id":"https:\/\/kulturonline.tv\/de\/theaterpreis-fuer-sivan-ben-yishai\/#primaryimage"},"thumbnailUrl":"https:\/\/kulturonline.tv\/wp-content\/uploads\/2023\/03\/ktv-2.png","datePublished":"2023-03-18T01:55:39+00:00","dateModified":"2024-10-17T20:14:06+00:00","description":"Die Dramatikerin Sivan Ben Yishai wird mit dem Theaterpreis Berlin geehrt.","breadcrumb":{"@id":"https:\/\/kulturonline.tv\/de\/theaterpreis-fuer-sivan-ben-yishai\/#breadcrumb"},"inLanguage":"de","potentialAction":[{"@type":"ReadAction","target":["https:\/\/kulturonline.tv\/de\/theaterpreis-fuer-sivan-ben-yishai\/"]}]},{"@type":"ImageObject","inLanguage":"de","@id":"https:\/\/kulturonline.tv\/de\/theaterpreis-fuer-sivan-ben-yishai\/#primaryimage","url":"https:\/\/kulturonline.tv\/wp-content\/uploads\/2023\/03\/ktv-2.png","contentUrl":"https:\/\/kulturonline.tv\/wp-content\/uploads\/2023\/03\/ktv-2.png","width":1920,"height":1080},{"@type":"BreadcrumbList","@id":"https:\/\/kulturonline.tv\/de\/theaterpreis-fuer-sivan-ben-yishai\/#breadcrumb","itemListElement":[{"@type":"ListItem","position":1,"name":"Startseite","item":"https:\/\/kulturonline.tv\/de\/"},{"@type":"ListItem","position":2,"name":"Theaterpreis f\u00fcr Sivan Ben Yishai"}]},{"@type":"WebSite","@id":"https:\/\/kulturonline.tv\/de\/#website","url":"https:\/\/kulturonline.tv\/de\/","name":"Kultur Online TV &amp; FM","description":"Wir sind Kultur 2.0 zum sehen &amp; h\u00f6ren","publisher":{"@id":"https:\/\/kulturonline.tv\/de\/#organization"},"potentialAction":[{"@type":"SearchAction","target":{"@type":"EntryPoint","urlTemplate":"https:\/\/kulturonline.tv\/de\/?s={search_term_string}"},"query-input":{"@type":"PropertyValueSpecification","valueRequired":true,"valueName":"search_term_string"}}],"inLanguage":"de"},{"@type":"Organization","@id":"https:\/\/kulturonline.tv\/de\/#organization","name":"Kultur Online TV","url":"https:\/\/kulturonline.tv\/de\/","logo":{"@type":"ImageObject","inLanguage":"de","@id":"https:\/\/kulturonline.tv\/de\/#\/schema\/logo\/image\/","url":"https:\/\/kulturonline.tv\/wp-content\/uploads\/2021\/08\/Kultur-Online-Tv-Logo-Endversion-neu.png","contentUrl":"https:\/\/kulturonline.tv\/wp-content\/uploads\/2021\/08\/Kultur-Online-Tv-Logo-Endversion-neu.png","width":200,"height":200,"caption":"Kultur Online TV"},"image":{"@id":"https:\/\/kulturonline.tv\/de\/#\/schema\/logo\/image\/"},"sameAs":["https:\/\/www.facebook.com\/kulturonline.tv","https:\/\/www.instagram.com\/kulturonline.tv"]},{"@type":"Person","@id":"https:\/\/kulturonline.tv\/de\/#\/schema\/person\/b0fac729bb9a0c193fb1df23449df4fe","name":"guenter.wolfgang"}]}},"_links":{"self":[{"href":"https:\/\/kulturonline.tv\/de\/wp-json\/wp\/v2\/posts\/57923","targetHints":{"allow":["GET"]}}],"collection":[{"href":"https:\/\/kulturonline.tv\/de\/wp-json\/wp\/v2\/posts"}],"about":[{"href":"https:\/\/kulturonline.tv\/de\/wp-json\/wp\/v2\/types\/post"}],"author":[{"embeddable":true,"href":"https:\/\/kulturonline.tv\/de\/wp-json\/wp\/v2\/users\/2"}],"replies":[{"embeddable":true,"href":"https:\/\/kulturonline.tv\/de\/wp-json\/wp\/v2\/comments?post=57923"}],"version-history":[{"count":0,"href":"https:\/\/kulturonline.tv\/de\/wp-json\/wp\/v2\/posts\/57923\/revisions"}],"wp:featuredmedia":[{"embeddable":true,"href":"https:\/\/kulturonline.tv\/de\/wp-json\/wp\/v2\/media\/57926"}],"wp:attachment":[{"href":"https:\/\/kulturonline.tv\/de\/wp-json\/wp\/v2\/media?parent=57923"}],"wp:term":[{"taxonomy":"category","embeddable":true,"href":"https:\/\/kulturonline.tv\/de\/wp-json\/wp\/v2\/categories?post=57923"},{"taxonomy":"post_tag","embeddable":true,"href":"https:\/\/kulturonline.tv\/de\/wp-json\/wp\/v2\/tags?post=57923"}],"curies":[{"name":"wp","href":"https:\/\/api.w.org\/{rel}","templated":true}]}}