{"id":57948,"date":"2023-03-18T09:14:56","date_gmt":"2023-03-18T08:14:56","guid":{"rendered":"https:\/\/kulturonline.tv\/unkategorisiert\/jean-paul-preis-fuer-schriftsteller-nico-bleutge"},"modified":"2024-10-17T21:53:56","modified_gmt":"2024-10-17T19:53:56","slug":"jean-paul-preis-fuer-schriftsteller-nico-bleutge","status":"publish","type":"post","link":"https:\/\/kulturonline.tv\/de\/jean-paul-preis-fuer-schriftsteller-nico-bleutge\/","title":{"rendered":"Jean-Paul-Preis f\u00fcr Schriftsteller Nico Bleutge"},"content":{"rendered":"\n<p>Der Schriftsteller Nico Bleutge erh\u00e4lt f\u00fcr sein Lebenswerk den Jean-Paul-Preis. Das gab Bayerns Kunstminister Markus Blume am Freitag in M\u00fcnchen bekannt.<\/p>\n\n\n\n<figure class=\"wp-block-image size-full\"><img fetchpriority=\"high\" decoding=\"async\" width=\"1280\" height=\"720\" src=\"https:\/\/kulturonline.tv\/wp-content\/uploads\/2023\/03\/ktv-5.jpg\" alt=\"\" class=\"wp-image-57945\" srcset=\"https:\/\/kulturonline.tv\/wp-content\/uploads\/2023\/03\/ktv-5.jpg 1280w, https:\/\/kulturonline.tv\/wp-content\/uploads\/2023\/03\/ktv-5-800x450.jpg 800w, https:\/\/kulturonline.tv\/wp-content\/uploads\/2023\/03\/ktv-5-768x432.jpg 768w, https:\/\/kulturonline.tv\/wp-content\/uploads\/2023\/03\/ktv-5-600x338.jpg 600w\" sizes=\"(max-width: 1280px) 100vw, 1280px\" \/><\/figure>\n\n\n\n<p>Der Jean-Paul-Preis ist ein Literaturpreis, der vom Freistaat Bayern alle zwei Jahre, bis 2002 alternierend mit dem Karl-Vossler-Preis, als Bayerischer Literaturpreis vergeben wird. Der Preis zu Ehren Jean Pauls ist mit 20.000 Euro dotiert und w\u00fcrdigt das literarische Gesamtwerk einer deutschsprachigen Schriftstellerin bzw. eines deutschsprachigen Schriftstellers. Die Preise verleiht der Bayerische Staatsminister f\u00fcr Wissenschaft und Kunst auf der Grundlage von Vorschl\u00e4gen einer Jury.<\/p>\n\n\n\n<p>Der Minister w\u00fcrdigte den Preistr\u00e4ger als &#8222;Sprachmagier, kritischen Beobachter und scharfsinnigen Analytiker&#8220;. Nico Bleutge wuchs in Pfaffenhofen an der Ilm auf. Seine ersten Gedichte schrieb er im Alter von f\u00fcnfzehn Jahren. Von 1993 bis 1998 studierte er Neuere Deutsche Literatur, Allgemeine Rhetorik und Philosophie in T\u00fcbingen. Seine Gedichte wurden in zahlreichen Anthologien und Literaturzeitschriften ver\u00f6ffentlicht und vielfach \u00fcbersetzt. 2006 deb\u00fctierte er mit dem Gedichtband \u201eklare konturen\u201c. <\/p>\n\n\n\n<p>Seit 2001 arbeitet er zudem als freier Literaturkritiker unter anderem f\u00fcr die S\u00fcddeutsche Zeitung, den Tagesspiegel, Deutschlandfunk und Deutschlandfunk Kultur. 2009 wurde in der ORF-Reihe \u201eLiteratur als Radiokunst\u201c das St\u00fcck \u201ewasser. steine\u201c gesendet.<\/p>\n\n\n\n<p>Nico Bleutge ist Mitglied der Deutschen Akademie f\u00fcr Sprache und Dichtung, der Bayerischen Akademie der Sch\u00f6nen K\u00fcnste und des PEN-Zentrums Deutschland. Er lebt in Berlin.<\/p>\n\n\n\n<p>Kultur Online TV<\/p>\n\n\n\n<p>#news #literatur<\/p>\n","protected":false},"excerpt":{"rendered":"<p>Der Schriftsteller Nico Bleutge erh\u00e4lt f\u00fcr sein Lebenswerk den Jean-Paul-Preis. Das gab Bayerns Kunstminister Markus Blume am Freitag in M\u00fcnchen bekannt. Der Jean-Paul-Preis ist ein Literaturpreis, der vom Freistaat Bayern alle zwei Jahre, bis 2002 alternierend mit dem Karl-Vossler-Preis, als Bayerischer Literaturpreis vergeben wird. Der Preis zu Ehren Jean Pauls ist mit 20.000 Euro dotiert [&hellip;]<\/p>\n","protected":false},"author":2,"featured_media":57945,"comment_status":"closed","ping_status":"closed","sticky":false,"template":"","format":"standard","meta":{"_acf_changed":false,"footnotes":""},"categories":[106],"tags":[],"class_list":["post-57948","post","type-post","status-publish","format-standard","has-post-thumbnail","hentry","category-literatur"],"acf":[],"yoast_head":"<!-- This site is optimized with the Yoast SEO plugin v26.1.1 - https:\/\/yoast.com\/wordpress\/plugins\/seo\/ -->\n<title>Jean-Paul-Preis f\u00fcr Schriftsteller Nico Bleutge - Kultur Online TV &amp; FM<\/title>\n<meta name=\"description\" content=\"Kultur sehen und H\u00f6ren\" \/>\n<meta name=\"robots\" content=\"index, follow, max-snippet:-1, max-image-preview:large, max-video-preview:-1\" \/>\n<link rel=\"canonical\" href=\"https:\/\/kulturonline.tv\/de\/jean-paul-preis-fuer-schriftsteller-nico-bleutge\/\" \/>\n<meta property=\"og:locale\" content=\"de_DE\" \/>\n<meta property=\"og:type\" content=\"article\" \/>\n<meta property=\"og:title\" content=\"Jean-Paul-Preis f\u00fcr Schriftsteller Nico Bleutge - Kultur Online TV &amp; FM\" \/>\n<meta property=\"og:description\" content=\"Kultur sehen und H\u00f6ren\" \/>\n<meta property=\"og:url\" content=\"https:\/\/kulturonline.tv\/de\/jean-paul-preis-fuer-schriftsteller-nico-bleutge\/\" \/>\n<meta property=\"og:site_name\" content=\"Kultur Online TV &amp; FM\" \/>\n<meta property=\"article:publisher\" content=\"https:\/\/www.facebook.com\/kulturonline.tv\" \/>\n<meta property=\"article:published_time\" content=\"2023-03-18T08:14:56+00:00\" \/>\n<meta property=\"article:modified_time\" content=\"2024-10-17T19:53:56+00:00\" \/>\n<meta property=\"og:image\" content=\"https:\/\/kulturonline.tv\/wp-content\/uploads\/2023\/03\/ktv-5.jpg\" \/>\n\t<meta property=\"og:image:width\" content=\"1280\" \/>\n\t<meta property=\"og:image:height\" content=\"720\" \/>\n\t<meta property=\"og:image:type\" content=\"image\/jpeg\" \/>\n<meta name=\"author\" content=\"guenter.wolfgang\" \/>\n<meta name=\"twitter:card\" content=\"summary_large_image\" \/>\n<meta name=\"twitter:label1\" content=\"Verfasst von\" \/>\n\t<meta name=\"twitter:data1\" content=\"guenter.wolfgang\" \/>\n\t<meta name=\"twitter:label2\" content=\"Gesch\u00e4tzte Lesezeit\" \/>\n\t<meta name=\"twitter:data2\" content=\"1\u00a0Minute\" \/>\n<script type=\"application\/ld+json\" class=\"yoast-schema-graph\">{\"@context\":\"https:\/\/schema.org\",\"@graph\":[{\"@type\":\"Article\",\"@id\":\"https:\/\/kulturonline.tv\/de\/jean-paul-preis-fuer-schriftsteller-nico-bleutge\/#article\",\"isPartOf\":{\"@id\":\"https:\/\/kulturonline.tv\/de\/jean-paul-preis-fuer-schriftsteller-nico-bleutge\/\"},\"author\":{\"name\":\"guenter.wolfgang\",\"@id\":\"https:\/\/kulturonline.tv\/de\/#\/schema\/person\/b0fac729bb9a0c193fb1df23449df4fe\"},\"headline\":\"Jean-Paul-Preis f\u00fcr Schriftsteller Nico Bleutge\",\"datePublished\":\"2023-03-18T08:14:56+00:00\",\"dateModified\":\"2024-10-17T19:53:56+00:00\",\"mainEntityOfPage\":{\"@id\":\"https:\/\/kulturonline.tv\/de\/jean-paul-preis-fuer-schriftsteller-nico-bleutge\/\"},\"wordCount\":230,\"publisher\":{\"@id\":\"https:\/\/kulturonline.tv\/de\/#organization\"},\"image\":{\"@id\":\"https:\/\/kulturonline.tv\/de\/jean-paul-preis-fuer-schriftsteller-nico-bleutge\/#primaryimage\"},\"thumbnailUrl\":\"https:\/\/kulturonline.tv\/wp-content\/uploads\/2023\/03\/ktv-5.jpg\",\"articleSection\":[\"Literatur\"],\"inLanguage\":\"de\"},{\"@type\":\"WebPage\",\"@id\":\"https:\/\/kulturonline.tv\/de\/jean-paul-preis-fuer-schriftsteller-nico-bleutge\/\",\"url\":\"https:\/\/kulturonline.tv\/de\/jean-paul-preis-fuer-schriftsteller-nico-bleutge\/\",\"name\":\"Jean-Paul-Preis f\u00fcr Schriftsteller Nico Bleutge - Kultur Online TV &amp; FM\",\"isPartOf\":{\"@id\":\"https:\/\/kulturonline.tv\/de\/#website\"},\"primaryImageOfPage\":{\"@id\":\"https:\/\/kulturonline.tv\/de\/jean-paul-preis-fuer-schriftsteller-nico-bleutge\/#primaryimage\"},\"image\":{\"@id\":\"https:\/\/kulturonline.tv\/de\/jean-paul-preis-fuer-schriftsteller-nico-bleutge\/#primaryimage\"},\"thumbnailUrl\":\"https:\/\/kulturonline.tv\/wp-content\/uploads\/2023\/03\/ktv-5.jpg\",\"datePublished\":\"2023-03-18T08:14:56+00:00\",\"dateModified\":\"2024-10-17T19:53:56+00:00\",\"description\":\"Kultur sehen und H\u00f6ren\",\"breadcrumb\":{\"@id\":\"https:\/\/kulturonline.tv\/de\/jean-paul-preis-fuer-schriftsteller-nico-bleutge\/#breadcrumb\"},\"inLanguage\":\"de\",\"potentialAction\":[{\"@type\":\"ReadAction\",\"target\":[\"https:\/\/kulturonline.tv\/de\/jean-paul-preis-fuer-schriftsteller-nico-bleutge\/\"]}]},{\"@type\":\"ImageObject\",\"inLanguage\":\"de\",\"@id\":\"https:\/\/kulturonline.tv\/de\/jean-paul-preis-fuer-schriftsteller-nico-bleutge\/#primaryimage\",\"url\":\"https:\/\/kulturonline.tv\/wp-content\/uploads\/2023\/03\/ktv-5.jpg\",\"contentUrl\":\"https:\/\/kulturonline.tv\/wp-content\/uploads\/2023\/03\/ktv-5.jpg\",\"width\":1280,\"height\":720},{\"@type\":\"BreadcrumbList\",\"@id\":\"https:\/\/kulturonline.tv\/de\/jean-paul-preis-fuer-schriftsteller-nico-bleutge\/#breadcrumb\",\"itemListElement\":[{\"@type\":\"ListItem\",\"position\":1,\"name\":\"Startseite\",\"item\":\"https:\/\/kulturonline.tv\/de\/\"},{\"@type\":\"ListItem\",\"position\":2,\"name\":\"Jean-Paul-Preis f\u00fcr Schriftsteller Nico Bleutge\"}]},{\"@type\":\"WebSite\",\"@id\":\"https:\/\/kulturonline.tv\/de\/#website\",\"url\":\"https:\/\/kulturonline.tv\/de\/\",\"name\":\"Kultur Online TV &amp; FM\",\"description\":\"Wir sind Kultur 2.0 zum sehen &amp; h\u00f6ren\",\"publisher\":{\"@id\":\"https:\/\/kulturonline.tv\/de\/#organization\"},\"potentialAction\":[{\"@type\":\"SearchAction\",\"target\":{\"@type\":\"EntryPoint\",\"urlTemplate\":\"https:\/\/kulturonline.tv\/de\/?s={search_term_string}\"},\"query-input\":{\"@type\":\"PropertyValueSpecification\",\"valueRequired\":true,\"valueName\":\"search_term_string\"}}],\"inLanguage\":\"de\"},{\"@type\":\"Organization\",\"@id\":\"https:\/\/kulturonline.tv\/de\/#organization\",\"name\":\"Kultur Online TV\",\"url\":\"https:\/\/kulturonline.tv\/de\/\",\"logo\":{\"@type\":\"ImageObject\",\"inLanguage\":\"de\",\"@id\":\"https:\/\/kulturonline.tv\/de\/#\/schema\/logo\/image\/\",\"url\":\"https:\/\/kulturonline.tv\/wp-content\/uploads\/2021\/08\/Kultur-Online-Tv-Logo-Endversion-neu.png\",\"contentUrl\":\"https:\/\/kulturonline.tv\/wp-content\/uploads\/2021\/08\/Kultur-Online-Tv-Logo-Endversion-neu.png\",\"width\":200,\"height\":200,\"caption\":\"Kultur Online TV\"},\"image\":{\"@id\":\"https:\/\/kulturonline.tv\/de\/#\/schema\/logo\/image\/\"},\"sameAs\":[\"https:\/\/www.facebook.com\/kulturonline.tv\",\"https:\/\/www.instagram.com\/kulturonline.tv\"]},{\"@type\":\"Person\",\"@id\":\"https:\/\/kulturonline.tv\/de\/#\/schema\/person\/b0fac729bb9a0c193fb1df23449df4fe\",\"name\":\"guenter.wolfgang\"}]}<\/script>\n<!-- \/ Yoast SEO plugin. -->","yoast_head_json":{"title":"Jean-Paul-Preis f\u00fcr Schriftsteller Nico Bleutge - Kultur Online TV &amp; FM","description":"Kultur sehen und H\u00f6ren","robots":{"index":"index","follow":"follow","max-snippet":"max-snippet:-1","max-image-preview":"max-image-preview:large","max-video-preview":"max-video-preview:-1"},"canonical":"https:\/\/kulturonline.tv\/de\/jean-paul-preis-fuer-schriftsteller-nico-bleutge\/","og_locale":"de_DE","og_type":"article","og_title":"Jean-Paul-Preis f\u00fcr Schriftsteller Nico Bleutge - Kultur Online TV &amp; FM","og_description":"Kultur sehen und H\u00f6ren","og_url":"https:\/\/kulturonline.tv\/de\/jean-paul-preis-fuer-schriftsteller-nico-bleutge\/","og_site_name":"Kultur Online TV &amp; FM","article_publisher":"https:\/\/www.facebook.com\/kulturonline.tv","article_published_time":"2023-03-18T08:14:56+00:00","article_modified_time":"2024-10-17T19:53:56+00:00","og_image":[{"width":1280,"height":720,"url":"https:\/\/kulturonline.tv\/wp-content\/uploads\/2023\/03\/ktv-5.jpg","type":"image\/jpeg"}],"author":"guenter.wolfgang","twitter_card":"summary_large_image","twitter_misc":{"Verfasst von":"guenter.wolfgang","Gesch\u00e4tzte Lesezeit":"1\u00a0Minute"},"schema":{"@context":"https:\/\/schema.org","@graph":[{"@type":"Article","@id":"https:\/\/kulturonline.tv\/de\/jean-paul-preis-fuer-schriftsteller-nico-bleutge\/#article","isPartOf":{"@id":"https:\/\/kulturonline.tv\/de\/jean-paul-preis-fuer-schriftsteller-nico-bleutge\/"},"author":{"name":"guenter.wolfgang","@id":"https:\/\/kulturonline.tv\/de\/#\/schema\/person\/b0fac729bb9a0c193fb1df23449df4fe"},"headline":"Jean-Paul-Preis f\u00fcr Schriftsteller Nico Bleutge","datePublished":"2023-03-18T08:14:56+00:00","dateModified":"2024-10-17T19:53:56+00:00","mainEntityOfPage":{"@id":"https:\/\/kulturonline.tv\/de\/jean-paul-preis-fuer-schriftsteller-nico-bleutge\/"},"wordCount":230,"publisher":{"@id":"https:\/\/kulturonline.tv\/de\/#organization"},"image":{"@id":"https:\/\/kulturonline.tv\/de\/jean-paul-preis-fuer-schriftsteller-nico-bleutge\/#primaryimage"},"thumbnailUrl":"https:\/\/kulturonline.tv\/wp-content\/uploads\/2023\/03\/ktv-5.jpg","articleSection":["Literatur"],"inLanguage":"de"},{"@type":"WebPage","@id":"https:\/\/kulturonline.tv\/de\/jean-paul-preis-fuer-schriftsteller-nico-bleutge\/","url":"https:\/\/kulturonline.tv\/de\/jean-paul-preis-fuer-schriftsteller-nico-bleutge\/","name":"Jean-Paul-Preis f\u00fcr Schriftsteller Nico Bleutge - Kultur Online TV &amp; FM","isPartOf":{"@id":"https:\/\/kulturonline.tv\/de\/#website"},"primaryImageOfPage":{"@id":"https:\/\/kulturonline.tv\/de\/jean-paul-preis-fuer-schriftsteller-nico-bleutge\/#primaryimage"},"image":{"@id":"https:\/\/kulturonline.tv\/de\/jean-paul-preis-fuer-schriftsteller-nico-bleutge\/#primaryimage"},"thumbnailUrl":"https:\/\/kulturonline.tv\/wp-content\/uploads\/2023\/03\/ktv-5.jpg","datePublished":"2023-03-18T08:14:56+00:00","dateModified":"2024-10-17T19:53:56+00:00","description":"Kultur sehen und H\u00f6ren","breadcrumb":{"@id":"https:\/\/kulturonline.tv\/de\/jean-paul-preis-fuer-schriftsteller-nico-bleutge\/#breadcrumb"},"inLanguage":"de","potentialAction":[{"@type":"ReadAction","target":["https:\/\/kulturonline.tv\/de\/jean-paul-preis-fuer-schriftsteller-nico-bleutge\/"]}]},{"@type":"ImageObject","inLanguage":"de","@id":"https:\/\/kulturonline.tv\/de\/jean-paul-preis-fuer-schriftsteller-nico-bleutge\/#primaryimage","url":"https:\/\/kulturonline.tv\/wp-content\/uploads\/2023\/03\/ktv-5.jpg","contentUrl":"https:\/\/kulturonline.tv\/wp-content\/uploads\/2023\/03\/ktv-5.jpg","width":1280,"height":720},{"@type":"BreadcrumbList","@id":"https:\/\/kulturonline.tv\/de\/jean-paul-preis-fuer-schriftsteller-nico-bleutge\/#breadcrumb","itemListElement":[{"@type":"ListItem","position":1,"name":"Startseite","item":"https:\/\/kulturonline.tv\/de\/"},{"@type":"ListItem","position":2,"name":"Jean-Paul-Preis f\u00fcr Schriftsteller Nico Bleutge"}]},{"@type":"WebSite","@id":"https:\/\/kulturonline.tv\/de\/#website","url":"https:\/\/kulturonline.tv\/de\/","name":"Kultur Online TV &amp; FM","description":"Wir sind Kultur 2.0 zum sehen &amp; h\u00f6ren","publisher":{"@id":"https:\/\/kulturonline.tv\/de\/#organization"},"potentialAction":[{"@type":"SearchAction","target":{"@type":"EntryPoint","urlTemplate":"https:\/\/kulturonline.tv\/de\/?s={search_term_string}"},"query-input":{"@type":"PropertyValueSpecification","valueRequired":true,"valueName":"search_term_string"}}],"inLanguage":"de"},{"@type":"Organization","@id":"https:\/\/kulturonline.tv\/de\/#organization","name":"Kultur Online TV","url":"https:\/\/kulturonline.tv\/de\/","logo":{"@type":"ImageObject","inLanguage":"de","@id":"https:\/\/kulturonline.tv\/de\/#\/schema\/logo\/image\/","url":"https:\/\/kulturonline.tv\/wp-content\/uploads\/2021\/08\/Kultur-Online-Tv-Logo-Endversion-neu.png","contentUrl":"https:\/\/kulturonline.tv\/wp-content\/uploads\/2021\/08\/Kultur-Online-Tv-Logo-Endversion-neu.png","width":200,"height":200,"caption":"Kultur Online TV"},"image":{"@id":"https:\/\/kulturonline.tv\/de\/#\/schema\/logo\/image\/"},"sameAs":["https:\/\/www.facebook.com\/kulturonline.tv","https:\/\/www.instagram.com\/kulturonline.tv"]},{"@type":"Person","@id":"https:\/\/kulturonline.tv\/de\/#\/schema\/person\/b0fac729bb9a0c193fb1df23449df4fe","name":"guenter.wolfgang"}]}},"_links":{"self":[{"href":"https:\/\/kulturonline.tv\/de\/wp-json\/wp\/v2\/posts\/57948","targetHints":{"allow":["GET"]}}],"collection":[{"href":"https:\/\/kulturonline.tv\/de\/wp-json\/wp\/v2\/posts"}],"about":[{"href":"https:\/\/kulturonline.tv\/de\/wp-json\/wp\/v2\/types\/post"}],"author":[{"embeddable":true,"href":"https:\/\/kulturonline.tv\/de\/wp-json\/wp\/v2\/users\/2"}],"replies":[{"embeddable":true,"href":"https:\/\/kulturonline.tv\/de\/wp-json\/wp\/v2\/comments?post=57948"}],"version-history":[{"count":0,"href":"https:\/\/kulturonline.tv\/de\/wp-json\/wp\/v2\/posts\/57948\/revisions"}],"wp:featuredmedia":[{"embeddable":true,"href":"https:\/\/kulturonline.tv\/de\/wp-json\/wp\/v2\/media\/57945"}],"wp:attachment":[{"href":"https:\/\/kulturonline.tv\/de\/wp-json\/wp\/v2\/media?parent=57948"}],"wp:term":[{"taxonomy":"category","embeddable":true,"href":"https:\/\/kulturonline.tv\/de\/wp-json\/wp\/v2\/categories?post=57948"},{"taxonomy":"post_tag","embeddable":true,"href":"https:\/\/kulturonline.tv\/de\/wp-json\/wp\/v2\/tags?post=57948"}],"curies":[{"name":"wp","href":"https:\/\/api.w.org\/{rel}","templated":true}]}}