{"id":58427,"date":"2023-03-21T22:27:38","date_gmt":"2023-03-21T21:27:38","guid":{"rendered":"https:\/\/kulturonline.tv\/?p=58427"},"modified":"2023-03-21T22:27:40","modified_gmt":"2023-03-21T21:27:40","slug":"neuer-asterix-band-persifliert-positives-denken","status":"publish","type":"post","link":"https:\/\/kulturonline.tv\/de\/neuer-asterix-band-persifliert-positives-denken\/","title":{"rendered":"Neuer Asterix-Band persifliert positives Denken"},"content":{"rendered":"\n<p>Die Asterix-Abenteuer haben einen neuen Texter.<\/p>\n\n\n\n<figure class=\"wp-block-image size-full\"><img fetchpriority=\"high\" decoding=\"async\" width=\"1280\" height=\"720\" src=\"https:\/\/kulturonline.tv\/wp-content\/uploads\/2023\/03\/asterix-4976983_1280-edited.jpg\" alt=\"\" class=\"wp-image-58434\" srcset=\"https:\/\/kulturonline.tv\/wp-content\/uploads\/2023\/03\/asterix-4976983_1280-edited.jpg 1280w, https:\/\/kulturonline.tv\/wp-content\/uploads\/2023\/03\/asterix-4976983_1280-edited-800x450.jpg 800w, https:\/\/kulturonline.tv\/wp-content\/uploads\/2023\/03\/asterix-4976983_1280-edited-768x432.jpg 768w, https:\/\/kulturonline.tv\/wp-content\/uploads\/2023\/03\/asterix-4976983_1280-edited-600x338.jpg 600w\" sizes=\"(max-width: 1280px) 100vw, 1280px\" \/><\/figure>\n\n\n\n<p>Den neuen Band hat der franz\u00f6sische Autor Fabrice Caro geschrieben, besser bekannt unter dem K\u00fcnstlernamen Fabcaro.Fabcaro zufolge handelt der Band von einer r\u00f6mischen Schule, die positives Denken propagiert und von einer tiefen Krise des H\u00e4uptlings der Gallier, Majestix.<\/p>\n\n\n\n<p>Kultur Online TV<\/p>\n\n\n\n<p>#news #kultur<\/p>\n","protected":false},"excerpt":{"rendered":"<p>Die Asterix-Abenteuer haben einen neuen Texter. Den neuen Band hat der franz\u00f6sische Autor Fabrice Caro geschrieben, besser bekannt unter dem K\u00fcnstlernamen Fabcaro.Fabcaro zufolge handelt der Band von einer r\u00f6mischen Schule, die positives Denken propagiert und von einer tiefen Krise des H\u00e4uptlings der Gallier, Majestix. Kultur Online TV #news #kultur<\/p>\n","protected":false},"author":2,"featured_media":58434,"comment_status":"closed","ping_status":"closed","sticky":false,"template":"","format":"standard","meta":{"_acf_changed":false,"footnotes":""},"categories":[3],"tags":[],"class_list":["post-58427","post","type-post","status-publish","format-standard","has-post-thumbnail","hentry","category-newsflash"],"acf":[],"yoast_head":"<!-- This site is optimized with the Yoast SEO plugin v26.1.1 - https:\/\/yoast.com\/wordpress\/plugins\/seo\/ -->\n<title>Neuer Asterix-Band persifliert positives Denken - Kultur Online TV &amp; FM<\/title>\n<meta name=\"description\" content=\"Die Asterix-Abenteuer haben einen neuen Texter.\" \/>\n<meta name=\"robots\" content=\"index, follow, max-snippet:-1, max-image-preview:large, max-video-preview:-1\" \/>\n<link rel=\"canonical\" href=\"https:\/\/kulturonline.tv\/de\/neuer-asterix-band-persifliert-positives-denken\/\" \/>\n<meta property=\"og:locale\" content=\"de_DE\" \/>\n<meta property=\"og:type\" content=\"article\" \/>\n<meta property=\"og:title\" content=\"Neuer Asterix-Band persifliert positives Denken - Kultur Online TV &amp; FM\" \/>\n<meta property=\"og:description\" content=\"Die Asterix-Abenteuer haben einen neuen Texter.\" \/>\n<meta property=\"og:url\" content=\"https:\/\/kulturonline.tv\/de\/neuer-asterix-band-persifliert-positives-denken\/\" \/>\n<meta property=\"og:site_name\" content=\"Kultur Online TV &amp; FM\" \/>\n<meta property=\"article:publisher\" content=\"https:\/\/www.facebook.com\/kulturonline.tv\" \/>\n<meta property=\"article:published_time\" content=\"2023-03-21T21:27:38+00:00\" \/>\n<meta property=\"article:modified_time\" content=\"2023-03-21T21:27:40+00:00\" \/>\n<meta property=\"og:image\" content=\"https:\/\/kulturonline.tv\/wp-content\/uploads\/2023\/03\/asterix-4976983_1280-edited.jpg\" \/>\n\t<meta property=\"og:image:width\" content=\"1280\" \/>\n\t<meta property=\"og:image:height\" content=\"720\" \/>\n\t<meta property=\"og:image:type\" content=\"image\/jpeg\" \/>\n<meta name=\"author\" content=\"guenter.wolfgang\" \/>\n<meta name=\"twitter:card\" content=\"summary_large_image\" \/>\n<meta name=\"twitter:label1\" content=\"Verfasst von\" \/>\n\t<meta name=\"twitter:data1\" content=\"guenter.wolfgang\" \/>\n<script type=\"application\/ld+json\" class=\"yoast-schema-graph\">{\"@context\":\"https:\/\/schema.org\",\"@graph\":[{\"@type\":\"Article\",\"@id\":\"https:\/\/kulturonline.tv\/de\/neuer-asterix-band-persifliert-positives-denken\/#article\",\"isPartOf\":{\"@id\":\"https:\/\/kulturonline.tv\/de\/neuer-asterix-band-persifliert-positives-denken\/\"},\"author\":{\"name\":\"guenter.wolfgang\",\"@id\":\"https:\/\/kulturonline.tv\/de\/#\/schema\/person\/b0fac729bb9a0c193fb1df23449df4fe\"},\"headline\":\"Neuer Asterix-Band persifliert positives Denken\",\"datePublished\":\"2023-03-21T21:27:38+00:00\",\"dateModified\":\"2023-03-21T21:27:40+00:00\",\"mainEntityOfPage\":{\"@id\":\"https:\/\/kulturonline.tv\/de\/neuer-asterix-band-persifliert-positives-denken\/\"},\"wordCount\":59,\"publisher\":{\"@id\":\"https:\/\/kulturonline.tv\/de\/#organization\"},\"image\":{\"@id\":\"https:\/\/kulturonline.tv\/de\/neuer-asterix-band-persifliert-positives-denken\/#primaryimage\"},\"thumbnailUrl\":\"https:\/\/kulturonline.tv\/wp-content\/uploads\/2023\/03\/asterix-4976983_1280-edited.jpg\",\"articleSection\":[\"Newsflash\"],\"inLanguage\":\"de\"},{\"@type\":\"WebPage\",\"@id\":\"https:\/\/kulturonline.tv\/de\/neuer-asterix-band-persifliert-positives-denken\/\",\"url\":\"https:\/\/kulturonline.tv\/de\/neuer-asterix-band-persifliert-positives-denken\/\",\"name\":\"Neuer Asterix-Band persifliert positives Denken - Kultur Online TV &amp; FM\",\"isPartOf\":{\"@id\":\"https:\/\/kulturonline.tv\/de\/#website\"},\"primaryImageOfPage\":{\"@id\":\"https:\/\/kulturonline.tv\/de\/neuer-asterix-band-persifliert-positives-denken\/#primaryimage\"},\"image\":{\"@id\":\"https:\/\/kulturonline.tv\/de\/neuer-asterix-band-persifliert-positives-denken\/#primaryimage\"},\"thumbnailUrl\":\"https:\/\/kulturonline.tv\/wp-content\/uploads\/2023\/03\/asterix-4976983_1280-edited.jpg\",\"datePublished\":\"2023-03-21T21:27:38+00:00\",\"dateModified\":\"2023-03-21T21:27:40+00:00\",\"description\":\"Die Asterix-Abenteuer haben einen neuen Texter.\",\"breadcrumb\":{\"@id\":\"https:\/\/kulturonline.tv\/de\/neuer-asterix-band-persifliert-positives-denken\/#breadcrumb\"},\"inLanguage\":\"de\",\"potentialAction\":[{\"@type\":\"ReadAction\",\"target\":[\"https:\/\/kulturonline.tv\/de\/neuer-asterix-band-persifliert-positives-denken\/\"]}]},{\"@type\":\"ImageObject\",\"inLanguage\":\"de\",\"@id\":\"https:\/\/kulturonline.tv\/de\/neuer-asterix-band-persifliert-positives-denken\/#primaryimage\",\"url\":\"https:\/\/kulturonline.tv\/wp-content\/uploads\/2023\/03\/asterix-4976983_1280-edited.jpg\",\"contentUrl\":\"https:\/\/kulturonline.tv\/wp-content\/uploads\/2023\/03\/asterix-4976983_1280-edited.jpg\",\"width\":1280,\"height\":720},{\"@type\":\"BreadcrumbList\",\"@id\":\"https:\/\/kulturonline.tv\/de\/neuer-asterix-band-persifliert-positives-denken\/#breadcrumb\",\"itemListElement\":[{\"@type\":\"ListItem\",\"position\":1,\"name\":\"Startseite\",\"item\":\"https:\/\/kulturonline.tv\/de\/\"},{\"@type\":\"ListItem\",\"position\":2,\"name\":\"Neuer Asterix-Band persifliert positives Denken\"}]},{\"@type\":\"WebSite\",\"@id\":\"https:\/\/kulturonline.tv\/de\/#website\",\"url\":\"https:\/\/kulturonline.tv\/de\/\",\"name\":\"Kultur Online TV &amp; FM\",\"description\":\"Wir sind Kultur 2.0 zum sehen &amp; h\u00f6ren\",\"publisher\":{\"@id\":\"https:\/\/kulturonline.tv\/de\/#organization\"},\"potentialAction\":[{\"@type\":\"SearchAction\",\"target\":{\"@type\":\"EntryPoint\",\"urlTemplate\":\"https:\/\/kulturonline.tv\/de\/?s={search_term_string}\"},\"query-input\":{\"@type\":\"PropertyValueSpecification\",\"valueRequired\":true,\"valueName\":\"search_term_string\"}}],\"inLanguage\":\"de\"},{\"@type\":\"Organization\",\"@id\":\"https:\/\/kulturonline.tv\/de\/#organization\",\"name\":\"Kultur Online TV\",\"url\":\"https:\/\/kulturonline.tv\/de\/\",\"logo\":{\"@type\":\"ImageObject\",\"inLanguage\":\"de\",\"@id\":\"https:\/\/kulturonline.tv\/de\/#\/schema\/logo\/image\/\",\"url\":\"https:\/\/kulturonline.tv\/wp-content\/uploads\/2021\/08\/Kultur-Online-Tv-Logo-Endversion-neu.png\",\"contentUrl\":\"https:\/\/kulturonline.tv\/wp-content\/uploads\/2021\/08\/Kultur-Online-Tv-Logo-Endversion-neu.png\",\"width\":200,\"height\":200,\"caption\":\"Kultur Online TV\"},\"image\":{\"@id\":\"https:\/\/kulturonline.tv\/de\/#\/schema\/logo\/image\/\"},\"sameAs\":[\"https:\/\/www.facebook.com\/kulturonline.tv\",\"https:\/\/www.instagram.com\/kulturonline.tv\"]},{\"@type\":\"Person\",\"@id\":\"https:\/\/kulturonline.tv\/de\/#\/schema\/person\/b0fac729bb9a0c193fb1df23449df4fe\",\"name\":\"guenter.wolfgang\"}]}<\/script>\n<!-- \/ Yoast SEO plugin. -->","yoast_head_json":{"title":"Neuer Asterix-Band persifliert positives Denken - Kultur Online TV &amp; FM","description":"Die Asterix-Abenteuer haben einen neuen Texter.","robots":{"index":"index","follow":"follow","max-snippet":"max-snippet:-1","max-image-preview":"max-image-preview:large","max-video-preview":"max-video-preview:-1"},"canonical":"https:\/\/kulturonline.tv\/de\/neuer-asterix-band-persifliert-positives-denken\/","og_locale":"de_DE","og_type":"article","og_title":"Neuer Asterix-Band persifliert positives Denken - Kultur Online TV &amp; FM","og_description":"Die Asterix-Abenteuer haben einen neuen Texter.","og_url":"https:\/\/kulturonline.tv\/de\/neuer-asterix-band-persifliert-positives-denken\/","og_site_name":"Kultur Online TV &amp; FM","article_publisher":"https:\/\/www.facebook.com\/kulturonline.tv","article_published_time":"2023-03-21T21:27:38+00:00","article_modified_time":"2023-03-21T21:27:40+00:00","og_image":[{"width":1280,"height":720,"url":"https:\/\/kulturonline.tv\/wp-content\/uploads\/2023\/03\/asterix-4976983_1280-edited.jpg","type":"image\/jpeg"}],"author":"guenter.wolfgang","twitter_card":"summary_large_image","twitter_misc":{"Verfasst von":"guenter.wolfgang"},"schema":{"@context":"https:\/\/schema.org","@graph":[{"@type":"Article","@id":"https:\/\/kulturonline.tv\/de\/neuer-asterix-band-persifliert-positives-denken\/#article","isPartOf":{"@id":"https:\/\/kulturonline.tv\/de\/neuer-asterix-band-persifliert-positives-denken\/"},"author":{"name":"guenter.wolfgang","@id":"https:\/\/kulturonline.tv\/de\/#\/schema\/person\/b0fac729bb9a0c193fb1df23449df4fe"},"headline":"Neuer Asterix-Band persifliert positives Denken","datePublished":"2023-03-21T21:27:38+00:00","dateModified":"2023-03-21T21:27:40+00:00","mainEntityOfPage":{"@id":"https:\/\/kulturonline.tv\/de\/neuer-asterix-band-persifliert-positives-denken\/"},"wordCount":59,"publisher":{"@id":"https:\/\/kulturonline.tv\/de\/#organization"},"image":{"@id":"https:\/\/kulturonline.tv\/de\/neuer-asterix-band-persifliert-positives-denken\/#primaryimage"},"thumbnailUrl":"https:\/\/kulturonline.tv\/wp-content\/uploads\/2023\/03\/asterix-4976983_1280-edited.jpg","articleSection":["Newsflash"],"inLanguage":"de"},{"@type":"WebPage","@id":"https:\/\/kulturonline.tv\/de\/neuer-asterix-band-persifliert-positives-denken\/","url":"https:\/\/kulturonline.tv\/de\/neuer-asterix-band-persifliert-positives-denken\/","name":"Neuer Asterix-Band persifliert positives Denken - Kultur Online TV &amp; FM","isPartOf":{"@id":"https:\/\/kulturonline.tv\/de\/#website"},"primaryImageOfPage":{"@id":"https:\/\/kulturonline.tv\/de\/neuer-asterix-band-persifliert-positives-denken\/#primaryimage"},"image":{"@id":"https:\/\/kulturonline.tv\/de\/neuer-asterix-band-persifliert-positives-denken\/#primaryimage"},"thumbnailUrl":"https:\/\/kulturonline.tv\/wp-content\/uploads\/2023\/03\/asterix-4976983_1280-edited.jpg","datePublished":"2023-03-21T21:27:38+00:00","dateModified":"2023-03-21T21:27:40+00:00","description":"Die Asterix-Abenteuer haben einen neuen Texter.","breadcrumb":{"@id":"https:\/\/kulturonline.tv\/de\/neuer-asterix-band-persifliert-positives-denken\/#breadcrumb"},"inLanguage":"de","potentialAction":[{"@type":"ReadAction","target":["https:\/\/kulturonline.tv\/de\/neuer-asterix-band-persifliert-positives-denken\/"]}]},{"@type":"ImageObject","inLanguage":"de","@id":"https:\/\/kulturonline.tv\/de\/neuer-asterix-band-persifliert-positives-denken\/#primaryimage","url":"https:\/\/kulturonline.tv\/wp-content\/uploads\/2023\/03\/asterix-4976983_1280-edited.jpg","contentUrl":"https:\/\/kulturonline.tv\/wp-content\/uploads\/2023\/03\/asterix-4976983_1280-edited.jpg","width":1280,"height":720},{"@type":"BreadcrumbList","@id":"https:\/\/kulturonline.tv\/de\/neuer-asterix-band-persifliert-positives-denken\/#breadcrumb","itemListElement":[{"@type":"ListItem","position":1,"name":"Startseite","item":"https:\/\/kulturonline.tv\/de\/"},{"@type":"ListItem","position":2,"name":"Neuer Asterix-Band persifliert positives Denken"}]},{"@type":"WebSite","@id":"https:\/\/kulturonline.tv\/de\/#website","url":"https:\/\/kulturonline.tv\/de\/","name":"Kultur Online TV &amp; FM","description":"Wir sind Kultur 2.0 zum sehen &amp; h\u00f6ren","publisher":{"@id":"https:\/\/kulturonline.tv\/de\/#organization"},"potentialAction":[{"@type":"SearchAction","target":{"@type":"EntryPoint","urlTemplate":"https:\/\/kulturonline.tv\/de\/?s={search_term_string}"},"query-input":{"@type":"PropertyValueSpecification","valueRequired":true,"valueName":"search_term_string"}}],"inLanguage":"de"},{"@type":"Organization","@id":"https:\/\/kulturonline.tv\/de\/#organization","name":"Kultur Online TV","url":"https:\/\/kulturonline.tv\/de\/","logo":{"@type":"ImageObject","inLanguage":"de","@id":"https:\/\/kulturonline.tv\/de\/#\/schema\/logo\/image\/","url":"https:\/\/kulturonline.tv\/wp-content\/uploads\/2021\/08\/Kultur-Online-Tv-Logo-Endversion-neu.png","contentUrl":"https:\/\/kulturonline.tv\/wp-content\/uploads\/2021\/08\/Kultur-Online-Tv-Logo-Endversion-neu.png","width":200,"height":200,"caption":"Kultur Online TV"},"image":{"@id":"https:\/\/kulturonline.tv\/de\/#\/schema\/logo\/image\/"},"sameAs":["https:\/\/www.facebook.com\/kulturonline.tv","https:\/\/www.instagram.com\/kulturonline.tv"]},{"@type":"Person","@id":"https:\/\/kulturonline.tv\/de\/#\/schema\/person\/b0fac729bb9a0c193fb1df23449df4fe","name":"guenter.wolfgang"}]}},"_links":{"self":[{"href":"https:\/\/kulturonline.tv\/de\/wp-json\/wp\/v2\/posts\/58427","targetHints":{"allow":["GET"]}}],"collection":[{"href":"https:\/\/kulturonline.tv\/de\/wp-json\/wp\/v2\/posts"}],"about":[{"href":"https:\/\/kulturonline.tv\/de\/wp-json\/wp\/v2\/types\/post"}],"author":[{"embeddable":true,"href":"https:\/\/kulturonline.tv\/de\/wp-json\/wp\/v2\/users\/2"}],"replies":[{"embeddable":true,"href":"https:\/\/kulturonline.tv\/de\/wp-json\/wp\/v2\/comments?post=58427"}],"version-history":[{"count":0,"href":"https:\/\/kulturonline.tv\/de\/wp-json\/wp\/v2\/posts\/58427\/revisions"}],"wp:featuredmedia":[{"embeddable":true,"href":"https:\/\/kulturonline.tv\/de\/wp-json\/wp\/v2\/media\/58434"}],"wp:attachment":[{"href":"https:\/\/kulturonline.tv\/de\/wp-json\/wp\/v2\/media?parent=58427"}],"wp:term":[{"taxonomy":"category","embeddable":true,"href":"https:\/\/kulturonline.tv\/de\/wp-json\/wp\/v2\/categories?post=58427"},{"taxonomy":"post_tag","embeddable":true,"href":"https:\/\/kulturonline.tv\/de\/wp-json\/wp\/v2\/tags?post=58427"}],"curies":[{"name":"wp","href":"https:\/\/api.w.org\/{rel}","templated":true}]}}