{"id":58696,"date":"2023-04-02T17:23:00","date_gmt":"2023-04-02T15:23:00","guid":{"rendered":"https:\/\/kulturonline.tv\/?p=58696"},"modified":"2023-04-02T17:32:39","modified_gmt":"2023-04-02T15:32:39","slug":"wo-ist-anne-frank-filmscreenig-event","status":"publish","type":"post","link":"https:\/\/kulturonline.tv\/de\/wo-ist-anne-frank-filmscreenig-event\/","title":{"rendered":"&#8220;Wo ist Anne Frank?&#8221; &#8211; Filmscreenig-Event"},"content":{"rendered":"\n<p>Mit Charlotte Knobloch, Pr\u00e4sidentin der Israelitischen Kultusgemeinde M\u00fcnchen und Oberbayern, Judith Epstein Gesellschaft zur F\u00f6rderung j\u00fcdischer Kultur und Tradition e.V\u2026..<\/p>\n\n\n\n<figure class=\"wp-block-image size-large\"><img fetchpriority=\"high\" decoding=\"async\" width=\"2560\" height=\"1439\" src=\"https:\/\/kulturonline.tv\/wp-content\/uploads\/2023\/04\/image001-edited-scaled.jpg\" alt=\"\" class=\"wp-image-58699\" srcset=\"https:\/\/kulturonline.tv\/wp-content\/uploads\/2023\/04\/image001-edited-scaled.jpg 2560w, https:\/\/kulturonline.tv\/wp-content\/uploads\/2023\/04\/image001-edited-800x450.jpg 800w, https:\/\/kulturonline.tv\/wp-content\/uploads\/2023\/04\/image001-edited-1600x900.jpg 1600w, https:\/\/kulturonline.tv\/wp-content\/uploads\/2023\/04\/image001-edited-768x432.jpg 768w, https:\/\/kulturonline.tv\/wp-content\/uploads\/2023\/04\/image001-edited-1536x864.jpg 1536w, https:\/\/kulturonline.tv\/wp-content\/uploads\/2023\/04\/image001-edited-2048x1152.jpg 2048w, https:\/\/kulturonline.tv\/wp-content\/uploads\/2023\/04\/image001-edited-600x337.jpg 600w\" sizes=\"(max-width: 2560px) 100vw, 2560px\" \/><figcaption class=\"wp-element-caption\">Ludwig Spaenle, Dr. h.c. Charlotte Knobloch, Judith Epstein, Mirjam Zadoff, Prof. J\u00fcrgen Schropp<\/figcaption><\/figure>\n\n\n\n<p>Wo ist Anne Frank? \u2013 Filmscreening-Event in der Hochschule f\u00fcr Film und Fernsehen M\u00fcnchen mit Charlotte Knobloch, Pr\u00e4sidentin der Israelitischen Kultusgemeinde M\u00fcnchen und Oberbayern, Judith Epstein Gesellschaft zur F\u00f6rderung j\u00fcdischer Kultur und Tradition e.V\u2026<\/p>\n\n\n\n<p>Wo ist Anne Frank (2022, 100 min.) wurde 2021 an den Internationalen Filmfestspielen von Cannes als Teil der offiziellen Auswahl gezeigt und l\u00e4uft seit 23. Februar 2023 in den Kinos. Daher luden Mirjam Zadoff, Direktorin des NS-Dokumentationszentrums M\u00fcnchen, Prof. J\u00fcrgen Schropp, Vize-Pr\u00e4sident der Hochschule f\u00fcr Fernsehen und Film (HFF) und Judith Epstein, Vorsitzende der Gesellschaft zur F\u00f6rderung j\u00fcdischer Kultur und Tradition e. V. am 29. und 30. M\u00e4rz 2023 Schulklassen zu gemeinsamen Filmscreenings des Animationsfilms in die HFF.<\/p>\n\n\n\n<figure class=\"wp-block-image size-large\"><img decoding=\"async\" width=\"2560\" height=\"1440\" src=\"https:\/\/kulturonline.tv\/wp-content\/uploads\/2023\/04\/NSD-230330-HFF-Anne-Frank_095-1-edited-scaled.jpg\" alt=\"\" class=\"wp-image-58710\" srcset=\"https:\/\/kulturonline.tv\/wp-content\/uploads\/2023\/04\/NSD-230330-HFF-Anne-Frank_095-1-edited-scaled.jpg 2560w, https:\/\/kulturonline.tv\/wp-content\/uploads\/2023\/04\/NSD-230330-HFF-Anne-Frank_095-1-edited-800x450.jpg 800w, https:\/\/kulturonline.tv\/wp-content\/uploads\/2023\/04\/NSD-230330-HFF-Anne-Frank_095-1-edited-1600x900.jpg 1600w, https:\/\/kulturonline.tv\/wp-content\/uploads\/2023\/04\/NSD-230330-HFF-Anne-Frank_095-1-edited-768x432.jpg 768w, https:\/\/kulturonline.tv\/wp-content\/uploads\/2023\/04\/NSD-230330-HFF-Anne-Frank_095-1-edited-1536x864.jpg 1536w, https:\/\/kulturonline.tv\/wp-content\/uploads\/2023\/04\/NSD-230330-HFF-Anne-Frank_095-1-edited-2048x1152.jpg 2048w, https:\/\/kulturonline.tv\/wp-content\/uploads\/2023\/04\/NSD-230330-HFF-Anne-Frank_095-1-edited-600x338.jpg 600w\" sizes=\"(max-width: 2560px) 100vw, 2560px\" \/><figcaption class=\"wp-element-caption\">NS Dokumentation Center Munich,  NSD 230330 HFF Anne Frank<\/figcaption><\/figure>\n\n\n\n<p>Die Vorf\u00fchrung am 30. M\u00e4rz wurde mit Gru\u00dfworten der Pr\u00e4sidentin der Israelitischen Kultusgemeinde M\u00fcnchen und Oberbayern, Charlotte Knobloch, und des Antisemitismus-Beauftragten der Bayerischen Staatsregierung, Ludwig Spaenle, eingef\u00fchrt. Charlotte Knobloch stellte in ihrem Gru\u00dfwort die Popularit\u00e4t Anne Franks heraus, die insbesondere Sch\u00fcler*innen mit ihrer pers\u00f6nlichen Geschichte bis heute ber\u00fchrt: \u201e\u00dcber die Zeit des Nationalsozialismus zu lernen, bedeutet, mit vielen schrecklichen Zahlen konfrontiert zu werden. Mit den sechs Millionen Juden, die in ganz Europa ermordet wurden. Mit den anderthalb Millionen Kindern und Jugendlichen, die unter ihnen waren. Aber diese Zahlen sind am Ende nur das: Zahlen. Sie k\u00f6nnen uns erschrecken, aber sie k\u00f6nnen uns nicht auf dieselbe Weise ber\u00fchren wie die individuellen Geschichten. Deshalb ist Anne Frank, die uns mit ihrem Tagebuch an so vielen Geschichten teilhaben lie\u00df, bis heute so bekannt. Deshalb schauen wir ihr immer wieder ins Gesicht.\u201c<\/p>\n\n\n\n<figure class=\"wp-block-image size-large\"><img decoding=\"async\" width=\"2560\" height=\"1439\" src=\"https:\/\/kulturonline.tv\/wp-content\/uploads\/2023\/04\/NSD-230330-HFF-Anne-Frank_046-edited-scaled.jpg\" alt=\"\" class=\"wp-image-58705\" srcset=\"https:\/\/kulturonline.tv\/wp-content\/uploads\/2023\/04\/NSD-230330-HFF-Anne-Frank_046-edited-scaled.jpg 2560w, https:\/\/kulturonline.tv\/wp-content\/uploads\/2023\/04\/NSD-230330-HFF-Anne-Frank_046-edited-800x450.jpg 800w, https:\/\/kulturonline.tv\/wp-content\/uploads\/2023\/04\/NSD-230330-HFF-Anne-Frank_046-edited-1600x900.jpg 1600w, https:\/\/kulturonline.tv\/wp-content\/uploads\/2023\/04\/NSD-230330-HFF-Anne-Frank_046-edited-768x432.jpg 768w, https:\/\/kulturonline.tv\/wp-content\/uploads\/2023\/04\/NSD-230330-HFF-Anne-Frank_046-edited-1536x864.jpg 1536w, https:\/\/kulturonline.tv\/wp-content\/uploads\/2023\/04\/NSD-230330-HFF-Anne-Frank_046-edited-2048x1152.jpg 2048w, https:\/\/kulturonline.tv\/wp-content\/uploads\/2023\/04\/NSD-230330-HFF-Anne-Frank_046-edited-600x337.jpg 600w\" sizes=\"(max-width: 2560px) 100vw, 2560px\" \/><figcaption class=\"wp-element-caption\">NS Dokumentation Center Munich,  NSD 230330 HFF Anne Frank<\/figcaption><\/figure>\n\n\n\n<p>Als Antisemitismusbeauftragter der Bayerischen Staatsregierung setzt sich Ludwig Spaenle mit Blick auf die Vergangenheit und die Gegenwart f\u00fcr j\u00fcdisches Leben und Erinnerungsarbeit und gegen Antisemitismus ein: \u201eWie halten wir die Erinnerung an die Shoa wach? Was k\u00f6nnen wir f\u00fcr unser heutiges Handeln aus der Geschichte lernen? Regisseur Ari Folman behandelt mit seinem Film Wo ist Anne Frank aktuelle praktische und ethische Fragen der Erinnerungskultur und schafft damit den Bezug zwischen historischem Geschehen und unserer Gegenwart.\u201c<\/p>\n\n\n\n<p>Kultusminister Michael Piazolo betont die besondere Relevanz des Films Wo ist Anne Frank f\u00fcr die historisch-politische Bildungsarbeit wie folgt: \u201ePr\u00e4ventionsarbeit gegen Antisemitismus an den Schulen ist enorm wichtig. Dabei spielt auch die Erinnerungsarbeit eine wesentliche Rolle. F\u00fcr heutige Sch\u00fclerinnen und Sch\u00fcler sind Nationalsozialismus und Shoa aber weit weg. Deshalb ist es umso wichtiger, dass Projekte wie dieses dazu beitragen, die kaum vorstellbaren Dimensionen dieser Vergangenheit und die damit einhergehende Verantwortung begreifbar zu machen. Die Umsetzung als Animationsfilm unterst\u00fctzt dabei einen altersgem\u00e4\u00dfen Zugang zur Auseinandersetzung mit dem Schicksal dieser beeindruckenden Pers\u00f6nlichkeit Anne Frank.\u201c Judith Epstein, Verantwortliche f\u00fcr die j\u00fcdischen Kulturtage in M\u00fcnchen, kommentierte: \u201eWir als Gesellschaft zur F\u00f6rderung j\u00fcdischer Kultur und Tradition freuen uns sehr \u00fcber die gelungene Kooperation zu diesem wichtigen Thema und auf weitere Projekte und Kooperationen im Rahmen der diesj\u00e4hrigen J\u00fcdischen Kulturtage in M\u00fcnchen.\u201c<\/p>\n\n\n\n<figure class=\"wp-block-image size-large\"><img loading=\"lazy\" decoding=\"async\" width=\"2560\" height=\"1439\" src=\"https:\/\/kulturonline.tv\/wp-content\/uploads\/2023\/04\/NSD-230330-HFF-Anne-Frank_010-edited-scaled.jpg\" alt=\"\" class=\"wp-image-58721\" srcset=\"https:\/\/kulturonline.tv\/wp-content\/uploads\/2023\/04\/NSD-230330-HFF-Anne-Frank_010-edited-scaled.jpg 2560w, https:\/\/kulturonline.tv\/wp-content\/uploads\/2023\/04\/NSD-230330-HFF-Anne-Frank_010-edited-800x450.jpg 800w, https:\/\/kulturonline.tv\/wp-content\/uploads\/2023\/04\/NSD-230330-HFF-Anne-Frank_010-edited-1600x900.jpg 1600w, https:\/\/kulturonline.tv\/wp-content\/uploads\/2023\/04\/NSD-230330-HFF-Anne-Frank_010-edited-768x432.jpg 768w, https:\/\/kulturonline.tv\/wp-content\/uploads\/2023\/04\/NSD-230330-HFF-Anne-Frank_010-edited-1536x864.jpg 1536w, https:\/\/kulturonline.tv\/wp-content\/uploads\/2023\/04\/NSD-230330-HFF-Anne-Frank_010-edited-2048x1152.jpg 2048w, https:\/\/kulturonline.tv\/wp-content\/uploads\/2023\/04\/NSD-230330-HFF-Anne-Frank_010-edited-600x337.jpg 600w\" sizes=\"(max-width: 2560px) 100vw, 2560px\" \/><figcaption class=\"wp-element-caption\">NS Dokumentation Center Munich,  NSD 230330 HFF Anne Frank<\/figcaption><\/figure>\n\n\n\n<p>Anne Frank erschafft 1942 in ihrem Tagebuch die imagin\u00e4re Freundin Kitty und schreibt ihr \u00fcber zwei Jahre lang zahlreiche Briefe und Notizen. In dem Animationsfilm Wo ist Anne Frank des israelischen Regisseurs Ari Folman erwacht Kitty in Amsterdam zum Leben und macht sich auf die Suche nach Anne und ihrer Familie. Dabei folgt sie Annes Spuren, vom Versteck im Hinterhaus bis zu ihrem Tod im Konzentrationslager Bergen-Belsen. So wird Kitty nicht nur zur Beobachterin der letzten Monate der Familie Frank, sondern auch zur Zeugin des Holocaust und des Europas nach dem Zweiten Weltkrieg. Durch ihren Wagemut vermittelt sie zuk\u00fcnftigen Generationen Hoffnung und Toleranz.<\/p>\n\n\n\n<p>Kultur Online TV<\/p>\n\n\n\n<p>#news #film #medien<\/p>\n","protected":false},"excerpt":{"rendered":"<p>Mit Charlotte Knobloch, Pr\u00e4sidentin der Israelitischen Kultusgemeinde M\u00fcnchen und Oberbayern, Judith Epstein Gesellschaft zur F\u00f6rderung j\u00fcdischer Kultur und Tradition e.V\u2026.. Wo ist Anne Frank? \u2013 Filmscreening-Event in der Hochschule f\u00fcr Film und Fernsehen M\u00fcnchen mit Charlotte Knobloch, Pr\u00e4sidentin der Israelitischen Kultusgemeinde M\u00fcnchen und Oberbayern, Judith Epstein Gesellschaft zur F\u00f6rderung j\u00fcdischer Kultur und Tradition e.V\u2026 Wo [&hellip;]<\/p>\n","protected":false},"author":2,"featured_media":58705,"comment_status":"closed","ping_status":"closed","sticky":false,"template":"","format":"standard","meta":{"_acf_changed":false,"footnotes":""},"categories":[1],"tags":[],"class_list":["post-58696","post","type-post","status-publish","format-standard","has-post-thumbnail","hentry","category-unkategorisiert"],"acf":[],"yoast_head":"<!-- This site is optimized with the Yoast SEO plugin v26.1.1 - https:\/\/yoast.com\/wordpress\/plugins\/seo\/ -->\n<title>&#8220;Wo ist Anne Frank?&#8221; &#8211; Filmscreenig-Event - Kultur Online TV &amp; FM<\/title>\n<meta name=\"description\" content=\"Mit Charlotte Knobloch, Pr\u00e4sidentin der Israelitischen Kultusgemeinde M\u00fcnchen und Oberbayern, Judith Epstein Gesellschaft zur F\u00f6rderung j\u00fcdischer Kultur und Tradition e.V\u2026..\" \/>\n<meta name=\"robots\" content=\"index, follow, max-snippet:-1, max-image-preview:large, max-video-preview:-1\" \/>\n<link rel=\"canonical\" href=\"https:\/\/kulturonline.tv\/de\/wo-ist-anne-frank-filmscreenig-event\/\" \/>\n<meta property=\"og:locale\" content=\"de_DE\" \/>\n<meta property=\"og:type\" content=\"article\" \/>\n<meta property=\"og:title\" content=\"&#8220;Wo ist Anne Frank?&#8221; &#8211; Filmscreenig-Event - Kultur Online TV &amp; FM\" \/>\n<meta property=\"og:description\" content=\"Mit Charlotte Knobloch, Pr\u00e4sidentin der Israelitischen Kultusgemeinde M\u00fcnchen und Oberbayern, Judith Epstein Gesellschaft zur F\u00f6rderung j\u00fcdischer Kultur und Tradition e.V\u2026..\" \/>\n<meta property=\"og:url\" content=\"https:\/\/kulturonline.tv\/de\/wo-ist-anne-frank-filmscreenig-event\/\" \/>\n<meta property=\"og:site_name\" content=\"Kultur Online TV &amp; FM\" \/>\n<meta property=\"article:publisher\" content=\"https:\/\/www.facebook.com\/kulturonline.tv\" \/>\n<meta property=\"article:published_time\" content=\"2023-04-02T15:23:00+00:00\" \/>\n<meta property=\"article:modified_time\" content=\"2023-04-02T15:32:39+00:00\" \/>\n<meta property=\"og:image\" content=\"https:\/\/kulturonline.tv\/wp-content\/uploads\/2023\/04\/NSD-230330-HFF-Anne-Frank_046-edited-scaled.jpg\" \/>\n\t<meta property=\"og:image:width\" content=\"2560\" \/>\n\t<meta property=\"og:image:height\" content=\"1439\" \/>\n\t<meta property=\"og:image:type\" content=\"image\/jpeg\" \/>\n<meta name=\"author\" content=\"guenter.wolfgang\" \/>\n<meta name=\"twitter:card\" content=\"summary_large_image\" \/>\n<meta name=\"twitter:label1\" content=\"Verfasst von\" \/>\n\t<meta name=\"twitter:data1\" content=\"guenter.wolfgang\" \/>\n\t<meta name=\"twitter:label2\" content=\"Gesch\u00e4tzte Lesezeit\" \/>\n\t<meta name=\"twitter:data2\" content=\"3\u00a0Minuten\" \/>\n<script type=\"application\/ld+json\" class=\"yoast-schema-graph\">{\"@context\":\"https:\/\/schema.org\",\"@graph\":[{\"@type\":\"Article\",\"@id\":\"https:\/\/kulturonline.tv\/de\/wo-ist-anne-frank-filmscreenig-event\/#article\",\"isPartOf\":{\"@id\":\"https:\/\/kulturonline.tv\/de\/wo-ist-anne-frank-filmscreenig-event\/\"},\"author\":{\"name\":\"guenter.wolfgang\",\"@id\":\"https:\/\/kulturonline.tv\/de\/#\/schema\/person\/b0fac729bb9a0c193fb1df23449df4fe\"},\"headline\":\"&#8220;Wo ist Anne Frank?&#8221; &#8211; Filmscreenig-Event\",\"datePublished\":\"2023-04-02T15:23:00+00:00\",\"dateModified\":\"2023-04-02T15:32:39+00:00\",\"mainEntityOfPage\":{\"@id\":\"https:\/\/kulturonline.tv\/de\/wo-ist-anne-frank-filmscreenig-event\/\"},\"wordCount\":680,\"publisher\":{\"@id\":\"https:\/\/kulturonline.tv\/de\/#organization\"},\"image\":{\"@id\":\"https:\/\/kulturonline.tv\/de\/wo-ist-anne-frank-filmscreenig-event\/#primaryimage\"},\"thumbnailUrl\":\"https:\/\/kulturonline.tv\/wp-content\/uploads\/2023\/04\/NSD-230330-HFF-Anne-Frank_046-edited-scaled.jpg\",\"articleSection\":[\"Unkategorisiert\"],\"inLanguage\":\"de\"},{\"@type\":\"WebPage\",\"@id\":\"https:\/\/kulturonline.tv\/de\/wo-ist-anne-frank-filmscreenig-event\/\",\"url\":\"https:\/\/kulturonline.tv\/de\/wo-ist-anne-frank-filmscreenig-event\/\",\"name\":\"&#8220;Wo ist Anne Frank?&#8221; &#8211; Filmscreenig-Event - Kultur Online TV &amp; FM\",\"isPartOf\":{\"@id\":\"https:\/\/kulturonline.tv\/de\/#website\"},\"primaryImageOfPage\":{\"@id\":\"https:\/\/kulturonline.tv\/de\/wo-ist-anne-frank-filmscreenig-event\/#primaryimage\"},\"image\":{\"@id\":\"https:\/\/kulturonline.tv\/de\/wo-ist-anne-frank-filmscreenig-event\/#primaryimage\"},\"thumbnailUrl\":\"https:\/\/kulturonline.tv\/wp-content\/uploads\/2023\/04\/NSD-230330-HFF-Anne-Frank_046-edited-scaled.jpg\",\"datePublished\":\"2023-04-02T15:23:00+00:00\",\"dateModified\":\"2023-04-02T15:32:39+00:00\",\"description\":\"Mit Charlotte Knobloch, Pr\u00e4sidentin der Israelitischen Kultusgemeinde M\u00fcnchen und Oberbayern, Judith Epstein Gesellschaft zur F\u00f6rderung j\u00fcdischer Kultur und Tradition e.V\u2026..\",\"breadcrumb\":{\"@id\":\"https:\/\/kulturonline.tv\/de\/wo-ist-anne-frank-filmscreenig-event\/#breadcrumb\"},\"inLanguage\":\"de\",\"potentialAction\":[{\"@type\":\"ReadAction\",\"target\":[\"https:\/\/kulturonline.tv\/de\/wo-ist-anne-frank-filmscreenig-event\/\"]}]},{\"@type\":\"ImageObject\",\"inLanguage\":\"de\",\"@id\":\"https:\/\/kulturonline.tv\/de\/wo-ist-anne-frank-filmscreenig-event\/#primaryimage\",\"url\":\"https:\/\/kulturonline.tv\/wp-content\/uploads\/2023\/04\/NSD-230330-HFF-Anne-Frank_046-edited-scaled.jpg\",\"contentUrl\":\"https:\/\/kulturonline.tv\/wp-content\/uploads\/2023\/04\/NSD-230330-HFF-Anne-Frank_046-edited-scaled.jpg\",\"width\":2560,\"height\":1439,\"caption\":\"NS Dokumentation Center Munich, NSD 230330 HFF Anne Frank\"},{\"@type\":\"BreadcrumbList\",\"@id\":\"https:\/\/kulturonline.tv\/de\/wo-ist-anne-frank-filmscreenig-event\/#breadcrumb\",\"itemListElement\":[{\"@type\":\"ListItem\",\"position\":1,\"name\":\"Startseite\",\"item\":\"https:\/\/kulturonline.tv\/de\/\"},{\"@type\":\"ListItem\",\"position\":2,\"name\":\"&#8220;Wo ist Anne Frank?&#8221; &#8211; Filmscreenig-Event\"}]},{\"@type\":\"WebSite\",\"@id\":\"https:\/\/kulturonline.tv\/de\/#website\",\"url\":\"https:\/\/kulturonline.tv\/de\/\",\"name\":\"Kultur Online TV &amp; FM\",\"description\":\"Wir sind Kultur 2.0 zum sehen &amp; h\u00f6ren\",\"publisher\":{\"@id\":\"https:\/\/kulturonline.tv\/de\/#organization\"},\"potentialAction\":[{\"@type\":\"SearchAction\",\"target\":{\"@type\":\"EntryPoint\",\"urlTemplate\":\"https:\/\/kulturonline.tv\/de\/?s={search_term_string}\"},\"query-input\":{\"@type\":\"PropertyValueSpecification\",\"valueRequired\":true,\"valueName\":\"search_term_string\"}}],\"inLanguage\":\"de\"},{\"@type\":\"Organization\",\"@id\":\"https:\/\/kulturonline.tv\/de\/#organization\",\"name\":\"Kultur Online TV\",\"url\":\"https:\/\/kulturonline.tv\/de\/\",\"logo\":{\"@type\":\"ImageObject\",\"inLanguage\":\"de\",\"@id\":\"https:\/\/kulturonline.tv\/de\/#\/schema\/logo\/image\/\",\"url\":\"https:\/\/kulturonline.tv\/wp-content\/uploads\/2021\/08\/Kultur-Online-Tv-Logo-Endversion-neu.png\",\"contentUrl\":\"https:\/\/kulturonline.tv\/wp-content\/uploads\/2021\/08\/Kultur-Online-Tv-Logo-Endversion-neu.png\",\"width\":200,\"height\":200,\"caption\":\"Kultur Online TV\"},\"image\":{\"@id\":\"https:\/\/kulturonline.tv\/de\/#\/schema\/logo\/image\/\"},\"sameAs\":[\"https:\/\/www.facebook.com\/kulturonline.tv\",\"https:\/\/www.instagram.com\/kulturonline.tv\"]},{\"@type\":\"Person\",\"@id\":\"https:\/\/kulturonline.tv\/de\/#\/schema\/person\/b0fac729bb9a0c193fb1df23449df4fe\",\"name\":\"guenter.wolfgang\"}]}<\/script>\n<!-- \/ Yoast SEO plugin. -->","yoast_head_json":{"title":"&#8220;Wo ist Anne Frank?&#8221; &#8211; Filmscreenig-Event - Kultur Online TV &amp; FM","description":"Mit Charlotte Knobloch, Pr\u00e4sidentin der Israelitischen Kultusgemeinde M\u00fcnchen und Oberbayern, Judith Epstein Gesellschaft zur F\u00f6rderung j\u00fcdischer Kultur und Tradition e.V\u2026..","robots":{"index":"index","follow":"follow","max-snippet":"max-snippet:-1","max-image-preview":"max-image-preview:large","max-video-preview":"max-video-preview:-1"},"canonical":"https:\/\/kulturonline.tv\/de\/wo-ist-anne-frank-filmscreenig-event\/","og_locale":"de_DE","og_type":"article","og_title":"&#8220;Wo ist Anne Frank?&#8221; &#8211; Filmscreenig-Event - Kultur Online TV &amp; FM","og_description":"Mit Charlotte Knobloch, Pr\u00e4sidentin der Israelitischen Kultusgemeinde M\u00fcnchen und Oberbayern, Judith Epstein Gesellschaft zur F\u00f6rderung j\u00fcdischer Kultur und Tradition e.V\u2026..","og_url":"https:\/\/kulturonline.tv\/de\/wo-ist-anne-frank-filmscreenig-event\/","og_site_name":"Kultur Online TV &amp; FM","article_publisher":"https:\/\/www.facebook.com\/kulturonline.tv","article_published_time":"2023-04-02T15:23:00+00:00","article_modified_time":"2023-04-02T15:32:39+00:00","og_image":[{"width":2560,"height":1439,"url":"https:\/\/kulturonline.tv\/wp-content\/uploads\/2023\/04\/NSD-230330-HFF-Anne-Frank_046-edited-scaled.jpg","type":"image\/jpeg"}],"author":"guenter.wolfgang","twitter_card":"summary_large_image","twitter_misc":{"Verfasst von":"guenter.wolfgang","Gesch\u00e4tzte Lesezeit":"3\u00a0Minuten"},"schema":{"@context":"https:\/\/schema.org","@graph":[{"@type":"Article","@id":"https:\/\/kulturonline.tv\/de\/wo-ist-anne-frank-filmscreenig-event\/#article","isPartOf":{"@id":"https:\/\/kulturonline.tv\/de\/wo-ist-anne-frank-filmscreenig-event\/"},"author":{"name":"guenter.wolfgang","@id":"https:\/\/kulturonline.tv\/de\/#\/schema\/person\/b0fac729bb9a0c193fb1df23449df4fe"},"headline":"&#8220;Wo ist Anne Frank?&#8221; &#8211; Filmscreenig-Event","datePublished":"2023-04-02T15:23:00+00:00","dateModified":"2023-04-02T15:32:39+00:00","mainEntityOfPage":{"@id":"https:\/\/kulturonline.tv\/de\/wo-ist-anne-frank-filmscreenig-event\/"},"wordCount":680,"publisher":{"@id":"https:\/\/kulturonline.tv\/de\/#organization"},"image":{"@id":"https:\/\/kulturonline.tv\/de\/wo-ist-anne-frank-filmscreenig-event\/#primaryimage"},"thumbnailUrl":"https:\/\/kulturonline.tv\/wp-content\/uploads\/2023\/04\/NSD-230330-HFF-Anne-Frank_046-edited-scaled.jpg","articleSection":["Unkategorisiert"],"inLanguage":"de"},{"@type":"WebPage","@id":"https:\/\/kulturonline.tv\/de\/wo-ist-anne-frank-filmscreenig-event\/","url":"https:\/\/kulturonline.tv\/de\/wo-ist-anne-frank-filmscreenig-event\/","name":"&#8220;Wo ist Anne Frank?&#8221; &#8211; Filmscreenig-Event - Kultur Online TV &amp; FM","isPartOf":{"@id":"https:\/\/kulturonline.tv\/de\/#website"},"primaryImageOfPage":{"@id":"https:\/\/kulturonline.tv\/de\/wo-ist-anne-frank-filmscreenig-event\/#primaryimage"},"image":{"@id":"https:\/\/kulturonline.tv\/de\/wo-ist-anne-frank-filmscreenig-event\/#primaryimage"},"thumbnailUrl":"https:\/\/kulturonline.tv\/wp-content\/uploads\/2023\/04\/NSD-230330-HFF-Anne-Frank_046-edited-scaled.jpg","datePublished":"2023-04-02T15:23:00+00:00","dateModified":"2023-04-02T15:32:39+00:00","description":"Mit Charlotte Knobloch, Pr\u00e4sidentin der Israelitischen Kultusgemeinde M\u00fcnchen und Oberbayern, Judith Epstein Gesellschaft zur F\u00f6rderung j\u00fcdischer Kultur und Tradition e.V\u2026..","breadcrumb":{"@id":"https:\/\/kulturonline.tv\/de\/wo-ist-anne-frank-filmscreenig-event\/#breadcrumb"},"inLanguage":"de","potentialAction":[{"@type":"ReadAction","target":["https:\/\/kulturonline.tv\/de\/wo-ist-anne-frank-filmscreenig-event\/"]}]},{"@type":"ImageObject","inLanguage":"de","@id":"https:\/\/kulturonline.tv\/de\/wo-ist-anne-frank-filmscreenig-event\/#primaryimage","url":"https:\/\/kulturonline.tv\/wp-content\/uploads\/2023\/04\/NSD-230330-HFF-Anne-Frank_046-edited-scaled.jpg","contentUrl":"https:\/\/kulturonline.tv\/wp-content\/uploads\/2023\/04\/NSD-230330-HFF-Anne-Frank_046-edited-scaled.jpg","width":2560,"height":1439,"caption":"NS Dokumentation Center Munich, NSD 230330 HFF Anne Frank"},{"@type":"BreadcrumbList","@id":"https:\/\/kulturonline.tv\/de\/wo-ist-anne-frank-filmscreenig-event\/#breadcrumb","itemListElement":[{"@type":"ListItem","position":1,"name":"Startseite","item":"https:\/\/kulturonline.tv\/de\/"},{"@type":"ListItem","position":2,"name":"&#8220;Wo ist Anne Frank?&#8221; &#8211; Filmscreenig-Event"}]},{"@type":"WebSite","@id":"https:\/\/kulturonline.tv\/de\/#website","url":"https:\/\/kulturonline.tv\/de\/","name":"Kultur Online TV &amp; FM","description":"Wir sind Kultur 2.0 zum sehen &amp; h\u00f6ren","publisher":{"@id":"https:\/\/kulturonline.tv\/de\/#organization"},"potentialAction":[{"@type":"SearchAction","target":{"@type":"EntryPoint","urlTemplate":"https:\/\/kulturonline.tv\/de\/?s={search_term_string}"},"query-input":{"@type":"PropertyValueSpecification","valueRequired":true,"valueName":"search_term_string"}}],"inLanguage":"de"},{"@type":"Organization","@id":"https:\/\/kulturonline.tv\/de\/#organization","name":"Kultur Online TV","url":"https:\/\/kulturonline.tv\/de\/","logo":{"@type":"ImageObject","inLanguage":"de","@id":"https:\/\/kulturonline.tv\/de\/#\/schema\/logo\/image\/","url":"https:\/\/kulturonline.tv\/wp-content\/uploads\/2021\/08\/Kultur-Online-Tv-Logo-Endversion-neu.png","contentUrl":"https:\/\/kulturonline.tv\/wp-content\/uploads\/2021\/08\/Kultur-Online-Tv-Logo-Endversion-neu.png","width":200,"height":200,"caption":"Kultur Online TV"},"image":{"@id":"https:\/\/kulturonline.tv\/de\/#\/schema\/logo\/image\/"},"sameAs":["https:\/\/www.facebook.com\/kulturonline.tv","https:\/\/www.instagram.com\/kulturonline.tv"]},{"@type":"Person","@id":"https:\/\/kulturonline.tv\/de\/#\/schema\/person\/b0fac729bb9a0c193fb1df23449df4fe","name":"guenter.wolfgang"}]}},"_links":{"self":[{"href":"https:\/\/kulturonline.tv\/de\/wp-json\/wp\/v2\/posts\/58696","targetHints":{"allow":["GET"]}}],"collection":[{"href":"https:\/\/kulturonline.tv\/de\/wp-json\/wp\/v2\/posts"}],"about":[{"href":"https:\/\/kulturonline.tv\/de\/wp-json\/wp\/v2\/types\/post"}],"author":[{"embeddable":true,"href":"https:\/\/kulturonline.tv\/de\/wp-json\/wp\/v2\/users\/2"}],"replies":[{"embeddable":true,"href":"https:\/\/kulturonline.tv\/de\/wp-json\/wp\/v2\/comments?post=58696"}],"version-history":[{"count":0,"href":"https:\/\/kulturonline.tv\/de\/wp-json\/wp\/v2\/posts\/58696\/revisions"}],"wp:featuredmedia":[{"embeddable":true,"href":"https:\/\/kulturonline.tv\/de\/wp-json\/wp\/v2\/media\/58705"}],"wp:attachment":[{"href":"https:\/\/kulturonline.tv\/de\/wp-json\/wp\/v2\/media?parent=58696"}],"wp:term":[{"taxonomy":"category","embeddable":true,"href":"https:\/\/kulturonline.tv\/de\/wp-json\/wp\/v2\/categories?post=58696"},{"taxonomy":"post_tag","embeddable":true,"href":"https:\/\/kulturonline.tv\/de\/wp-json\/wp\/v2\/tags?post=58696"}],"curies":[{"name":"wp","href":"https:\/\/api.w.org\/{rel}","templated":true}]}}