{"id":58755,"date":"2023-04-23T09:00:02","date_gmt":"2023-04-23T07:00:02","guid":{"rendered":"https:\/\/kulturonline.tv\/?p=58755"},"modified":"2023-06-10T16:07:18","modified_gmt":"2023-06-10T14:07:18","slug":"joseph-breitbach-preis-geht-an-marion-poschmann","status":"publish","type":"post","link":"https:\/\/kulturonline.tv\/de\/joseph-breitbach-preis-geht-an-marion-poschmann\/","title":{"rendered":"Joseph-Breitbach-Preis geht an Marion Poschmann"},"content":{"rendered":"\n<p>Die Essener Schriftstellerin Marion Poschmann erh\u00e4lt den Joseph-Breitbach-Preis 2023 f\u00fcr ihr Gesamtwerk.<\/p>\n\n\n\n<p><\/p>\n\n\n\n<figure class=\"wp-block-image size-full\"><img fetchpriority=\"high\" decoding=\"async\" width=\"800\" height=\"450\" src=\"https:\/\/kulturonline.tv\/wp-content\/uploads\/2023\/04\/Literarischer_Maerz_2015_Marion_Poschmann_02-edited.jpg\" alt=\"\" class=\"wp-image-58758\" srcset=\"https:\/\/kulturonline.tv\/wp-content\/uploads\/2023\/04\/Literarischer_Maerz_2015_Marion_Poschmann_02-edited.jpg 800w, https:\/\/kulturonline.tv\/wp-content\/uploads\/2023\/04\/Literarischer_Maerz_2015_Marion_Poschmann_02-edited-768x432.jpg 768w, https:\/\/kulturonline.tv\/wp-content\/uploads\/2023\/04\/Literarischer_Maerz_2015_Marion_Poschmann_02-edited-600x338.jpg 600w\" sizes=\"(max-width: 800px) 100vw, 800px\" \/><\/figure>\n\n\n\n<p>Die Mainzer Akademie der Wissenschaften und der Literatur erkl\u00e4rte, Poschmanns Gedichte und Romane setzten f\u00fcr die Kunst der Dichtung neue Ma\u00dfst\u00e4be. In ihrer Beobachtung und Wahrnehmung der Alltagswelt entstehe eine Genauigkeit, &#8222;die der Wahrheit hinter den Dingen gerecht werde&#8220;. Die mit 50.000 Euro dotierte Auszeichnung wird Mitte September in Koblenz \u00fcbergeben. Poschmann wurde bereits mehrfach ausgezeichnet, unter anderem mit dem Peter Huchel-Preis, dem Literaturpreis der Stadt Bremen und dem Literaturpreis &#8222;Wortmeldungen&#8220; f\u00fcr kritische Kurztexte.<\/p>\n\n\n\n<p>Kultur Online TV<\/p>\n\n\n\n<p>#news #literatur<\/p>\n","protected":false},"excerpt":{"rendered":"<p>Die Essener Schriftstellerin Marion Poschmann erh\u00e4lt den Joseph-Breitbach-Preis 2023 f\u00fcr ihr Gesamtwerk. Die Mainzer Akademie der Wissenschaften und der Literatur erkl\u00e4rte, Poschmanns Gedichte und Romane setzten f\u00fcr die Kunst der Dichtung neue Ma\u00dfst\u00e4be. In ihrer Beobachtung und Wahrnehmung der Alltagswelt entstehe eine Genauigkeit, &#8222;die der Wahrheit hinter den Dingen gerecht werde&#8220;. Die mit 50.000 Euro [&hellip;]<\/p>\n","protected":false},"author":2,"featured_media":59149,"comment_status":"closed","ping_status":"closed","sticky":false,"template":"","format":"standard","meta":{"_acf_changed":false,"footnotes":""},"categories":[106],"tags":[],"class_list":["post-58755","post","type-post","status-publish","format-standard","has-post-thumbnail","hentry","category-literatur"],"acf":[],"yoast_head":"<!-- This site is optimized with the Yoast SEO plugin v26.1.1 - https:\/\/yoast.com\/wordpress\/plugins\/seo\/ -->\n<title>Joseph-Breitbach-Preis geht an Marion Poschmann - Kultur Online TV &amp; FM<\/title>\n<meta name=\"description\" content=\"Die Essener Schriftstellerin Marion Poschmann erh\u00e4lt den Joseph-Breitbach-Preis 2023 f\u00fcr ihr Gesamtwerk.\" \/>\n<meta name=\"robots\" content=\"index, follow, max-snippet:-1, max-image-preview:large, max-video-preview:-1\" \/>\n<link rel=\"canonical\" href=\"https:\/\/kulturonline.tv\/de\/joseph-breitbach-preis-geht-an-marion-poschmann\/\" \/>\n<meta property=\"og:locale\" content=\"de_DE\" \/>\n<meta property=\"og:type\" content=\"article\" \/>\n<meta property=\"og:title\" content=\"Joseph-Breitbach-Preis geht an Marion Poschmann - Kultur Online TV &amp; FM\" \/>\n<meta property=\"og:description\" content=\"Die Essener Schriftstellerin Marion Poschmann erh\u00e4lt den Joseph-Breitbach-Preis 2023 f\u00fcr ihr Gesamtwerk.\" \/>\n<meta property=\"og:url\" content=\"https:\/\/kulturonline.tv\/de\/joseph-breitbach-preis-geht-an-marion-poschmann\/\" \/>\n<meta property=\"og:site_name\" content=\"Kultur Online TV &amp; FM\" \/>\n<meta property=\"article:publisher\" content=\"https:\/\/www.facebook.com\/kulturonline.tv\" \/>\n<meta property=\"article:published_time\" content=\"2023-04-23T07:00:02+00:00\" \/>\n<meta property=\"article:modified_time\" content=\"2023-06-10T14:07:18+00:00\" \/>\n<meta property=\"og:image\" content=\"https:\/\/kulturonline.tv\/wp-content\/uploads\/2023\/04\/Literarischer_Maerz_2015_Marion_.jpg\" \/>\n\t<meta property=\"og:image:width\" content=\"1280\" \/>\n\t<meta property=\"og:image:height\" content=\"720\" \/>\n\t<meta property=\"og:image:type\" content=\"image\/jpeg\" \/>\n<meta name=\"author\" content=\"guenter.wolfgang\" \/>\n<meta name=\"twitter:card\" content=\"summary_large_image\" \/>\n<meta name=\"twitter:label1\" content=\"Verfasst von\" \/>\n\t<meta name=\"twitter:data1\" content=\"guenter.wolfgang\" \/>\n<script type=\"application\/ld+json\" class=\"yoast-schema-graph\">{\"@context\":\"https:\/\/schema.org\",\"@graph\":[{\"@type\":\"Article\",\"@id\":\"https:\/\/kulturonline.tv\/de\/joseph-breitbach-preis-geht-an-marion-poschmann\/#article\",\"isPartOf\":{\"@id\":\"https:\/\/kulturonline.tv\/de\/joseph-breitbach-preis-geht-an-marion-poschmann\/\"},\"author\":{\"name\":\"guenter.wolfgang\",\"@id\":\"https:\/\/kulturonline.tv\/de\/#\/schema\/person\/b0fac729bb9a0c193fb1df23449df4fe\"},\"headline\":\"Joseph-Breitbach-Preis geht an Marion Poschmann\",\"datePublished\":\"2023-04-23T07:00:02+00:00\",\"dateModified\":\"2023-06-10T14:07:18+00:00\",\"mainEntityOfPage\":{\"@id\":\"https:\/\/kulturonline.tv\/de\/joseph-breitbach-preis-geht-an-marion-poschmann\/\"},\"wordCount\":101,\"publisher\":{\"@id\":\"https:\/\/kulturonline.tv\/de\/#organization\"},\"image\":{\"@id\":\"https:\/\/kulturonline.tv\/de\/joseph-breitbach-preis-geht-an-marion-poschmann\/#primaryimage\"},\"thumbnailUrl\":\"https:\/\/kulturonline.tv\/wp-content\/uploads\/2023\/04\/Literarischer_Maerz_2015_Marion_.jpg\",\"articleSection\":[\"Literatur\"],\"inLanguage\":\"de\"},{\"@type\":\"WebPage\",\"@id\":\"https:\/\/kulturonline.tv\/de\/joseph-breitbach-preis-geht-an-marion-poschmann\/\",\"url\":\"https:\/\/kulturonline.tv\/de\/joseph-breitbach-preis-geht-an-marion-poschmann\/\",\"name\":\"Joseph-Breitbach-Preis geht an Marion Poschmann - Kultur Online TV &amp; FM\",\"isPartOf\":{\"@id\":\"https:\/\/kulturonline.tv\/de\/#website\"},\"primaryImageOfPage\":{\"@id\":\"https:\/\/kulturonline.tv\/de\/joseph-breitbach-preis-geht-an-marion-poschmann\/#primaryimage\"},\"image\":{\"@id\":\"https:\/\/kulturonline.tv\/de\/joseph-breitbach-preis-geht-an-marion-poschmann\/#primaryimage\"},\"thumbnailUrl\":\"https:\/\/kulturonline.tv\/wp-content\/uploads\/2023\/04\/Literarischer_Maerz_2015_Marion_.jpg\",\"datePublished\":\"2023-04-23T07:00:02+00:00\",\"dateModified\":\"2023-06-10T14:07:18+00:00\",\"description\":\"Die Essener Schriftstellerin Marion Poschmann erh\u00e4lt den Joseph-Breitbach-Preis 2023 f\u00fcr ihr Gesamtwerk.\",\"breadcrumb\":{\"@id\":\"https:\/\/kulturonline.tv\/de\/joseph-breitbach-preis-geht-an-marion-poschmann\/#breadcrumb\"},\"inLanguage\":\"de\",\"potentialAction\":[{\"@type\":\"ReadAction\",\"target\":[\"https:\/\/kulturonline.tv\/de\/joseph-breitbach-preis-geht-an-marion-poschmann\/\"]}]},{\"@type\":\"ImageObject\",\"inLanguage\":\"de\",\"@id\":\"https:\/\/kulturonline.tv\/de\/joseph-breitbach-preis-geht-an-marion-poschmann\/#primaryimage\",\"url\":\"https:\/\/kulturonline.tv\/wp-content\/uploads\/2023\/04\/Literarischer_Maerz_2015_Marion_.jpg\",\"contentUrl\":\"https:\/\/kulturonline.tv\/wp-content\/uploads\/2023\/04\/Literarischer_Maerz_2015_Marion_.jpg\",\"width\":1280,\"height\":720},{\"@type\":\"BreadcrumbList\",\"@id\":\"https:\/\/kulturonline.tv\/de\/joseph-breitbach-preis-geht-an-marion-poschmann\/#breadcrumb\",\"itemListElement\":[{\"@type\":\"ListItem\",\"position\":1,\"name\":\"Startseite\",\"item\":\"https:\/\/kulturonline.tv\/de\/\"},{\"@type\":\"ListItem\",\"position\":2,\"name\":\"Joseph-Breitbach-Preis geht an Marion Poschmann\"}]},{\"@type\":\"WebSite\",\"@id\":\"https:\/\/kulturonline.tv\/de\/#website\",\"url\":\"https:\/\/kulturonline.tv\/de\/\",\"name\":\"Kultur Online TV &amp; FM\",\"description\":\"Wir sind Kultur 2.0 zum sehen &amp; h\u00f6ren\",\"publisher\":{\"@id\":\"https:\/\/kulturonline.tv\/de\/#organization\"},\"potentialAction\":[{\"@type\":\"SearchAction\",\"target\":{\"@type\":\"EntryPoint\",\"urlTemplate\":\"https:\/\/kulturonline.tv\/de\/?s={search_term_string}\"},\"query-input\":{\"@type\":\"PropertyValueSpecification\",\"valueRequired\":true,\"valueName\":\"search_term_string\"}}],\"inLanguage\":\"de\"},{\"@type\":\"Organization\",\"@id\":\"https:\/\/kulturonline.tv\/de\/#organization\",\"name\":\"Kultur Online TV\",\"url\":\"https:\/\/kulturonline.tv\/de\/\",\"logo\":{\"@type\":\"ImageObject\",\"inLanguage\":\"de\",\"@id\":\"https:\/\/kulturonline.tv\/de\/#\/schema\/logo\/image\/\",\"url\":\"https:\/\/kulturonline.tv\/wp-content\/uploads\/2021\/08\/Kultur-Online-Tv-Logo-Endversion-neu.png\",\"contentUrl\":\"https:\/\/kulturonline.tv\/wp-content\/uploads\/2021\/08\/Kultur-Online-Tv-Logo-Endversion-neu.png\",\"width\":200,\"height\":200,\"caption\":\"Kultur Online TV\"},\"image\":{\"@id\":\"https:\/\/kulturonline.tv\/de\/#\/schema\/logo\/image\/\"},\"sameAs\":[\"https:\/\/www.facebook.com\/kulturonline.tv\",\"https:\/\/www.instagram.com\/kulturonline.tv\"]},{\"@type\":\"Person\",\"@id\":\"https:\/\/kulturonline.tv\/de\/#\/schema\/person\/b0fac729bb9a0c193fb1df23449df4fe\",\"name\":\"guenter.wolfgang\"}]}<\/script>\n<!-- \/ Yoast SEO plugin. -->","yoast_head_json":{"title":"Joseph-Breitbach-Preis geht an Marion Poschmann - Kultur Online TV &amp; FM","description":"Die Essener Schriftstellerin Marion Poschmann erh\u00e4lt den Joseph-Breitbach-Preis 2023 f\u00fcr ihr Gesamtwerk.","robots":{"index":"index","follow":"follow","max-snippet":"max-snippet:-1","max-image-preview":"max-image-preview:large","max-video-preview":"max-video-preview:-1"},"canonical":"https:\/\/kulturonline.tv\/de\/joseph-breitbach-preis-geht-an-marion-poschmann\/","og_locale":"de_DE","og_type":"article","og_title":"Joseph-Breitbach-Preis geht an Marion Poschmann - Kultur Online TV &amp; FM","og_description":"Die Essener Schriftstellerin Marion Poschmann erh\u00e4lt den Joseph-Breitbach-Preis 2023 f\u00fcr ihr Gesamtwerk.","og_url":"https:\/\/kulturonline.tv\/de\/joseph-breitbach-preis-geht-an-marion-poschmann\/","og_site_name":"Kultur Online TV &amp; FM","article_publisher":"https:\/\/www.facebook.com\/kulturonline.tv","article_published_time":"2023-04-23T07:00:02+00:00","article_modified_time":"2023-06-10T14:07:18+00:00","og_image":[{"width":1280,"height":720,"url":"https:\/\/kulturonline.tv\/wp-content\/uploads\/2023\/04\/Literarischer_Maerz_2015_Marion_.jpg","type":"image\/jpeg"}],"author":"guenter.wolfgang","twitter_card":"summary_large_image","twitter_misc":{"Verfasst von":"guenter.wolfgang"},"schema":{"@context":"https:\/\/schema.org","@graph":[{"@type":"Article","@id":"https:\/\/kulturonline.tv\/de\/joseph-breitbach-preis-geht-an-marion-poschmann\/#article","isPartOf":{"@id":"https:\/\/kulturonline.tv\/de\/joseph-breitbach-preis-geht-an-marion-poschmann\/"},"author":{"name":"guenter.wolfgang","@id":"https:\/\/kulturonline.tv\/de\/#\/schema\/person\/b0fac729bb9a0c193fb1df23449df4fe"},"headline":"Joseph-Breitbach-Preis geht an Marion Poschmann","datePublished":"2023-04-23T07:00:02+00:00","dateModified":"2023-06-10T14:07:18+00:00","mainEntityOfPage":{"@id":"https:\/\/kulturonline.tv\/de\/joseph-breitbach-preis-geht-an-marion-poschmann\/"},"wordCount":101,"publisher":{"@id":"https:\/\/kulturonline.tv\/de\/#organization"},"image":{"@id":"https:\/\/kulturonline.tv\/de\/joseph-breitbach-preis-geht-an-marion-poschmann\/#primaryimage"},"thumbnailUrl":"https:\/\/kulturonline.tv\/wp-content\/uploads\/2023\/04\/Literarischer_Maerz_2015_Marion_.jpg","articleSection":["Literatur"],"inLanguage":"de"},{"@type":"WebPage","@id":"https:\/\/kulturonline.tv\/de\/joseph-breitbach-preis-geht-an-marion-poschmann\/","url":"https:\/\/kulturonline.tv\/de\/joseph-breitbach-preis-geht-an-marion-poschmann\/","name":"Joseph-Breitbach-Preis geht an Marion Poschmann - Kultur Online TV &amp; FM","isPartOf":{"@id":"https:\/\/kulturonline.tv\/de\/#website"},"primaryImageOfPage":{"@id":"https:\/\/kulturonline.tv\/de\/joseph-breitbach-preis-geht-an-marion-poschmann\/#primaryimage"},"image":{"@id":"https:\/\/kulturonline.tv\/de\/joseph-breitbach-preis-geht-an-marion-poschmann\/#primaryimage"},"thumbnailUrl":"https:\/\/kulturonline.tv\/wp-content\/uploads\/2023\/04\/Literarischer_Maerz_2015_Marion_.jpg","datePublished":"2023-04-23T07:00:02+00:00","dateModified":"2023-06-10T14:07:18+00:00","description":"Die Essener Schriftstellerin Marion Poschmann erh\u00e4lt den Joseph-Breitbach-Preis 2023 f\u00fcr ihr Gesamtwerk.","breadcrumb":{"@id":"https:\/\/kulturonline.tv\/de\/joseph-breitbach-preis-geht-an-marion-poschmann\/#breadcrumb"},"inLanguage":"de","potentialAction":[{"@type":"ReadAction","target":["https:\/\/kulturonline.tv\/de\/joseph-breitbach-preis-geht-an-marion-poschmann\/"]}]},{"@type":"ImageObject","inLanguage":"de","@id":"https:\/\/kulturonline.tv\/de\/joseph-breitbach-preis-geht-an-marion-poschmann\/#primaryimage","url":"https:\/\/kulturonline.tv\/wp-content\/uploads\/2023\/04\/Literarischer_Maerz_2015_Marion_.jpg","contentUrl":"https:\/\/kulturonline.tv\/wp-content\/uploads\/2023\/04\/Literarischer_Maerz_2015_Marion_.jpg","width":1280,"height":720},{"@type":"BreadcrumbList","@id":"https:\/\/kulturonline.tv\/de\/joseph-breitbach-preis-geht-an-marion-poschmann\/#breadcrumb","itemListElement":[{"@type":"ListItem","position":1,"name":"Startseite","item":"https:\/\/kulturonline.tv\/de\/"},{"@type":"ListItem","position":2,"name":"Joseph-Breitbach-Preis geht an Marion Poschmann"}]},{"@type":"WebSite","@id":"https:\/\/kulturonline.tv\/de\/#website","url":"https:\/\/kulturonline.tv\/de\/","name":"Kultur Online TV &amp; FM","description":"Wir sind Kultur 2.0 zum sehen &amp; h\u00f6ren","publisher":{"@id":"https:\/\/kulturonline.tv\/de\/#organization"},"potentialAction":[{"@type":"SearchAction","target":{"@type":"EntryPoint","urlTemplate":"https:\/\/kulturonline.tv\/de\/?s={search_term_string}"},"query-input":{"@type":"PropertyValueSpecification","valueRequired":true,"valueName":"search_term_string"}}],"inLanguage":"de"},{"@type":"Organization","@id":"https:\/\/kulturonline.tv\/de\/#organization","name":"Kultur Online TV","url":"https:\/\/kulturonline.tv\/de\/","logo":{"@type":"ImageObject","inLanguage":"de","@id":"https:\/\/kulturonline.tv\/de\/#\/schema\/logo\/image\/","url":"https:\/\/kulturonline.tv\/wp-content\/uploads\/2021\/08\/Kultur-Online-Tv-Logo-Endversion-neu.png","contentUrl":"https:\/\/kulturonline.tv\/wp-content\/uploads\/2021\/08\/Kultur-Online-Tv-Logo-Endversion-neu.png","width":200,"height":200,"caption":"Kultur Online TV"},"image":{"@id":"https:\/\/kulturonline.tv\/de\/#\/schema\/logo\/image\/"},"sameAs":["https:\/\/www.facebook.com\/kulturonline.tv","https:\/\/www.instagram.com\/kulturonline.tv"]},{"@type":"Person","@id":"https:\/\/kulturonline.tv\/de\/#\/schema\/person\/b0fac729bb9a0c193fb1df23449df4fe","name":"guenter.wolfgang"}]}},"_links":{"self":[{"href":"https:\/\/kulturonline.tv\/de\/wp-json\/wp\/v2\/posts\/58755","targetHints":{"allow":["GET"]}}],"collection":[{"href":"https:\/\/kulturonline.tv\/de\/wp-json\/wp\/v2\/posts"}],"about":[{"href":"https:\/\/kulturonline.tv\/de\/wp-json\/wp\/v2\/types\/post"}],"author":[{"embeddable":true,"href":"https:\/\/kulturonline.tv\/de\/wp-json\/wp\/v2\/users\/2"}],"replies":[{"embeddable":true,"href":"https:\/\/kulturonline.tv\/de\/wp-json\/wp\/v2\/comments?post=58755"}],"version-history":[{"count":0,"href":"https:\/\/kulturonline.tv\/de\/wp-json\/wp\/v2\/posts\/58755\/revisions"}],"wp:featuredmedia":[{"embeddable":true,"href":"https:\/\/kulturonline.tv\/de\/wp-json\/wp\/v2\/media\/59149"}],"wp:attachment":[{"href":"https:\/\/kulturonline.tv\/de\/wp-json\/wp\/v2\/media?parent=58755"}],"wp:term":[{"taxonomy":"category","embeddable":true,"href":"https:\/\/kulturonline.tv\/de\/wp-json\/wp\/v2\/categories?post=58755"},{"taxonomy":"post_tag","embeddable":true,"href":"https:\/\/kulturonline.tv\/de\/wp-json\/wp\/v2\/tags?post=58755"}],"curies":[{"name":"wp","href":"https:\/\/api.w.org\/{rel}","templated":true}]}}