{"id":58772,"date":"2023-04-25T16:21:35","date_gmt":"2023-04-25T14:21:35","guid":{"rendered":"https:\/\/kulturonline.tv\/?p=58772"},"modified":"2024-10-23T07:03:29","modified_gmt":"2024-10-23T05:03:29","slug":"bund-foerdert-kultureinrichtungen-mit-rund-16-millionen-euro","status":"publish","type":"post","link":"https:\/\/kulturonline.tv\/de\/bund-foerdert-kultureinrichtungen-mit-rund-16-millionen-euro\/","title":{"rendered":"Bund f\u00f6rdert Kultureinrichtungen mit rund 16 Millionen Euro"},"content":{"rendered":"\n<p>Kulturstaatsministerin Claudia Roth stellt 16,2 Millionen Euro f\u00fcr die Sanierung und Modernisierung von mehr als 26 national bedeutsamer Kultureinrichtungen zur Verf\u00fcgung.<\/p>\n\n\n\n<figure class=\"wp-block-image size-full is-resized\"><img decoding=\"async\" src=\"https:\/\/kulturonline.tv\/wp-content\/uploads\/2023\/04\/Claudia_Roth_3-edited.jpg\" alt=\"\" class=\"wp-image-58777\" width=\"840\" srcset=\"https:\/\/kulturonline.tv\/wp-content\/uploads\/2023\/04\/Claudia_Roth_3-edited.jpg 640w, https:\/\/kulturonline.tv\/wp-content\/uploads\/2023\/04\/Claudia_Roth_3-edited-600x338.jpg 600w\" sizes=\"(max-width: 640px) 100vw, 640px\" \/><figcaption class=\"wp-element-caption\">c. Heinrich-B\u00f6ll-Stiftung, CC BY-SA 2.0 <a href=\"https:\/\/creativecommons.org\/licenses\/by-sa\/2.0\">https:\/\/creativecommons.org\/licenses\/by-sa\/2.0<\/a>, via Wikimedia Commons<\/figcaption><\/figure>\n\n\n\n<p>Die Staatsministerin f\u00fcr Kultur und Medien: \u201eMit dem INK-Programm unterst\u00fctzen wir nicht nur dabei, das kulturelle Erbe in Deutschland zu bewahren, sondern stellen auch die Weichen unserer kulturellen Infrastruktur auf Zukunft. Durch die Bundesf\u00f6rderung k\u00f6nnen sich bedeutende Kultureinrichtungen zukunftsf\u00e4hig und krisenfester aufstellen, um auch weiterhin ein breites Publikum mit vielf\u00e4ltigen Kulturangeboten begeistern zu k\u00f6nnen.\u201c<\/p>\n\n\n\n<p>Bundesmittel sind unter anderem f\u00fcr folgende Projekte vorgesehen:<\/p>\n\n\n\n<p>Zeppelin-Museum Friedrichshafen, Baden-W\u00fcrttemberg: Installation einer Photovoltaik-Anlage und Umr\u00fcstung der Ausstellungsbeleuchtung auf LED<br>Maxim-Gorki-Theater, Berlin: Umstellung auf LED-Beleuchtung, Beschaffung eines E-Transporters und Verbesserung der Barrierefreiheit<br>Arch\u00e4ologische Staatssammlung \u2013 Museum f\u00fcr Vor- und Fr\u00fchgeschichte M\u00fcnchen, Bayern: Ausbau und Neueinrichtung der Dauerausstellung im Rahmen der Generalsanierung<br>Deutsches Schifffahrtsmuseum, Bremerhaven, Bremen: Einrichtung der neuen Dauerausstellung &#8222;Der Ozean und wir \u2013 Schiffswelten\u201c<br>Kloster Lorsch, Hessen: Instandsetzung des Kurf\u00fcrstlichen Hauses<br>Oldenburgisches Staatstheater, Niedersachsen: Erneuerung der Glasfassade des Hauptfoyers und der k\u00fcnstlerischen Beleuchtung<br>UNESCO Welterbest\u00e4tte Schloss Corvey, Nordrhein-Westfalen: Bau einer Hackschnitzel-Verbrennungsanlage<br>Schloss Gottorf, Schleswig-Holstein: Instandsetzung und energetische Modernisierung von Ausstellungsgeb\u00e4uden<br>Weltkulturerbe V\u00f6lklinger H\u00fctte, Saarland: Erneuerung der Beleuchtung in der Gebl\u00e4sehalle<br>Deutsches Hygiene-Museum Dresden, Sachsen: Modernisierung der Veranstaltungsr\u00e4ume, nachhaltige Gestaltung der Au\u00dfenanlagen und Neugestaltung der Dauerausstellung \u201eAbenteuer Mensch\u201c<br>Salinemuseum in Halle\/Saale, Sachsen-Anhalt: Modernisierung der Dauerausstellung<br>Wartburg in Eisenach, Th\u00fcringen: Energetische Sanierung der Au\u00dfen-Beleuchtung<\/p>\n\n\n\n<p>Mit dem Programm \u201eInvestitionen f\u00fcr nationale Kultureinrichtungen in Deutschland (INK)\u201c f\u00f6rdert der Bund \u2013 in der Regel jeweils h\u00e4lftig gemeinsam mit den L\u00e4ndern \u2013 Investitionsma\u00dfnahmen zum Erhalt und zur Profilierung national bedeutsamer und das nationale Kulturerbe pr\u00e4gender Kultureinrichtungen in der Bundesrepublik Deutschland.<\/p>\n\n\n\n<p>Kultur Online TV<\/p>\n\n\n\n<p>#kunst #kultur #politik<\/p>\n","protected":false},"excerpt":{"rendered":"<p>Kulturstaatsministerin Claudia Roth stellt 16,2 Millionen Euro f\u00fcr die Sanierung und Modernisierung von mehr als 26 national bedeutsamer Kultureinrichtungen zur Verf\u00fcgung. Die Staatsministerin f\u00fcr Kultur und Medien: \u201eMit dem INK-Programm unterst\u00fctzen wir nicht nur dabei, das kulturelle Erbe in Deutschland zu bewahren, sondern stellen auch die Weichen unserer kulturellen Infrastruktur auf Zukunft. Durch die Bundesf\u00f6rderung [&hellip;]<\/p>\n","protected":false},"author":2,"featured_media":58777,"comment_status":"closed","ping_status":"closed","sticky":false,"template":"","format":"standard","meta":{"_acf_changed":false,"footnotes":""},"categories":[21,281],"tags":[],"class_list":["post-58772","post","type-post","status-publish","format-standard","has-post-thumbnail","hentry","category-kultur","category-mixed"],"acf":[],"yoast_head":"<!-- This site is optimized with the Yoast SEO plugin v26.1.1 - https:\/\/yoast.com\/wordpress\/plugins\/seo\/ -->\n<title>Bund f\u00f6rdert Kultureinrichtungen mit rund 16 Millionen Euro - Kultur Online TV &amp; FM<\/title>\n<meta name=\"description\" content=\"Kulturstaatsministerin Claudia Roth stellt 16,2 Millionen Euro f\u00fcr die Sanierung und Modernisierung von mehr als 26 national bedeutsamer Kultureinrichtungen zur Verf\u00fcgung.\" \/>\n<meta name=\"robots\" content=\"index, follow, max-snippet:-1, max-image-preview:large, max-video-preview:-1\" \/>\n<link rel=\"canonical\" href=\"https:\/\/kulturonline.tv\/de\/bund-foerdert-kultureinrichtungen-mit-rund-16-millionen-euro\/\" \/>\n<meta property=\"og:locale\" content=\"de_DE\" \/>\n<meta property=\"og:type\" content=\"article\" \/>\n<meta property=\"og:title\" content=\"Bund f\u00f6rdert Kultureinrichtungen mit rund 16 Millionen Euro - Kultur Online TV &amp; FM\" \/>\n<meta property=\"og:description\" content=\"Kulturstaatsministerin Claudia Roth stellt 16,2 Millionen Euro f\u00fcr die Sanierung und Modernisierung von mehr als 26 national bedeutsamer Kultureinrichtungen zur Verf\u00fcgung.\" \/>\n<meta property=\"og:url\" content=\"https:\/\/kulturonline.tv\/de\/bund-foerdert-kultureinrichtungen-mit-rund-16-millionen-euro\/\" \/>\n<meta property=\"og:site_name\" content=\"Kultur Online TV &amp; FM\" \/>\n<meta property=\"article:publisher\" content=\"https:\/\/www.facebook.com\/kulturonline.tv\" \/>\n<meta property=\"article:published_time\" content=\"2023-04-25T14:21:35+00:00\" \/>\n<meta property=\"article:modified_time\" content=\"2024-10-23T05:03:29+00:00\" \/>\n<meta property=\"og:image\" content=\"https:\/\/kulturonline.tv\/wp-content\/uploads\/2023\/04\/Claudia_Roth_3-edited.jpg\" \/>\n\t<meta property=\"og:image:width\" content=\"640\" \/>\n\t<meta property=\"og:image:height\" content=\"360\" \/>\n\t<meta property=\"og:image:type\" content=\"image\/jpeg\" \/>\n<meta name=\"author\" content=\"guenter.wolfgang\" \/>\n<meta name=\"twitter:card\" content=\"summary_large_image\" \/>\n<meta name=\"twitter:label1\" content=\"Verfasst von\" \/>\n\t<meta name=\"twitter:data1\" content=\"guenter.wolfgang\" \/>\n\t<meta name=\"twitter:label2\" content=\"Gesch\u00e4tzte Lesezeit\" \/>\n\t<meta name=\"twitter:data2\" content=\"1\u00a0Minute\" \/>\n<script type=\"application\/ld+json\" class=\"yoast-schema-graph\">{\"@context\":\"https:\/\/schema.org\",\"@graph\":[{\"@type\":\"Article\",\"@id\":\"https:\/\/kulturonline.tv\/de\/bund-foerdert-kultureinrichtungen-mit-rund-16-millionen-euro\/#article\",\"isPartOf\":{\"@id\":\"https:\/\/kulturonline.tv\/de\/bund-foerdert-kultureinrichtungen-mit-rund-16-millionen-euro\/\"},\"author\":{\"name\":\"guenter.wolfgang\",\"@id\":\"https:\/\/kulturonline.tv\/de\/#\/schema\/person\/b0fac729bb9a0c193fb1df23449df4fe\"},\"headline\":\"Bund f\u00f6rdert Kultureinrichtungen mit rund 16 Millionen Euro\",\"datePublished\":\"2023-04-25T14:21:35+00:00\",\"dateModified\":\"2024-10-23T05:03:29+00:00\",\"mainEntityOfPage\":{\"@id\":\"https:\/\/kulturonline.tv\/de\/bund-foerdert-kultureinrichtungen-mit-rund-16-millionen-euro\/\"},\"wordCount\":306,\"publisher\":{\"@id\":\"https:\/\/kulturonline.tv\/de\/#organization\"},\"image\":{\"@id\":\"https:\/\/kulturonline.tv\/de\/bund-foerdert-kultureinrichtungen-mit-rund-16-millionen-euro\/#primaryimage\"},\"thumbnailUrl\":\"https:\/\/kulturonline.tv\/wp-content\/uploads\/2023\/04\/Claudia_Roth_3-edited.jpg\",\"articleSection\":[\"Kultur\",\"Mixed\"],\"inLanguage\":\"de\"},{\"@type\":\"WebPage\",\"@id\":\"https:\/\/kulturonline.tv\/de\/bund-foerdert-kultureinrichtungen-mit-rund-16-millionen-euro\/\",\"url\":\"https:\/\/kulturonline.tv\/de\/bund-foerdert-kultureinrichtungen-mit-rund-16-millionen-euro\/\",\"name\":\"Bund f\u00f6rdert Kultureinrichtungen mit rund 16 Millionen Euro - Kultur Online TV &amp; FM\",\"isPartOf\":{\"@id\":\"https:\/\/kulturonline.tv\/de\/#website\"},\"primaryImageOfPage\":{\"@id\":\"https:\/\/kulturonline.tv\/de\/bund-foerdert-kultureinrichtungen-mit-rund-16-millionen-euro\/#primaryimage\"},\"image\":{\"@id\":\"https:\/\/kulturonline.tv\/de\/bund-foerdert-kultureinrichtungen-mit-rund-16-millionen-euro\/#primaryimage\"},\"thumbnailUrl\":\"https:\/\/kulturonline.tv\/wp-content\/uploads\/2023\/04\/Claudia_Roth_3-edited.jpg\",\"datePublished\":\"2023-04-25T14:21:35+00:00\",\"dateModified\":\"2024-10-23T05:03:29+00:00\",\"description\":\"Kulturstaatsministerin Claudia Roth stellt 16,2 Millionen Euro f\u00fcr die Sanierung und Modernisierung von mehr als 26 national bedeutsamer Kultureinrichtungen zur Verf\u00fcgung.\",\"breadcrumb\":{\"@id\":\"https:\/\/kulturonline.tv\/de\/bund-foerdert-kultureinrichtungen-mit-rund-16-millionen-euro\/#breadcrumb\"},\"inLanguage\":\"de\",\"potentialAction\":[{\"@type\":\"ReadAction\",\"target\":[\"https:\/\/kulturonline.tv\/de\/bund-foerdert-kultureinrichtungen-mit-rund-16-millionen-euro\/\"]}]},{\"@type\":\"ImageObject\",\"inLanguage\":\"de\",\"@id\":\"https:\/\/kulturonline.tv\/de\/bund-foerdert-kultureinrichtungen-mit-rund-16-millionen-euro\/#primaryimage\",\"url\":\"https:\/\/kulturonline.tv\/wp-content\/uploads\/2023\/04\/Claudia_Roth_3-edited.jpg\",\"contentUrl\":\"https:\/\/kulturonline.tv\/wp-content\/uploads\/2023\/04\/Claudia_Roth_3-edited.jpg\",\"width\":640,\"height\":360},{\"@type\":\"BreadcrumbList\",\"@id\":\"https:\/\/kulturonline.tv\/de\/bund-foerdert-kultureinrichtungen-mit-rund-16-millionen-euro\/#breadcrumb\",\"itemListElement\":[{\"@type\":\"ListItem\",\"position\":1,\"name\":\"Startseite\",\"item\":\"https:\/\/kulturonline.tv\/de\/\"},{\"@type\":\"ListItem\",\"position\":2,\"name\":\"Bund f\u00f6rdert Kultureinrichtungen mit rund 16 Millionen Euro\"}]},{\"@type\":\"WebSite\",\"@id\":\"https:\/\/kulturonline.tv\/de\/#website\",\"url\":\"https:\/\/kulturonline.tv\/de\/\",\"name\":\"Kultur Online TV &amp; FM\",\"description\":\"Wir sind Kultur 2.0 zum sehen &amp; h\u00f6ren\",\"publisher\":{\"@id\":\"https:\/\/kulturonline.tv\/de\/#organization\"},\"potentialAction\":[{\"@type\":\"SearchAction\",\"target\":{\"@type\":\"EntryPoint\",\"urlTemplate\":\"https:\/\/kulturonline.tv\/de\/?s={search_term_string}\"},\"query-input\":{\"@type\":\"PropertyValueSpecification\",\"valueRequired\":true,\"valueName\":\"search_term_string\"}}],\"inLanguage\":\"de\"},{\"@type\":\"Organization\",\"@id\":\"https:\/\/kulturonline.tv\/de\/#organization\",\"name\":\"Kultur Online TV\",\"url\":\"https:\/\/kulturonline.tv\/de\/\",\"logo\":{\"@type\":\"ImageObject\",\"inLanguage\":\"de\",\"@id\":\"https:\/\/kulturonline.tv\/de\/#\/schema\/logo\/image\/\",\"url\":\"https:\/\/kulturonline.tv\/wp-content\/uploads\/2021\/08\/Kultur-Online-Tv-Logo-Endversion-neu.png\",\"contentUrl\":\"https:\/\/kulturonline.tv\/wp-content\/uploads\/2021\/08\/Kultur-Online-Tv-Logo-Endversion-neu.png\",\"width\":200,\"height\":200,\"caption\":\"Kultur Online TV\"},\"image\":{\"@id\":\"https:\/\/kulturonline.tv\/de\/#\/schema\/logo\/image\/\"},\"sameAs\":[\"https:\/\/www.facebook.com\/kulturonline.tv\",\"https:\/\/www.instagram.com\/kulturonline.tv\"]},{\"@type\":\"Person\",\"@id\":\"https:\/\/kulturonline.tv\/de\/#\/schema\/person\/b0fac729bb9a0c193fb1df23449df4fe\",\"name\":\"guenter.wolfgang\"}]}<\/script>\n<!-- \/ Yoast SEO plugin. -->","yoast_head_json":{"title":"Bund f\u00f6rdert Kultureinrichtungen mit rund 16 Millionen Euro - Kultur Online TV &amp; FM","description":"Kulturstaatsministerin Claudia Roth stellt 16,2 Millionen Euro f\u00fcr die Sanierung und Modernisierung von mehr als 26 national bedeutsamer Kultureinrichtungen zur Verf\u00fcgung.","robots":{"index":"index","follow":"follow","max-snippet":"max-snippet:-1","max-image-preview":"max-image-preview:large","max-video-preview":"max-video-preview:-1"},"canonical":"https:\/\/kulturonline.tv\/de\/bund-foerdert-kultureinrichtungen-mit-rund-16-millionen-euro\/","og_locale":"de_DE","og_type":"article","og_title":"Bund f\u00f6rdert Kultureinrichtungen mit rund 16 Millionen Euro - Kultur Online TV &amp; FM","og_description":"Kulturstaatsministerin Claudia Roth stellt 16,2 Millionen Euro f\u00fcr die Sanierung und Modernisierung von mehr als 26 national bedeutsamer Kultureinrichtungen zur Verf\u00fcgung.","og_url":"https:\/\/kulturonline.tv\/de\/bund-foerdert-kultureinrichtungen-mit-rund-16-millionen-euro\/","og_site_name":"Kultur Online TV &amp; FM","article_publisher":"https:\/\/www.facebook.com\/kulturonline.tv","article_published_time":"2023-04-25T14:21:35+00:00","article_modified_time":"2024-10-23T05:03:29+00:00","og_image":[{"width":640,"height":360,"url":"https:\/\/kulturonline.tv\/wp-content\/uploads\/2023\/04\/Claudia_Roth_3-edited.jpg","type":"image\/jpeg"}],"author":"guenter.wolfgang","twitter_card":"summary_large_image","twitter_misc":{"Verfasst von":"guenter.wolfgang","Gesch\u00e4tzte Lesezeit":"1\u00a0Minute"},"schema":{"@context":"https:\/\/schema.org","@graph":[{"@type":"Article","@id":"https:\/\/kulturonline.tv\/de\/bund-foerdert-kultureinrichtungen-mit-rund-16-millionen-euro\/#article","isPartOf":{"@id":"https:\/\/kulturonline.tv\/de\/bund-foerdert-kultureinrichtungen-mit-rund-16-millionen-euro\/"},"author":{"name":"guenter.wolfgang","@id":"https:\/\/kulturonline.tv\/de\/#\/schema\/person\/b0fac729bb9a0c193fb1df23449df4fe"},"headline":"Bund f\u00f6rdert Kultureinrichtungen mit rund 16 Millionen Euro","datePublished":"2023-04-25T14:21:35+00:00","dateModified":"2024-10-23T05:03:29+00:00","mainEntityOfPage":{"@id":"https:\/\/kulturonline.tv\/de\/bund-foerdert-kultureinrichtungen-mit-rund-16-millionen-euro\/"},"wordCount":306,"publisher":{"@id":"https:\/\/kulturonline.tv\/de\/#organization"},"image":{"@id":"https:\/\/kulturonline.tv\/de\/bund-foerdert-kultureinrichtungen-mit-rund-16-millionen-euro\/#primaryimage"},"thumbnailUrl":"https:\/\/kulturonline.tv\/wp-content\/uploads\/2023\/04\/Claudia_Roth_3-edited.jpg","articleSection":["Kultur","Mixed"],"inLanguage":"de"},{"@type":"WebPage","@id":"https:\/\/kulturonline.tv\/de\/bund-foerdert-kultureinrichtungen-mit-rund-16-millionen-euro\/","url":"https:\/\/kulturonline.tv\/de\/bund-foerdert-kultureinrichtungen-mit-rund-16-millionen-euro\/","name":"Bund f\u00f6rdert Kultureinrichtungen mit rund 16 Millionen Euro - Kultur Online TV &amp; FM","isPartOf":{"@id":"https:\/\/kulturonline.tv\/de\/#website"},"primaryImageOfPage":{"@id":"https:\/\/kulturonline.tv\/de\/bund-foerdert-kultureinrichtungen-mit-rund-16-millionen-euro\/#primaryimage"},"image":{"@id":"https:\/\/kulturonline.tv\/de\/bund-foerdert-kultureinrichtungen-mit-rund-16-millionen-euro\/#primaryimage"},"thumbnailUrl":"https:\/\/kulturonline.tv\/wp-content\/uploads\/2023\/04\/Claudia_Roth_3-edited.jpg","datePublished":"2023-04-25T14:21:35+00:00","dateModified":"2024-10-23T05:03:29+00:00","description":"Kulturstaatsministerin Claudia Roth stellt 16,2 Millionen Euro f\u00fcr die Sanierung und Modernisierung von mehr als 26 national bedeutsamer Kultureinrichtungen zur Verf\u00fcgung.","breadcrumb":{"@id":"https:\/\/kulturonline.tv\/de\/bund-foerdert-kultureinrichtungen-mit-rund-16-millionen-euro\/#breadcrumb"},"inLanguage":"de","potentialAction":[{"@type":"ReadAction","target":["https:\/\/kulturonline.tv\/de\/bund-foerdert-kultureinrichtungen-mit-rund-16-millionen-euro\/"]}]},{"@type":"ImageObject","inLanguage":"de","@id":"https:\/\/kulturonline.tv\/de\/bund-foerdert-kultureinrichtungen-mit-rund-16-millionen-euro\/#primaryimage","url":"https:\/\/kulturonline.tv\/wp-content\/uploads\/2023\/04\/Claudia_Roth_3-edited.jpg","contentUrl":"https:\/\/kulturonline.tv\/wp-content\/uploads\/2023\/04\/Claudia_Roth_3-edited.jpg","width":640,"height":360},{"@type":"BreadcrumbList","@id":"https:\/\/kulturonline.tv\/de\/bund-foerdert-kultureinrichtungen-mit-rund-16-millionen-euro\/#breadcrumb","itemListElement":[{"@type":"ListItem","position":1,"name":"Startseite","item":"https:\/\/kulturonline.tv\/de\/"},{"@type":"ListItem","position":2,"name":"Bund f\u00f6rdert Kultureinrichtungen mit rund 16 Millionen Euro"}]},{"@type":"WebSite","@id":"https:\/\/kulturonline.tv\/de\/#website","url":"https:\/\/kulturonline.tv\/de\/","name":"Kultur Online TV &amp; FM","description":"Wir sind Kultur 2.0 zum sehen &amp; h\u00f6ren","publisher":{"@id":"https:\/\/kulturonline.tv\/de\/#organization"},"potentialAction":[{"@type":"SearchAction","target":{"@type":"EntryPoint","urlTemplate":"https:\/\/kulturonline.tv\/de\/?s={search_term_string}"},"query-input":{"@type":"PropertyValueSpecification","valueRequired":true,"valueName":"search_term_string"}}],"inLanguage":"de"},{"@type":"Organization","@id":"https:\/\/kulturonline.tv\/de\/#organization","name":"Kultur Online TV","url":"https:\/\/kulturonline.tv\/de\/","logo":{"@type":"ImageObject","inLanguage":"de","@id":"https:\/\/kulturonline.tv\/de\/#\/schema\/logo\/image\/","url":"https:\/\/kulturonline.tv\/wp-content\/uploads\/2021\/08\/Kultur-Online-Tv-Logo-Endversion-neu.png","contentUrl":"https:\/\/kulturonline.tv\/wp-content\/uploads\/2021\/08\/Kultur-Online-Tv-Logo-Endversion-neu.png","width":200,"height":200,"caption":"Kultur Online TV"},"image":{"@id":"https:\/\/kulturonline.tv\/de\/#\/schema\/logo\/image\/"},"sameAs":["https:\/\/www.facebook.com\/kulturonline.tv","https:\/\/www.instagram.com\/kulturonline.tv"]},{"@type":"Person","@id":"https:\/\/kulturonline.tv\/de\/#\/schema\/person\/b0fac729bb9a0c193fb1df23449df4fe","name":"guenter.wolfgang"}]}},"_links":{"self":[{"href":"https:\/\/kulturonline.tv\/de\/wp-json\/wp\/v2\/posts\/58772","targetHints":{"allow":["GET"]}}],"collection":[{"href":"https:\/\/kulturonline.tv\/de\/wp-json\/wp\/v2\/posts"}],"about":[{"href":"https:\/\/kulturonline.tv\/de\/wp-json\/wp\/v2\/types\/post"}],"author":[{"embeddable":true,"href":"https:\/\/kulturonline.tv\/de\/wp-json\/wp\/v2\/users\/2"}],"replies":[{"embeddable":true,"href":"https:\/\/kulturonline.tv\/de\/wp-json\/wp\/v2\/comments?post=58772"}],"version-history":[{"count":0,"href":"https:\/\/kulturonline.tv\/de\/wp-json\/wp\/v2\/posts\/58772\/revisions"}],"wp:featuredmedia":[{"embeddable":true,"href":"https:\/\/kulturonline.tv\/de\/wp-json\/wp\/v2\/media\/58777"}],"wp:attachment":[{"href":"https:\/\/kulturonline.tv\/de\/wp-json\/wp\/v2\/media?parent=58772"}],"wp:term":[{"taxonomy":"category","embeddable":true,"href":"https:\/\/kulturonline.tv\/de\/wp-json\/wp\/v2\/categories?post=58772"},{"taxonomy":"post_tag","embeddable":true,"href":"https:\/\/kulturonline.tv\/de\/wp-json\/wp\/v2\/tags?post=58772"}],"curies":[{"name":"wp","href":"https:\/\/api.w.org\/{rel}","templated":true}]}}