{"id":58950,"date":"2023-05-14T14:52:05","date_gmt":"2023-05-14T12:52:05","guid":{"rendered":"https:\/\/kulturonline.tv\/?p=58950"},"modified":"2023-05-14T14:56:26","modified_gmt":"2023-05-14T12:56:26","slug":"berliner-politiker-unterstuetzen-club-kultur","status":"publish","type":"post","link":"https:\/\/kulturonline.tv\/de\/berliner-politiker-unterstuetzen-club-kultur\/","title":{"rendered":"Berliner Politiker unterst\u00fctzen Club-Kultur"},"content":{"rendered":"\n<p><strong>Im Berliner Senat haben sich partei\u00fcbergreifend Abgeordnete zusammengeschlossen, die die Club-Szene der Stadt unterst\u00fctzen wollen.<\/strong><\/p>\n\n\n\n<figure class=\"wp-block-image size-large\"><img fetchpriority=\"high\" decoding=\"async\" width=\"1600\" height=\"900\" src=\"https:\/\/kulturonline.tv\/wp-content\/uploads\/2023\/05\/Kultur-Online-TV-Cub-edited-1600x900.jpg\" alt=\"\" class=\"wp-image-58953\" srcset=\"https:\/\/kulturonline.tv\/wp-content\/uploads\/2023\/05\/Kultur-Online-TV-Cub-edited-1600x900.jpg 1600w, https:\/\/kulturonline.tv\/wp-content\/uploads\/2023\/05\/Kultur-Online-TV-Cub-edited-800x450.jpg 800w, https:\/\/kulturonline.tv\/wp-content\/uploads\/2023\/05\/Kultur-Online-TV-Cub-edited-768x432.jpg 768w, https:\/\/kulturonline.tv\/wp-content\/uploads\/2023\/05\/Kultur-Online-TV-Cub-edited-1536x864.jpg 1536w, https:\/\/kulturonline.tv\/wp-content\/uploads\/2023\/05\/Kultur-Online-TV-Cub-edited-600x338.jpg 600w, https:\/\/kulturonline.tv\/wp-content\/uploads\/2023\/05\/Kultur-Online-TV-Cub-edited.jpg 1920w\" sizes=\"(max-width: 1600px) 100vw, 1600px\" \/><\/figure>\n\n\n\n<p><\/p>\n\n\n\n<p>Politiker von CDU, SPD, Gr\u00fcnen und Linken machen bei dem neuen &#8222;Parlamentarischen Forum f\u00fcr Clubkultur&#8220; mit. Weil die Club-, Konzert- und Festivalszene f\u00fcr die Hauptstadt eine gro\u00dfe kulturelle und wirtschaftliche Bedeutung habe, sei es wichtig, die Standorte zu sichern. Gerade die zahlreichen Berliner Clubs seien Orte an denen Kunst, Musik und Kultur jenseits des Mainstreams m\u00f6glich sei.<\/p>\n\n\n\n<p>Kultur Online TV<\/p>\n\n\n\n<p><\/p>\n","protected":false},"excerpt":{"rendered":"<p>Im Berliner Senat haben sich partei\u00fcbergreifend Abgeordnete zusammengeschlossen, die die Club-Szene der Stadt unterst\u00fctzen wollen. Politiker von CDU, SPD, Gr\u00fcnen und Linken machen bei dem neuen &#8222;Parlamentarischen Forum f\u00fcr Clubkultur&#8220; mit. Weil die Club-, Konzert- und Festivalszene f\u00fcr die Hauptstadt eine gro\u00dfe kulturelle und wirtschaftliche Bedeutung habe, sei es wichtig, die Standorte zu sichern. Gerade [&hellip;]<\/p>\n","protected":false},"author":2,"featured_media":58953,"comment_status":"closed","ping_status":"closed","sticky":false,"template":"","format":"standard","meta":{"_acf_changed":false,"footnotes":""},"categories":[3],"tags":[],"class_list":["post-58950","post","type-post","status-publish","format-standard","has-post-thumbnail","hentry","category-newsflash"],"acf":[],"yoast_head":"<!-- This site is optimized with the Yoast SEO plugin v26.1.1 - https:\/\/yoast.com\/wordpress\/plugins\/seo\/ -->\n<title>Berliner Politiker unterst\u00fctzen Club-Kultur - Kultur Online TV &amp; FM<\/title>\n<meta name=\"description\" content=\"Im Berliner Senat haben sich partei\u00fcbergreifend Abgeordnete zusammengeschlossen, die die Club-Szene der Stadt unterst\u00fctzen wollen.\" \/>\n<meta name=\"robots\" content=\"index, follow, max-snippet:-1, max-image-preview:large, max-video-preview:-1\" \/>\n<link rel=\"canonical\" href=\"https:\/\/kulturonline.tv\/de\/berliner-politiker-unterstuetzen-club-kultur\/\" \/>\n<meta property=\"og:locale\" content=\"de_DE\" \/>\n<meta property=\"og:type\" content=\"article\" \/>\n<meta property=\"og:title\" content=\"Berliner Politiker unterst\u00fctzen Club-Kultur - Kultur Online TV &amp; FM\" \/>\n<meta property=\"og:description\" content=\"Im Berliner Senat haben sich partei\u00fcbergreifend Abgeordnete zusammengeschlossen, die die Club-Szene der Stadt unterst\u00fctzen wollen.\" \/>\n<meta property=\"og:url\" content=\"https:\/\/kulturonline.tv\/de\/berliner-politiker-unterstuetzen-club-kultur\/\" \/>\n<meta property=\"og:site_name\" content=\"Kultur Online TV &amp; FM\" \/>\n<meta property=\"article:publisher\" content=\"https:\/\/www.facebook.com\/kulturonline.tv\" \/>\n<meta property=\"article:published_time\" content=\"2023-05-14T12:52:05+00:00\" \/>\n<meta property=\"article:modified_time\" content=\"2023-05-14T12:56:26+00:00\" \/>\n<meta property=\"og:image\" content=\"https:\/\/kulturonline.tv\/wp-content\/uploads\/2023\/05\/Kultur-Online-TV-Cub-edited.jpg\" \/>\n\t<meta property=\"og:image:width\" content=\"1920\" \/>\n\t<meta property=\"og:image:height\" content=\"1080\" \/>\n\t<meta property=\"og:image:type\" content=\"image\/jpeg\" \/>\n<meta name=\"author\" content=\"guenter.wolfgang\" \/>\n<meta name=\"twitter:card\" content=\"summary_large_image\" \/>\n<meta name=\"twitter:label1\" content=\"Verfasst von\" \/>\n\t<meta name=\"twitter:data1\" content=\"guenter.wolfgang\" \/>\n<script type=\"application\/ld+json\" class=\"yoast-schema-graph\">{\"@context\":\"https:\/\/schema.org\",\"@graph\":[{\"@type\":\"Article\",\"@id\":\"https:\/\/kulturonline.tv\/de\/berliner-politiker-unterstuetzen-club-kultur\/#article\",\"isPartOf\":{\"@id\":\"https:\/\/kulturonline.tv\/de\/berliner-politiker-unterstuetzen-club-kultur\/\"},\"author\":{\"name\":\"guenter.wolfgang\",\"@id\":\"https:\/\/kulturonline.tv\/de\/#\/schema\/person\/b0fac729bb9a0c193fb1df23449df4fe\"},\"headline\":\"Berliner Politiker unterst\u00fctzen Club-Kultur\",\"datePublished\":\"2023-05-14T12:52:05+00:00\",\"dateModified\":\"2023-05-14T12:56:26+00:00\",\"mainEntityOfPage\":{\"@id\":\"https:\/\/kulturonline.tv\/de\/berliner-politiker-unterstuetzen-club-kultur\/\"},\"wordCount\":87,\"publisher\":{\"@id\":\"https:\/\/kulturonline.tv\/de\/#organization\"},\"image\":{\"@id\":\"https:\/\/kulturonline.tv\/de\/berliner-politiker-unterstuetzen-club-kultur\/#primaryimage\"},\"thumbnailUrl\":\"https:\/\/kulturonline.tv\/wp-content\/uploads\/2023\/05\/Kultur-Online-TV-Cub-edited.jpg\",\"articleSection\":[\"Newsflash\"],\"inLanguage\":\"de\"},{\"@type\":\"WebPage\",\"@id\":\"https:\/\/kulturonline.tv\/de\/berliner-politiker-unterstuetzen-club-kultur\/\",\"url\":\"https:\/\/kulturonline.tv\/de\/berliner-politiker-unterstuetzen-club-kultur\/\",\"name\":\"Berliner Politiker unterst\u00fctzen Club-Kultur - Kultur Online TV &amp; FM\",\"isPartOf\":{\"@id\":\"https:\/\/kulturonline.tv\/de\/#website\"},\"primaryImageOfPage\":{\"@id\":\"https:\/\/kulturonline.tv\/de\/berliner-politiker-unterstuetzen-club-kultur\/#primaryimage\"},\"image\":{\"@id\":\"https:\/\/kulturonline.tv\/de\/berliner-politiker-unterstuetzen-club-kultur\/#primaryimage\"},\"thumbnailUrl\":\"https:\/\/kulturonline.tv\/wp-content\/uploads\/2023\/05\/Kultur-Online-TV-Cub-edited.jpg\",\"datePublished\":\"2023-05-14T12:52:05+00:00\",\"dateModified\":\"2023-05-14T12:56:26+00:00\",\"description\":\"Im Berliner Senat haben sich partei\u00fcbergreifend Abgeordnete zusammengeschlossen, die die Club-Szene der Stadt unterst\u00fctzen wollen.\",\"breadcrumb\":{\"@id\":\"https:\/\/kulturonline.tv\/de\/berliner-politiker-unterstuetzen-club-kultur\/#breadcrumb\"},\"inLanguage\":\"de\",\"potentialAction\":[{\"@type\":\"ReadAction\",\"target\":[\"https:\/\/kulturonline.tv\/de\/berliner-politiker-unterstuetzen-club-kultur\/\"]}]},{\"@type\":\"ImageObject\",\"inLanguage\":\"de\",\"@id\":\"https:\/\/kulturonline.tv\/de\/berliner-politiker-unterstuetzen-club-kultur\/#primaryimage\",\"url\":\"https:\/\/kulturonline.tv\/wp-content\/uploads\/2023\/05\/Kultur-Online-TV-Cub-edited.jpg\",\"contentUrl\":\"https:\/\/kulturonline.tv\/wp-content\/uploads\/2023\/05\/Kultur-Online-TV-Cub-edited.jpg\",\"width\":1920,\"height\":1080},{\"@type\":\"BreadcrumbList\",\"@id\":\"https:\/\/kulturonline.tv\/de\/berliner-politiker-unterstuetzen-club-kultur\/#breadcrumb\",\"itemListElement\":[{\"@type\":\"ListItem\",\"position\":1,\"name\":\"Startseite\",\"item\":\"https:\/\/kulturonline.tv\/de\/\"},{\"@type\":\"ListItem\",\"position\":2,\"name\":\"Berliner Politiker unterst\u00fctzen Club-Kultur\"}]},{\"@type\":\"WebSite\",\"@id\":\"https:\/\/kulturonline.tv\/de\/#website\",\"url\":\"https:\/\/kulturonline.tv\/de\/\",\"name\":\"Kultur Online TV &amp; FM\",\"description\":\"Wir sind Kultur 2.0 zum sehen &amp; h\u00f6ren\",\"publisher\":{\"@id\":\"https:\/\/kulturonline.tv\/de\/#organization\"},\"potentialAction\":[{\"@type\":\"SearchAction\",\"target\":{\"@type\":\"EntryPoint\",\"urlTemplate\":\"https:\/\/kulturonline.tv\/de\/?s={search_term_string}\"},\"query-input\":{\"@type\":\"PropertyValueSpecification\",\"valueRequired\":true,\"valueName\":\"search_term_string\"}}],\"inLanguage\":\"de\"},{\"@type\":\"Organization\",\"@id\":\"https:\/\/kulturonline.tv\/de\/#organization\",\"name\":\"Kultur Online TV\",\"url\":\"https:\/\/kulturonline.tv\/de\/\",\"logo\":{\"@type\":\"ImageObject\",\"inLanguage\":\"de\",\"@id\":\"https:\/\/kulturonline.tv\/de\/#\/schema\/logo\/image\/\",\"url\":\"https:\/\/kulturonline.tv\/wp-content\/uploads\/2021\/08\/Kultur-Online-Tv-Logo-Endversion-neu.png\",\"contentUrl\":\"https:\/\/kulturonline.tv\/wp-content\/uploads\/2021\/08\/Kultur-Online-Tv-Logo-Endversion-neu.png\",\"width\":200,\"height\":200,\"caption\":\"Kultur Online TV\"},\"image\":{\"@id\":\"https:\/\/kulturonline.tv\/de\/#\/schema\/logo\/image\/\"},\"sameAs\":[\"https:\/\/www.facebook.com\/kulturonline.tv\",\"https:\/\/www.instagram.com\/kulturonline.tv\"]},{\"@type\":\"Person\",\"@id\":\"https:\/\/kulturonline.tv\/de\/#\/schema\/person\/b0fac729bb9a0c193fb1df23449df4fe\",\"name\":\"guenter.wolfgang\"}]}<\/script>\n<!-- \/ Yoast SEO plugin. -->","yoast_head_json":{"title":"Berliner Politiker unterst\u00fctzen Club-Kultur - Kultur Online TV &amp; FM","description":"Im Berliner Senat haben sich partei\u00fcbergreifend Abgeordnete zusammengeschlossen, die die Club-Szene der Stadt unterst\u00fctzen wollen.","robots":{"index":"index","follow":"follow","max-snippet":"max-snippet:-1","max-image-preview":"max-image-preview:large","max-video-preview":"max-video-preview:-1"},"canonical":"https:\/\/kulturonline.tv\/de\/berliner-politiker-unterstuetzen-club-kultur\/","og_locale":"de_DE","og_type":"article","og_title":"Berliner Politiker unterst\u00fctzen Club-Kultur - Kultur Online TV &amp; FM","og_description":"Im Berliner Senat haben sich partei\u00fcbergreifend Abgeordnete zusammengeschlossen, die die Club-Szene der Stadt unterst\u00fctzen wollen.","og_url":"https:\/\/kulturonline.tv\/de\/berliner-politiker-unterstuetzen-club-kultur\/","og_site_name":"Kultur Online TV &amp; FM","article_publisher":"https:\/\/www.facebook.com\/kulturonline.tv","article_published_time":"2023-05-14T12:52:05+00:00","article_modified_time":"2023-05-14T12:56:26+00:00","og_image":[{"width":1920,"height":1080,"url":"https:\/\/kulturonline.tv\/wp-content\/uploads\/2023\/05\/Kultur-Online-TV-Cub-edited.jpg","type":"image\/jpeg"}],"author":"guenter.wolfgang","twitter_card":"summary_large_image","twitter_misc":{"Verfasst von":"guenter.wolfgang"},"schema":{"@context":"https:\/\/schema.org","@graph":[{"@type":"Article","@id":"https:\/\/kulturonline.tv\/de\/berliner-politiker-unterstuetzen-club-kultur\/#article","isPartOf":{"@id":"https:\/\/kulturonline.tv\/de\/berliner-politiker-unterstuetzen-club-kultur\/"},"author":{"name":"guenter.wolfgang","@id":"https:\/\/kulturonline.tv\/de\/#\/schema\/person\/b0fac729bb9a0c193fb1df23449df4fe"},"headline":"Berliner Politiker unterst\u00fctzen Club-Kultur","datePublished":"2023-05-14T12:52:05+00:00","dateModified":"2023-05-14T12:56:26+00:00","mainEntityOfPage":{"@id":"https:\/\/kulturonline.tv\/de\/berliner-politiker-unterstuetzen-club-kultur\/"},"wordCount":87,"publisher":{"@id":"https:\/\/kulturonline.tv\/de\/#organization"},"image":{"@id":"https:\/\/kulturonline.tv\/de\/berliner-politiker-unterstuetzen-club-kultur\/#primaryimage"},"thumbnailUrl":"https:\/\/kulturonline.tv\/wp-content\/uploads\/2023\/05\/Kultur-Online-TV-Cub-edited.jpg","articleSection":["Newsflash"],"inLanguage":"de"},{"@type":"WebPage","@id":"https:\/\/kulturonline.tv\/de\/berliner-politiker-unterstuetzen-club-kultur\/","url":"https:\/\/kulturonline.tv\/de\/berliner-politiker-unterstuetzen-club-kultur\/","name":"Berliner Politiker unterst\u00fctzen Club-Kultur - Kultur Online TV &amp; FM","isPartOf":{"@id":"https:\/\/kulturonline.tv\/de\/#website"},"primaryImageOfPage":{"@id":"https:\/\/kulturonline.tv\/de\/berliner-politiker-unterstuetzen-club-kultur\/#primaryimage"},"image":{"@id":"https:\/\/kulturonline.tv\/de\/berliner-politiker-unterstuetzen-club-kultur\/#primaryimage"},"thumbnailUrl":"https:\/\/kulturonline.tv\/wp-content\/uploads\/2023\/05\/Kultur-Online-TV-Cub-edited.jpg","datePublished":"2023-05-14T12:52:05+00:00","dateModified":"2023-05-14T12:56:26+00:00","description":"Im Berliner Senat haben sich partei\u00fcbergreifend Abgeordnete zusammengeschlossen, die die Club-Szene der Stadt unterst\u00fctzen wollen.","breadcrumb":{"@id":"https:\/\/kulturonline.tv\/de\/berliner-politiker-unterstuetzen-club-kultur\/#breadcrumb"},"inLanguage":"de","potentialAction":[{"@type":"ReadAction","target":["https:\/\/kulturonline.tv\/de\/berliner-politiker-unterstuetzen-club-kultur\/"]}]},{"@type":"ImageObject","inLanguage":"de","@id":"https:\/\/kulturonline.tv\/de\/berliner-politiker-unterstuetzen-club-kultur\/#primaryimage","url":"https:\/\/kulturonline.tv\/wp-content\/uploads\/2023\/05\/Kultur-Online-TV-Cub-edited.jpg","contentUrl":"https:\/\/kulturonline.tv\/wp-content\/uploads\/2023\/05\/Kultur-Online-TV-Cub-edited.jpg","width":1920,"height":1080},{"@type":"BreadcrumbList","@id":"https:\/\/kulturonline.tv\/de\/berliner-politiker-unterstuetzen-club-kultur\/#breadcrumb","itemListElement":[{"@type":"ListItem","position":1,"name":"Startseite","item":"https:\/\/kulturonline.tv\/de\/"},{"@type":"ListItem","position":2,"name":"Berliner Politiker unterst\u00fctzen Club-Kultur"}]},{"@type":"WebSite","@id":"https:\/\/kulturonline.tv\/de\/#website","url":"https:\/\/kulturonline.tv\/de\/","name":"Kultur Online TV &amp; FM","description":"Wir sind Kultur 2.0 zum sehen &amp; h\u00f6ren","publisher":{"@id":"https:\/\/kulturonline.tv\/de\/#organization"},"potentialAction":[{"@type":"SearchAction","target":{"@type":"EntryPoint","urlTemplate":"https:\/\/kulturonline.tv\/de\/?s={search_term_string}"},"query-input":{"@type":"PropertyValueSpecification","valueRequired":true,"valueName":"search_term_string"}}],"inLanguage":"de"},{"@type":"Organization","@id":"https:\/\/kulturonline.tv\/de\/#organization","name":"Kultur Online TV","url":"https:\/\/kulturonline.tv\/de\/","logo":{"@type":"ImageObject","inLanguage":"de","@id":"https:\/\/kulturonline.tv\/de\/#\/schema\/logo\/image\/","url":"https:\/\/kulturonline.tv\/wp-content\/uploads\/2021\/08\/Kultur-Online-Tv-Logo-Endversion-neu.png","contentUrl":"https:\/\/kulturonline.tv\/wp-content\/uploads\/2021\/08\/Kultur-Online-Tv-Logo-Endversion-neu.png","width":200,"height":200,"caption":"Kultur Online TV"},"image":{"@id":"https:\/\/kulturonline.tv\/de\/#\/schema\/logo\/image\/"},"sameAs":["https:\/\/www.facebook.com\/kulturonline.tv","https:\/\/www.instagram.com\/kulturonline.tv"]},{"@type":"Person","@id":"https:\/\/kulturonline.tv\/de\/#\/schema\/person\/b0fac729bb9a0c193fb1df23449df4fe","name":"guenter.wolfgang"}]}},"_links":{"self":[{"href":"https:\/\/kulturonline.tv\/de\/wp-json\/wp\/v2\/posts\/58950","targetHints":{"allow":["GET"]}}],"collection":[{"href":"https:\/\/kulturonline.tv\/de\/wp-json\/wp\/v2\/posts"}],"about":[{"href":"https:\/\/kulturonline.tv\/de\/wp-json\/wp\/v2\/types\/post"}],"author":[{"embeddable":true,"href":"https:\/\/kulturonline.tv\/de\/wp-json\/wp\/v2\/users\/2"}],"replies":[{"embeddable":true,"href":"https:\/\/kulturonline.tv\/de\/wp-json\/wp\/v2\/comments?post=58950"}],"version-history":[{"count":0,"href":"https:\/\/kulturonline.tv\/de\/wp-json\/wp\/v2\/posts\/58950\/revisions"}],"wp:featuredmedia":[{"embeddable":true,"href":"https:\/\/kulturonline.tv\/de\/wp-json\/wp\/v2\/media\/58953"}],"wp:attachment":[{"href":"https:\/\/kulturonline.tv\/de\/wp-json\/wp\/v2\/media?parent=58950"}],"wp:term":[{"taxonomy":"category","embeddable":true,"href":"https:\/\/kulturonline.tv\/de\/wp-json\/wp\/v2\/categories?post=58950"},{"taxonomy":"post_tag","embeddable":true,"href":"https:\/\/kulturonline.tv\/de\/wp-json\/wp\/v2\/tags?post=58950"}],"curies":[{"name":"wp","href":"https:\/\/api.w.org\/{rel}","templated":true}]}}