{"id":59050,"date":"2023-05-29T11:29:32","date_gmt":"2023-05-29T09:29:32","guid":{"rendered":"https:\/\/kulturonline.tv\/?p=59050"},"modified":"2024-10-17T22:14:50","modified_gmt":"2024-10-17T20:14:50","slug":"streik-legte-am-pfingstsonntag-neapels-opernhaus-lahm","status":"publish","type":"post","link":"https:\/\/kulturonline.tv\/de\/streik-legte-am-pfingstsonntag-neapels-opernhaus-lahm\/","title":{"rendered":"Streik legte am Pfingstsonntag Neapels Opernhaus lahm"},"content":{"rendered":"\n<p><strong>Das Theater San Carlo in Neapel hatte f\u00fcr Sonntag, Abend geplante Auff\u00fchrung von Giovanni Paisiellos Werk &#8222;Don Chisciotte&#8220; wegen eines Streiks der Besch\u00e4ftigten abgesagt. Die Gewerkschaften erkl\u00e4rten, dass sich der Protest gegen die Ungewissheit um die Nachfolge des franz\u00f6sischen Intendanten St\u00e9phane Lissner richte, der am 1. Juni in den Ruhestand gehen soll, ohne dass bisher gekl\u00e4rt wurde, wer auf ihn folgen soll.<\/strong><\/p>\n\n\n\n<figure class=\"wp-block-image size-full is-resized\"><img decoding=\"async\" src=\"https:\/\/kulturonline.tv\/wp-content\/uploads\/2023\/05\/Napoli_-_teatro_di_San_Carlo-edited.jpg\" alt=\"\" class=\"wp-image-59053\" width=\"840\" srcset=\"https:\/\/kulturonline.tv\/wp-content\/uploads\/2023\/05\/Napoli_-_teatro_di_San_Carlo-edited.jpg 800w, https:\/\/kulturonline.tv\/wp-content\/uploads\/2023\/05\/Napoli_-_teatro_di_San_Carlo-edited-768x432.jpg 768w, https:\/\/kulturonline.tv\/wp-content\/uploads\/2023\/05\/Napoli_-_teatro_di_San_Carlo-edited-600x338.jpg 600w\" sizes=\"(max-width: 800px) 100vw, 800px\" \/><\/figure>\n\n\n\n<h6 class=\"wp-block-heading\">Udine2812, CC BY-SA 4.0 <a href=\"https:\/\/creativecommons.org\/licenses\/by-sa\/4.0\">https:\/\/creativecommons.org\/licenses\/by-sa\/4.0<\/a>, via Wikimedia Commons<\/h6>\n\n\n\n<p>Der Fall sorgt f\u00fcr Aufsehen in Italiens Kulturwelt. Der Ministerrat in Rom hatte Anfang Mai ein Dekret verabschiedet, laut dem Intendanten von Opernh\u00e4usern mit Vollendung des 70. Lebensjahres aus dem Amt ausscheiden m\u00fcssen. Die derzeit amtierenden Intendanten, die zum Zeitpunkt des Inkrafttretens der Neuregelung das 70. Lebensjahr vollendet hatten, werden demnach am 10. Juni aus dem Amt scheiden. Diese Neuregelung hat sofortige Auswirkungen f\u00fcr Lissner, der am 23. J\u00e4nner seinen 70. Geburtstag gefeiert hatte.<\/p>\n\n\n\n<p>Italienische Medien berichteten, dass die Neuregelung von der Regierung um Premierministerin Giorgia Meloni gezielt deshalb verabschiedet worden sei, um den Intendantenposten in Neapel frei zu machen. Lissner, der unter anderem Musikdirektor der Wiener Festwochen und Intendant der Pariser Oper war, ist seit 2019 Intendant des Teatro San Carlo in Neapel. Sein Vertrag l\u00e4uft noch bis 2025. Von 2005 bis 2015 war er Intendant und k\u00fcnstlerischer Leiter der Scala und damit der erste Nicht-Italiener in dieser Position in der Geschichte des Mail\u00e4nder Operntempels.<\/p>\n\n\n\n<p>Kultur Online TV<\/p>\n","protected":false},"excerpt":{"rendered":"<p>Das Theater San Carlo in Neapel hatte f\u00fcr Sonntag, Abend geplante Auff\u00fchrung von Giovanni Paisiellos Werk &#8222;Don Chisciotte&#8220; wegen eines Streiks der Besch\u00e4ftigten abgesagt. Die Gewerkschaften erkl\u00e4rten, dass sich der Protest gegen die Ungewissheit um die Nachfolge des franz\u00f6sischen Intendanten St\u00e9phane Lissner richte, der am 1. Juni in den Ruhestand gehen soll, ohne dass bisher [&hellip;]<\/p>\n","protected":false},"author":2,"featured_media":59053,"comment_status":"closed","ping_status":"closed","sticky":false,"template":"","format":"standard","meta":{"_acf_changed":false,"footnotes":""},"categories":[105],"tags":[],"class_list":["post-59050","post","type-post","status-publish","format-standard","has-post-thumbnail","hentry","category-theater"],"acf":[],"yoast_head":"<!-- This site is optimized with the Yoast SEO plugin v26.1.1 - https:\/\/yoast.com\/wordpress\/plugins\/seo\/ -->\n<title>Streik legte am Pfingstsonntag Neapels Opernhaus lahm - Kultur Online TV &amp; FM<\/title>\n<meta name=\"description\" content=\"Das Theater San Carlo in Neapel hatte f\u00fcr Sonntag, Abend geplante Auff\u00fchrung von Giovanni Paisiellos Werk &quot;Don Chisciotte&quot; wegen eines Streiks der Besch\u00e4ftigten abgesagt.\" \/>\n<meta name=\"robots\" content=\"index, follow, max-snippet:-1, max-image-preview:large, max-video-preview:-1\" \/>\n<link rel=\"canonical\" href=\"https:\/\/kulturonline.tv\/de\/streik-legte-am-pfingstsonntag-neapels-opernhaus-lahm\/\" \/>\n<meta property=\"og:locale\" content=\"de_DE\" \/>\n<meta property=\"og:type\" content=\"article\" \/>\n<meta property=\"og:title\" content=\"Streik legte am Pfingstsonntag Neapels Opernhaus lahm - Kultur Online TV &amp; FM\" \/>\n<meta property=\"og:description\" content=\"Das Theater San Carlo in Neapel hatte f\u00fcr Sonntag, Abend geplante Auff\u00fchrung von Giovanni Paisiellos Werk &quot;Don Chisciotte&quot; wegen eines Streiks der Besch\u00e4ftigten abgesagt.\" \/>\n<meta property=\"og:url\" content=\"https:\/\/kulturonline.tv\/de\/streik-legte-am-pfingstsonntag-neapels-opernhaus-lahm\/\" \/>\n<meta property=\"og:site_name\" content=\"Kultur Online TV &amp; FM\" \/>\n<meta property=\"article:publisher\" content=\"https:\/\/www.facebook.com\/kulturonline.tv\" \/>\n<meta property=\"article:published_time\" content=\"2023-05-29T09:29:32+00:00\" \/>\n<meta property=\"article:modified_time\" content=\"2024-10-17T20:14:50+00:00\" \/>\n<meta property=\"og:image\" content=\"https:\/\/kulturonline.tv\/wp-content\/uploads\/2023\/05\/Napoli_-_teatro_di_San_Carlo-edited.jpg\" \/>\n\t<meta property=\"og:image:width\" content=\"800\" \/>\n\t<meta property=\"og:image:height\" content=\"450\" \/>\n\t<meta property=\"og:image:type\" content=\"image\/jpeg\" \/>\n<meta name=\"author\" content=\"guenter.wolfgang\" \/>\n<meta name=\"twitter:card\" content=\"summary_large_image\" \/>\n<meta name=\"twitter:label1\" content=\"Verfasst von\" \/>\n\t<meta name=\"twitter:data1\" content=\"guenter.wolfgang\" \/>\n\t<meta name=\"twitter:label2\" content=\"Gesch\u00e4tzte Lesezeit\" \/>\n\t<meta name=\"twitter:data2\" content=\"1\u00a0Minute\" \/>\n<script type=\"application\/ld+json\" class=\"yoast-schema-graph\">{\"@context\":\"https:\/\/schema.org\",\"@graph\":[{\"@type\":\"Article\",\"@id\":\"https:\/\/kulturonline.tv\/de\/streik-legte-am-pfingstsonntag-neapels-opernhaus-lahm\/#article\",\"isPartOf\":{\"@id\":\"https:\/\/kulturonline.tv\/de\/streik-legte-am-pfingstsonntag-neapels-opernhaus-lahm\/\"},\"author\":{\"name\":\"guenter.wolfgang\",\"@id\":\"https:\/\/kulturonline.tv\/de\/#\/schema\/person\/b0fac729bb9a0c193fb1df23449df4fe\"},\"headline\":\"Streik legte am Pfingstsonntag Neapels Opernhaus lahm\",\"datePublished\":\"2023-05-29T09:29:32+00:00\",\"dateModified\":\"2024-10-17T20:14:50+00:00\",\"mainEntityOfPage\":{\"@id\":\"https:\/\/kulturonline.tv\/de\/streik-legte-am-pfingstsonntag-neapels-opernhaus-lahm\/\"},\"wordCount\":244,\"publisher\":{\"@id\":\"https:\/\/kulturonline.tv\/de\/#organization\"},\"image\":{\"@id\":\"https:\/\/kulturonline.tv\/de\/streik-legte-am-pfingstsonntag-neapels-opernhaus-lahm\/#primaryimage\"},\"thumbnailUrl\":\"https:\/\/kulturonline.tv\/wp-content\/uploads\/2023\/05\/Napoli_-_teatro_di_San_Carlo-edited.jpg\",\"articleSection\":[\"Theater\"],\"inLanguage\":\"de\"},{\"@type\":\"WebPage\",\"@id\":\"https:\/\/kulturonline.tv\/de\/streik-legte-am-pfingstsonntag-neapels-opernhaus-lahm\/\",\"url\":\"https:\/\/kulturonline.tv\/de\/streik-legte-am-pfingstsonntag-neapels-opernhaus-lahm\/\",\"name\":\"Streik legte am Pfingstsonntag Neapels Opernhaus lahm - Kultur Online TV &amp; FM\",\"isPartOf\":{\"@id\":\"https:\/\/kulturonline.tv\/de\/#website\"},\"primaryImageOfPage\":{\"@id\":\"https:\/\/kulturonline.tv\/de\/streik-legte-am-pfingstsonntag-neapels-opernhaus-lahm\/#primaryimage\"},\"image\":{\"@id\":\"https:\/\/kulturonline.tv\/de\/streik-legte-am-pfingstsonntag-neapels-opernhaus-lahm\/#primaryimage\"},\"thumbnailUrl\":\"https:\/\/kulturonline.tv\/wp-content\/uploads\/2023\/05\/Napoli_-_teatro_di_San_Carlo-edited.jpg\",\"datePublished\":\"2023-05-29T09:29:32+00:00\",\"dateModified\":\"2024-10-17T20:14:50+00:00\",\"description\":\"Das Theater San Carlo in Neapel hatte f\u00fcr Sonntag, Abend geplante Auff\u00fchrung von Giovanni Paisiellos Werk \\\"Don Chisciotte\\\" wegen eines Streiks der Besch\u00e4ftigten abgesagt.\",\"breadcrumb\":{\"@id\":\"https:\/\/kulturonline.tv\/de\/streik-legte-am-pfingstsonntag-neapels-opernhaus-lahm\/#breadcrumb\"},\"inLanguage\":\"de\",\"potentialAction\":[{\"@type\":\"ReadAction\",\"target\":[\"https:\/\/kulturonline.tv\/de\/streik-legte-am-pfingstsonntag-neapels-opernhaus-lahm\/\"]}]},{\"@type\":\"ImageObject\",\"inLanguage\":\"de\",\"@id\":\"https:\/\/kulturonline.tv\/de\/streik-legte-am-pfingstsonntag-neapels-opernhaus-lahm\/#primaryimage\",\"url\":\"https:\/\/kulturonline.tv\/wp-content\/uploads\/2023\/05\/Napoli_-_teatro_di_San_Carlo-edited.jpg\",\"contentUrl\":\"https:\/\/kulturonline.tv\/wp-content\/uploads\/2023\/05\/Napoli_-_teatro_di_San_Carlo-edited.jpg\",\"width\":800,\"height\":450},{\"@type\":\"BreadcrumbList\",\"@id\":\"https:\/\/kulturonline.tv\/de\/streik-legte-am-pfingstsonntag-neapels-opernhaus-lahm\/#breadcrumb\",\"itemListElement\":[{\"@type\":\"ListItem\",\"position\":1,\"name\":\"Startseite\",\"item\":\"https:\/\/kulturonline.tv\/de\/\"},{\"@type\":\"ListItem\",\"position\":2,\"name\":\"Streik legte am Pfingstsonntag Neapels Opernhaus lahm\"}]},{\"@type\":\"WebSite\",\"@id\":\"https:\/\/kulturonline.tv\/de\/#website\",\"url\":\"https:\/\/kulturonline.tv\/de\/\",\"name\":\"Kultur Online TV &amp; FM\",\"description\":\"Wir sind Kultur 2.0 zum sehen &amp; h\u00f6ren\",\"publisher\":{\"@id\":\"https:\/\/kulturonline.tv\/de\/#organization\"},\"potentialAction\":[{\"@type\":\"SearchAction\",\"target\":{\"@type\":\"EntryPoint\",\"urlTemplate\":\"https:\/\/kulturonline.tv\/de\/?s={search_term_string}\"},\"query-input\":{\"@type\":\"PropertyValueSpecification\",\"valueRequired\":true,\"valueName\":\"search_term_string\"}}],\"inLanguage\":\"de\"},{\"@type\":\"Organization\",\"@id\":\"https:\/\/kulturonline.tv\/de\/#organization\",\"name\":\"Kultur Online TV\",\"url\":\"https:\/\/kulturonline.tv\/de\/\",\"logo\":{\"@type\":\"ImageObject\",\"inLanguage\":\"de\",\"@id\":\"https:\/\/kulturonline.tv\/de\/#\/schema\/logo\/image\/\",\"url\":\"https:\/\/kulturonline.tv\/wp-content\/uploads\/2021\/08\/Kultur-Online-Tv-Logo-Endversion-neu.png\",\"contentUrl\":\"https:\/\/kulturonline.tv\/wp-content\/uploads\/2021\/08\/Kultur-Online-Tv-Logo-Endversion-neu.png\",\"width\":200,\"height\":200,\"caption\":\"Kultur Online TV\"},\"image\":{\"@id\":\"https:\/\/kulturonline.tv\/de\/#\/schema\/logo\/image\/\"},\"sameAs\":[\"https:\/\/www.facebook.com\/kulturonline.tv\",\"https:\/\/www.instagram.com\/kulturonline.tv\"]},{\"@type\":\"Person\",\"@id\":\"https:\/\/kulturonline.tv\/de\/#\/schema\/person\/b0fac729bb9a0c193fb1df23449df4fe\",\"name\":\"guenter.wolfgang\"}]}<\/script>\n<!-- \/ Yoast SEO plugin. -->","yoast_head_json":{"title":"Streik legte am Pfingstsonntag Neapels Opernhaus lahm - Kultur Online TV &amp; FM","description":"Das Theater San Carlo in Neapel hatte f\u00fcr Sonntag, Abend geplante Auff\u00fchrung von Giovanni Paisiellos Werk \"Don Chisciotte\" wegen eines Streiks der Besch\u00e4ftigten abgesagt.","robots":{"index":"index","follow":"follow","max-snippet":"max-snippet:-1","max-image-preview":"max-image-preview:large","max-video-preview":"max-video-preview:-1"},"canonical":"https:\/\/kulturonline.tv\/de\/streik-legte-am-pfingstsonntag-neapels-opernhaus-lahm\/","og_locale":"de_DE","og_type":"article","og_title":"Streik legte am Pfingstsonntag Neapels Opernhaus lahm - Kultur Online TV &amp; FM","og_description":"Das Theater San Carlo in Neapel hatte f\u00fcr Sonntag, Abend geplante Auff\u00fchrung von Giovanni Paisiellos Werk \"Don Chisciotte\" wegen eines Streiks der Besch\u00e4ftigten abgesagt.","og_url":"https:\/\/kulturonline.tv\/de\/streik-legte-am-pfingstsonntag-neapels-opernhaus-lahm\/","og_site_name":"Kultur Online TV &amp; FM","article_publisher":"https:\/\/www.facebook.com\/kulturonline.tv","article_published_time":"2023-05-29T09:29:32+00:00","article_modified_time":"2024-10-17T20:14:50+00:00","og_image":[{"width":800,"height":450,"url":"https:\/\/kulturonline.tv\/wp-content\/uploads\/2023\/05\/Napoli_-_teatro_di_San_Carlo-edited.jpg","type":"image\/jpeg"}],"author":"guenter.wolfgang","twitter_card":"summary_large_image","twitter_misc":{"Verfasst von":"guenter.wolfgang","Gesch\u00e4tzte Lesezeit":"1\u00a0Minute"},"schema":{"@context":"https:\/\/schema.org","@graph":[{"@type":"Article","@id":"https:\/\/kulturonline.tv\/de\/streik-legte-am-pfingstsonntag-neapels-opernhaus-lahm\/#article","isPartOf":{"@id":"https:\/\/kulturonline.tv\/de\/streik-legte-am-pfingstsonntag-neapels-opernhaus-lahm\/"},"author":{"name":"guenter.wolfgang","@id":"https:\/\/kulturonline.tv\/de\/#\/schema\/person\/b0fac729bb9a0c193fb1df23449df4fe"},"headline":"Streik legte am Pfingstsonntag Neapels Opernhaus lahm","datePublished":"2023-05-29T09:29:32+00:00","dateModified":"2024-10-17T20:14:50+00:00","mainEntityOfPage":{"@id":"https:\/\/kulturonline.tv\/de\/streik-legte-am-pfingstsonntag-neapels-opernhaus-lahm\/"},"wordCount":244,"publisher":{"@id":"https:\/\/kulturonline.tv\/de\/#organization"},"image":{"@id":"https:\/\/kulturonline.tv\/de\/streik-legte-am-pfingstsonntag-neapels-opernhaus-lahm\/#primaryimage"},"thumbnailUrl":"https:\/\/kulturonline.tv\/wp-content\/uploads\/2023\/05\/Napoli_-_teatro_di_San_Carlo-edited.jpg","articleSection":["Theater"],"inLanguage":"de"},{"@type":"WebPage","@id":"https:\/\/kulturonline.tv\/de\/streik-legte-am-pfingstsonntag-neapels-opernhaus-lahm\/","url":"https:\/\/kulturonline.tv\/de\/streik-legte-am-pfingstsonntag-neapels-opernhaus-lahm\/","name":"Streik legte am Pfingstsonntag Neapels Opernhaus lahm - Kultur Online TV &amp; FM","isPartOf":{"@id":"https:\/\/kulturonline.tv\/de\/#website"},"primaryImageOfPage":{"@id":"https:\/\/kulturonline.tv\/de\/streik-legte-am-pfingstsonntag-neapels-opernhaus-lahm\/#primaryimage"},"image":{"@id":"https:\/\/kulturonline.tv\/de\/streik-legte-am-pfingstsonntag-neapels-opernhaus-lahm\/#primaryimage"},"thumbnailUrl":"https:\/\/kulturonline.tv\/wp-content\/uploads\/2023\/05\/Napoli_-_teatro_di_San_Carlo-edited.jpg","datePublished":"2023-05-29T09:29:32+00:00","dateModified":"2024-10-17T20:14:50+00:00","description":"Das Theater San Carlo in Neapel hatte f\u00fcr Sonntag, Abend geplante Auff\u00fchrung von Giovanni Paisiellos Werk \"Don Chisciotte\" wegen eines Streiks der Besch\u00e4ftigten abgesagt.","breadcrumb":{"@id":"https:\/\/kulturonline.tv\/de\/streik-legte-am-pfingstsonntag-neapels-opernhaus-lahm\/#breadcrumb"},"inLanguage":"de","potentialAction":[{"@type":"ReadAction","target":["https:\/\/kulturonline.tv\/de\/streik-legte-am-pfingstsonntag-neapels-opernhaus-lahm\/"]}]},{"@type":"ImageObject","inLanguage":"de","@id":"https:\/\/kulturonline.tv\/de\/streik-legte-am-pfingstsonntag-neapels-opernhaus-lahm\/#primaryimage","url":"https:\/\/kulturonline.tv\/wp-content\/uploads\/2023\/05\/Napoli_-_teatro_di_San_Carlo-edited.jpg","contentUrl":"https:\/\/kulturonline.tv\/wp-content\/uploads\/2023\/05\/Napoli_-_teatro_di_San_Carlo-edited.jpg","width":800,"height":450},{"@type":"BreadcrumbList","@id":"https:\/\/kulturonline.tv\/de\/streik-legte-am-pfingstsonntag-neapels-opernhaus-lahm\/#breadcrumb","itemListElement":[{"@type":"ListItem","position":1,"name":"Startseite","item":"https:\/\/kulturonline.tv\/de\/"},{"@type":"ListItem","position":2,"name":"Streik legte am Pfingstsonntag Neapels Opernhaus lahm"}]},{"@type":"WebSite","@id":"https:\/\/kulturonline.tv\/de\/#website","url":"https:\/\/kulturonline.tv\/de\/","name":"Kultur Online TV &amp; FM","description":"Wir sind Kultur 2.0 zum sehen &amp; h\u00f6ren","publisher":{"@id":"https:\/\/kulturonline.tv\/de\/#organization"},"potentialAction":[{"@type":"SearchAction","target":{"@type":"EntryPoint","urlTemplate":"https:\/\/kulturonline.tv\/de\/?s={search_term_string}"},"query-input":{"@type":"PropertyValueSpecification","valueRequired":true,"valueName":"search_term_string"}}],"inLanguage":"de"},{"@type":"Organization","@id":"https:\/\/kulturonline.tv\/de\/#organization","name":"Kultur Online TV","url":"https:\/\/kulturonline.tv\/de\/","logo":{"@type":"ImageObject","inLanguage":"de","@id":"https:\/\/kulturonline.tv\/de\/#\/schema\/logo\/image\/","url":"https:\/\/kulturonline.tv\/wp-content\/uploads\/2021\/08\/Kultur-Online-Tv-Logo-Endversion-neu.png","contentUrl":"https:\/\/kulturonline.tv\/wp-content\/uploads\/2021\/08\/Kultur-Online-Tv-Logo-Endversion-neu.png","width":200,"height":200,"caption":"Kultur Online TV"},"image":{"@id":"https:\/\/kulturonline.tv\/de\/#\/schema\/logo\/image\/"},"sameAs":["https:\/\/www.facebook.com\/kulturonline.tv","https:\/\/www.instagram.com\/kulturonline.tv"]},{"@type":"Person","@id":"https:\/\/kulturonline.tv\/de\/#\/schema\/person\/b0fac729bb9a0c193fb1df23449df4fe","name":"guenter.wolfgang"}]}},"_links":{"self":[{"href":"https:\/\/kulturonline.tv\/de\/wp-json\/wp\/v2\/posts\/59050","targetHints":{"allow":["GET"]}}],"collection":[{"href":"https:\/\/kulturonline.tv\/de\/wp-json\/wp\/v2\/posts"}],"about":[{"href":"https:\/\/kulturonline.tv\/de\/wp-json\/wp\/v2\/types\/post"}],"author":[{"embeddable":true,"href":"https:\/\/kulturonline.tv\/de\/wp-json\/wp\/v2\/users\/2"}],"replies":[{"embeddable":true,"href":"https:\/\/kulturonline.tv\/de\/wp-json\/wp\/v2\/comments?post=59050"}],"version-history":[{"count":0,"href":"https:\/\/kulturonline.tv\/de\/wp-json\/wp\/v2\/posts\/59050\/revisions"}],"wp:featuredmedia":[{"embeddable":true,"href":"https:\/\/kulturonline.tv\/de\/wp-json\/wp\/v2\/media\/59053"}],"wp:attachment":[{"href":"https:\/\/kulturonline.tv\/de\/wp-json\/wp\/v2\/media?parent=59050"}],"wp:term":[{"taxonomy":"category","embeddable":true,"href":"https:\/\/kulturonline.tv\/de\/wp-json\/wp\/v2\/categories?post=59050"},{"taxonomy":"post_tag","embeddable":true,"href":"https:\/\/kulturonline.tv\/de\/wp-json\/wp\/v2\/tags?post=59050"}],"curies":[{"name":"wp","href":"https:\/\/api.w.org\/{rel}","templated":true}]}}