{"id":59092,"date":"2023-06-10T14:34:44","date_gmt":"2023-06-10T12:34:44","guid":{"rendered":"https:\/\/kulturonline.tv\/?p=59092"},"modified":"2024-10-17T22:16:14","modified_gmt":"2024-10-17T20:16:14","slug":"rechtsstreit-vor-alma-premiere-am-semmering","status":"publish","type":"post","link":"https:\/\/kulturonline.tv\/de\/rechtsstreit-vor-alma-premiere-am-semmering\/","title":{"rendered":"Rechtsstreit vor &#8220;Alma&#8221;-Premiere am Semmering"},"content":{"rendered":"\n<p><strong>Ein Gerichtsstreit \u00fcberschattet die f\u00fcr 23. Juni geplante Premiere des Theaterst\u00fccks &#8222;Alma &#8211; a Show biz ans Ende&#8220; von Joshua Sobol, mit dem Paulus Manker ins S\u00fcdbahnhotel am Semmering eingeladen wurde.<\/strong><\/p>\n\n\n\n<figure class=\"wp-block-image size-full is-resized\"><img fetchpriority=\"high\" decoding=\"async\" src=\"https:\/\/kulturonline.tv\/wp-content\/uploads\/2023\/06\/Nestroy_2010_45_Paulus_Manker.jpg\" alt=\"\" class=\"wp-image-59093\" width=\"841\" height=\"474\"\/><figcaption class=\"wp-element-caption\">copyright: Nestroy-Theaterpreisverleihung 2010 im Wiener Burgtheater &#8211; Wikimedia<\/figcaption><\/figure>\n\n\n\n<p>Wie mehrere Medien berichten, standen die S\u00fcdbahnhotel Kultur GmbH und Mankers ALMA Theaterproduktion GmbH zuletzt vor Gericht.<\/p>\n\n\n\n<p>Laut &#8222;ORF Nieder\u00f6sterreich&#8220; wurde der im Dezember unterzeichnete Mietvertrag im J\u00e4nner gek\u00fcndigt, im April folgte eine einstweilige Verf\u00fcgung zur R\u00e4umung des Hotels. Vorgeworfen wird Manker, dass &#8222;wesentliche Vertragsbedingungen nunmehr wiederholt verletzt und gebrochen wurden&#8220; und die beklagte Partei sich &#8222;wiederholt, und insbesondere seit Erhalt der Schl\u00fcssel, im erheblichen Ausma\u00df vertragswidrig&#8220; verhalte. Dem ORF zufolge sollen Einnahmen aus Kartenverk\u00e4ufen nicht auf das entsprechende Konto \u00fcberwiesen und R\u00e4umlichkeiten besch\u00e4digt worden sein, au\u00dferdem w\u00fcrden Abrechnungen fehlen oder seien unvollst\u00e4ndig. Paulus Manker habe die Anschuldigen abgestritten und sprach gegen\u00fcber noe.ORF.at von &#8222;L\u00fcgen und Ausreden&#8220;, die Situation am Semmering sei &#8222;die H\u00f6lle&#8220;.<\/p>\n\n\n\n<p>Laut &#8222;Kurier&#8220; d\u00fcrfte es bei Vertragsabschluss unterschiedliche Erwartungen gegeben haben und auch die Angst der S\u00fcdbahn Kultur Gmbh &#8211; vertreten durch das Leitungsduo Ingrid Skovhus und Stefan Wollmann &#8211; vorherrschen, dass ein Defizit entstehen k\u00f6nnte, zumal Investitionen zu t\u00e4tigen waren, um die Betriebsst\u00e4ttengenehmigung zu erhalten.<\/p>\n\n\n\n<p>Laut &#8222;profil&#8220; kam es vor Gericht am Freitag zu keiner Entscheidung, die Richterin habe erkl\u00e4rt, dass &#8222;die ganze Verhandlung ohnehin v\u00f6llig sinnlos&#8220; sei, da man fr\u00fchestens im September &#8222;mit einem rechtskr\u00e4ftigen Urteil&#8220; rechnen k\u00f6nne. F\u00fcr Manker ist klar: Die Premiere soll stattfinden.<\/p>\n\n\n\n<p>Kultur Online TV<\/p>\n\n\n\n<p>#news #kunst #theater #kultur<\/p>\n","protected":false},"excerpt":{"rendered":"<p>Ein Gerichtsstreit \u00fcberschattet die f\u00fcr 23. Juni geplante Premiere des Theaterst\u00fccks &#8222;Alma &#8211; a Show biz ans Ende&#8220; von Joshua Sobol, mit dem Paulus Manker ins S\u00fcdbahnhotel am Semmering eingeladen wurde. Wie mehrere Medien berichten, standen die S\u00fcdbahnhotel Kultur GmbH und Mankers ALMA Theaterproduktion GmbH zuletzt vor Gericht. Laut &#8222;ORF Nieder\u00f6sterreich&#8220; wurde der im Dezember [&hellip;]<\/p>\n","protected":false},"author":2,"featured_media":59101,"comment_status":"closed","ping_status":"closed","sticky":false,"template":"","format":"standard","meta":{"_acf_changed":false,"footnotes":""},"categories":[105],"tags":[],"class_list":["post-59092","post","type-post","status-publish","format-standard","has-post-thumbnail","hentry","category-theater"],"acf":[],"yoast_head":"<!-- This site is optimized with the Yoast SEO plugin v26.1.1 - https:\/\/yoast.com\/wordpress\/plugins\/seo\/ -->\n<title>Rechtsstreit vor &#8220;Alma&#8221;-Premiere am Semmering - Kultur Online TV &amp; FM<\/title>\n<meta name=\"description\" content=\"Ein Gerichtsstreit \u00fcberschattet die f\u00fcr 23. Juni geplante Premiere des Theaterst\u00fccks &quot;Alma - a Show biz ans Ende&quot; von Joshua Sobol, mit dem Paulus Manker ins S\u00fcdbahnhotel am Semmering eingeladen wurde.\" \/>\n<meta name=\"robots\" content=\"index, follow, max-snippet:-1, max-image-preview:large, max-video-preview:-1\" \/>\n<link rel=\"canonical\" href=\"https:\/\/kulturonline.tv\/de\/rechtsstreit-vor-alma-premiere-am-semmering\/\" \/>\n<meta property=\"og:locale\" content=\"de_DE\" \/>\n<meta property=\"og:type\" content=\"article\" \/>\n<meta property=\"og:title\" content=\"Rechtsstreit vor &#8220;Alma&#8221;-Premiere am Semmering - Kultur Online TV &amp; FM\" \/>\n<meta property=\"og:description\" content=\"Ein Gerichtsstreit \u00fcberschattet die f\u00fcr 23. Juni geplante Premiere des Theaterst\u00fccks &quot;Alma - a Show biz ans Ende&quot; von Joshua Sobol, mit dem Paulus Manker ins S\u00fcdbahnhotel am Semmering eingeladen wurde.\" \/>\n<meta property=\"og:url\" content=\"https:\/\/kulturonline.tv\/de\/rechtsstreit-vor-alma-premiere-am-semmering\/\" \/>\n<meta property=\"og:site_name\" content=\"Kultur Online TV &amp; FM\" \/>\n<meta property=\"article:publisher\" content=\"https:\/\/www.facebook.com\/kulturonline.tv\" \/>\n<meta property=\"article:published_time\" content=\"2023-06-10T12:34:44+00:00\" \/>\n<meta property=\"article:modified_time\" content=\"2024-10-17T20:16:14+00:00\" \/>\n<meta property=\"og:image\" content=\"https:\/\/kulturonline.tv\/wp-content\/uploads\/2023\/06\/Nestroy_2010_45_Paulus_Manker-3.jpg\" \/>\n\t<meta property=\"og:image:width\" content=\"1280\" \/>\n\t<meta property=\"og:image:height\" content=\"720\" \/>\n\t<meta property=\"og:image:type\" content=\"image\/jpeg\" \/>\n<meta name=\"author\" content=\"guenter.wolfgang\" \/>\n<meta name=\"twitter:card\" content=\"summary_large_image\" \/>\n<meta name=\"twitter:label1\" content=\"Verfasst von\" \/>\n\t<meta name=\"twitter:data1\" content=\"guenter.wolfgang\" \/>\n\t<meta name=\"twitter:label2\" content=\"Gesch\u00e4tzte Lesezeit\" \/>\n\t<meta name=\"twitter:data2\" content=\"1\u00a0Minute\" \/>\n<script type=\"application\/ld+json\" class=\"yoast-schema-graph\">{\"@context\":\"https:\/\/schema.org\",\"@graph\":[{\"@type\":\"Article\",\"@id\":\"https:\/\/kulturonline.tv\/de\/rechtsstreit-vor-alma-premiere-am-semmering\/#article\",\"isPartOf\":{\"@id\":\"https:\/\/kulturonline.tv\/de\/rechtsstreit-vor-alma-premiere-am-semmering\/\"},\"author\":{\"name\":\"guenter.wolfgang\",\"@id\":\"https:\/\/kulturonline.tv\/de\/#\/schema\/person\/b0fac729bb9a0c193fb1df23449df4fe\"},\"headline\":\"Rechtsstreit vor &#8220;Alma&#8221;-Premiere am Semmering\",\"datePublished\":\"2023-06-10T12:34:44+00:00\",\"dateModified\":\"2024-10-17T20:16:14+00:00\",\"mainEntityOfPage\":{\"@id\":\"https:\/\/kulturonline.tv\/de\/rechtsstreit-vor-alma-premiere-am-semmering\/\"},\"wordCount\":283,\"publisher\":{\"@id\":\"https:\/\/kulturonline.tv\/de\/#organization\"},\"image\":{\"@id\":\"https:\/\/kulturonline.tv\/de\/rechtsstreit-vor-alma-premiere-am-semmering\/#primaryimage\"},\"thumbnailUrl\":\"https:\/\/kulturonline.tv\/wp-content\/uploads\/2023\/06\/Nestroy_2010_45_Paulus_Manker-3.jpg\",\"articleSection\":[\"Theater\"],\"inLanguage\":\"de\"},{\"@type\":\"WebPage\",\"@id\":\"https:\/\/kulturonline.tv\/de\/rechtsstreit-vor-alma-premiere-am-semmering\/\",\"url\":\"https:\/\/kulturonline.tv\/de\/rechtsstreit-vor-alma-premiere-am-semmering\/\",\"name\":\"Rechtsstreit vor &#8220;Alma&#8221;-Premiere am Semmering - Kultur Online TV &amp; FM\",\"isPartOf\":{\"@id\":\"https:\/\/kulturonline.tv\/de\/#website\"},\"primaryImageOfPage\":{\"@id\":\"https:\/\/kulturonline.tv\/de\/rechtsstreit-vor-alma-premiere-am-semmering\/#primaryimage\"},\"image\":{\"@id\":\"https:\/\/kulturonline.tv\/de\/rechtsstreit-vor-alma-premiere-am-semmering\/#primaryimage\"},\"thumbnailUrl\":\"https:\/\/kulturonline.tv\/wp-content\/uploads\/2023\/06\/Nestroy_2010_45_Paulus_Manker-3.jpg\",\"datePublished\":\"2023-06-10T12:34:44+00:00\",\"dateModified\":\"2024-10-17T20:16:14+00:00\",\"description\":\"Ein Gerichtsstreit \u00fcberschattet die f\u00fcr 23. Juni geplante Premiere des Theaterst\u00fccks \\\"Alma - a Show biz ans Ende\\\" von Joshua Sobol, mit dem Paulus Manker ins S\u00fcdbahnhotel am Semmering eingeladen wurde.\",\"breadcrumb\":{\"@id\":\"https:\/\/kulturonline.tv\/de\/rechtsstreit-vor-alma-premiere-am-semmering\/#breadcrumb\"},\"inLanguage\":\"de\",\"potentialAction\":[{\"@type\":\"ReadAction\",\"target\":[\"https:\/\/kulturonline.tv\/de\/rechtsstreit-vor-alma-premiere-am-semmering\/\"]}]},{\"@type\":\"ImageObject\",\"inLanguage\":\"de\",\"@id\":\"https:\/\/kulturonline.tv\/de\/rechtsstreit-vor-alma-premiere-am-semmering\/#primaryimage\",\"url\":\"https:\/\/kulturonline.tv\/wp-content\/uploads\/2023\/06\/Nestroy_2010_45_Paulus_Manker-3.jpg\",\"contentUrl\":\"https:\/\/kulturonline.tv\/wp-content\/uploads\/2023\/06\/Nestroy_2010_45_Paulus_Manker-3.jpg\",\"width\":1280,\"height\":720,\"caption\":\"Nestroy-Theaterpreisverleihung 2010 im Wiener Burgtheater\"},{\"@type\":\"BreadcrumbList\",\"@id\":\"https:\/\/kulturonline.tv\/de\/rechtsstreit-vor-alma-premiere-am-semmering\/#breadcrumb\",\"itemListElement\":[{\"@type\":\"ListItem\",\"position\":1,\"name\":\"Startseite\",\"item\":\"https:\/\/kulturonline.tv\/de\/\"},{\"@type\":\"ListItem\",\"position\":2,\"name\":\"Rechtsstreit vor &#8220;Alma&#8221;-Premiere am Semmering\"}]},{\"@type\":\"WebSite\",\"@id\":\"https:\/\/kulturonline.tv\/de\/#website\",\"url\":\"https:\/\/kulturonline.tv\/de\/\",\"name\":\"Kultur Online TV &amp; FM\",\"description\":\"Wir sind Kultur 2.0 zum sehen &amp; h\u00f6ren\",\"publisher\":{\"@id\":\"https:\/\/kulturonline.tv\/de\/#organization\"},\"potentialAction\":[{\"@type\":\"SearchAction\",\"target\":{\"@type\":\"EntryPoint\",\"urlTemplate\":\"https:\/\/kulturonline.tv\/de\/?s={search_term_string}\"},\"query-input\":{\"@type\":\"PropertyValueSpecification\",\"valueRequired\":true,\"valueName\":\"search_term_string\"}}],\"inLanguage\":\"de\"},{\"@type\":\"Organization\",\"@id\":\"https:\/\/kulturonline.tv\/de\/#organization\",\"name\":\"Kultur Online TV\",\"url\":\"https:\/\/kulturonline.tv\/de\/\",\"logo\":{\"@type\":\"ImageObject\",\"inLanguage\":\"de\",\"@id\":\"https:\/\/kulturonline.tv\/de\/#\/schema\/logo\/image\/\",\"url\":\"https:\/\/kulturonline.tv\/wp-content\/uploads\/2021\/08\/Kultur-Online-Tv-Logo-Endversion-neu.png\",\"contentUrl\":\"https:\/\/kulturonline.tv\/wp-content\/uploads\/2021\/08\/Kultur-Online-Tv-Logo-Endversion-neu.png\",\"width\":200,\"height\":200,\"caption\":\"Kultur Online TV\"},\"image\":{\"@id\":\"https:\/\/kulturonline.tv\/de\/#\/schema\/logo\/image\/\"},\"sameAs\":[\"https:\/\/www.facebook.com\/kulturonline.tv\",\"https:\/\/www.instagram.com\/kulturonline.tv\"]},{\"@type\":\"Person\",\"@id\":\"https:\/\/kulturonline.tv\/de\/#\/schema\/person\/b0fac729bb9a0c193fb1df23449df4fe\",\"name\":\"guenter.wolfgang\"}]}<\/script>\n<!-- \/ Yoast SEO plugin. -->","yoast_head_json":{"title":"Rechtsstreit vor &#8220;Alma&#8221;-Premiere am Semmering - Kultur Online TV &amp; FM","description":"Ein Gerichtsstreit \u00fcberschattet die f\u00fcr 23. Juni geplante Premiere des Theaterst\u00fccks \"Alma - a Show biz ans Ende\" von Joshua Sobol, mit dem Paulus Manker ins S\u00fcdbahnhotel am Semmering eingeladen wurde.","robots":{"index":"index","follow":"follow","max-snippet":"max-snippet:-1","max-image-preview":"max-image-preview:large","max-video-preview":"max-video-preview:-1"},"canonical":"https:\/\/kulturonline.tv\/de\/rechtsstreit-vor-alma-premiere-am-semmering\/","og_locale":"de_DE","og_type":"article","og_title":"Rechtsstreit vor &#8220;Alma&#8221;-Premiere am Semmering - Kultur Online TV &amp; FM","og_description":"Ein Gerichtsstreit \u00fcberschattet die f\u00fcr 23. Juni geplante Premiere des Theaterst\u00fccks \"Alma - a Show biz ans Ende\" von Joshua Sobol, mit dem Paulus Manker ins S\u00fcdbahnhotel am Semmering eingeladen wurde.","og_url":"https:\/\/kulturonline.tv\/de\/rechtsstreit-vor-alma-premiere-am-semmering\/","og_site_name":"Kultur Online TV &amp; FM","article_publisher":"https:\/\/www.facebook.com\/kulturonline.tv","article_published_time":"2023-06-10T12:34:44+00:00","article_modified_time":"2024-10-17T20:16:14+00:00","og_image":[{"width":1280,"height":720,"url":"https:\/\/kulturonline.tv\/wp-content\/uploads\/2023\/06\/Nestroy_2010_45_Paulus_Manker-3.jpg","type":"image\/jpeg"}],"author":"guenter.wolfgang","twitter_card":"summary_large_image","twitter_misc":{"Verfasst von":"guenter.wolfgang","Gesch\u00e4tzte Lesezeit":"1\u00a0Minute"},"schema":{"@context":"https:\/\/schema.org","@graph":[{"@type":"Article","@id":"https:\/\/kulturonline.tv\/de\/rechtsstreit-vor-alma-premiere-am-semmering\/#article","isPartOf":{"@id":"https:\/\/kulturonline.tv\/de\/rechtsstreit-vor-alma-premiere-am-semmering\/"},"author":{"name":"guenter.wolfgang","@id":"https:\/\/kulturonline.tv\/de\/#\/schema\/person\/b0fac729bb9a0c193fb1df23449df4fe"},"headline":"Rechtsstreit vor &#8220;Alma&#8221;-Premiere am Semmering","datePublished":"2023-06-10T12:34:44+00:00","dateModified":"2024-10-17T20:16:14+00:00","mainEntityOfPage":{"@id":"https:\/\/kulturonline.tv\/de\/rechtsstreit-vor-alma-premiere-am-semmering\/"},"wordCount":283,"publisher":{"@id":"https:\/\/kulturonline.tv\/de\/#organization"},"image":{"@id":"https:\/\/kulturonline.tv\/de\/rechtsstreit-vor-alma-premiere-am-semmering\/#primaryimage"},"thumbnailUrl":"https:\/\/kulturonline.tv\/wp-content\/uploads\/2023\/06\/Nestroy_2010_45_Paulus_Manker-3.jpg","articleSection":["Theater"],"inLanguage":"de"},{"@type":"WebPage","@id":"https:\/\/kulturonline.tv\/de\/rechtsstreit-vor-alma-premiere-am-semmering\/","url":"https:\/\/kulturonline.tv\/de\/rechtsstreit-vor-alma-premiere-am-semmering\/","name":"Rechtsstreit vor &#8220;Alma&#8221;-Premiere am Semmering - Kultur Online TV &amp; FM","isPartOf":{"@id":"https:\/\/kulturonline.tv\/de\/#website"},"primaryImageOfPage":{"@id":"https:\/\/kulturonline.tv\/de\/rechtsstreit-vor-alma-premiere-am-semmering\/#primaryimage"},"image":{"@id":"https:\/\/kulturonline.tv\/de\/rechtsstreit-vor-alma-premiere-am-semmering\/#primaryimage"},"thumbnailUrl":"https:\/\/kulturonline.tv\/wp-content\/uploads\/2023\/06\/Nestroy_2010_45_Paulus_Manker-3.jpg","datePublished":"2023-06-10T12:34:44+00:00","dateModified":"2024-10-17T20:16:14+00:00","description":"Ein Gerichtsstreit \u00fcberschattet die f\u00fcr 23. Juni geplante Premiere des Theaterst\u00fccks \"Alma - a Show biz ans Ende\" von Joshua Sobol, mit dem Paulus Manker ins S\u00fcdbahnhotel am Semmering eingeladen wurde.","breadcrumb":{"@id":"https:\/\/kulturonline.tv\/de\/rechtsstreit-vor-alma-premiere-am-semmering\/#breadcrumb"},"inLanguage":"de","potentialAction":[{"@type":"ReadAction","target":["https:\/\/kulturonline.tv\/de\/rechtsstreit-vor-alma-premiere-am-semmering\/"]}]},{"@type":"ImageObject","inLanguage":"de","@id":"https:\/\/kulturonline.tv\/de\/rechtsstreit-vor-alma-premiere-am-semmering\/#primaryimage","url":"https:\/\/kulturonline.tv\/wp-content\/uploads\/2023\/06\/Nestroy_2010_45_Paulus_Manker-3.jpg","contentUrl":"https:\/\/kulturonline.tv\/wp-content\/uploads\/2023\/06\/Nestroy_2010_45_Paulus_Manker-3.jpg","width":1280,"height":720,"caption":"Nestroy-Theaterpreisverleihung 2010 im Wiener Burgtheater"},{"@type":"BreadcrumbList","@id":"https:\/\/kulturonline.tv\/de\/rechtsstreit-vor-alma-premiere-am-semmering\/#breadcrumb","itemListElement":[{"@type":"ListItem","position":1,"name":"Startseite","item":"https:\/\/kulturonline.tv\/de\/"},{"@type":"ListItem","position":2,"name":"Rechtsstreit vor &#8220;Alma&#8221;-Premiere am Semmering"}]},{"@type":"WebSite","@id":"https:\/\/kulturonline.tv\/de\/#website","url":"https:\/\/kulturonline.tv\/de\/","name":"Kultur Online TV &amp; FM","description":"Wir sind Kultur 2.0 zum sehen &amp; h\u00f6ren","publisher":{"@id":"https:\/\/kulturonline.tv\/de\/#organization"},"potentialAction":[{"@type":"SearchAction","target":{"@type":"EntryPoint","urlTemplate":"https:\/\/kulturonline.tv\/de\/?s={search_term_string}"},"query-input":{"@type":"PropertyValueSpecification","valueRequired":true,"valueName":"search_term_string"}}],"inLanguage":"de"},{"@type":"Organization","@id":"https:\/\/kulturonline.tv\/de\/#organization","name":"Kultur Online TV","url":"https:\/\/kulturonline.tv\/de\/","logo":{"@type":"ImageObject","inLanguage":"de","@id":"https:\/\/kulturonline.tv\/de\/#\/schema\/logo\/image\/","url":"https:\/\/kulturonline.tv\/wp-content\/uploads\/2021\/08\/Kultur-Online-Tv-Logo-Endversion-neu.png","contentUrl":"https:\/\/kulturonline.tv\/wp-content\/uploads\/2021\/08\/Kultur-Online-Tv-Logo-Endversion-neu.png","width":200,"height":200,"caption":"Kultur Online TV"},"image":{"@id":"https:\/\/kulturonline.tv\/de\/#\/schema\/logo\/image\/"},"sameAs":["https:\/\/www.facebook.com\/kulturonline.tv","https:\/\/www.instagram.com\/kulturonline.tv"]},{"@type":"Person","@id":"https:\/\/kulturonline.tv\/de\/#\/schema\/person\/b0fac729bb9a0c193fb1df23449df4fe","name":"guenter.wolfgang"}]}},"_links":{"self":[{"href":"https:\/\/kulturonline.tv\/de\/wp-json\/wp\/v2\/posts\/59092","targetHints":{"allow":["GET"]}}],"collection":[{"href":"https:\/\/kulturonline.tv\/de\/wp-json\/wp\/v2\/posts"}],"about":[{"href":"https:\/\/kulturonline.tv\/de\/wp-json\/wp\/v2\/types\/post"}],"author":[{"embeddable":true,"href":"https:\/\/kulturonline.tv\/de\/wp-json\/wp\/v2\/users\/2"}],"replies":[{"embeddable":true,"href":"https:\/\/kulturonline.tv\/de\/wp-json\/wp\/v2\/comments?post=59092"}],"version-history":[{"count":0,"href":"https:\/\/kulturonline.tv\/de\/wp-json\/wp\/v2\/posts\/59092\/revisions"}],"wp:featuredmedia":[{"embeddable":true,"href":"https:\/\/kulturonline.tv\/de\/wp-json\/wp\/v2\/media\/59101"}],"wp:attachment":[{"href":"https:\/\/kulturonline.tv\/de\/wp-json\/wp\/v2\/media?parent=59092"}],"wp:term":[{"taxonomy":"category","embeddable":true,"href":"https:\/\/kulturonline.tv\/de\/wp-json\/wp\/v2\/categories?post=59092"},{"taxonomy":"post_tag","embeddable":true,"href":"https:\/\/kulturonline.tv\/de\/wp-json\/wp\/v2\/tags?post=59092"}],"curies":[{"name":"wp","href":"https:\/\/api.w.org\/{rel}","templated":true}]}}