{"id":59104,"date":"2023-06-10T15:07:54","date_gmt":"2023-06-10T13:07:54","guid":{"rendered":"https:\/\/kulturonline.tv\/?p=59104"},"modified":"2024-10-17T22:06:26","modified_gmt":"2024-10-17T20:06:26","slug":"petr-popelka-wird-neuer-chefdirigent-der-wiener-symphoniker","status":"publish","type":"post","link":"https:\/\/kulturonline.tv\/de\/petr-popelka-wird-neuer-chefdirigent-der-wiener-symphoniker\/","title":{"rendered":"Petr Popelka wird neuer Chefdirigent der Wiener Symphoniker"},"content":{"rendered":"\n<p>Der tschechische Dirigent\u00a0<strong>Petr Popelka<\/strong>\u00a0wird neuer Chefdirigent der\u00a0<a href=\"https:\/\/www.wienersymphoniker.at\/\" target=\"_blank\" rel=\"noreferrer noopener\">Wiener Symphoniker<\/a>. Mit \u00fcberw\u00e4ltigender Mehrheit sprachen sich die Musiker:innen f\u00fcr die Bestellung von Petr Popelka aus. In der Saison 2023\/24 wird er als designierter Chefdirigent bereits zahlreiche Dirigate \u00fcbernehmen und sein Amt mit der Jubil\u00e4umssaison des Orchesters zu Beginn der Spielzeit 2024\/2025 f\u00fcr vorerst f\u00fcnf Jahre antreten.<\/p>\n\n\n\n<p><\/p>\n\n\n\n<figure class=\"wp-block-image size-full\"><img fetchpriority=\"high\" decoding=\"async\" width=\"1280\" height=\"853\" src=\"https:\/\/kulturonline.tv\/wp-content\/uploads\/2023\/06\/orchestra-gec8fd49d8_1280.jpg\" alt=\"\" class=\"wp-image-59107\" srcset=\"https:\/\/kulturonline.tv\/wp-content\/uploads\/2023\/06\/orchestra-gec8fd49d8_1280.jpg 1280w, https:\/\/kulturonline.tv\/wp-content\/uploads\/2023\/06\/orchestra-gec8fd49d8_1280-800x533.jpg 800w, https:\/\/kulturonline.tv\/wp-content\/uploads\/2023\/06\/orchestra-gec8fd49d8_1280-768x512.jpg 768w, https:\/\/kulturonline.tv\/wp-content\/uploads\/2023\/06\/orchestra-gec8fd49d8_1280-600x400.jpg 600w\" sizes=\"(max-width: 1280px) 100vw, 1280px\" \/><\/figure>\n\n\n\n<h6 class=\"wp-block-heading\">Steven Pisano, CC BY 2.0 <a href=\"https:\/\/creativecommons.org\/licenses\/by\/2.0\">https:\/\/creativecommons.org\/licenses\/by\/2.0<\/a>, via Wikimedia Commons<\/h6>\n\n\n\n<p>\u201eIch freue mich ganz besonders \u00fcber die Entscheidung, die das Orchester in einer internen Abstimmung getroffen hat\u201c, sagt der Intendant der Wiener Symphoniker, Jan Nast. \u201eNachdem uns Andr\u00e9s Orozco-Estrada im Vorjahr \u00fcberraschend verlassen hat, war es dem Orchester wichtig, sich Zeit zu nehmen und ganz genau zu fragen, welche Pers\u00f6nlichkeit am besten zu den Wiener Symphonikern passt. Bei der Auswahl ging es weniger um Namen als um die Kunst und die M\u00f6glichkeit, gemeinsame Visionen zu verwirklichen. Die Auff\u00fchrung von Gustav Mahlers erster Symphonie mit Petr Popelka war f\u00fcr viele Musikerinnen und Musiker \u2013 und auch f\u00fcr mich pers\u00f6nlich \u2013 denkw\u00fcrdig. Pl\u00f6tzlich haben wir alle gesp\u00fcrt, dass etwas Einmaliges in der Luft lag. Die Zusammenarbeit mit ihm ist inspirierend, befruchtend, stets dialogisch und von einer gemeinsamen kreativen Begeisterung gepr\u00e4gt. Ich freue mich, dass Petr Popelka mit den Wiener Symphonikern auf Augenh\u00f6he in die Zukunft gehen wird, und ich bin fest davon \u00fcberzeugt, dass wir mit ihm einen Ausnahmek\u00fcnstler gefunden haben, mit dem wir als Orchester langfristig den unverwechselbaren Geist des Orchesters weiterentwickeln k\u00f6nnen.\u201c<\/p>\n\n\n\n<p>Petr Popelka wurde 1986 in Prag geboren, erhielt eine Ausbildung als Kontrabassist in Prag und Freiburg und spielte als Kontrabassist bei der S\u00e4chsischen Staatskapelle Dresden, unter anderem unter Chefdirigent Christian Thielemann. Popelka ist Chefdirigent des Norwegischen Rundfunkorchesters Oslo und leitet das Prager Rundfunkorchester. Gleichzeitig ist er als Komponist t\u00e4tig.<\/p>\n\n\n\n<p>\u201eChefdirigent der Wiener Symphoniker zu werden, macht mich sehr gl\u00fccklich\u201c, sagt Popelka. \u201eSchon als Jugendlicher bin ich regelm\u00e4\u00dfig mit meinen Eltern von Prag nach Wien gefahren, um in dieser Stadt die besten Orchester der Welt zu h\u00f6ren. Die Wiener Symphoniker sind f\u00fcr mich die musikalische Verk\u00f6rperung Wiens, ein Orchester, das den Geist der Stadt aufsp\u00fcrt und abbildet, ein Ensemble mit gro\u00dfer Tradition, vor allen Dingen aber ein Orchester, das stets modernen Pioniergeist verk\u00f6rpert hat \u2013 sowohl was das Repertoire betrifft als auch die Aufgaben eines Orchesters innerhalb der Gesellschaft. Wenn ich gefragt werde, wie ich mir die Reise mit den Wiener Symphonikern vorstelle, denke ich an meinen kleinen Sohn: Was f\u00fcr ein Orchester wollen wir der n\u00e4chsten Generation \u00fcbergeben? <\/p>\n\n\n\n<p>Wie funktioniert ein modernes Orchester, in dem wir miteinander und auf Augenh\u00f6he musizieren? Wie k\u00f6nnen wir gemeinsam die Tugenden der Wiener Symphoniker pflegen und st\u00e4rken? Bei meinen Dirigaten mit den Wiener Symphonikern habe ich stets die gro\u00dfe Leidenschaft der Musikerinnen und Musiker gesp\u00fcrt, die M\u00f6glichkeit, sich im Moment gemeinsam in der Musik aufzul\u00f6sen \u2013 ein Lodern und Brennen f\u00fcr die Sache: f\u00fcr die Musik! Gemeinsam haben wir die Chance, ein modernes Orchester zu beleben, das mitten in der Welt steht.\u201c<\/p>\n\n\n\n<p>Auch Wiens Kulturstadtr\u00e4tin Veronica Kaup-Hasler freut sich \u00fcber den neuen Chefdirigenten. \u201eMit Petr Popelka haben wir einen K\u00fcnstler f\u00fcr Wien gewinnen k\u00f6nnen, der ein Orchester stets als Medium von und f\u00fcr Menschen versteht. Genau daf\u00fcr stehen auch die Wiener Symphoniker: das Orchester der Stadt, das Echo der Stadt, den Klang der Stadt Wien. Ich freue mich auf den Weg und die Entwicklung von Petr Popelka mit den Wiener Symphonikern und bin sicher, dass auch die Zuh\u00f6rerinnen und Zuh\u00f6rer mit auf eine spannende Reise genommen werden.\u201c<\/p>\n\n\n\n<p>Alexander Wrabetz, Aufsichtsratspr\u00e4sident der Wiener Symphoniker, erkl\u00e4rt: \u201eAls 17. Chefdirigent der Wiener Symphoniker wird Petr Popelka p\u00fcnktlich zur Jubil\u00e4umssaison 2024\/25 sein Amt antreten. Er steht in einer langen und gro\u00dfen Tradition, in der das Orchester sich stets als kulturelle Innovationskraft gezeigt hat. Ich freue mich, dass Petr Popelka einen jungen Geist mitbringt, ein Bewusstsein f\u00fcr die Herausforderungen und die gro\u00dfen Umbr\u00fcche der Gegenwart hat und dass es sein erkl\u00e4rtes Ziel ist, die Wiener Symphoniker als modernes Orchester zu definieren. Ich freue mich auf den gemeinsamen Weg und die vielen musikalischen Entdeckungen.\u201c<\/p>\n\n\n\n<p>Der Orchestervorstand der Wiener Symphoniker, Thomas Schindl, betont: \u201eMit Petr Popelka haben wir uns f\u00fcr einen Dirigenten entschieden, f\u00fcr den die Musik und die Menschen gleichsam im Vordergrund stehen. Ein Musiker mit spannenden Ideen und gro\u00dfer Musikalit\u00e4t und \u2013 als ehemaliger Kontrabassist \u2013 einem tiefen Verst\u00e4ndnis f\u00fcr das Orchester. Ich bin sicher, dass wir mit Petr Popelka einen Chefdirigenten gew\u00e4hlt haben, der mit dem Orchester eine eigene musikalische Sprache entwickeln wird.<\/p>\n\n\n\n<p>Kultur Online TV<\/p>\n\n\n\n<p>#news #musik #theater<\/p>\n","protected":false},"excerpt":{"rendered":"<p>Der tschechische Dirigent\u00a0Petr Popelka\u00a0wird neuer Chefdirigent der\u00a0Wiener Symphoniker. Mit \u00fcberw\u00e4ltigender Mehrheit sprachen sich die Musiker:innen f\u00fcr die Bestellung von Petr Popelka aus. In der Saison 2023\/24 wird er als designierter Chefdirigent bereits zahlreiche Dirigate \u00fcbernehmen und sein Amt mit der Jubil\u00e4umssaison des Orchesters zu Beginn der Spielzeit 2024\/2025 f\u00fcr vorerst f\u00fcnf Jahre antreten. Steven Pisano, [&hellip;]<\/p>\n","protected":false},"author":2,"featured_media":59107,"comment_status":"closed","ping_status":"closed","sticky":false,"template":"","format":"standard","meta":{"_acf_changed":false,"footnotes":""},"categories":[19],"tags":[],"class_list":["post-59104","post","type-post","status-publish","format-standard","has-post-thumbnail","hentry","category-musik"],"acf":[],"yoast_head":"<!-- This site is optimized with the Yoast SEO plugin v26.1.1 - https:\/\/yoast.com\/wordpress\/plugins\/seo\/ -->\n<title>Petr Popelka wird neuer Chefdirigent der Wiener Symphoniker - Kultur Online TV &amp; FM<\/title>\n<meta name=\"description\" content=\"Kultur sehen und H\u00f6ren\" \/>\n<meta name=\"robots\" content=\"index, follow, max-snippet:-1, max-image-preview:large, max-video-preview:-1\" \/>\n<link rel=\"canonical\" href=\"https:\/\/kulturonline.tv\/de\/petr-popelka-wird-neuer-chefdirigent-der-wiener-symphoniker\/\" \/>\n<meta property=\"og:locale\" content=\"de_DE\" \/>\n<meta property=\"og:type\" content=\"article\" \/>\n<meta property=\"og:title\" content=\"Petr Popelka wird neuer Chefdirigent der Wiener Symphoniker - Kultur Online TV &amp; FM\" \/>\n<meta property=\"og:description\" content=\"Kultur sehen und H\u00f6ren\" \/>\n<meta property=\"og:url\" content=\"https:\/\/kulturonline.tv\/de\/petr-popelka-wird-neuer-chefdirigent-der-wiener-symphoniker\/\" \/>\n<meta property=\"og:site_name\" content=\"Kultur Online TV &amp; FM\" \/>\n<meta property=\"article:publisher\" content=\"https:\/\/www.facebook.com\/kulturonline.tv\" \/>\n<meta property=\"article:published_time\" content=\"2023-06-10T13:07:54+00:00\" \/>\n<meta property=\"article:modified_time\" content=\"2024-10-17T20:06:26+00:00\" \/>\n<meta property=\"og:image\" content=\"https:\/\/kulturonline.tv\/wp-content\/uploads\/2023\/06\/orchestra-gec8fd49d8_1280.jpg\" \/>\n\t<meta property=\"og:image:width\" content=\"1280\" \/>\n\t<meta property=\"og:image:height\" content=\"853\" \/>\n\t<meta property=\"og:image:type\" content=\"image\/jpeg\" \/>\n<meta name=\"author\" content=\"guenter.wolfgang\" \/>\n<meta name=\"twitter:card\" content=\"summary_large_image\" \/>\n<meta name=\"twitter:label1\" content=\"Verfasst von\" \/>\n\t<meta name=\"twitter:data1\" content=\"guenter.wolfgang\" \/>\n\t<meta name=\"twitter:label2\" content=\"Gesch\u00e4tzte Lesezeit\" \/>\n\t<meta name=\"twitter:data2\" content=\"4\u00a0Minuten\" \/>\n<script type=\"application\/ld+json\" class=\"yoast-schema-graph\">{\"@context\":\"https:\/\/schema.org\",\"@graph\":[{\"@type\":\"Article\",\"@id\":\"https:\/\/kulturonline.tv\/de\/petr-popelka-wird-neuer-chefdirigent-der-wiener-symphoniker\/#article\",\"isPartOf\":{\"@id\":\"https:\/\/kulturonline.tv\/de\/petr-popelka-wird-neuer-chefdirigent-der-wiener-symphoniker\/\"},\"author\":{\"name\":\"guenter.wolfgang\",\"@id\":\"https:\/\/kulturonline.tv\/de\/#\/schema\/person\/b0fac729bb9a0c193fb1df23449df4fe\"},\"headline\":\"Petr Popelka wird neuer Chefdirigent der Wiener Symphoniker\",\"datePublished\":\"2023-06-10T13:07:54+00:00\",\"dateModified\":\"2024-10-17T20:06:26+00:00\",\"mainEntityOfPage\":{\"@id\":\"https:\/\/kulturonline.tv\/de\/petr-popelka-wird-neuer-chefdirigent-der-wiener-symphoniker\/\"},\"wordCount\":803,\"publisher\":{\"@id\":\"https:\/\/kulturonline.tv\/de\/#organization\"},\"image\":{\"@id\":\"https:\/\/kulturonline.tv\/de\/petr-popelka-wird-neuer-chefdirigent-der-wiener-symphoniker\/#primaryimage\"},\"thumbnailUrl\":\"https:\/\/kulturonline.tv\/wp-content\/uploads\/2023\/06\/orchestra-gec8fd49d8_1280.jpg\",\"articleSection\":[\"Musik\"],\"inLanguage\":\"de\"},{\"@type\":\"WebPage\",\"@id\":\"https:\/\/kulturonline.tv\/de\/petr-popelka-wird-neuer-chefdirigent-der-wiener-symphoniker\/\",\"url\":\"https:\/\/kulturonline.tv\/de\/petr-popelka-wird-neuer-chefdirigent-der-wiener-symphoniker\/\",\"name\":\"Petr Popelka wird neuer Chefdirigent der Wiener Symphoniker - Kultur Online TV &amp; FM\",\"isPartOf\":{\"@id\":\"https:\/\/kulturonline.tv\/de\/#website\"},\"primaryImageOfPage\":{\"@id\":\"https:\/\/kulturonline.tv\/de\/petr-popelka-wird-neuer-chefdirigent-der-wiener-symphoniker\/#primaryimage\"},\"image\":{\"@id\":\"https:\/\/kulturonline.tv\/de\/petr-popelka-wird-neuer-chefdirigent-der-wiener-symphoniker\/#primaryimage\"},\"thumbnailUrl\":\"https:\/\/kulturonline.tv\/wp-content\/uploads\/2023\/06\/orchestra-gec8fd49d8_1280.jpg\",\"datePublished\":\"2023-06-10T13:07:54+00:00\",\"dateModified\":\"2024-10-17T20:06:26+00:00\",\"description\":\"Kultur sehen und H\u00f6ren\",\"breadcrumb\":{\"@id\":\"https:\/\/kulturonline.tv\/de\/petr-popelka-wird-neuer-chefdirigent-der-wiener-symphoniker\/#breadcrumb\"},\"inLanguage\":\"de\",\"potentialAction\":[{\"@type\":\"ReadAction\",\"target\":[\"https:\/\/kulturonline.tv\/de\/petr-popelka-wird-neuer-chefdirigent-der-wiener-symphoniker\/\"]}]},{\"@type\":\"ImageObject\",\"inLanguage\":\"de\",\"@id\":\"https:\/\/kulturonline.tv\/de\/petr-popelka-wird-neuer-chefdirigent-der-wiener-symphoniker\/#primaryimage\",\"url\":\"https:\/\/kulturonline.tv\/wp-content\/uploads\/2023\/06\/orchestra-gec8fd49d8_1280.jpg\",\"contentUrl\":\"https:\/\/kulturonline.tv\/wp-content\/uploads\/2023\/06\/orchestra-gec8fd49d8_1280.jpg\",\"width\":1280,\"height\":853},{\"@type\":\"BreadcrumbList\",\"@id\":\"https:\/\/kulturonline.tv\/de\/petr-popelka-wird-neuer-chefdirigent-der-wiener-symphoniker\/#breadcrumb\",\"itemListElement\":[{\"@type\":\"ListItem\",\"position\":1,\"name\":\"Startseite\",\"item\":\"https:\/\/kulturonline.tv\/de\/\"},{\"@type\":\"ListItem\",\"position\":2,\"name\":\"Petr Popelka wird neuer Chefdirigent der Wiener Symphoniker\"}]},{\"@type\":\"WebSite\",\"@id\":\"https:\/\/kulturonline.tv\/de\/#website\",\"url\":\"https:\/\/kulturonline.tv\/de\/\",\"name\":\"Kultur Online TV &amp; FM\",\"description\":\"Wir sind Kultur 2.0 zum sehen &amp; h\u00f6ren\",\"publisher\":{\"@id\":\"https:\/\/kulturonline.tv\/de\/#organization\"},\"potentialAction\":[{\"@type\":\"SearchAction\",\"target\":{\"@type\":\"EntryPoint\",\"urlTemplate\":\"https:\/\/kulturonline.tv\/de\/?s={search_term_string}\"},\"query-input\":{\"@type\":\"PropertyValueSpecification\",\"valueRequired\":true,\"valueName\":\"search_term_string\"}}],\"inLanguage\":\"de\"},{\"@type\":\"Organization\",\"@id\":\"https:\/\/kulturonline.tv\/de\/#organization\",\"name\":\"Kultur Online TV\",\"url\":\"https:\/\/kulturonline.tv\/de\/\",\"logo\":{\"@type\":\"ImageObject\",\"inLanguage\":\"de\",\"@id\":\"https:\/\/kulturonline.tv\/de\/#\/schema\/logo\/image\/\",\"url\":\"https:\/\/kulturonline.tv\/wp-content\/uploads\/2021\/08\/Kultur-Online-Tv-Logo-Endversion-neu.png\",\"contentUrl\":\"https:\/\/kulturonline.tv\/wp-content\/uploads\/2021\/08\/Kultur-Online-Tv-Logo-Endversion-neu.png\",\"width\":200,\"height\":200,\"caption\":\"Kultur Online TV\"},\"image\":{\"@id\":\"https:\/\/kulturonline.tv\/de\/#\/schema\/logo\/image\/\"},\"sameAs\":[\"https:\/\/www.facebook.com\/kulturonline.tv\",\"https:\/\/www.instagram.com\/kulturonline.tv\"]},{\"@type\":\"Person\",\"@id\":\"https:\/\/kulturonline.tv\/de\/#\/schema\/person\/b0fac729bb9a0c193fb1df23449df4fe\",\"name\":\"guenter.wolfgang\"}]}<\/script>\n<!-- \/ Yoast SEO plugin. -->","yoast_head_json":{"title":"Petr Popelka wird neuer Chefdirigent der Wiener Symphoniker - Kultur Online TV &amp; FM","description":"Kultur sehen und H\u00f6ren","robots":{"index":"index","follow":"follow","max-snippet":"max-snippet:-1","max-image-preview":"max-image-preview:large","max-video-preview":"max-video-preview:-1"},"canonical":"https:\/\/kulturonline.tv\/de\/petr-popelka-wird-neuer-chefdirigent-der-wiener-symphoniker\/","og_locale":"de_DE","og_type":"article","og_title":"Petr Popelka wird neuer Chefdirigent der Wiener Symphoniker - Kultur Online TV &amp; FM","og_description":"Kultur sehen und H\u00f6ren","og_url":"https:\/\/kulturonline.tv\/de\/petr-popelka-wird-neuer-chefdirigent-der-wiener-symphoniker\/","og_site_name":"Kultur Online TV &amp; FM","article_publisher":"https:\/\/www.facebook.com\/kulturonline.tv","article_published_time":"2023-06-10T13:07:54+00:00","article_modified_time":"2024-10-17T20:06:26+00:00","og_image":[{"width":1280,"height":853,"url":"https:\/\/kulturonline.tv\/wp-content\/uploads\/2023\/06\/orchestra-gec8fd49d8_1280.jpg","type":"image\/jpeg"}],"author":"guenter.wolfgang","twitter_card":"summary_large_image","twitter_misc":{"Verfasst von":"guenter.wolfgang","Gesch\u00e4tzte Lesezeit":"4\u00a0Minuten"},"schema":{"@context":"https:\/\/schema.org","@graph":[{"@type":"Article","@id":"https:\/\/kulturonline.tv\/de\/petr-popelka-wird-neuer-chefdirigent-der-wiener-symphoniker\/#article","isPartOf":{"@id":"https:\/\/kulturonline.tv\/de\/petr-popelka-wird-neuer-chefdirigent-der-wiener-symphoniker\/"},"author":{"name":"guenter.wolfgang","@id":"https:\/\/kulturonline.tv\/de\/#\/schema\/person\/b0fac729bb9a0c193fb1df23449df4fe"},"headline":"Petr Popelka wird neuer Chefdirigent der Wiener Symphoniker","datePublished":"2023-06-10T13:07:54+00:00","dateModified":"2024-10-17T20:06:26+00:00","mainEntityOfPage":{"@id":"https:\/\/kulturonline.tv\/de\/petr-popelka-wird-neuer-chefdirigent-der-wiener-symphoniker\/"},"wordCount":803,"publisher":{"@id":"https:\/\/kulturonline.tv\/de\/#organization"},"image":{"@id":"https:\/\/kulturonline.tv\/de\/petr-popelka-wird-neuer-chefdirigent-der-wiener-symphoniker\/#primaryimage"},"thumbnailUrl":"https:\/\/kulturonline.tv\/wp-content\/uploads\/2023\/06\/orchestra-gec8fd49d8_1280.jpg","articleSection":["Musik"],"inLanguage":"de"},{"@type":"WebPage","@id":"https:\/\/kulturonline.tv\/de\/petr-popelka-wird-neuer-chefdirigent-der-wiener-symphoniker\/","url":"https:\/\/kulturonline.tv\/de\/petr-popelka-wird-neuer-chefdirigent-der-wiener-symphoniker\/","name":"Petr Popelka wird neuer Chefdirigent der Wiener Symphoniker - Kultur Online TV &amp; FM","isPartOf":{"@id":"https:\/\/kulturonline.tv\/de\/#website"},"primaryImageOfPage":{"@id":"https:\/\/kulturonline.tv\/de\/petr-popelka-wird-neuer-chefdirigent-der-wiener-symphoniker\/#primaryimage"},"image":{"@id":"https:\/\/kulturonline.tv\/de\/petr-popelka-wird-neuer-chefdirigent-der-wiener-symphoniker\/#primaryimage"},"thumbnailUrl":"https:\/\/kulturonline.tv\/wp-content\/uploads\/2023\/06\/orchestra-gec8fd49d8_1280.jpg","datePublished":"2023-06-10T13:07:54+00:00","dateModified":"2024-10-17T20:06:26+00:00","description":"Kultur sehen und H\u00f6ren","breadcrumb":{"@id":"https:\/\/kulturonline.tv\/de\/petr-popelka-wird-neuer-chefdirigent-der-wiener-symphoniker\/#breadcrumb"},"inLanguage":"de","potentialAction":[{"@type":"ReadAction","target":["https:\/\/kulturonline.tv\/de\/petr-popelka-wird-neuer-chefdirigent-der-wiener-symphoniker\/"]}]},{"@type":"ImageObject","inLanguage":"de","@id":"https:\/\/kulturonline.tv\/de\/petr-popelka-wird-neuer-chefdirigent-der-wiener-symphoniker\/#primaryimage","url":"https:\/\/kulturonline.tv\/wp-content\/uploads\/2023\/06\/orchestra-gec8fd49d8_1280.jpg","contentUrl":"https:\/\/kulturonline.tv\/wp-content\/uploads\/2023\/06\/orchestra-gec8fd49d8_1280.jpg","width":1280,"height":853},{"@type":"BreadcrumbList","@id":"https:\/\/kulturonline.tv\/de\/petr-popelka-wird-neuer-chefdirigent-der-wiener-symphoniker\/#breadcrumb","itemListElement":[{"@type":"ListItem","position":1,"name":"Startseite","item":"https:\/\/kulturonline.tv\/de\/"},{"@type":"ListItem","position":2,"name":"Petr Popelka wird neuer Chefdirigent der Wiener Symphoniker"}]},{"@type":"WebSite","@id":"https:\/\/kulturonline.tv\/de\/#website","url":"https:\/\/kulturonline.tv\/de\/","name":"Kultur Online TV &amp; FM","description":"Wir sind Kultur 2.0 zum sehen &amp; h\u00f6ren","publisher":{"@id":"https:\/\/kulturonline.tv\/de\/#organization"},"potentialAction":[{"@type":"SearchAction","target":{"@type":"EntryPoint","urlTemplate":"https:\/\/kulturonline.tv\/de\/?s={search_term_string}"},"query-input":{"@type":"PropertyValueSpecification","valueRequired":true,"valueName":"search_term_string"}}],"inLanguage":"de"},{"@type":"Organization","@id":"https:\/\/kulturonline.tv\/de\/#organization","name":"Kultur Online TV","url":"https:\/\/kulturonline.tv\/de\/","logo":{"@type":"ImageObject","inLanguage":"de","@id":"https:\/\/kulturonline.tv\/de\/#\/schema\/logo\/image\/","url":"https:\/\/kulturonline.tv\/wp-content\/uploads\/2021\/08\/Kultur-Online-Tv-Logo-Endversion-neu.png","contentUrl":"https:\/\/kulturonline.tv\/wp-content\/uploads\/2021\/08\/Kultur-Online-Tv-Logo-Endversion-neu.png","width":200,"height":200,"caption":"Kultur Online TV"},"image":{"@id":"https:\/\/kulturonline.tv\/de\/#\/schema\/logo\/image\/"},"sameAs":["https:\/\/www.facebook.com\/kulturonline.tv","https:\/\/www.instagram.com\/kulturonline.tv"]},{"@type":"Person","@id":"https:\/\/kulturonline.tv\/de\/#\/schema\/person\/b0fac729bb9a0c193fb1df23449df4fe","name":"guenter.wolfgang"}]}},"_links":{"self":[{"href":"https:\/\/kulturonline.tv\/de\/wp-json\/wp\/v2\/posts\/59104","targetHints":{"allow":["GET"]}}],"collection":[{"href":"https:\/\/kulturonline.tv\/de\/wp-json\/wp\/v2\/posts"}],"about":[{"href":"https:\/\/kulturonline.tv\/de\/wp-json\/wp\/v2\/types\/post"}],"author":[{"embeddable":true,"href":"https:\/\/kulturonline.tv\/de\/wp-json\/wp\/v2\/users\/2"}],"replies":[{"embeddable":true,"href":"https:\/\/kulturonline.tv\/de\/wp-json\/wp\/v2\/comments?post=59104"}],"version-history":[{"count":0,"href":"https:\/\/kulturonline.tv\/de\/wp-json\/wp\/v2\/posts\/59104\/revisions"}],"wp:featuredmedia":[{"embeddable":true,"href":"https:\/\/kulturonline.tv\/de\/wp-json\/wp\/v2\/media\/59107"}],"wp:attachment":[{"href":"https:\/\/kulturonline.tv\/de\/wp-json\/wp\/v2\/media?parent=59104"}],"wp:term":[{"taxonomy":"category","embeddable":true,"href":"https:\/\/kulturonline.tv\/de\/wp-json\/wp\/v2\/categories?post=59104"},{"taxonomy":"post_tag","embeddable":true,"href":"https:\/\/kulturonline.tv\/de\/wp-json\/wp\/v2\/tags?post=59104"}],"curies":[{"name":"wp","href":"https:\/\/api.w.org\/{rel}","templated":true}]}}