{"id":59162,"date":"2023-06-11T12:59:37","date_gmt":"2023-06-11T10:59:37","guid":{"rendered":"https:\/\/kulturonline.tv\/unkategorisiert\/peng-preis-fuer-asterix-uebersetzerin-gudrun-penndorf"},"modified":"2024-10-17T21:50:59","modified_gmt":"2024-10-17T19:50:59","slug":"peng-preis-fuer-asterix-uebersetzerin-gudrun-penndorf","status":"publish","type":"post","link":"https:\/\/kulturonline.tv\/de\/peng-preis-fuer-asterix-uebersetzerin-gudrun-penndorf\/","title":{"rendered":"Peng!-Preis f\u00fcr Asterix-\u00dcbersetzerin Gudrun Penndorf"},"content":{"rendered":"\n<p>Gudrun Penndorf erh\u00e4lt am 10. Juni den deutschen Comicpreis &#8222;Peng!&#8220;. Im Rahmen einer Gala wird die Ehrung auf dem M\u00fcnchener Comicfestival \u00fcber die B\u00fchne gehen. Rechtzeitig zu ihrem 85. Geburtstag. Ein besonderes Geschenk f\u00fcr Gudrun Penndorf.<\/p>\n\n\n\n<figure class=\"wp-block-image size-full\"><img fetchpriority=\"high\" decoding=\"async\" width=\"1280\" height=\"720\" src=\"https:\/\/kulturonline.tv\/wp-content\/uploads\/2023\/06\/OBS_20230608_OBS0003-1-1.jpg\" alt=\"\" class=\"wp-image-59159\" srcset=\"https:\/\/kulturonline.tv\/wp-content\/uploads\/2023\/06\/OBS_20230608_OBS0003-1-1.jpg 1280w, https:\/\/kulturonline.tv\/wp-content\/uploads\/2023\/06\/OBS_20230608_OBS0003-1-1-800x450.jpg 800w, https:\/\/kulturonline.tv\/wp-content\/uploads\/2023\/06\/OBS_20230608_OBS0003-1-1-768x432.jpg 768w, https:\/\/kulturonline.tv\/wp-content\/uploads\/2023\/06\/OBS_20230608_OBS0003-1-1-600x338.jpg 600w\" sizes=\"(max-width: 1280px) 100vw, 1280px\" \/><\/figure>\n\n\n\n<p>&#8222;Es ist sch\u00f6n, dass ich dazu beitragen kann, die Textsorte Comics mit Auszeichnungen wie der Peng!-Preis oder die des Bundesverdienstkreuzes so wundervoll aufzuwerten. So ist es nicht nur f\u00fcr mich pers\u00f6nlich und mein Lebenswerk eine besondere Ehre, sondern auch f\u00fcr grafische Literatur im Allgemeinen.&#8220;<\/p>\n\n\n\n<p>Asterix spielt eine gro\u00dfe Rolle in Penndorfs Leben. Sie hat die ersten 29 Abenteuer \u00fcbersetzt und damit Comic-Geschichte geschrieben. In diesem Jahr erscheint am 26. Oktober das 40. Abenteuer der beliebten gallischen Helden.<\/p>\n\n\n\n<p>&#8222;Da fiebere ich immer mit, wenn ein neuer Band erscheint. Diesmal spielt die Geschichte im wieder gallischen Dorf. Der Titel &#8222;Die wei\u00dfe Iris&#8220; macht mich schon mal neugierig.&#8220;<\/p>\n\n\n\n<p>Neben Asterix ist Gudrun Penndorf die \u00dcbersetzerin zahlreicher Comic-Klassiker wie Lucky Luke und dem Lustigen Taschenbuch. Generationen von Lesern sind mit ihrem Werk aufgewachsen, zahlreiche Zitate aus Asterix in den deutschen Sprachgebrauch \u00fcbergegangen. Gudrun Penndorfs Wirken hat wesentlich dazu beigetragen, dass Comics in Deutschland eine breite gesellschaftliche Anerkennung erfahren haben und Auflagen in Millionenh\u00f6he erreichen. Ihre \u00dcbersetzungen wurden weit \u00fcber hundert Millionen Mal gedruckt und noch zahlreicher gelesen.<\/p>\n\n\n\n<p>Gudrun Penndorf, Jahrgang 1938, lebt bei M\u00fcnchen und ist diplomierte \u00dcbersetzerin und Dolmetscherin f\u00fcr Franz\u00f6sisch und Italienisch. Mit 40 Jahren begann sie zus\u00e4tzlich Allgemeine und Romanische Sprachwissenschaften zu studieren und schloss das Studium mit dem&nbsp;<a href=\"https:\/\/eur03.safelinks.protection.outlook.com\/?url=https%3A%2F%2Fde.wikipedia.org%2Fwiki%2FMagister_Artium&amp;data=02%7C01%7CA.Adam%40egmont.de%7C5d113ec074af4bf9f88208d85010c723%7Cd5dfa73244504094a0f950bd719272da%7C0%7C0%7C637347380275233503&amp;sdata=pdJr8G5ng1mOsmQoNxRUa3c365EAFwa0Nhvriv1TnT8%3D&amp;reserved=0\" target=\"_blank\" rel=\"noreferrer noopener\">Magister Artium (M.A.)<\/a>&nbsp;ab. Nach ein paar Jahren in der Sprachenredaktion des Langenscheidt-Verlags machte sie sich selbst\u00e4ndig und arbeitete von 1967 bis 1995 als freiberufliche \u00dcbersetzerin, in erster Linie f\u00fcr den Egmont Ehapa Verlag, den Herausgeber der Comic-Klassiker Asterix, Lucky Luke, Isnogud und Das Lustige Taschenbuch. Von 1989 bis 1999 war sie Lehrbeauftragte f\u00fcr Wirtschaftsfranz\u00f6sisch und von 1991 bis 1998 wissenschaftliche Mitarbeiterin am Institut f\u00fcr Romanische Philologie der Ludwig-Maximilian-Universit\u00e4t M\u00fcnchen. Von 1989 bis 1999 engagierte sie sich in Projekten zur Integration von vorwiegend t\u00fcrkischen Migrantinnen.<\/p>\n\n\n\n<p>Kultur Online Tv<\/p>\n\n\n\n<p>#literatur #news #preis<\/p>\n","protected":false},"excerpt":{"rendered":"<p>Gudrun Penndorf erh\u00e4lt am 10. Juni den deutschen Comicpreis &#8222;Peng!&#8220;. Im Rahmen einer Gala wird die Ehrung auf dem M\u00fcnchener Comicfestival \u00fcber die B\u00fchne gehen. Rechtzeitig zu ihrem 85. Geburtstag. Ein besonderes Geschenk f\u00fcr Gudrun Penndorf. &#8222;Es ist sch\u00f6n, dass ich dazu beitragen kann, die Textsorte Comics mit Auszeichnungen wie der Peng!-Preis oder die des [&hellip;]<\/p>\n","protected":false},"author":2,"featured_media":59160,"comment_status":"closed","ping_status":"closed","sticky":false,"template":"","format":"standard","meta":{"_acf_changed":false,"footnotes":""},"categories":[106],"tags":[],"class_list":["post-59162","post","type-post","status-publish","format-standard","has-post-thumbnail","hentry","category-literatur"],"acf":[],"yoast_head":"<!-- This site is optimized with the Yoast SEO plugin v26.1.1 - https:\/\/yoast.com\/wordpress\/plugins\/seo\/ -->\n<title>Peng!-Preis f\u00fcr Asterix-\u00dcbersetzerin Gudrun Penndorf - Kultur Online TV &amp; FM<\/title>\n<meta name=\"description\" content=\"Gudrun Penndorf erh\u00e4lt am 10. Juni den deutschen Comicpreis &quot;Peng!&quot;. Im Rahmen einer Gala wird die Ehrung auf dem M\u00fcnchener Comicfestival \u00fcber die B\u00fchne gehen.\" \/>\n<meta name=\"robots\" content=\"index, follow, max-snippet:-1, max-image-preview:large, max-video-preview:-1\" \/>\n<link rel=\"canonical\" href=\"https:\/\/kulturonline.tv\/de\/peng-preis-fuer-asterix-uebersetzerin-gudrun-penndorf\/\" \/>\n<meta property=\"og:locale\" content=\"de_DE\" \/>\n<meta property=\"og:type\" content=\"article\" \/>\n<meta property=\"og:title\" content=\"Peng!-Preis f\u00fcr Asterix-\u00dcbersetzerin Gudrun Penndorf - Kultur Online TV &amp; FM\" \/>\n<meta property=\"og:description\" content=\"Gudrun Penndorf erh\u00e4lt am 10. Juni den deutschen Comicpreis &quot;Peng!&quot;. Im Rahmen einer Gala wird die Ehrung auf dem M\u00fcnchener Comicfestival \u00fcber die B\u00fchne gehen.\" \/>\n<meta property=\"og:url\" content=\"https:\/\/kulturonline.tv\/de\/peng-preis-fuer-asterix-uebersetzerin-gudrun-penndorf\/\" \/>\n<meta property=\"og:site_name\" content=\"Kultur Online TV &amp; FM\" \/>\n<meta property=\"article:publisher\" content=\"https:\/\/www.facebook.com\/kulturonline.tv\" \/>\n<meta property=\"article:published_time\" content=\"2023-06-11T10:59:37+00:00\" \/>\n<meta property=\"article:modified_time\" content=\"2024-10-17T19:50:59+00:00\" \/>\n<meta property=\"og:image\" content=\"https:\/\/kulturonline.tv\/wp-content\/uploads\/2023\/06\/OBS_20230608_OBS0003-1-1.jpg\" \/>\n\t<meta property=\"og:image:width\" content=\"1280\" \/>\n\t<meta property=\"og:image:height\" content=\"720\" \/>\n\t<meta property=\"og:image:type\" content=\"image\/jpeg\" \/>\n<meta name=\"author\" content=\"guenter.wolfgang\" \/>\n<meta name=\"twitter:card\" content=\"summary_large_image\" \/>\n<meta name=\"twitter:label1\" content=\"Verfasst von\" \/>\n\t<meta name=\"twitter:data1\" content=\"guenter.wolfgang\" \/>\n\t<meta name=\"twitter:label2\" content=\"Gesch\u00e4tzte Lesezeit\" \/>\n\t<meta name=\"twitter:data2\" content=\"2\u00a0Minuten\" \/>\n<script type=\"application\/ld+json\" class=\"yoast-schema-graph\">{\"@context\":\"https:\/\/schema.org\",\"@graph\":[{\"@type\":\"Article\",\"@id\":\"https:\/\/kulturonline.tv\/de\/peng-preis-fuer-asterix-uebersetzerin-gudrun-penndorf\/#article\",\"isPartOf\":{\"@id\":\"https:\/\/kulturonline.tv\/de\/peng-preis-fuer-asterix-uebersetzerin-gudrun-penndorf\/\"},\"author\":{\"name\":\"guenter.wolfgang\",\"@id\":\"https:\/\/kulturonline.tv\/de\/#\/schema\/person\/b0fac729bb9a0c193fb1df23449df4fe\"},\"headline\":\"Peng!-Preis f\u00fcr Asterix-\u00dcbersetzerin Gudrun Penndorf\",\"datePublished\":\"2023-06-11T10:59:37+00:00\",\"dateModified\":\"2024-10-17T19:50:59+00:00\",\"mainEntityOfPage\":{\"@id\":\"https:\/\/kulturonline.tv\/de\/peng-preis-fuer-asterix-uebersetzerin-gudrun-penndorf\/\"},\"wordCount\":355,\"publisher\":{\"@id\":\"https:\/\/kulturonline.tv\/de\/#organization\"},\"image\":{\"@id\":\"https:\/\/kulturonline.tv\/de\/peng-preis-fuer-asterix-uebersetzerin-gudrun-penndorf\/#primaryimage\"},\"thumbnailUrl\":\"https:\/\/kulturonline.tv\/wp-content\/uploads\/2023\/06\/OBS_20230608_OBS0003-1-1.jpg\",\"articleSection\":[\"Literatur\"],\"inLanguage\":\"de\"},{\"@type\":\"WebPage\",\"@id\":\"https:\/\/kulturonline.tv\/de\/peng-preis-fuer-asterix-uebersetzerin-gudrun-penndorf\/\",\"url\":\"https:\/\/kulturonline.tv\/de\/peng-preis-fuer-asterix-uebersetzerin-gudrun-penndorf\/\",\"name\":\"Peng!-Preis f\u00fcr Asterix-\u00dcbersetzerin Gudrun Penndorf - Kultur Online TV &amp; FM\",\"isPartOf\":{\"@id\":\"https:\/\/kulturonline.tv\/de\/#website\"},\"primaryImageOfPage\":{\"@id\":\"https:\/\/kulturonline.tv\/de\/peng-preis-fuer-asterix-uebersetzerin-gudrun-penndorf\/#primaryimage\"},\"image\":{\"@id\":\"https:\/\/kulturonline.tv\/de\/peng-preis-fuer-asterix-uebersetzerin-gudrun-penndorf\/#primaryimage\"},\"thumbnailUrl\":\"https:\/\/kulturonline.tv\/wp-content\/uploads\/2023\/06\/OBS_20230608_OBS0003-1-1.jpg\",\"datePublished\":\"2023-06-11T10:59:37+00:00\",\"dateModified\":\"2024-10-17T19:50:59+00:00\",\"description\":\"Gudrun Penndorf erh\u00e4lt am 10. Juni den deutschen Comicpreis \\\"Peng!\\\". Im Rahmen einer Gala wird die Ehrung auf dem M\u00fcnchener Comicfestival \u00fcber die B\u00fchne gehen.\",\"breadcrumb\":{\"@id\":\"https:\/\/kulturonline.tv\/de\/peng-preis-fuer-asterix-uebersetzerin-gudrun-penndorf\/#breadcrumb\"},\"inLanguage\":\"de\",\"potentialAction\":[{\"@type\":\"ReadAction\",\"target\":[\"https:\/\/kulturonline.tv\/de\/peng-preis-fuer-asterix-uebersetzerin-gudrun-penndorf\/\"]}]},{\"@type\":\"ImageObject\",\"inLanguage\":\"de\",\"@id\":\"https:\/\/kulturonline.tv\/de\/peng-preis-fuer-asterix-uebersetzerin-gudrun-penndorf\/#primaryimage\",\"url\":\"https:\/\/kulturonline.tv\/wp-content\/uploads\/2023\/06\/OBS_20230608_OBS0003-1-1.jpg\",\"contentUrl\":\"https:\/\/kulturonline.tv\/wp-content\/uploads\/2023\/06\/OBS_20230608_OBS0003-1-1.jpg\",\"width\":1280,\"height\":720,\"caption\":\"Egmont Ehapa Media \/ Die Verwendung dieses Bildes f\u009fr redaktionelle Zwecke ist unter Beachtung aller mitgeteilten Nutzungsbedingungen zul\u008assig und dann auch honorarfrei. Ver\u009affentlichung ausschlie\u00a7lich mit Bildrechte-Hinweis.\"},{\"@type\":\"BreadcrumbList\",\"@id\":\"https:\/\/kulturonline.tv\/de\/peng-preis-fuer-asterix-uebersetzerin-gudrun-penndorf\/#breadcrumb\",\"itemListElement\":[{\"@type\":\"ListItem\",\"position\":1,\"name\":\"Startseite\",\"item\":\"https:\/\/kulturonline.tv\/de\/\"},{\"@type\":\"ListItem\",\"position\":2,\"name\":\"Peng!-Preis f\u00fcr Asterix-\u00dcbersetzerin Gudrun Penndorf\"}]},{\"@type\":\"WebSite\",\"@id\":\"https:\/\/kulturonline.tv\/de\/#website\",\"url\":\"https:\/\/kulturonline.tv\/de\/\",\"name\":\"Kultur Online TV &amp; FM\",\"description\":\"Wir sind Kultur 2.0 zum sehen &amp; h\u00f6ren\",\"publisher\":{\"@id\":\"https:\/\/kulturonline.tv\/de\/#organization\"},\"potentialAction\":[{\"@type\":\"SearchAction\",\"target\":{\"@type\":\"EntryPoint\",\"urlTemplate\":\"https:\/\/kulturonline.tv\/de\/?s={search_term_string}\"},\"query-input\":{\"@type\":\"PropertyValueSpecification\",\"valueRequired\":true,\"valueName\":\"search_term_string\"}}],\"inLanguage\":\"de\"},{\"@type\":\"Organization\",\"@id\":\"https:\/\/kulturonline.tv\/de\/#organization\",\"name\":\"Kultur Online TV\",\"url\":\"https:\/\/kulturonline.tv\/de\/\",\"logo\":{\"@type\":\"ImageObject\",\"inLanguage\":\"de\",\"@id\":\"https:\/\/kulturonline.tv\/de\/#\/schema\/logo\/image\/\",\"url\":\"https:\/\/kulturonline.tv\/wp-content\/uploads\/2021\/08\/Kultur-Online-Tv-Logo-Endversion-neu.png\",\"contentUrl\":\"https:\/\/kulturonline.tv\/wp-content\/uploads\/2021\/08\/Kultur-Online-Tv-Logo-Endversion-neu.png\",\"width\":200,\"height\":200,\"caption\":\"Kultur Online TV\"},\"image\":{\"@id\":\"https:\/\/kulturonline.tv\/de\/#\/schema\/logo\/image\/\"},\"sameAs\":[\"https:\/\/www.facebook.com\/kulturonline.tv\",\"https:\/\/www.instagram.com\/kulturonline.tv\"]},{\"@type\":\"Person\",\"@id\":\"https:\/\/kulturonline.tv\/de\/#\/schema\/person\/b0fac729bb9a0c193fb1df23449df4fe\",\"name\":\"guenter.wolfgang\"}]}<\/script>\n<!-- \/ Yoast SEO plugin. -->","yoast_head_json":{"title":"Peng!-Preis f\u00fcr Asterix-\u00dcbersetzerin Gudrun Penndorf - Kultur Online TV &amp; FM","description":"Gudrun Penndorf erh\u00e4lt am 10. Juni den deutschen Comicpreis \"Peng!\". Im Rahmen einer Gala wird die Ehrung auf dem M\u00fcnchener Comicfestival \u00fcber die B\u00fchne gehen.","robots":{"index":"index","follow":"follow","max-snippet":"max-snippet:-1","max-image-preview":"max-image-preview:large","max-video-preview":"max-video-preview:-1"},"canonical":"https:\/\/kulturonline.tv\/de\/peng-preis-fuer-asterix-uebersetzerin-gudrun-penndorf\/","og_locale":"de_DE","og_type":"article","og_title":"Peng!-Preis f\u00fcr Asterix-\u00dcbersetzerin Gudrun Penndorf - Kultur Online TV &amp; FM","og_description":"Gudrun Penndorf erh\u00e4lt am 10. Juni den deutschen Comicpreis \"Peng!\". Im Rahmen einer Gala wird die Ehrung auf dem M\u00fcnchener Comicfestival \u00fcber die B\u00fchne gehen.","og_url":"https:\/\/kulturonline.tv\/de\/peng-preis-fuer-asterix-uebersetzerin-gudrun-penndorf\/","og_site_name":"Kultur Online TV &amp; FM","article_publisher":"https:\/\/www.facebook.com\/kulturonline.tv","article_published_time":"2023-06-11T10:59:37+00:00","article_modified_time":"2024-10-17T19:50:59+00:00","og_image":[{"width":1280,"height":720,"url":"https:\/\/kulturonline.tv\/wp-content\/uploads\/2023\/06\/OBS_20230608_OBS0003-1-1.jpg","type":"image\/jpeg"}],"author":"guenter.wolfgang","twitter_card":"summary_large_image","twitter_misc":{"Verfasst von":"guenter.wolfgang","Gesch\u00e4tzte Lesezeit":"2\u00a0Minuten"},"schema":{"@context":"https:\/\/schema.org","@graph":[{"@type":"Article","@id":"https:\/\/kulturonline.tv\/de\/peng-preis-fuer-asterix-uebersetzerin-gudrun-penndorf\/#article","isPartOf":{"@id":"https:\/\/kulturonline.tv\/de\/peng-preis-fuer-asterix-uebersetzerin-gudrun-penndorf\/"},"author":{"name":"guenter.wolfgang","@id":"https:\/\/kulturonline.tv\/de\/#\/schema\/person\/b0fac729bb9a0c193fb1df23449df4fe"},"headline":"Peng!-Preis f\u00fcr Asterix-\u00dcbersetzerin Gudrun Penndorf","datePublished":"2023-06-11T10:59:37+00:00","dateModified":"2024-10-17T19:50:59+00:00","mainEntityOfPage":{"@id":"https:\/\/kulturonline.tv\/de\/peng-preis-fuer-asterix-uebersetzerin-gudrun-penndorf\/"},"wordCount":355,"publisher":{"@id":"https:\/\/kulturonline.tv\/de\/#organization"},"image":{"@id":"https:\/\/kulturonline.tv\/de\/peng-preis-fuer-asterix-uebersetzerin-gudrun-penndorf\/#primaryimage"},"thumbnailUrl":"https:\/\/kulturonline.tv\/wp-content\/uploads\/2023\/06\/OBS_20230608_OBS0003-1-1.jpg","articleSection":["Literatur"],"inLanguage":"de"},{"@type":"WebPage","@id":"https:\/\/kulturonline.tv\/de\/peng-preis-fuer-asterix-uebersetzerin-gudrun-penndorf\/","url":"https:\/\/kulturonline.tv\/de\/peng-preis-fuer-asterix-uebersetzerin-gudrun-penndorf\/","name":"Peng!-Preis f\u00fcr Asterix-\u00dcbersetzerin Gudrun Penndorf - Kultur Online TV &amp; FM","isPartOf":{"@id":"https:\/\/kulturonline.tv\/de\/#website"},"primaryImageOfPage":{"@id":"https:\/\/kulturonline.tv\/de\/peng-preis-fuer-asterix-uebersetzerin-gudrun-penndorf\/#primaryimage"},"image":{"@id":"https:\/\/kulturonline.tv\/de\/peng-preis-fuer-asterix-uebersetzerin-gudrun-penndorf\/#primaryimage"},"thumbnailUrl":"https:\/\/kulturonline.tv\/wp-content\/uploads\/2023\/06\/OBS_20230608_OBS0003-1-1.jpg","datePublished":"2023-06-11T10:59:37+00:00","dateModified":"2024-10-17T19:50:59+00:00","description":"Gudrun Penndorf erh\u00e4lt am 10. Juni den deutschen Comicpreis \"Peng!\". Im Rahmen einer Gala wird die Ehrung auf dem M\u00fcnchener Comicfestival \u00fcber die B\u00fchne gehen.","breadcrumb":{"@id":"https:\/\/kulturonline.tv\/de\/peng-preis-fuer-asterix-uebersetzerin-gudrun-penndorf\/#breadcrumb"},"inLanguage":"de","potentialAction":[{"@type":"ReadAction","target":["https:\/\/kulturonline.tv\/de\/peng-preis-fuer-asterix-uebersetzerin-gudrun-penndorf\/"]}]},{"@type":"ImageObject","inLanguage":"de","@id":"https:\/\/kulturonline.tv\/de\/peng-preis-fuer-asterix-uebersetzerin-gudrun-penndorf\/#primaryimage","url":"https:\/\/kulturonline.tv\/wp-content\/uploads\/2023\/06\/OBS_20230608_OBS0003-1-1.jpg","contentUrl":"https:\/\/kulturonline.tv\/wp-content\/uploads\/2023\/06\/OBS_20230608_OBS0003-1-1.jpg","width":1280,"height":720,"caption":"Egmont Ehapa Media \/ Die Verwendung dieses Bildes f\u009fr redaktionelle Zwecke ist unter Beachtung aller mitgeteilten Nutzungsbedingungen zul\u008assig und dann auch honorarfrei. Ver\u009affentlichung ausschlie\u00a7lich mit Bildrechte-Hinweis."},{"@type":"BreadcrumbList","@id":"https:\/\/kulturonline.tv\/de\/peng-preis-fuer-asterix-uebersetzerin-gudrun-penndorf\/#breadcrumb","itemListElement":[{"@type":"ListItem","position":1,"name":"Startseite","item":"https:\/\/kulturonline.tv\/de\/"},{"@type":"ListItem","position":2,"name":"Peng!-Preis f\u00fcr Asterix-\u00dcbersetzerin Gudrun Penndorf"}]},{"@type":"WebSite","@id":"https:\/\/kulturonline.tv\/de\/#website","url":"https:\/\/kulturonline.tv\/de\/","name":"Kultur Online TV &amp; FM","description":"Wir sind Kultur 2.0 zum sehen &amp; h\u00f6ren","publisher":{"@id":"https:\/\/kulturonline.tv\/de\/#organization"},"potentialAction":[{"@type":"SearchAction","target":{"@type":"EntryPoint","urlTemplate":"https:\/\/kulturonline.tv\/de\/?s={search_term_string}"},"query-input":{"@type":"PropertyValueSpecification","valueRequired":true,"valueName":"search_term_string"}}],"inLanguage":"de"},{"@type":"Organization","@id":"https:\/\/kulturonline.tv\/de\/#organization","name":"Kultur Online TV","url":"https:\/\/kulturonline.tv\/de\/","logo":{"@type":"ImageObject","inLanguage":"de","@id":"https:\/\/kulturonline.tv\/de\/#\/schema\/logo\/image\/","url":"https:\/\/kulturonline.tv\/wp-content\/uploads\/2021\/08\/Kultur-Online-Tv-Logo-Endversion-neu.png","contentUrl":"https:\/\/kulturonline.tv\/wp-content\/uploads\/2021\/08\/Kultur-Online-Tv-Logo-Endversion-neu.png","width":200,"height":200,"caption":"Kultur Online TV"},"image":{"@id":"https:\/\/kulturonline.tv\/de\/#\/schema\/logo\/image\/"},"sameAs":["https:\/\/www.facebook.com\/kulturonline.tv","https:\/\/www.instagram.com\/kulturonline.tv"]},{"@type":"Person","@id":"https:\/\/kulturonline.tv\/de\/#\/schema\/person\/b0fac729bb9a0c193fb1df23449df4fe","name":"guenter.wolfgang"}]}},"_links":{"self":[{"href":"https:\/\/kulturonline.tv\/de\/wp-json\/wp\/v2\/posts\/59162","targetHints":{"allow":["GET"]}}],"collection":[{"href":"https:\/\/kulturonline.tv\/de\/wp-json\/wp\/v2\/posts"}],"about":[{"href":"https:\/\/kulturonline.tv\/de\/wp-json\/wp\/v2\/types\/post"}],"author":[{"embeddable":true,"href":"https:\/\/kulturonline.tv\/de\/wp-json\/wp\/v2\/users\/2"}],"replies":[{"embeddable":true,"href":"https:\/\/kulturonline.tv\/de\/wp-json\/wp\/v2\/comments?post=59162"}],"version-history":[{"count":0,"href":"https:\/\/kulturonline.tv\/de\/wp-json\/wp\/v2\/posts\/59162\/revisions"}],"wp:featuredmedia":[{"embeddable":true,"href":"https:\/\/kulturonline.tv\/de\/wp-json\/wp\/v2\/media\/59160"}],"wp:attachment":[{"href":"https:\/\/kulturonline.tv\/de\/wp-json\/wp\/v2\/media?parent=59162"}],"wp:term":[{"taxonomy":"category","embeddable":true,"href":"https:\/\/kulturonline.tv\/de\/wp-json\/wp\/v2\/categories?post=59162"},{"taxonomy":"post_tag","embeddable":true,"href":"https:\/\/kulturonline.tv\/de\/wp-json\/wp\/v2\/tags?post=59162"}],"curies":[{"name":"wp","href":"https:\/\/api.w.org\/{rel}","templated":true}]}}