{"id":59190,"date":"2023-06-16T04:41:02","date_gmt":"2023-06-16T02:41:02","guid":{"rendered":"https:\/\/kulturonline.tv\/?p=59190"},"modified":"2025-06-13T23:15:10","modified_gmt":"2025-06-13T21:15:10","slug":"likes-fuer-kuehe-traktoren-und-co-anna-maria-die-agrar-influencerin","status":"publish","type":"post","link":"https:\/\/kulturonline.tv\/de\/likes-fuer-kuehe-traktoren-und-co-anna-maria-die-agrar-influencerin\/","title":{"rendered":"Likes f\u00fcr K\u00fche, Traktoren und Co.: Anna-Maria die Agrar-Influencerin"},"content":{"rendered":"\n<p>Influencer im Internet: Das sind doch die, die st\u00e4ndig um die Welt reisen, perfekte Bilder auf Instagram und Co. posten und nebenbei noch ein Heiden Geld machen, oder? <\/p>\n\n\n\n<figure class=\"wp-block-image size-full is-resized\"><img fetchpriority=\"high\" decoding=\"async\" src=\"https:\/\/kulturonline.tv\/wp-content\/uploads\/2023\/06\/ssssssssss.jpg\" alt=\"\" class=\"wp-image-59195\" width=\"840\" height=\"472\" srcset=\"https:\/\/kulturonline.tv\/wp-content\/uploads\/2023\/06\/ssssssssss.jpg 1279w, https:\/\/kulturonline.tv\/wp-content\/uploads\/2023\/06\/ssssssssss-800x450.jpg 800w, https:\/\/kulturonline.tv\/wp-content\/uploads\/2023\/06\/ssssssssss-768x432.jpg 768w, https:\/\/kulturonline.tv\/wp-content\/uploads\/2023\/06\/ssssssssss-600x337.jpg 600w\" sizes=\"(max-width: 840px) 100vw, 840px\" \/><\/figure>\n\n\n\n<h6 class=\"wp-block-heading\">Screenshot RTL Video \/ YouTube<\/h6>\n\n\n\n<p>Nicht so Anna-Maria St\u00fcrzer aus dem oberbayerischen H\u00f6henkirchen. Die 21-J\u00e4hrige betreibt mit ihrem Vater einen Hof und ist nebenbei Agrar-Influencerin: Auf Instagram teilt sie unter dem Namen &#8222;Landwirtschaft mit Anna&#8220; ihren Alltag als Landwirtin und hat schon 38 Tausend Follower. Doch postet sie nicht etwa die neusten Make-up-Hacks oder Schuh-Trends, sondern Fotos von K\u00fchen, riesigen Traktoren und Pflanzenwurzeln. <\/p>\n\n\n\n<p>Wir haben mit Anna-Maria \u00fcber ihren Erfolg auf Instagram gesprochen<\/p>\n\n\n\n<figure class=\"wp-block-audio\"><audio controls src=\"https:\/\/kulturonline.tv\/wp-content\/uploads\/2023\/06\/Likes-fuer-Kuehe.mp3\"><\/audio><\/figure>\n\n\n\n<p>Kultur Online TV-FM<\/p>\n\n\n\n<p>#news # internet #influencer<\/p>\n\n\n\n<p><\/p>\n","protected":false},"excerpt":{"rendered":"<p>Influencer im Internet: Das sind doch die, die st\u00e4ndig um die Welt reisen, perfekte Bilder auf Instagram und Co. posten und nebenbei noch ein Heiden Geld machen, oder? Screenshot RTL Video \/ YouTube Nicht so Anna-Maria St\u00fcrzer aus dem oberbayerischen H\u00f6henkirchen. Die 21-J\u00e4hrige betreibt mit ihrem Vater einen Hof und ist nebenbei Agrar-Influencerin: Auf Instagram [&hellip;]<\/p>\n","protected":false},"author":2,"featured_media":74444,"comment_status":"closed","ping_status":"closed","sticky":false,"template":"","format":"standard","meta":{"_acf_changed":false,"footnotes":""},"categories":[789],"tags":[],"class_list":["post-59190","post","type-post","status-publish","format-standard","has-post-thumbnail","hentry","category-audiothek-im-gespraech"],"acf":[],"yoast_head":"<!-- This site is optimized with the Yoast SEO plugin v26.1.1 - https:\/\/yoast.com\/wordpress\/plugins\/seo\/ -->\n<title>Likes f\u00fcr K\u00fche, Traktoren und Co.: Anna-Maria die Agrar-Influencerin - Kultur Online TV &amp; FM<\/title>\n<meta name=\"description\" content=\"Influencer im Internet: Das sind doch die, die st\u00e4ndig um die Welt reisen, perfekte Bilder auf Instagram und Co. posten und nebenbei noch ein Heiden Geld machen, oder?\" \/>\n<meta name=\"robots\" content=\"index, follow, max-snippet:-1, max-image-preview:large, max-video-preview:-1\" \/>\n<link rel=\"canonical\" href=\"https:\/\/kulturonline.tv\/de\/likes-fuer-kuehe-traktoren-und-co-anna-maria-die-agrar-influencerin\/\" \/>\n<meta property=\"og:locale\" content=\"de_DE\" \/>\n<meta property=\"og:type\" content=\"article\" \/>\n<meta property=\"og:title\" content=\"Likes f\u00fcr K\u00fche, Traktoren und Co.: Anna-Maria die Agrar-Influencerin - Kultur Online TV &amp; FM\" \/>\n<meta property=\"og:description\" content=\"Influencer im Internet: Das sind doch die, die st\u00e4ndig um die Welt reisen, perfekte Bilder auf Instagram und Co. posten und nebenbei noch ein Heiden Geld machen, oder?\" \/>\n<meta property=\"og:url\" content=\"https:\/\/kulturonline.tv\/de\/likes-fuer-kuehe-traktoren-und-co-anna-maria-die-agrar-influencerin\/\" \/>\n<meta property=\"og:site_name\" content=\"Kultur Online TV &amp; FM\" \/>\n<meta property=\"article:publisher\" content=\"https:\/\/www.facebook.com\/kulturonline.tv\" \/>\n<meta property=\"article:published_time\" content=\"2023-06-16T02:41:02+00:00\" \/>\n<meta property=\"article:modified_time\" content=\"2025-06-13T21:15:10+00:00\" \/>\n<meta property=\"og:image\" content=\"https:\/\/kulturonline.tv\/wp-content\/uploads\/2023\/06\/vvvvvvvvvvvvvvvvvvvvvvvvvv.jpg\" \/>\n\t<meta property=\"og:image:width\" content=\"998\" \/>\n\t<meta property=\"og:image:height\" content=\"902\" \/>\n\t<meta property=\"og:image:type\" content=\"image\/jpeg\" \/>\n<meta name=\"author\" content=\"guenter.wolfgang\" \/>\n<meta name=\"twitter:card\" content=\"summary_large_image\" \/>\n<meta name=\"twitter:label1\" content=\"Verfasst von\" \/>\n\t<meta name=\"twitter:data1\" content=\"guenter.wolfgang\" \/>\n\t<meta name=\"twitter:label2\" content=\"Gesch\u00e4tzte Lesezeit\" \/>\n\t<meta name=\"twitter:data2\" content=\"1\u00a0Minute\" \/>\n<script type=\"application\/ld+json\" class=\"yoast-schema-graph\">{\"@context\":\"https:\/\/schema.org\",\"@graph\":[{\"@type\":\"Article\",\"@id\":\"https:\/\/kulturonline.tv\/de\/likes-fuer-kuehe-traktoren-und-co-anna-maria-die-agrar-influencerin\/#article\",\"isPartOf\":{\"@id\":\"https:\/\/kulturonline.tv\/de\/likes-fuer-kuehe-traktoren-und-co-anna-maria-die-agrar-influencerin\/\"},\"author\":{\"name\":\"guenter.wolfgang\",\"@id\":\"https:\/\/kulturonline.tv\/de\/#\/schema\/person\/b0fac729bb9a0c193fb1df23449df4fe\"},\"headline\":\"Likes f\u00fcr K\u00fche, Traktoren und Co.: Anna-Maria die Agrar-Influencerin\",\"datePublished\":\"2023-06-16T02:41:02+00:00\",\"dateModified\":\"2025-06-13T21:15:10+00:00\",\"mainEntityOfPage\":{\"@id\":\"https:\/\/kulturonline.tv\/de\/likes-fuer-kuehe-traktoren-und-co-anna-maria-die-agrar-influencerin\/\"},\"wordCount\":121,\"publisher\":{\"@id\":\"https:\/\/kulturonline.tv\/de\/#organization\"},\"image\":{\"@id\":\"https:\/\/kulturonline.tv\/de\/likes-fuer-kuehe-traktoren-und-co-anna-maria-die-agrar-influencerin\/#primaryimage\"},\"thumbnailUrl\":\"https:\/\/kulturonline.tv\/wp-content\/uploads\/2023\/06\/vvvvvvvvvvvvvvvvvvvvvvvvvv.jpg\",\"articleSection\":[\"Audiothek im Gespr\u00e4ch\"],\"inLanguage\":\"de\"},{\"@type\":\"WebPage\",\"@id\":\"https:\/\/kulturonline.tv\/de\/likes-fuer-kuehe-traktoren-und-co-anna-maria-die-agrar-influencerin\/\",\"url\":\"https:\/\/kulturonline.tv\/de\/likes-fuer-kuehe-traktoren-und-co-anna-maria-die-agrar-influencerin\/\",\"name\":\"Likes f\u00fcr K\u00fche, Traktoren und Co.: Anna-Maria die Agrar-Influencerin - Kultur Online TV &amp; FM\",\"isPartOf\":{\"@id\":\"https:\/\/kulturonline.tv\/de\/#website\"},\"primaryImageOfPage\":{\"@id\":\"https:\/\/kulturonline.tv\/de\/likes-fuer-kuehe-traktoren-und-co-anna-maria-die-agrar-influencerin\/#primaryimage\"},\"image\":{\"@id\":\"https:\/\/kulturonline.tv\/de\/likes-fuer-kuehe-traktoren-und-co-anna-maria-die-agrar-influencerin\/#primaryimage\"},\"thumbnailUrl\":\"https:\/\/kulturonline.tv\/wp-content\/uploads\/2023\/06\/vvvvvvvvvvvvvvvvvvvvvvvvvv.jpg\",\"datePublished\":\"2023-06-16T02:41:02+00:00\",\"dateModified\":\"2025-06-13T21:15:10+00:00\",\"description\":\"Influencer im Internet: Das sind doch die, die st\u00e4ndig um die Welt reisen, perfekte Bilder auf Instagram und Co. posten und nebenbei noch ein Heiden Geld machen, oder?\",\"breadcrumb\":{\"@id\":\"https:\/\/kulturonline.tv\/de\/likes-fuer-kuehe-traktoren-und-co-anna-maria-die-agrar-influencerin\/#breadcrumb\"},\"inLanguage\":\"de\",\"potentialAction\":[{\"@type\":\"ReadAction\",\"target\":[\"https:\/\/kulturonline.tv\/de\/likes-fuer-kuehe-traktoren-und-co-anna-maria-die-agrar-influencerin\/\"]}]},{\"@type\":\"ImageObject\",\"inLanguage\":\"de\",\"@id\":\"https:\/\/kulturonline.tv\/de\/likes-fuer-kuehe-traktoren-und-co-anna-maria-die-agrar-influencerin\/#primaryimage\",\"url\":\"https:\/\/kulturonline.tv\/wp-content\/uploads\/2023\/06\/vvvvvvvvvvvvvvvvvvvvvvvvvv.jpg\",\"contentUrl\":\"https:\/\/kulturonline.tv\/wp-content\/uploads\/2023\/06\/vvvvvvvvvvvvvvvvvvvvvvvvvv.jpg\",\"width\":998,\"height\":902},{\"@type\":\"BreadcrumbList\",\"@id\":\"https:\/\/kulturonline.tv\/de\/likes-fuer-kuehe-traktoren-und-co-anna-maria-die-agrar-influencerin\/#breadcrumb\",\"itemListElement\":[{\"@type\":\"ListItem\",\"position\":1,\"name\":\"Startseite\",\"item\":\"https:\/\/kulturonline.tv\/de\/\"},{\"@type\":\"ListItem\",\"position\":2,\"name\":\"Likes f\u00fcr K\u00fche, Traktoren und Co.: Anna-Maria die Agrar-Influencerin\"}]},{\"@type\":\"WebSite\",\"@id\":\"https:\/\/kulturonline.tv\/de\/#website\",\"url\":\"https:\/\/kulturonline.tv\/de\/\",\"name\":\"Kultur Online TV &amp; FM\",\"description\":\"Wir sind Kultur 2.0 zum sehen &amp; h\u00f6ren\",\"publisher\":{\"@id\":\"https:\/\/kulturonline.tv\/de\/#organization\"},\"potentialAction\":[{\"@type\":\"SearchAction\",\"target\":{\"@type\":\"EntryPoint\",\"urlTemplate\":\"https:\/\/kulturonline.tv\/de\/?s={search_term_string}\"},\"query-input\":{\"@type\":\"PropertyValueSpecification\",\"valueRequired\":true,\"valueName\":\"search_term_string\"}}],\"inLanguage\":\"de\"},{\"@type\":\"Organization\",\"@id\":\"https:\/\/kulturonline.tv\/de\/#organization\",\"name\":\"Kultur Online TV\",\"url\":\"https:\/\/kulturonline.tv\/de\/\",\"logo\":{\"@type\":\"ImageObject\",\"inLanguage\":\"de\",\"@id\":\"https:\/\/kulturonline.tv\/de\/#\/schema\/logo\/image\/\",\"url\":\"https:\/\/kulturonline.tv\/wp-content\/uploads\/2021\/08\/Kultur-Online-Tv-Logo-Endversion-neu.png\",\"contentUrl\":\"https:\/\/kulturonline.tv\/wp-content\/uploads\/2021\/08\/Kultur-Online-Tv-Logo-Endversion-neu.png\",\"width\":200,\"height\":200,\"caption\":\"Kultur Online TV\"},\"image\":{\"@id\":\"https:\/\/kulturonline.tv\/de\/#\/schema\/logo\/image\/\"},\"sameAs\":[\"https:\/\/www.facebook.com\/kulturonline.tv\",\"https:\/\/www.instagram.com\/kulturonline.tv\"]},{\"@type\":\"Person\",\"@id\":\"https:\/\/kulturonline.tv\/de\/#\/schema\/person\/b0fac729bb9a0c193fb1df23449df4fe\",\"name\":\"guenter.wolfgang\"}]}<\/script>\n<!-- \/ Yoast SEO plugin. -->","yoast_head_json":{"title":"Likes f\u00fcr K\u00fche, Traktoren und Co.: Anna-Maria die Agrar-Influencerin - Kultur Online TV &amp; FM","description":"Influencer im Internet: Das sind doch die, die st\u00e4ndig um die Welt reisen, perfekte Bilder auf Instagram und Co. posten und nebenbei noch ein Heiden Geld machen, oder?","robots":{"index":"index","follow":"follow","max-snippet":"max-snippet:-1","max-image-preview":"max-image-preview:large","max-video-preview":"max-video-preview:-1"},"canonical":"https:\/\/kulturonline.tv\/de\/likes-fuer-kuehe-traktoren-und-co-anna-maria-die-agrar-influencerin\/","og_locale":"de_DE","og_type":"article","og_title":"Likes f\u00fcr K\u00fche, Traktoren und Co.: Anna-Maria die Agrar-Influencerin - Kultur Online TV &amp; FM","og_description":"Influencer im Internet: Das sind doch die, die st\u00e4ndig um die Welt reisen, perfekte Bilder auf Instagram und Co. posten und nebenbei noch ein Heiden Geld machen, oder?","og_url":"https:\/\/kulturonline.tv\/de\/likes-fuer-kuehe-traktoren-und-co-anna-maria-die-agrar-influencerin\/","og_site_name":"Kultur Online TV &amp; FM","article_publisher":"https:\/\/www.facebook.com\/kulturonline.tv","article_published_time":"2023-06-16T02:41:02+00:00","article_modified_time":"2025-06-13T21:15:10+00:00","og_image":[{"width":998,"height":902,"url":"https:\/\/kulturonline.tv\/wp-content\/uploads\/2023\/06\/vvvvvvvvvvvvvvvvvvvvvvvvvv.jpg","type":"image\/jpeg"}],"author":"guenter.wolfgang","twitter_card":"summary_large_image","twitter_misc":{"Verfasst von":"guenter.wolfgang","Gesch\u00e4tzte Lesezeit":"1\u00a0Minute"},"schema":{"@context":"https:\/\/schema.org","@graph":[{"@type":"Article","@id":"https:\/\/kulturonline.tv\/de\/likes-fuer-kuehe-traktoren-und-co-anna-maria-die-agrar-influencerin\/#article","isPartOf":{"@id":"https:\/\/kulturonline.tv\/de\/likes-fuer-kuehe-traktoren-und-co-anna-maria-die-agrar-influencerin\/"},"author":{"name":"guenter.wolfgang","@id":"https:\/\/kulturonline.tv\/de\/#\/schema\/person\/b0fac729bb9a0c193fb1df23449df4fe"},"headline":"Likes f\u00fcr K\u00fche, Traktoren und Co.: Anna-Maria die Agrar-Influencerin","datePublished":"2023-06-16T02:41:02+00:00","dateModified":"2025-06-13T21:15:10+00:00","mainEntityOfPage":{"@id":"https:\/\/kulturonline.tv\/de\/likes-fuer-kuehe-traktoren-und-co-anna-maria-die-agrar-influencerin\/"},"wordCount":121,"publisher":{"@id":"https:\/\/kulturonline.tv\/de\/#organization"},"image":{"@id":"https:\/\/kulturonline.tv\/de\/likes-fuer-kuehe-traktoren-und-co-anna-maria-die-agrar-influencerin\/#primaryimage"},"thumbnailUrl":"https:\/\/kulturonline.tv\/wp-content\/uploads\/2023\/06\/vvvvvvvvvvvvvvvvvvvvvvvvvv.jpg","articleSection":["Audiothek im Gespr\u00e4ch"],"inLanguage":"de"},{"@type":"WebPage","@id":"https:\/\/kulturonline.tv\/de\/likes-fuer-kuehe-traktoren-und-co-anna-maria-die-agrar-influencerin\/","url":"https:\/\/kulturonline.tv\/de\/likes-fuer-kuehe-traktoren-und-co-anna-maria-die-agrar-influencerin\/","name":"Likes f\u00fcr K\u00fche, Traktoren und Co.: Anna-Maria die Agrar-Influencerin - Kultur Online TV &amp; FM","isPartOf":{"@id":"https:\/\/kulturonline.tv\/de\/#website"},"primaryImageOfPage":{"@id":"https:\/\/kulturonline.tv\/de\/likes-fuer-kuehe-traktoren-und-co-anna-maria-die-agrar-influencerin\/#primaryimage"},"image":{"@id":"https:\/\/kulturonline.tv\/de\/likes-fuer-kuehe-traktoren-und-co-anna-maria-die-agrar-influencerin\/#primaryimage"},"thumbnailUrl":"https:\/\/kulturonline.tv\/wp-content\/uploads\/2023\/06\/vvvvvvvvvvvvvvvvvvvvvvvvvv.jpg","datePublished":"2023-06-16T02:41:02+00:00","dateModified":"2025-06-13T21:15:10+00:00","description":"Influencer im Internet: Das sind doch die, die st\u00e4ndig um die Welt reisen, perfekte Bilder auf Instagram und Co. posten und nebenbei noch ein Heiden Geld machen, oder?","breadcrumb":{"@id":"https:\/\/kulturonline.tv\/de\/likes-fuer-kuehe-traktoren-und-co-anna-maria-die-agrar-influencerin\/#breadcrumb"},"inLanguage":"de","potentialAction":[{"@type":"ReadAction","target":["https:\/\/kulturonline.tv\/de\/likes-fuer-kuehe-traktoren-und-co-anna-maria-die-agrar-influencerin\/"]}]},{"@type":"ImageObject","inLanguage":"de","@id":"https:\/\/kulturonline.tv\/de\/likes-fuer-kuehe-traktoren-und-co-anna-maria-die-agrar-influencerin\/#primaryimage","url":"https:\/\/kulturonline.tv\/wp-content\/uploads\/2023\/06\/vvvvvvvvvvvvvvvvvvvvvvvvvv.jpg","contentUrl":"https:\/\/kulturonline.tv\/wp-content\/uploads\/2023\/06\/vvvvvvvvvvvvvvvvvvvvvvvvvv.jpg","width":998,"height":902},{"@type":"BreadcrumbList","@id":"https:\/\/kulturonline.tv\/de\/likes-fuer-kuehe-traktoren-und-co-anna-maria-die-agrar-influencerin\/#breadcrumb","itemListElement":[{"@type":"ListItem","position":1,"name":"Startseite","item":"https:\/\/kulturonline.tv\/de\/"},{"@type":"ListItem","position":2,"name":"Likes f\u00fcr K\u00fche, Traktoren und Co.: Anna-Maria die Agrar-Influencerin"}]},{"@type":"WebSite","@id":"https:\/\/kulturonline.tv\/de\/#website","url":"https:\/\/kulturonline.tv\/de\/","name":"Kultur Online TV &amp; FM","description":"Wir sind Kultur 2.0 zum sehen &amp; h\u00f6ren","publisher":{"@id":"https:\/\/kulturonline.tv\/de\/#organization"},"potentialAction":[{"@type":"SearchAction","target":{"@type":"EntryPoint","urlTemplate":"https:\/\/kulturonline.tv\/de\/?s={search_term_string}"},"query-input":{"@type":"PropertyValueSpecification","valueRequired":true,"valueName":"search_term_string"}}],"inLanguage":"de"},{"@type":"Organization","@id":"https:\/\/kulturonline.tv\/de\/#organization","name":"Kultur Online TV","url":"https:\/\/kulturonline.tv\/de\/","logo":{"@type":"ImageObject","inLanguage":"de","@id":"https:\/\/kulturonline.tv\/de\/#\/schema\/logo\/image\/","url":"https:\/\/kulturonline.tv\/wp-content\/uploads\/2021\/08\/Kultur-Online-Tv-Logo-Endversion-neu.png","contentUrl":"https:\/\/kulturonline.tv\/wp-content\/uploads\/2021\/08\/Kultur-Online-Tv-Logo-Endversion-neu.png","width":200,"height":200,"caption":"Kultur Online TV"},"image":{"@id":"https:\/\/kulturonline.tv\/de\/#\/schema\/logo\/image\/"},"sameAs":["https:\/\/www.facebook.com\/kulturonline.tv","https:\/\/www.instagram.com\/kulturonline.tv"]},{"@type":"Person","@id":"https:\/\/kulturonline.tv\/de\/#\/schema\/person\/b0fac729bb9a0c193fb1df23449df4fe","name":"guenter.wolfgang"}]}},"_links":{"self":[{"href":"https:\/\/kulturonline.tv\/de\/wp-json\/wp\/v2\/posts\/59190","targetHints":{"allow":["GET"]}}],"collection":[{"href":"https:\/\/kulturonline.tv\/de\/wp-json\/wp\/v2\/posts"}],"about":[{"href":"https:\/\/kulturonline.tv\/de\/wp-json\/wp\/v2\/types\/post"}],"author":[{"embeddable":true,"href":"https:\/\/kulturonline.tv\/de\/wp-json\/wp\/v2\/users\/2"}],"replies":[{"embeddable":true,"href":"https:\/\/kulturonline.tv\/de\/wp-json\/wp\/v2\/comments?post=59190"}],"version-history":[{"count":1,"href":"https:\/\/kulturonline.tv\/de\/wp-json\/wp\/v2\/posts\/59190\/revisions"}],"predecessor-version":[{"id":110499,"href":"https:\/\/kulturonline.tv\/de\/wp-json\/wp\/v2\/posts\/59190\/revisions\/110499"}],"wp:featuredmedia":[{"embeddable":true,"href":"https:\/\/kulturonline.tv\/de\/wp-json\/wp\/v2\/media\/74444"}],"wp:attachment":[{"href":"https:\/\/kulturonline.tv\/de\/wp-json\/wp\/v2\/media?parent=59190"}],"wp:term":[{"taxonomy":"category","embeddable":true,"href":"https:\/\/kulturonline.tv\/de\/wp-json\/wp\/v2\/categories?post=59190"},{"taxonomy":"post_tag","embeddable":true,"href":"https:\/\/kulturonline.tv\/de\/wp-json\/wp\/v2\/tags?post=59190"}],"curies":[{"name":"wp","href":"https:\/\/api.w.org\/{rel}","templated":true}]}}