{"id":59272,"date":"2023-07-05T04:54:39","date_gmt":"2023-07-05T02:54:39","guid":{"rendered":"https:\/\/kulturonline.tv\/?p=59272"},"modified":"2025-06-16T00:31:01","modified_gmt":"2025-06-15T22:31:01","slug":"beginn-der-lokalrundfunktage-in-nuernberg","status":"publish","type":"post","link":"https:\/\/kulturonline.tv\/de\/beginn-der-lokalrundfunktage-in-nuernberg\/","title":{"rendered":"Beginn der Lokalrundfunktage in N\u00fcrnberg"},"content":{"rendered":"\n<p>In N\u00fcrnberg haben am 04.Juli 2023 die Lokalrundfunktage begonnen. Das ist f\u00fcr uns Radiomacher wie ein gro\u00dfes Klassentreffen mit vielen Diskussionen und Neuigkeiten. Gro\u00dfes Thema in diesem Jahr ist KI -K\u00fcnstliche Intelligenz. \u00dcber dieses und andere Themen haben wir mit Dr. Thorsten Schmiege gesprochen. Er ist der Pr\u00e4sident der Bayerischen Landeszentrale f\u00fcr neue Medien:<\/p>\n\n\n\n<p><\/p>\n\n\n\n<figure class=\"wp-block-audio\"><audio controls src=\"https:\/\/kulturonline.tv\/wp-content\/uploads\/2023\/07\/RTage.mp3\"><\/audio><\/figure>\n\n\n\n<p>Kultur Online FM<\/p>\n\n\n\n<div style=\"height:27px\" aria-hidden=\"true\" class=\"wp-block-spacer\"><\/div>\n\n\n\n<figure class=\"wp-block-image size-full\"><img fetchpriority=\"high\" decoding=\"async\" width=\"1200\" height=\"675\" src=\"https:\/\/kulturonline.tv\/wp-content\/uploads\/2023\/07\/BB_LRT23_E8A9525-edited.jpg\" alt=\"\" class=\"wp-image-59277\" srcset=\"https:\/\/kulturonline.tv\/wp-content\/uploads\/2023\/07\/BB_LRT23_E8A9525-edited.jpg 1200w, https:\/\/kulturonline.tv\/wp-content\/uploads\/2023\/07\/BB_LRT23_E8A9525-edited-800x450.jpg 800w, https:\/\/kulturonline.tv\/wp-content\/uploads\/2023\/07\/BB_LRT23_E8A9525-edited-768x432.jpg 768w, https:\/\/kulturonline.tv\/wp-content\/uploads\/2023\/07\/BB_LRT23_E8A9525-edited-600x338.jpg 600w\" sizes=\"(max-width: 1200px) 100vw, 1200px\" \/><\/figure>\n\n\n\n<h6 class=\"wp-block-heading\">copyright Bild Lokalrundfunktage N\u00fcrnberg <\/h6>\n\n\n\n<p>Ein \u201eKlassentreffen\u201c der besonderen Art: 700 Teilnehmende aus den lokalen Radio- und Fernsehstationen trafen sich am 5. und 6. Juli zu den 30. Lokalrundfunktagen in N\u00fcrnberg, um sich \u00fcber Trends, Technologien und Produkte der Branche zu informieren. Nach zwei Jahren Pandemie konnte die Veranstaltung zum 30-j\u00e4hrigen Jubil\u00e4um wieder vor Ort in der Frankenmetropole stattfinden. Insgesamt diskutierten mehr als 70 Experten und Expertinnen \u00fcber die Zukunft des lokalen Radios und Fernsehens in der digitalen Welt.<\/p>\n\n\n\n<p>Ministerpr\u00e4sident Dr. Markus S\u00f6der lobte den sensationellen Erfolg von Lokalradios und Lokal-TV. Er versprach auch weiterhin den \u201eLokalrundfunk in Bayern als eine einzige Erfolgsgeschichte zu unterst\u00fctzen. S\u00f6der: <em>&#8222;Wir werden alles daf\u00fcr tun, dass die rechtlichen und finanziellen Rahmenbedingungen erhalten bleiben, dass Lokalfernsehen und Lokalradio auch in Zukunft in Bayern m\u00f6glich sind.\u201c<\/em><\/p>\n\n\n\n<p>Marcus K\u00f6nig Oberb\u00fcrgermeister von N\u00fcrnberg, betonte die Bedeutung der Medienvielfalt f\u00fcr den demokratischen Diskurs. <em>K\u00f6nig- \u201eDer Ukraine Krieg zeigt uns: Wir brauchen Medienvielfalt, wir brauchen Meinungsfreiheit, das ist die wichtigste S\u00e4ule unserer Demokratie. Insbesondere lokale Medien sind ein wichtiger Teil davon.\u201c<\/em><\/p>\n\n\n\n<p>Kultur Online TV-FM<\/p>\n\n\n\n<p>#news #kunst #medien<\/p>\n","protected":false},"excerpt":{"rendered":"<p>In N\u00fcrnberg haben am 04.Juli 2023 die Lokalrundfunktage begonnen. Das ist f\u00fcr uns Radiomacher wie ein gro\u00dfes Klassentreffen mit vielen Diskussionen und Neuigkeiten. Gro\u00dfes Thema in diesem Jahr ist KI -K\u00fcnstliche Intelligenz. \u00dcber dieses und andere Themen haben wir mit Dr. Thorsten Schmiege gesprochen. Er ist der Pr\u00e4sident der Bayerischen Landeszentrale f\u00fcr neue Medien: Kultur [&hellip;]<\/p>\n","protected":false},"author":2,"featured_media":59277,"comment_status":"closed","ping_status":"closed","sticky":false,"template":"","format":"standard","meta":{"_acf_changed":false,"footnotes":""},"categories":[789],"tags":[],"class_list":["post-59272","post","type-post","status-publish","format-standard","has-post-thumbnail","hentry","category-audiothek-im-gespraech"],"acf":[],"yoast_head":"<!-- This site is optimized with the Yoast SEO plugin v26.1.1 - https:\/\/yoast.com\/wordpress\/plugins\/seo\/ -->\n<title>Beginn der Lokalrundfunktage in N\u00fcrnberg - Kultur Online TV &amp; FM<\/title>\n<meta name=\"description\" content=\"In N\u00fcrnberg haben am 04.Juli 2023 die Lokalrundfunktage begonnen. Das ist f\u00fcr uns Radiomacher wie ein gro\u00dfes Klassentreffen mit vielen Diskussionen und Neuigkeiten.\" \/>\n<meta name=\"robots\" content=\"index, follow, max-snippet:-1, max-image-preview:large, max-video-preview:-1\" \/>\n<link rel=\"canonical\" href=\"https:\/\/kulturonline.tv\/de\/beginn-der-lokalrundfunktage-in-nuernberg\/\" \/>\n<meta property=\"og:locale\" content=\"de_DE\" \/>\n<meta property=\"og:type\" content=\"article\" \/>\n<meta property=\"og:title\" content=\"Beginn der Lokalrundfunktage in N\u00fcrnberg - Kultur Online TV &amp; FM\" \/>\n<meta property=\"og:description\" content=\"In N\u00fcrnberg haben am 04.Juli 2023 die Lokalrundfunktage begonnen. Das ist f\u00fcr uns Radiomacher wie ein gro\u00dfes Klassentreffen mit vielen Diskussionen und Neuigkeiten.\" \/>\n<meta property=\"og:url\" content=\"https:\/\/kulturonline.tv\/de\/beginn-der-lokalrundfunktage-in-nuernberg\/\" \/>\n<meta property=\"og:site_name\" content=\"Kultur Online TV &amp; FM\" \/>\n<meta property=\"article:publisher\" content=\"https:\/\/www.facebook.com\/kulturonline.tv\" \/>\n<meta property=\"article:published_time\" content=\"2023-07-05T02:54:39+00:00\" \/>\n<meta property=\"article:modified_time\" content=\"2025-06-15T22:31:01+00:00\" \/>\n<meta property=\"og:image\" content=\"https:\/\/kulturonline.tv\/wp-content\/uploads\/2023\/07\/BB_LRT23_E8A9525-edited.jpg\" \/>\n\t<meta property=\"og:image:width\" content=\"1200\" \/>\n\t<meta property=\"og:image:height\" content=\"675\" \/>\n\t<meta property=\"og:image:type\" content=\"image\/jpeg\" \/>\n<meta name=\"author\" content=\"guenter.wolfgang\" \/>\n<meta name=\"twitter:card\" content=\"summary_large_image\" \/>\n<meta name=\"twitter:label1\" content=\"Verfasst von\" \/>\n\t<meta name=\"twitter:data1\" content=\"guenter.wolfgang\" \/>\n\t<meta name=\"twitter:label2\" content=\"Gesch\u00e4tzte Lesezeit\" \/>\n\t<meta name=\"twitter:data2\" content=\"1\u00a0Minute\" \/>\n<script type=\"application\/ld+json\" class=\"yoast-schema-graph\">{\"@context\":\"https:\/\/schema.org\",\"@graph\":[{\"@type\":\"Article\",\"@id\":\"https:\/\/kulturonline.tv\/de\/beginn-der-lokalrundfunktage-in-nuernberg\/#article\",\"isPartOf\":{\"@id\":\"https:\/\/kulturonline.tv\/de\/beginn-der-lokalrundfunktage-in-nuernberg\/\"},\"author\":{\"name\":\"guenter.wolfgang\",\"@id\":\"https:\/\/kulturonline.tv\/de\/#\/schema\/person\/b0fac729bb9a0c193fb1df23449df4fe\"},\"headline\":\"Beginn der Lokalrundfunktage in N\u00fcrnberg\",\"datePublished\":\"2023-07-05T02:54:39+00:00\",\"dateModified\":\"2025-06-15T22:31:01+00:00\",\"mainEntityOfPage\":{\"@id\":\"https:\/\/kulturonline.tv\/de\/beginn-der-lokalrundfunktage-in-nuernberg\/\"},\"wordCount\":256,\"publisher\":{\"@id\":\"https:\/\/kulturonline.tv\/de\/#organization\"},\"image\":{\"@id\":\"https:\/\/kulturonline.tv\/de\/beginn-der-lokalrundfunktage-in-nuernberg\/#primaryimage\"},\"thumbnailUrl\":\"https:\/\/kulturonline.tv\/wp-content\/uploads\/2023\/07\/BB_LRT23_E8A9525-edited.jpg\",\"articleSection\":[\"Audiothek im Gespr\u00e4ch\"],\"inLanguage\":\"de\"},{\"@type\":\"WebPage\",\"@id\":\"https:\/\/kulturonline.tv\/de\/beginn-der-lokalrundfunktage-in-nuernberg\/\",\"url\":\"https:\/\/kulturonline.tv\/de\/beginn-der-lokalrundfunktage-in-nuernberg\/\",\"name\":\"Beginn der Lokalrundfunktage in N\u00fcrnberg - Kultur Online TV &amp; FM\",\"isPartOf\":{\"@id\":\"https:\/\/kulturonline.tv\/de\/#website\"},\"primaryImageOfPage\":{\"@id\":\"https:\/\/kulturonline.tv\/de\/beginn-der-lokalrundfunktage-in-nuernberg\/#primaryimage\"},\"image\":{\"@id\":\"https:\/\/kulturonline.tv\/de\/beginn-der-lokalrundfunktage-in-nuernberg\/#primaryimage\"},\"thumbnailUrl\":\"https:\/\/kulturonline.tv\/wp-content\/uploads\/2023\/07\/BB_LRT23_E8A9525-edited.jpg\",\"datePublished\":\"2023-07-05T02:54:39+00:00\",\"dateModified\":\"2025-06-15T22:31:01+00:00\",\"description\":\"In N\u00fcrnberg haben am 04.Juli 2023 die Lokalrundfunktage begonnen. Das ist f\u00fcr uns Radiomacher wie ein gro\u00dfes Klassentreffen mit vielen Diskussionen und Neuigkeiten.\",\"breadcrumb\":{\"@id\":\"https:\/\/kulturonline.tv\/de\/beginn-der-lokalrundfunktage-in-nuernberg\/#breadcrumb\"},\"inLanguage\":\"de\",\"potentialAction\":[{\"@type\":\"ReadAction\",\"target\":[\"https:\/\/kulturonline.tv\/de\/beginn-der-lokalrundfunktage-in-nuernberg\/\"]}]},{\"@type\":\"ImageObject\",\"inLanguage\":\"de\",\"@id\":\"https:\/\/kulturonline.tv\/de\/beginn-der-lokalrundfunktage-in-nuernberg\/#primaryimage\",\"url\":\"https:\/\/kulturonline.tv\/wp-content\/uploads\/2023\/07\/BB_LRT23_E8A9525-edited.jpg\",\"contentUrl\":\"https:\/\/kulturonline.tv\/wp-content\/uploads\/2023\/07\/BB_LRT23_E8A9525-edited.jpg\",\"width\":1200,\"height\":675},{\"@type\":\"BreadcrumbList\",\"@id\":\"https:\/\/kulturonline.tv\/de\/beginn-der-lokalrundfunktage-in-nuernberg\/#breadcrumb\",\"itemListElement\":[{\"@type\":\"ListItem\",\"position\":1,\"name\":\"Startseite\",\"item\":\"https:\/\/kulturonline.tv\/de\/\"},{\"@type\":\"ListItem\",\"position\":2,\"name\":\"Beginn der Lokalrundfunktage in N\u00fcrnberg\"}]},{\"@type\":\"WebSite\",\"@id\":\"https:\/\/kulturonline.tv\/de\/#website\",\"url\":\"https:\/\/kulturonline.tv\/de\/\",\"name\":\"Kultur Online TV &amp; FM\",\"description\":\"Wir sind Kultur 2.0 zum sehen &amp; h\u00f6ren\",\"publisher\":{\"@id\":\"https:\/\/kulturonline.tv\/de\/#organization\"},\"potentialAction\":[{\"@type\":\"SearchAction\",\"target\":{\"@type\":\"EntryPoint\",\"urlTemplate\":\"https:\/\/kulturonline.tv\/de\/?s={search_term_string}\"},\"query-input\":{\"@type\":\"PropertyValueSpecification\",\"valueRequired\":true,\"valueName\":\"search_term_string\"}}],\"inLanguage\":\"de\"},{\"@type\":\"Organization\",\"@id\":\"https:\/\/kulturonline.tv\/de\/#organization\",\"name\":\"Kultur Online TV\",\"url\":\"https:\/\/kulturonline.tv\/de\/\",\"logo\":{\"@type\":\"ImageObject\",\"inLanguage\":\"de\",\"@id\":\"https:\/\/kulturonline.tv\/de\/#\/schema\/logo\/image\/\",\"url\":\"https:\/\/kulturonline.tv\/wp-content\/uploads\/2021\/08\/Kultur-Online-Tv-Logo-Endversion-neu.png\",\"contentUrl\":\"https:\/\/kulturonline.tv\/wp-content\/uploads\/2021\/08\/Kultur-Online-Tv-Logo-Endversion-neu.png\",\"width\":200,\"height\":200,\"caption\":\"Kultur Online TV\"},\"image\":{\"@id\":\"https:\/\/kulturonline.tv\/de\/#\/schema\/logo\/image\/\"},\"sameAs\":[\"https:\/\/www.facebook.com\/kulturonline.tv\",\"https:\/\/www.instagram.com\/kulturonline.tv\"]},{\"@type\":\"Person\",\"@id\":\"https:\/\/kulturonline.tv\/de\/#\/schema\/person\/b0fac729bb9a0c193fb1df23449df4fe\",\"name\":\"guenter.wolfgang\"}]}<\/script>\n<!-- \/ Yoast SEO plugin. -->","yoast_head_json":{"title":"Beginn der Lokalrundfunktage in N\u00fcrnberg - Kultur Online TV &amp; FM","description":"In N\u00fcrnberg haben am 04.Juli 2023 die Lokalrundfunktage begonnen. Das ist f\u00fcr uns Radiomacher wie ein gro\u00dfes Klassentreffen mit vielen Diskussionen und Neuigkeiten.","robots":{"index":"index","follow":"follow","max-snippet":"max-snippet:-1","max-image-preview":"max-image-preview:large","max-video-preview":"max-video-preview:-1"},"canonical":"https:\/\/kulturonline.tv\/de\/beginn-der-lokalrundfunktage-in-nuernberg\/","og_locale":"de_DE","og_type":"article","og_title":"Beginn der Lokalrundfunktage in N\u00fcrnberg - Kultur Online TV &amp; FM","og_description":"In N\u00fcrnberg haben am 04.Juli 2023 die Lokalrundfunktage begonnen. Das ist f\u00fcr uns Radiomacher wie ein gro\u00dfes Klassentreffen mit vielen Diskussionen und Neuigkeiten.","og_url":"https:\/\/kulturonline.tv\/de\/beginn-der-lokalrundfunktage-in-nuernberg\/","og_site_name":"Kultur Online TV &amp; FM","article_publisher":"https:\/\/www.facebook.com\/kulturonline.tv","article_published_time":"2023-07-05T02:54:39+00:00","article_modified_time":"2025-06-15T22:31:01+00:00","og_image":[{"width":1200,"height":675,"url":"https:\/\/kulturonline.tv\/wp-content\/uploads\/2023\/07\/BB_LRT23_E8A9525-edited.jpg","type":"image\/jpeg"}],"author":"guenter.wolfgang","twitter_card":"summary_large_image","twitter_misc":{"Verfasst von":"guenter.wolfgang","Gesch\u00e4tzte Lesezeit":"1\u00a0Minute"},"schema":{"@context":"https:\/\/schema.org","@graph":[{"@type":"Article","@id":"https:\/\/kulturonline.tv\/de\/beginn-der-lokalrundfunktage-in-nuernberg\/#article","isPartOf":{"@id":"https:\/\/kulturonline.tv\/de\/beginn-der-lokalrundfunktage-in-nuernberg\/"},"author":{"name":"guenter.wolfgang","@id":"https:\/\/kulturonline.tv\/de\/#\/schema\/person\/b0fac729bb9a0c193fb1df23449df4fe"},"headline":"Beginn der Lokalrundfunktage in N\u00fcrnberg","datePublished":"2023-07-05T02:54:39+00:00","dateModified":"2025-06-15T22:31:01+00:00","mainEntityOfPage":{"@id":"https:\/\/kulturonline.tv\/de\/beginn-der-lokalrundfunktage-in-nuernberg\/"},"wordCount":256,"publisher":{"@id":"https:\/\/kulturonline.tv\/de\/#organization"},"image":{"@id":"https:\/\/kulturonline.tv\/de\/beginn-der-lokalrundfunktage-in-nuernberg\/#primaryimage"},"thumbnailUrl":"https:\/\/kulturonline.tv\/wp-content\/uploads\/2023\/07\/BB_LRT23_E8A9525-edited.jpg","articleSection":["Audiothek im Gespr\u00e4ch"],"inLanguage":"de"},{"@type":"WebPage","@id":"https:\/\/kulturonline.tv\/de\/beginn-der-lokalrundfunktage-in-nuernberg\/","url":"https:\/\/kulturonline.tv\/de\/beginn-der-lokalrundfunktage-in-nuernberg\/","name":"Beginn der Lokalrundfunktage in N\u00fcrnberg - Kultur Online TV &amp; FM","isPartOf":{"@id":"https:\/\/kulturonline.tv\/de\/#website"},"primaryImageOfPage":{"@id":"https:\/\/kulturonline.tv\/de\/beginn-der-lokalrundfunktage-in-nuernberg\/#primaryimage"},"image":{"@id":"https:\/\/kulturonline.tv\/de\/beginn-der-lokalrundfunktage-in-nuernberg\/#primaryimage"},"thumbnailUrl":"https:\/\/kulturonline.tv\/wp-content\/uploads\/2023\/07\/BB_LRT23_E8A9525-edited.jpg","datePublished":"2023-07-05T02:54:39+00:00","dateModified":"2025-06-15T22:31:01+00:00","description":"In N\u00fcrnberg haben am 04.Juli 2023 die Lokalrundfunktage begonnen. Das ist f\u00fcr uns Radiomacher wie ein gro\u00dfes Klassentreffen mit vielen Diskussionen und Neuigkeiten.","breadcrumb":{"@id":"https:\/\/kulturonline.tv\/de\/beginn-der-lokalrundfunktage-in-nuernberg\/#breadcrumb"},"inLanguage":"de","potentialAction":[{"@type":"ReadAction","target":["https:\/\/kulturonline.tv\/de\/beginn-der-lokalrundfunktage-in-nuernberg\/"]}]},{"@type":"ImageObject","inLanguage":"de","@id":"https:\/\/kulturonline.tv\/de\/beginn-der-lokalrundfunktage-in-nuernberg\/#primaryimage","url":"https:\/\/kulturonline.tv\/wp-content\/uploads\/2023\/07\/BB_LRT23_E8A9525-edited.jpg","contentUrl":"https:\/\/kulturonline.tv\/wp-content\/uploads\/2023\/07\/BB_LRT23_E8A9525-edited.jpg","width":1200,"height":675},{"@type":"BreadcrumbList","@id":"https:\/\/kulturonline.tv\/de\/beginn-der-lokalrundfunktage-in-nuernberg\/#breadcrumb","itemListElement":[{"@type":"ListItem","position":1,"name":"Startseite","item":"https:\/\/kulturonline.tv\/de\/"},{"@type":"ListItem","position":2,"name":"Beginn der Lokalrundfunktage in N\u00fcrnberg"}]},{"@type":"WebSite","@id":"https:\/\/kulturonline.tv\/de\/#website","url":"https:\/\/kulturonline.tv\/de\/","name":"Kultur Online TV &amp; FM","description":"Wir sind Kultur 2.0 zum sehen &amp; h\u00f6ren","publisher":{"@id":"https:\/\/kulturonline.tv\/de\/#organization"},"potentialAction":[{"@type":"SearchAction","target":{"@type":"EntryPoint","urlTemplate":"https:\/\/kulturonline.tv\/de\/?s={search_term_string}"},"query-input":{"@type":"PropertyValueSpecification","valueRequired":true,"valueName":"search_term_string"}}],"inLanguage":"de"},{"@type":"Organization","@id":"https:\/\/kulturonline.tv\/de\/#organization","name":"Kultur Online TV","url":"https:\/\/kulturonline.tv\/de\/","logo":{"@type":"ImageObject","inLanguage":"de","@id":"https:\/\/kulturonline.tv\/de\/#\/schema\/logo\/image\/","url":"https:\/\/kulturonline.tv\/wp-content\/uploads\/2021\/08\/Kultur-Online-Tv-Logo-Endversion-neu.png","contentUrl":"https:\/\/kulturonline.tv\/wp-content\/uploads\/2021\/08\/Kultur-Online-Tv-Logo-Endversion-neu.png","width":200,"height":200,"caption":"Kultur Online TV"},"image":{"@id":"https:\/\/kulturonline.tv\/de\/#\/schema\/logo\/image\/"},"sameAs":["https:\/\/www.facebook.com\/kulturonline.tv","https:\/\/www.instagram.com\/kulturonline.tv"]},{"@type":"Person","@id":"https:\/\/kulturonline.tv\/de\/#\/schema\/person\/b0fac729bb9a0c193fb1df23449df4fe","name":"guenter.wolfgang"}]}},"_links":{"self":[{"href":"https:\/\/kulturonline.tv\/de\/wp-json\/wp\/v2\/posts\/59272","targetHints":{"allow":["GET"]}}],"collection":[{"href":"https:\/\/kulturonline.tv\/de\/wp-json\/wp\/v2\/posts"}],"about":[{"href":"https:\/\/kulturonline.tv\/de\/wp-json\/wp\/v2\/types\/post"}],"author":[{"embeddable":true,"href":"https:\/\/kulturonline.tv\/de\/wp-json\/wp\/v2\/users\/2"}],"replies":[{"embeddable":true,"href":"https:\/\/kulturonline.tv\/de\/wp-json\/wp\/v2\/comments?post=59272"}],"version-history":[{"count":1,"href":"https:\/\/kulturonline.tv\/de\/wp-json\/wp\/v2\/posts\/59272\/revisions"}],"predecessor-version":[{"id":110922,"href":"https:\/\/kulturonline.tv\/de\/wp-json\/wp\/v2\/posts\/59272\/revisions\/110922"}],"wp:featuredmedia":[{"embeddable":true,"href":"https:\/\/kulturonline.tv\/de\/wp-json\/wp\/v2\/media\/59277"}],"wp:attachment":[{"href":"https:\/\/kulturonline.tv\/de\/wp-json\/wp\/v2\/media?parent=59272"}],"wp:term":[{"taxonomy":"category","embeddable":true,"href":"https:\/\/kulturonline.tv\/de\/wp-json\/wp\/v2\/categories?post=59272"},{"taxonomy":"post_tag","embeddable":true,"href":"https:\/\/kulturonline.tv\/de\/wp-json\/wp\/v2\/tags?post=59272"}],"curies":[{"name":"wp","href":"https:\/\/api.w.org\/{rel}","templated":true}]}}