{"id":60070,"date":"2023-07-26T20:31:48","date_gmt":"2023-07-26T18:31:48","guid":{"rendered":"https:\/\/kulturonline.tv\/?p=60070"},"modified":"2023-07-26T20:46:08","modified_gmt":"2023-07-26T18:46:08","slug":"freispruch-fuer-kevin-spacey-bei-prozess-in-london","status":"publish","type":"post","link":"https:\/\/kulturonline.tv\/de\/freispruch-fuer-kevin-spacey-bei-prozess-in-london\/","title":{"rendered":"Freispruch f\u00fcr Kevin Spacey bei Prozess in London"},"content":{"rendered":"\n<p>Der US-Schauspieler Kevin Spacey ist in einem Prozess um sexuelle \u00dcbergriffe in Gro\u00dfbritannien freigesprochen worden. Das teilten die Geschworenen am Mittwoch in London mit.<\/p>\n\n\n\n<figure class=\"wp-block-image size-full is-resized\"><img fetchpriority=\"high\" decoding=\"async\" src=\"https:\/\/kulturonline.tv\/wp-content\/uploads\/2023\/07\/Kevin_Spacey_at_the_Royal_Albert_Hall-edited.jpg\" alt=\"\" class=\"wp-image-60073\" width=\"841\" height=\"473\" srcset=\"https:\/\/kulturonline.tv\/wp-content\/uploads\/2023\/07\/Kevin_Spacey_at_the_Royal_Albert_Hall-edited.jpg 1600w, https:\/\/kulturonline.tv\/wp-content\/uploads\/2023\/07\/Kevin_Spacey_at_the_Royal_Albert_Hall-edited-800x450.jpg 800w, https:\/\/kulturonline.tv\/wp-content\/uploads\/2023\/07\/Kevin_Spacey_at_the_Royal_Albert_Hall-edited-768x432.jpg 768w, https:\/\/kulturonline.tv\/wp-content\/uploads\/2023\/07\/Kevin_Spacey_at_the_Royal_Albert_Hall-edited-1536x864.jpg 1536w, https:\/\/kulturonline.tv\/wp-content\/uploads\/2023\/07\/Kevin_Spacey_at_the_Royal_Albert_Hall-edited-600x338.jpg 600w\" sizes=\"(max-width: 841px) 100vw, 841px\" \/><\/figure>\n\n\n\n<h5 class=\"wp-block-heading\">\u00a9 Richardc39, CC BY-SA 3.0 <a href=\"https:\/\/creativecommons.org\/licenses\/by-sa\/3.0\">https:\/\/creativecommons.org\/licenses\/by-sa\/3.0<\/a>, via Wikimedia Commons<\/h5>\n\n\n\n<p>Auch am Tag der Urteilsverk\u00fcndung war Spacey vor Gericht. Der Schauspieler hatte in den neun Anklagepunkten auf nicht schuldig pl\u00e4diert, darunter Vorw\u00fcrfe der sexuellen N\u00f6tigung. Vier M\u00e4nner warfen Spacey vor, ihnen gegen\u00fcber sexuell \u00fcbergriffig geworden zu sein. <\/p>\n\n\n\n<p>Die ihm vorgeworfenen Taten liegen rund zwei Jahrzehnte zur\u00fcck. Spacey war von 2004 bis 2015 k\u00fcnstlerischer Direktor an einem Londoner Theater und lebte zeitweilig in der britischen Hauptstadt.<\/p>\n\n\n\n<p>F\u00fcr Spacey ist es ein doppelt bedeutender Tag: Der Schauspieler wird heute 64 Jahre alt. Freispruch an seinem Geburtstag!<\/p>\n\n\n\n<p>Kultur Online TV-FM<\/p>\n\n\n\n<p><\/p>\n\n\n\n<p>#film #schauspieler <\/p>\n","protected":false},"excerpt":{"rendered":"<p>Der US-Schauspieler Kevin Spacey ist in einem Prozess um sexuelle \u00dcbergriffe in Gro\u00dfbritannien freigesprochen worden. Das teilten die Geschworenen am Mittwoch in London mit. \u00a9 Richardc39, CC BY-SA 3.0 https:\/\/creativecommons.org\/licenses\/by-sa\/3.0, via Wikimedia Commons Auch am Tag der Urteilsverk\u00fcndung war Spacey vor Gericht. Der Schauspieler hatte in den neun Anklagepunkten auf nicht schuldig pl\u00e4diert, darunter Vorw\u00fcrfe [&hellip;]<\/p>\n","protected":false},"author":2,"featured_media":60073,"comment_status":"closed","ping_status":"closed","sticky":false,"template":"","format":"standard","meta":{"_acf_changed":false,"footnotes":""},"categories":[3,401],"tags":[],"class_list":["post-60070","post","type-post","status-publish","format-standard","has-post-thumbnail","hentry","category-newsflash","category-radiothek-news"],"acf":[],"yoast_head":"<!-- This site is optimized with the Yoast SEO plugin v26.1.1 - https:\/\/yoast.com\/wordpress\/plugins\/seo\/ -->\n<title>Freispruch f\u00fcr Kevin Spacey bei Prozess in London - Kultur Online TV &amp; FM<\/title>\n<meta name=\"description\" content=\"Der Schauspieler hatte in den neun Anklagepunkten auf nicht schuldig pl\u00e4diert, darunter Vorw\u00fcrfe der sexuellen N\u00f6tigung. Vier M\u00e4nner warfen Spacey vor, ihnen gegen\u00fcber sexuell \u00fcbergriffig geworden zu sein.\" \/>\n<meta name=\"robots\" content=\"index, follow, max-snippet:-1, max-image-preview:large, max-video-preview:-1\" \/>\n<link rel=\"canonical\" href=\"https:\/\/kulturonline.tv\/de\/freispruch-fuer-kevin-spacey-bei-prozess-in-london\/\" \/>\n<meta property=\"og:locale\" content=\"de_DE\" \/>\n<meta property=\"og:type\" content=\"article\" \/>\n<meta property=\"og:title\" content=\"Freispruch f\u00fcr Kevin Spacey bei Prozess in London - Kultur Online TV &amp; FM\" \/>\n<meta property=\"og:description\" content=\"Der Schauspieler hatte in den neun Anklagepunkten auf nicht schuldig pl\u00e4diert, darunter Vorw\u00fcrfe der sexuellen N\u00f6tigung. Vier M\u00e4nner warfen Spacey vor, ihnen gegen\u00fcber sexuell \u00fcbergriffig geworden zu sein.\" \/>\n<meta property=\"og:url\" content=\"https:\/\/kulturonline.tv\/de\/freispruch-fuer-kevin-spacey-bei-prozess-in-london\/\" \/>\n<meta property=\"og:site_name\" content=\"Kultur Online TV &amp; FM\" \/>\n<meta property=\"article:publisher\" content=\"https:\/\/www.facebook.com\/kulturonline.tv\" \/>\n<meta property=\"article:published_time\" content=\"2023-07-26T18:31:48+00:00\" \/>\n<meta property=\"article:modified_time\" content=\"2023-07-26T18:46:08+00:00\" \/>\n<meta property=\"og:image\" content=\"https:\/\/kulturonline.tv\/wp-content\/uploads\/2023\/07\/Kevin_Spacey_at_the_Royal_Albert_Hall-edited.jpg\" \/>\n\t<meta property=\"og:image:width\" content=\"1600\" \/>\n\t<meta property=\"og:image:height\" content=\"900\" \/>\n\t<meta property=\"og:image:type\" content=\"image\/jpeg\" \/>\n<meta name=\"author\" content=\"guenter.wolfgang\" \/>\n<meta name=\"twitter:card\" content=\"summary_large_image\" \/>\n<meta name=\"twitter:label1\" content=\"Verfasst von\" \/>\n\t<meta name=\"twitter:data1\" content=\"guenter.wolfgang\" \/>\n\t<meta name=\"twitter:label2\" content=\"Gesch\u00e4tzte Lesezeit\" \/>\n\t<meta name=\"twitter:data2\" content=\"1\u00a0Minute\" \/>\n<script type=\"application\/ld+json\" class=\"yoast-schema-graph\">{\"@context\":\"https:\/\/schema.org\",\"@graph\":[{\"@type\":\"Article\",\"@id\":\"https:\/\/kulturonline.tv\/de\/freispruch-fuer-kevin-spacey-bei-prozess-in-london\/#article\",\"isPartOf\":{\"@id\":\"https:\/\/kulturonline.tv\/de\/freispruch-fuer-kevin-spacey-bei-prozess-in-london\/\"},\"author\":{\"name\":\"guenter.wolfgang\",\"@id\":\"https:\/\/kulturonline.tv\/de\/#\/schema\/person\/b0fac729bb9a0c193fb1df23449df4fe\"},\"headline\":\"Freispruch f\u00fcr Kevin Spacey bei Prozess in London\",\"datePublished\":\"2023-07-26T18:31:48+00:00\",\"dateModified\":\"2023-07-26T18:46:08+00:00\",\"mainEntityOfPage\":{\"@id\":\"https:\/\/kulturonline.tv\/de\/freispruch-fuer-kevin-spacey-bei-prozess-in-london\/\"},\"wordCount\":140,\"publisher\":{\"@id\":\"https:\/\/kulturonline.tv\/de\/#organization\"},\"image\":{\"@id\":\"https:\/\/kulturonline.tv\/de\/freispruch-fuer-kevin-spacey-bei-prozess-in-london\/#primaryimage\"},\"thumbnailUrl\":\"https:\/\/kulturonline.tv\/wp-content\/uploads\/2023\/07\/Kevin_Spacey_at_the_Royal_Albert_Hall-edited.jpg\",\"articleSection\":[\"Newsflash\",\"Radiothek News\"],\"inLanguage\":\"de\"},{\"@type\":\"WebPage\",\"@id\":\"https:\/\/kulturonline.tv\/de\/freispruch-fuer-kevin-spacey-bei-prozess-in-london\/\",\"url\":\"https:\/\/kulturonline.tv\/de\/freispruch-fuer-kevin-spacey-bei-prozess-in-london\/\",\"name\":\"Freispruch f\u00fcr Kevin Spacey bei Prozess in London - Kultur Online TV &amp; FM\",\"isPartOf\":{\"@id\":\"https:\/\/kulturonline.tv\/de\/#website\"},\"primaryImageOfPage\":{\"@id\":\"https:\/\/kulturonline.tv\/de\/freispruch-fuer-kevin-spacey-bei-prozess-in-london\/#primaryimage\"},\"image\":{\"@id\":\"https:\/\/kulturonline.tv\/de\/freispruch-fuer-kevin-spacey-bei-prozess-in-london\/#primaryimage\"},\"thumbnailUrl\":\"https:\/\/kulturonline.tv\/wp-content\/uploads\/2023\/07\/Kevin_Spacey_at_the_Royal_Albert_Hall-edited.jpg\",\"datePublished\":\"2023-07-26T18:31:48+00:00\",\"dateModified\":\"2023-07-26T18:46:08+00:00\",\"description\":\"Der Schauspieler hatte in den neun Anklagepunkten auf nicht schuldig pl\u00e4diert, darunter Vorw\u00fcrfe der sexuellen N\u00f6tigung. Vier M\u00e4nner warfen Spacey vor, ihnen gegen\u00fcber sexuell \u00fcbergriffig geworden zu sein.\",\"breadcrumb\":{\"@id\":\"https:\/\/kulturonline.tv\/de\/freispruch-fuer-kevin-spacey-bei-prozess-in-london\/#breadcrumb\"},\"inLanguage\":\"de\",\"potentialAction\":[{\"@type\":\"ReadAction\",\"target\":[\"https:\/\/kulturonline.tv\/de\/freispruch-fuer-kevin-spacey-bei-prozess-in-london\/\"]}]},{\"@type\":\"ImageObject\",\"inLanguage\":\"de\",\"@id\":\"https:\/\/kulturonline.tv\/de\/freispruch-fuer-kevin-spacey-bei-prozess-in-london\/#primaryimage\",\"url\":\"https:\/\/kulturonline.tv\/wp-content\/uploads\/2023\/07\/Kevin_Spacey_at_the_Royal_Albert_Hall-edited.jpg\",\"contentUrl\":\"https:\/\/kulturonline.tv\/wp-content\/uploads\/2023\/07\/Kevin_Spacey_at_the_Royal_Albert_Hall-edited.jpg\",\"width\":1600,\"height\":900},{\"@type\":\"BreadcrumbList\",\"@id\":\"https:\/\/kulturonline.tv\/de\/freispruch-fuer-kevin-spacey-bei-prozess-in-london\/#breadcrumb\",\"itemListElement\":[{\"@type\":\"ListItem\",\"position\":1,\"name\":\"Startseite\",\"item\":\"https:\/\/kulturonline.tv\/de\/\"},{\"@type\":\"ListItem\",\"position\":2,\"name\":\"Freispruch f\u00fcr Kevin Spacey bei Prozess in London\"}]},{\"@type\":\"WebSite\",\"@id\":\"https:\/\/kulturonline.tv\/de\/#website\",\"url\":\"https:\/\/kulturonline.tv\/de\/\",\"name\":\"Kultur Online TV &amp; FM\",\"description\":\"Wir sind Kultur 2.0 zum sehen &amp; h\u00f6ren\",\"publisher\":{\"@id\":\"https:\/\/kulturonline.tv\/de\/#organization\"},\"potentialAction\":[{\"@type\":\"SearchAction\",\"target\":{\"@type\":\"EntryPoint\",\"urlTemplate\":\"https:\/\/kulturonline.tv\/de\/?s={search_term_string}\"},\"query-input\":{\"@type\":\"PropertyValueSpecification\",\"valueRequired\":true,\"valueName\":\"search_term_string\"}}],\"inLanguage\":\"de\"},{\"@type\":\"Organization\",\"@id\":\"https:\/\/kulturonline.tv\/de\/#organization\",\"name\":\"Kultur Online TV\",\"url\":\"https:\/\/kulturonline.tv\/de\/\",\"logo\":{\"@type\":\"ImageObject\",\"inLanguage\":\"de\",\"@id\":\"https:\/\/kulturonline.tv\/de\/#\/schema\/logo\/image\/\",\"url\":\"https:\/\/kulturonline.tv\/wp-content\/uploads\/2021\/08\/Kultur-Online-Tv-Logo-Endversion-neu.png\",\"contentUrl\":\"https:\/\/kulturonline.tv\/wp-content\/uploads\/2021\/08\/Kultur-Online-Tv-Logo-Endversion-neu.png\",\"width\":200,\"height\":200,\"caption\":\"Kultur Online TV\"},\"image\":{\"@id\":\"https:\/\/kulturonline.tv\/de\/#\/schema\/logo\/image\/\"},\"sameAs\":[\"https:\/\/www.facebook.com\/kulturonline.tv\",\"https:\/\/www.instagram.com\/kulturonline.tv\"]},{\"@type\":\"Person\",\"@id\":\"https:\/\/kulturonline.tv\/de\/#\/schema\/person\/b0fac729bb9a0c193fb1df23449df4fe\",\"name\":\"guenter.wolfgang\"}]}<\/script>\n<!-- \/ Yoast SEO plugin. -->","yoast_head_json":{"title":"Freispruch f\u00fcr Kevin Spacey bei Prozess in London - Kultur Online TV &amp; FM","description":"Der Schauspieler hatte in den neun Anklagepunkten auf nicht schuldig pl\u00e4diert, darunter Vorw\u00fcrfe der sexuellen N\u00f6tigung. Vier M\u00e4nner warfen Spacey vor, ihnen gegen\u00fcber sexuell \u00fcbergriffig geworden zu sein.","robots":{"index":"index","follow":"follow","max-snippet":"max-snippet:-1","max-image-preview":"max-image-preview:large","max-video-preview":"max-video-preview:-1"},"canonical":"https:\/\/kulturonline.tv\/de\/freispruch-fuer-kevin-spacey-bei-prozess-in-london\/","og_locale":"de_DE","og_type":"article","og_title":"Freispruch f\u00fcr Kevin Spacey bei Prozess in London - Kultur Online TV &amp; FM","og_description":"Der Schauspieler hatte in den neun Anklagepunkten auf nicht schuldig pl\u00e4diert, darunter Vorw\u00fcrfe der sexuellen N\u00f6tigung. Vier M\u00e4nner warfen Spacey vor, ihnen gegen\u00fcber sexuell \u00fcbergriffig geworden zu sein.","og_url":"https:\/\/kulturonline.tv\/de\/freispruch-fuer-kevin-spacey-bei-prozess-in-london\/","og_site_name":"Kultur Online TV &amp; FM","article_publisher":"https:\/\/www.facebook.com\/kulturonline.tv","article_published_time":"2023-07-26T18:31:48+00:00","article_modified_time":"2023-07-26T18:46:08+00:00","og_image":[{"width":1600,"height":900,"url":"https:\/\/kulturonline.tv\/wp-content\/uploads\/2023\/07\/Kevin_Spacey_at_the_Royal_Albert_Hall-edited.jpg","type":"image\/jpeg"}],"author":"guenter.wolfgang","twitter_card":"summary_large_image","twitter_misc":{"Verfasst von":"guenter.wolfgang","Gesch\u00e4tzte Lesezeit":"1\u00a0Minute"},"schema":{"@context":"https:\/\/schema.org","@graph":[{"@type":"Article","@id":"https:\/\/kulturonline.tv\/de\/freispruch-fuer-kevin-spacey-bei-prozess-in-london\/#article","isPartOf":{"@id":"https:\/\/kulturonline.tv\/de\/freispruch-fuer-kevin-spacey-bei-prozess-in-london\/"},"author":{"name":"guenter.wolfgang","@id":"https:\/\/kulturonline.tv\/de\/#\/schema\/person\/b0fac729bb9a0c193fb1df23449df4fe"},"headline":"Freispruch f\u00fcr Kevin Spacey bei Prozess in London","datePublished":"2023-07-26T18:31:48+00:00","dateModified":"2023-07-26T18:46:08+00:00","mainEntityOfPage":{"@id":"https:\/\/kulturonline.tv\/de\/freispruch-fuer-kevin-spacey-bei-prozess-in-london\/"},"wordCount":140,"publisher":{"@id":"https:\/\/kulturonline.tv\/de\/#organization"},"image":{"@id":"https:\/\/kulturonline.tv\/de\/freispruch-fuer-kevin-spacey-bei-prozess-in-london\/#primaryimage"},"thumbnailUrl":"https:\/\/kulturonline.tv\/wp-content\/uploads\/2023\/07\/Kevin_Spacey_at_the_Royal_Albert_Hall-edited.jpg","articleSection":["Newsflash","Radiothek News"],"inLanguage":"de"},{"@type":"WebPage","@id":"https:\/\/kulturonline.tv\/de\/freispruch-fuer-kevin-spacey-bei-prozess-in-london\/","url":"https:\/\/kulturonline.tv\/de\/freispruch-fuer-kevin-spacey-bei-prozess-in-london\/","name":"Freispruch f\u00fcr Kevin Spacey bei Prozess in London - Kultur Online TV &amp; FM","isPartOf":{"@id":"https:\/\/kulturonline.tv\/de\/#website"},"primaryImageOfPage":{"@id":"https:\/\/kulturonline.tv\/de\/freispruch-fuer-kevin-spacey-bei-prozess-in-london\/#primaryimage"},"image":{"@id":"https:\/\/kulturonline.tv\/de\/freispruch-fuer-kevin-spacey-bei-prozess-in-london\/#primaryimage"},"thumbnailUrl":"https:\/\/kulturonline.tv\/wp-content\/uploads\/2023\/07\/Kevin_Spacey_at_the_Royal_Albert_Hall-edited.jpg","datePublished":"2023-07-26T18:31:48+00:00","dateModified":"2023-07-26T18:46:08+00:00","description":"Der Schauspieler hatte in den neun Anklagepunkten auf nicht schuldig pl\u00e4diert, darunter Vorw\u00fcrfe der sexuellen N\u00f6tigung. Vier M\u00e4nner warfen Spacey vor, ihnen gegen\u00fcber sexuell \u00fcbergriffig geworden zu sein.","breadcrumb":{"@id":"https:\/\/kulturonline.tv\/de\/freispruch-fuer-kevin-spacey-bei-prozess-in-london\/#breadcrumb"},"inLanguage":"de","potentialAction":[{"@type":"ReadAction","target":["https:\/\/kulturonline.tv\/de\/freispruch-fuer-kevin-spacey-bei-prozess-in-london\/"]}]},{"@type":"ImageObject","inLanguage":"de","@id":"https:\/\/kulturonline.tv\/de\/freispruch-fuer-kevin-spacey-bei-prozess-in-london\/#primaryimage","url":"https:\/\/kulturonline.tv\/wp-content\/uploads\/2023\/07\/Kevin_Spacey_at_the_Royal_Albert_Hall-edited.jpg","contentUrl":"https:\/\/kulturonline.tv\/wp-content\/uploads\/2023\/07\/Kevin_Spacey_at_the_Royal_Albert_Hall-edited.jpg","width":1600,"height":900},{"@type":"BreadcrumbList","@id":"https:\/\/kulturonline.tv\/de\/freispruch-fuer-kevin-spacey-bei-prozess-in-london\/#breadcrumb","itemListElement":[{"@type":"ListItem","position":1,"name":"Startseite","item":"https:\/\/kulturonline.tv\/de\/"},{"@type":"ListItem","position":2,"name":"Freispruch f\u00fcr Kevin Spacey bei Prozess in London"}]},{"@type":"WebSite","@id":"https:\/\/kulturonline.tv\/de\/#website","url":"https:\/\/kulturonline.tv\/de\/","name":"Kultur Online TV &amp; FM","description":"Wir sind Kultur 2.0 zum sehen &amp; h\u00f6ren","publisher":{"@id":"https:\/\/kulturonline.tv\/de\/#organization"},"potentialAction":[{"@type":"SearchAction","target":{"@type":"EntryPoint","urlTemplate":"https:\/\/kulturonline.tv\/de\/?s={search_term_string}"},"query-input":{"@type":"PropertyValueSpecification","valueRequired":true,"valueName":"search_term_string"}}],"inLanguage":"de"},{"@type":"Organization","@id":"https:\/\/kulturonline.tv\/de\/#organization","name":"Kultur Online TV","url":"https:\/\/kulturonline.tv\/de\/","logo":{"@type":"ImageObject","inLanguage":"de","@id":"https:\/\/kulturonline.tv\/de\/#\/schema\/logo\/image\/","url":"https:\/\/kulturonline.tv\/wp-content\/uploads\/2021\/08\/Kultur-Online-Tv-Logo-Endversion-neu.png","contentUrl":"https:\/\/kulturonline.tv\/wp-content\/uploads\/2021\/08\/Kultur-Online-Tv-Logo-Endversion-neu.png","width":200,"height":200,"caption":"Kultur Online TV"},"image":{"@id":"https:\/\/kulturonline.tv\/de\/#\/schema\/logo\/image\/"},"sameAs":["https:\/\/www.facebook.com\/kulturonline.tv","https:\/\/www.instagram.com\/kulturonline.tv"]},{"@type":"Person","@id":"https:\/\/kulturonline.tv\/de\/#\/schema\/person\/b0fac729bb9a0c193fb1df23449df4fe","name":"guenter.wolfgang"}]}},"_links":{"self":[{"href":"https:\/\/kulturonline.tv\/de\/wp-json\/wp\/v2\/posts\/60070","targetHints":{"allow":["GET"]}}],"collection":[{"href":"https:\/\/kulturonline.tv\/de\/wp-json\/wp\/v2\/posts"}],"about":[{"href":"https:\/\/kulturonline.tv\/de\/wp-json\/wp\/v2\/types\/post"}],"author":[{"embeddable":true,"href":"https:\/\/kulturonline.tv\/de\/wp-json\/wp\/v2\/users\/2"}],"replies":[{"embeddable":true,"href":"https:\/\/kulturonline.tv\/de\/wp-json\/wp\/v2\/comments?post=60070"}],"version-history":[{"count":0,"href":"https:\/\/kulturonline.tv\/de\/wp-json\/wp\/v2\/posts\/60070\/revisions"}],"wp:featuredmedia":[{"embeddable":true,"href":"https:\/\/kulturonline.tv\/de\/wp-json\/wp\/v2\/media\/60073"}],"wp:attachment":[{"href":"https:\/\/kulturonline.tv\/de\/wp-json\/wp\/v2\/media?parent=60070"}],"wp:term":[{"taxonomy":"category","embeddable":true,"href":"https:\/\/kulturonline.tv\/de\/wp-json\/wp\/v2\/categories?post=60070"},{"taxonomy":"post_tag","embeddable":true,"href":"https:\/\/kulturonline.tv\/de\/wp-json\/wp\/v2\/tags?post=60070"}],"curies":[{"name":"wp","href":"https:\/\/api.w.org\/{rel}","templated":true}]}}