{"id":60083,"date":"2023-07-26T21:20:18","date_gmt":"2023-07-26T19:20:18","guid":{"rendered":"https:\/\/kulturonline.tv\/?p=60083"},"modified":"2024-10-17T21:49:19","modified_gmt":"2024-10-17T19:49:19","slug":"900-000-euro-fuer-deutsch-ukrainisches-literaturfoerderprojekt","status":"publish","type":"post","link":"https:\/\/kulturonline.tv\/de\/900-000-euro-fuer-deutsch-ukrainisches-literaturfoerderprojekt\/","title":{"rendered":"900.000 Euro f\u00fcr deutsch-ukrainisches Literaturf\u00f6rderprojekt"},"content":{"rendered":"\n<p>Knapp anderthalb Jahre nach Beginn des russischen Angriffskriegs gegen die Ukraine will ein deutsches F\u00f6rderprojekt der ukrainischen Buchbranche helfen und den gegenseitigen Austausch f\u00f6rdern.<\/p>\n\n\n\n<figure class=\"wp-block-image size-full\"><img fetchpriority=\"high\" decoding=\"async\" width=\"1280\" height=\"720\" src=\"https:\/\/kulturonline.tv\/wp-content\/uploads\/2023\/07\/Buecher-Kultur-Onlne-TV-edited.jpg\" alt=\"\" class=\"wp-image-60092\" srcset=\"https:\/\/kulturonline.tv\/wp-content\/uploads\/2023\/07\/Buecher-Kultur-Onlne-TV-edited.jpg 1280w, https:\/\/kulturonline.tv\/wp-content\/uploads\/2023\/07\/Buecher-Kultur-Onlne-TV-edited-800x450.jpg 800w, https:\/\/kulturonline.tv\/wp-content\/uploads\/2023\/07\/Buecher-Kultur-Onlne-TV-edited-768x432.jpg 768w, https:\/\/kulturonline.tv\/wp-content\/uploads\/2023\/07\/Buecher-Kultur-Onlne-TV-edited-600x338.jpg 600w\" sizes=\"(max-width: 1280px) 100vw, 1280px\" \/><\/figure>\n\n\n\n<p>Wie der B\u00f6rsenverein des Deutschen Buchhandels am Mittwoch mitteilte, stellt Kulturstaatsministerin Claudia Roth bis Juni 2024 insgesamt 900.000 Euro zur Verf\u00fcgung. Unterst\u00fctzt werden soll die Arbeit ukrainischer Verlage, Autorinnen und Autoren sowie Medienschaffenden. <\/p>\n\n\n\n<p>Die Gr\u00fcnen-Politikerin betonte, mit dem Angriffskrieg auf die Ukraine f\u00fchre Russland systematisch auch einen Krieg gegen die ukrainische Kultur und die gesellschaftliche Identit\u00e4t. Das zeige sich in gezielten Angriffen auf Bibliotheken, Druckereien und Literaturh\u00e4user. \u201eDie Arbeit von Verlagen ist unter diesen Umst\u00e4nden kaum zu leisten und der Zugang zu B\u00fcchern f\u00fcr die Bev\u00f6lkerung massiv erschwert\u201c, kritisierte Roth.<br>F\u00fcr das Projekt arbeitet der B\u00f6rsenverein den Angaben zufolge unter anderem mit der Frankfurter Buchmesse, dem Ukrainian Book Institute sowie dem Goethe-Institut zusammen. Der Hauptgesch\u00e4ftsf\u00fchrer des B\u00f6rsenvereins, Kraus vom Cleff, betonte: \u201eDurch die geplanten Projekte k\u00f6nnen wir voneinander und \u00fcbereinander lernen sowie deutsche Literatur in der Ukraine und ukrainische Literatur in Deutschland bekannter machen.\u201c Dies sei ein Baustein f\u00fcr den Wiederaufbau der Verlags- und Buchhandelsstrukturen in der Ukraine.<\/p>\n\n\n\n<p><br>Diese Nachricht wurde am 26.07.2023 im Programm Deutschlandfunk Kultur gesendet.<\/p>\n\n\n\n<p>Kultur Online TV<\/p>\n\n\n\n<p>#literatur #preise<\/p>\n","protected":false},"excerpt":{"rendered":"<p>Knapp anderthalb Jahre nach Beginn des russischen Angriffskriegs gegen die Ukraine will ein deutsches F\u00f6rderprojekt der ukrainischen Buchbranche helfen und den gegenseitigen Austausch f\u00f6rdern. Wie der B\u00f6rsenverein des Deutschen Buchhandels am Mittwoch mitteilte, stellt Kulturstaatsministerin Claudia Roth bis Juni 2024 insgesamt 900.000 Euro zur Verf\u00fcgung. Unterst\u00fctzt werden soll die Arbeit ukrainischer Verlage, Autorinnen und Autoren [&hellip;]<\/p>\n","protected":false},"author":2,"featured_media":60092,"comment_status":"closed","ping_status":"closed","sticky":false,"template":"","format":"standard","meta":{"_acf_changed":false,"footnotes":""},"categories":[106],"tags":[],"class_list":["post-60083","post","type-post","status-publish","format-standard","has-post-thumbnail","hentry","category-literatur"],"acf":[],"yoast_head":"<!-- This site is optimized with the Yoast SEO plugin v26.1.1 - https:\/\/yoast.com\/wordpress\/plugins\/seo\/ -->\n<title>900.000 Euro f\u00fcr deutsch-ukrainisches Literaturf\u00f6rderprojekt - Kultur Online TV &amp; FM<\/title>\n<meta name=\"description\" content=\"Wie der B\u00f6rsenverein des Deutschen Buchhandels am Mittwoch mitteilte, stellt Kulturstaatsministerin Claudia Roth bis Juni 2024 insgesamt 900.000 Euro zur Verf\u00fcgung. Unterst\u00fctzt werden soll die Arbeit ukrainischer Verlage, Autorinnen und Autoren sowie Medienschaffenden.\" \/>\n<meta name=\"robots\" content=\"index, follow, max-snippet:-1, max-image-preview:large, max-video-preview:-1\" \/>\n<link rel=\"canonical\" href=\"https:\/\/kulturonline.tv\/de\/900-000-euro-fuer-deutsch-ukrainisches-literaturfoerderprojekt\/\" \/>\n<meta property=\"og:locale\" content=\"de_DE\" \/>\n<meta property=\"og:type\" content=\"article\" \/>\n<meta property=\"og:title\" content=\"900.000 Euro f\u00fcr deutsch-ukrainisches Literaturf\u00f6rderprojekt - Kultur Online TV &amp; FM\" \/>\n<meta property=\"og:description\" content=\"Wie der B\u00f6rsenverein des Deutschen Buchhandels am Mittwoch mitteilte, stellt Kulturstaatsministerin Claudia Roth bis Juni 2024 insgesamt 900.000 Euro zur Verf\u00fcgung. Unterst\u00fctzt werden soll die Arbeit ukrainischer Verlage, Autorinnen und Autoren sowie Medienschaffenden.\" \/>\n<meta property=\"og:url\" content=\"https:\/\/kulturonline.tv\/de\/900-000-euro-fuer-deutsch-ukrainisches-literaturfoerderprojekt\/\" \/>\n<meta property=\"og:site_name\" content=\"Kultur Online TV &amp; FM\" \/>\n<meta property=\"article:publisher\" content=\"https:\/\/www.facebook.com\/kulturonline.tv\" \/>\n<meta property=\"article:published_time\" content=\"2023-07-26T19:20:18+00:00\" \/>\n<meta property=\"article:modified_time\" content=\"2024-10-17T19:49:19+00:00\" \/>\n<meta property=\"og:image\" content=\"https:\/\/kulturonline.tv\/wp-content\/uploads\/2023\/07\/Buecher-Kultur-Onlne-TV-edited.jpg\" \/>\n\t<meta property=\"og:image:width\" content=\"1280\" \/>\n\t<meta property=\"og:image:height\" content=\"720\" \/>\n\t<meta property=\"og:image:type\" content=\"image\/jpeg\" \/>\n<meta name=\"author\" content=\"guenter.wolfgang\" \/>\n<meta name=\"twitter:card\" content=\"summary_large_image\" \/>\n<meta name=\"twitter:label1\" content=\"Verfasst von\" \/>\n\t<meta name=\"twitter:data1\" content=\"guenter.wolfgang\" \/>\n\t<meta name=\"twitter:label2\" content=\"Gesch\u00e4tzte Lesezeit\" \/>\n\t<meta name=\"twitter:data2\" content=\"1\u00a0Minute\" \/>\n<script type=\"application\/ld+json\" class=\"yoast-schema-graph\">{\"@context\":\"https:\/\/schema.org\",\"@graph\":[{\"@type\":\"Article\",\"@id\":\"https:\/\/kulturonline.tv\/de\/900-000-euro-fuer-deutsch-ukrainisches-literaturfoerderprojekt\/#article\",\"isPartOf\":{\"@id\":\"https:\/\/kulturonline.tv\/de\/900-000-euro-fuer-deutsch-ukrainisches-literaturfoerderprojekt\/\"},\"author\":{\"name\":\"guenter.wolfgang\",\"@id\":\"https:\/\/kulturonline.tv\/de\/#\/schema\/person\/b0fac729bb9a0c193fb1df23449df4fe\"},\"headline\":\"900.000 Euro f\u00fcr deutsch-ukrainisches Literaturf\u00f6rderprojekt\",\"datePublished\":\"2023-07-26T19:20:18+00:00\",\"dateModified\":\"2024-10-17T19:49:19+00:00\",\"mainEntityOfPage\":{\"@id\":\"https:\/\/kulturonline.tv\/de\/900-000-euro-fuer-deutsch-ukrainisches-literaturfoerderprojekt\/\"},\"wordCount\":220,\"publisher\":{\"@id\":\"https:\/\/kulturonline.tv\/de\/#organization\"},\"image\":{\"@id\":\"https:\/\/kulturonline.tv\/de\/900-000-euro-fuer-deutsch-ukrainisches-literaturfoerderprojekt\/#primaryimage\"},\"thumbnailUrl\":\"https:\/\/kulturonline.tv\/wp-content\/uploads\/2023\/07\/Buecher-Kultur-Onlne-TV-edited.jpg\",\"articleSection\":[\"Literatur\"],\"inLanguage\":\"de\"},{\"@type\":\"WebPage\",\"@id\":\"https:\/\/kulturonline.tv\/de\/900-000-euro-fuer-deutsch-ukrainisches-literaturfoerderprojekt\/\",\"url\":\"https:\/\/kulturonline.tv\/de\/900-000-euro-fuer-deutsch-ukrainisches-literaturfoerderprojekt\/\",\"name\":\"900.000 Euro f\u00fcr deutsch-ukrainisches Literaturf\u00f6rderprojekt - Kultur Online TV &amp; FM\",\"isPartOf\":{\"@id\":\"https:\/\/kulturonline.tv\/de\/#website\"},\"primaryImageOfPage\":{\"@id\":\"https:\/\/kulturonline.tv\/de\/900-000-euro-fuer-deutsch-ukrainisches-literaturfoerderprojekt\/#primaryimage\"},\"image\":{\"@id\":\"https:\/\/kulturonline.tv\/de\/900-000-euro-fuer-deutsch-ukrainisches-literaturfoerderprojekt\/#primaryimage\"},\"thumbnailUrl\":\"https:\/\/kulturonline.tv\/wp-content\/uploads\/2023\/07\/Buecher-Kultur-Onlne-TV-edited.jpg\",\"datePublished\":\"2023-07-26T19:20:18+00:00\",\"dateModified\":\"2024-10-17T19:49:19+00:00\",\"description\":\"Wie der B\u00f6rsenverein des Deutschen Buchhandels am Mittwoch mitteilte, stellt Kulturstaatsministerin Claudia Roth bis Juni 2024 insgesamt 900.000 Euro zur Verf\u00fcgung. Unterst\u00fctzt werden soll die Arbeit ukrainischer Verlage, Autorinnen und Autoren sowie Medienschaffenden.\",\"breadcrumb\":{\"@id\":\"https:\/\/kulturonline.tv\/de\/900-000-euro-fuer-deutsch-ukrainisches-literaturfoerderprojekt\/#breadcrumb\"},\"inLanguage\":\"de\",\"potentialAction\":[{\"@type\":\"ReadAction\",\"target\":[\"https:\/\/kulturonline.tv\/de\/900-000-euro-fuer-deutsch-ukrainisches-literaturfoerderprojekt\/\"]}]},{\"@type\":\"ImageObject\",\"inLanguage\":\"de\",\"@id\":\"https:\/\/kulturonline.tv\/de\/900-000-euro-fuer-deutsch-ukrainisches-literaturfoerderprojekt\/#primaryimage\",\"url\":\"https:\/\/kulturonline.tv\/wp-content\/uploads\/2023\/07\/Buecher-Kultur-Onlne-TV-edited.jpg\",\"contentUrl\":\"https:\/\/kulturonline.tv\/wp-content\/uploads\/2023\/07\/Buecher-Kultur-Onlne-TV-edited.jpg\",\"width\":1280,\"height\":720},{\"@type\":\"BreadcrumbList\",\"@id\":\"https:\/\/kulturonline.tv\/de\/900-000-euro-fuer-deutsch-ukrainisches-literaturfoerderprojekt\/#breadcrumb\",\"itemListElement\":[{\"@type\":\"ListItem\",\"position\":1,\"name\":\"Startseite\",\"item\":\"https:\/\/kulturonline.tv\/de\/\"},{\"@type\":\"ListItem\",\"position\":2,\"name\":\"900.000 Euro f\u00fcr deutsch-ukrainisches Literaturf\u00f6rderprojekt\"}]},{\"@type\":\"WebSite\",\"@id\":\"https:\/\/kulturonline.tv\/de\/#website\",\"url\":\"https:\/\/kulturonline.tv\/de\/\",\"name\":\"Kultur Online TV &amp; FM\",\"description\":\"Wir sind Kultur 2.0 zum sehen &amp; h\u00f6ren\",\"publisher\":{\"@id\":\"https:\/\/kulturonline.tv\/de\/#organization\"},\"potentialAction\":[{\"@type\":\"SearchAction\",\"target\":{\"@type\":\"EntryPoint\",\"urlTemplate\":\"https:\/\/kulturonline.tv\/de\/?s={search_term_string}\"},\"query-input\":{\"@type\":\"PropertyValueSpecification\",\"valueRequired\":true,\"valueName\":\"search_term_string\"}}],\"inLanguage\":\"de\"},{\"@type\":\"Organization\",\"@id\":\"https:\/\/kulturonline.tv\/de\/#organization\",\"name\":\"Kultur Online TV\",\"url\":\"https:\/\/kulturonline.tv\/de\/\",\"logo\":{\"@type\":\"ImageObject\",\"inLanguage\":\"de\",\"@id\":\"https:\/\/kulturonline.tv\/de\/#\/schema\/logo\/image\/\",\"url\":\"https:\/\/kulturonline.tv\/wp-content\/uploads\/2021\/08\/Kultur-Online-Tv-Logo-Endversion-neu.png\",\"contentUrl\":\"https:\/\/kulturonline.tv\/wp-content\/uploads\/2021\/08\/Kultur-Online-Tv-Logo-Endversion-neu.png\",\"width\":200,\"height\":200,\"caption\":\"Kultur Online TV\"},\"image\":{\"@id\":\"https:\/\/kulturonline.tv\/de\/#\/schema\/logo\/image\/\"},\"sameAs\":[\"https:\/\/www.facebook.com\/kulturonline.tv\",\"https:\/\/www.instagram.com\/kulturonline.tv\"]},{\"@type\":\"Person\",\"@id\":\"https:\/\/kulturonline.tv\/de\/#\/schema\/person\/b0fac729bb9a0c193fb1df23449df4fe\",\"name\":\"guenter.wolfgang\"}]}<\/script>\n<!-- \/ Yoast SEO plugin. -->","yoast_head_json":{"title":"900.000 Euro f\u00fcr deutsch-ukrainisches Literaturf\u00f6rderprojekt - Kultur Online TV &amp; FM","description":"Wie der B\u00f6rsenverein des Deutschen Buchhandels am Mittwoch mitteilte, stellt Kulturstaatsministerin Claudia Roth bis Juni 2024 insgesamt 900.000 Euro zur Verf\u00fcgung. Unterst\u00fctzt werden soll die Arbeit ukrainischer Verlage, Autorinnen und Autoren sowie Medienschaffenden.","robots":{"index":"index","follow":"follow","max-snippet":"max-snippet:-1","max-image-preview":"max-image-preview:large","max-video-preview":"max-video-preview:-1"},"canonical":"https:\/\/kulturonline.tv\/de\/900-000-euro-fuer-deutsch-ukrainisches-literaturfoerderprojekt\/","og_locale":"de_DE","og_type":"article","og_title":"900.000 Euro f\u00fcr deutsch-ukrainisches Literaturf\u00f6rderprojekt - Kultur Online TV &amp; FM","og_description":"Wie der B\u00f6rsenverein des Deutschen Buchhandels am Mittwoch mitteilte, stellt Kulturstaatsministerin Claudia Roth bis Juni 2024 insgesamt 900.000 Euro zur Verf\u00fcgung. Unterst\u00fctzt werden soll die Arbeit ukrainischer Verlage, Autorinnen und Autoren sowie Medienschaffenden.","og_url":"https:\/\/kulturonline.tv\/de\/900-000-euro-fuer-deutsch-ukrainisches-literaturfoerderprojekt\/","og_site_name":"Kultur Online TV &amp; FM","article_publisher":"https:\/\/www.facebook.com\/kulturonline.tv","article_published_time":"2023-07-26T19:20:18+00:00","article_modified_time":"2024-10-17T19:49:19+00:00","og_image":[{"width":1280,"height":720,"url":"https:\/\/kulturonline.tv\/wp-content\/uploads\/2023\/07\/Buecher-Kultur-Onlne-TV-edited.jpg","type":"image\/jpeg"}],"author":"guenter.wolfgang","twitter_card":"summary_large_image","twitter_misc":{"Verfasst von":"guenter.wolfgang","Gesch\u00e4tzte Lesezeit":"1\u00a0Minute"},"schema":{"@context":"https:\/\/schema.org","@graph":[{"@type":"Article","@id":"https:\/\/kulturonline.tv\/de\/900-000-euro-fuer-deutsch-ukrainisches-literaturfoerderprojekt\/#article","isPartOf":{"@id":"https:\/\/kulturonline.tv\/de\/900-000-euro-fuer-deutsch-ukrainisches-literaturfoerderprojekt\/"},"author":{"name":"guenter.wolfgang","@id":"https:\/\/kulturonline.tv\/de\/#\/schema\/person\/b0fac729bb9a0c193fb1df23449df4fe"},"headline":"900.000 Euro f\u00fcr deutsch-ukrainisches Literaturf\u00f6rderprojekt","datePublished":"2023-07-26T19:20:18+00:00","dateModified":"2024-10-17T19:49:19+00:00","mainEntityOfPage":{"@id":"https:\/\/kulturonline.tv\/de\/900-000-euro-fuer-deutsch-ukrainisches-literaturfoerderprojekt\/"},"wordCount":220,"publisher":{"@id":"https:\/\/kulturonline.tv\/de\/#organization"},"image":{"@id":"https:\/\/kulturonline.tv\/de\/900-000-euro-fuer-deutsch-ukrainisches-literaturfoerderprojekt\/#primaryimage"},"thumbnailUrl":"https:\/\/kulturonline.tv\/wp-content\/uploads\/2023\/07\/Buecher-Kultur-Onlne-TV-edited.jpg","articleSection":["Literatur"],"inLanguage":"de"},{"@type":"WebPage","@id":"https:\/\/kulturonline.tv\/de\/900-000-euro-fuer-deutsch-ukrainisches-literaturfoerderprojekt\/","url":"https:\/\/kulturonline.tv\/de\/900-000-euro-fuer-deutsch-ukrainisches-literaturfoerderprojekt\/","name":"900.000 Euro f\u00fcr deutsch-ukrainisches Literaturf\u00f6rderprojekt - Kultur Online TV &amp; FM","isPartOf":{"@id":"https:\/\/kulturonline.tv\/de\/#website"},"primaryImageOfPage":{"@id":"https:\/\/kulturonline.tv\/de\/900-000-euro-fuer-deutsch-ukrainisches-literaturfoerderprojekt\/#primaryimage"},"image":{"@id":"https:\/\/kulturonline.tv\/de\/900-000-euro-fuer-deutsch-ukrainisches-literaturfoerderprojekt\/#primaryimage"},"thumbnailUrl":"https:\/\/kulturonline.tv\/wp-content\/uploads\/2023\/07\/Buecher-Kultur-Onlne-TV-edited.jpg","datePublished":"2023-07-26T19:20:18+00:00","dateModified":"2024-10-17T19:49:19+00:00","description":"Wie der B\u00f6rsenverein des Deutschen Buchhandels am Mittwoch mitteilte, stellt Kulturstaatsministerin Claudia Roth bis Juni 2024 insgesamt 900.000 Euro zur Verf\u00fcgung. Unterst\u00fctzt werden soll die Arbeit ukrainischer Verlage, Autorinnen und Autoren sowie Medienschaffenden.","breadcrumb":{"@id":"https:\/\/kulturonline.tv\/de\/900-000-euro-fuer-deutsch-ukrainisches-literaturfoerderprojekt\/#breadcrumb"},"inLanguage":"de","potentialAction":[{"@type":"ReadAction","target":["https:\/\/kulturonline.tv\/de\/900-000-euro-fuer-deutsch-ukrainisches-literaturfoerderprojekt\/"]}]},{"@type":"ImageObject","inLanguage":"de","@id":"https:\/\/kulturonline.tv\/de\/900-000-euro-fuer-deutsch-ukrainisches-literaturfoerderprojekt\/#primaryimage","url":"https:\/\/kulturonline.tv\/wp-content\/uploads\/2023\/07\/Buecher-Kultur-Onlne-TV-edited.jpg","contentUrl":"https:\/\/kulturonline.tv\/wp-content\/uploads\/2023\/07\/Buecher-Kultur-Onlne-TV-edited.jpg","width":1280,"height":720},{"@type":"BreadcrumbList","@id":"https:\/\/kulturonline.tv\/de\/900-000-euro-fuer-deutsch-ukrainisches-literaturfoerderprojekt\/#breadcrumb","itemListElement":[{"@type":"ListItem","position":1,"name":"Startseite","item":"https:\/\/kulturonline.tv\/de\/"},{"@type":"ListItem","position":2,"name":"900.000 Euro f\u00fcr deutsch-ukrainisches Literaturf\u00f6rderprojekt"}]},{"@type":"WebSite","@id":"https:\/\/kulturonline.tv\/de\/#website","url":"https:\/\/kulturonline.tv\/de\/","name":"Kultur Online TV &amp; FM","description":"Wir sind Kultur 2.0 zum sehen &amp; h\u00f6ren","publisher":{"@id":"https:\/\/kulturonline.tv\/de\/#organization"},"potentialAction":[{"@type":"SearchAction","target":{"@type":"EntryPoint","urlTemplate":"https:\/\/kulturonline.tv\/de\/?s={search_term_string}"},"query-input":{"@type":"PropertyValueSpecification","valueRequired":true,"valueName":"search_term_string"}}],"inLanguage":"de"},{"@type":"Organization","@id":"https:\/\/kulturonline.tv\/de\/#organization","name":"Kultur Online TV","url":"https:\/\/kulturonline.tv\/de\/","logo":{"@type":"ImageObject","inLanguage":"de","@id":"https:\/\/kulturonline.tv\/de\/#\/schema\/logo\/image\/","url":"https:\/\/kulturonline.tv\/wp-content\/uploads\/2021\/08\/Kultur-Online-Tv-Logo-Endversion-neu.png","contentUrl":"https:\/\/kulturonline.tv\/wp-content\/uploads\/2021\/08\/Kultur-Online-Tv-Logo-Endversion-neu.png","width":200,"height":200,"caption":"Kultur Online TV"},"image":{"@id":"https:\/\/kulturonline.tv\/de\/#\/schema\/logo\/image\/"},"sameAs":["https:\/\/www.facebook.com\/kulturonline.tv","https:\/\/www.instagram.com\/kulturonline.tv"]},{"@type":"Person","@id":"https:\/\/kulturonline.tv\/de\/#\/schema\/person\/b0fac729bb9a0c193fb1df23449df4fe","name":"guenter.wolfgang"}]}},"_links":{"self":[{"href":"https:\/\/kulturonline.tv\/de\/wp-json\/wp\/v2\/posts\/60083","targetHints":{"allow":["GET"]}}],"collection":[{"href":"https:\/\/kulturonline.tv\/de\/wp-json\/wp\/v2\/posts"}],"about":[{"href":"https:\/\/kulturonline.tv\/de\/wp-json\/wp\/v2\/types\/post"}],"author":[{"embeddable":true,"href":"https:\/\/kulturonline.tv\/de\/wp-json\/wp\/v2\/users\/2"}],"replies":[{"embeddable":true,"href":"https:\/\/kulturonline.tv\/de\/wp-json\/wp\/v2\/comments?post=60083"}],"version-history":[{"count":0,"href":"https:\/\/kulturonline.tv\/de\/wp-json\/wp\/v2\/posts\/60083\/revisions"}],"wp:featuredmedia":[{"embeddable":true,"href":"https:\/\/kulturonline.tv\/de\/wp-json\/wp\/v2\/media\/60092"}],"wp:attachment":[{"href":"https:\/\/kulturonline.tv\/de\/wp-json\/wp\/v2\/media?parent=60083"}],"wp:term":[{"taxonomy":"category","embeddable":true,"href":"https:\/\/kulturonline.tv\/de\/wp-json\/wp\/v2\/categories?post=60083"},{"taxonomy":"post_tag","embeddable":true,"href":"https:\/\/kulturonline.tv\/de\/wp-json\/wp\/v2\/tags?post=60083"}],"curies":[{"name":"wp","href":"https:\/\/api.w.org\/{rel}","templated":true}]}}