{"id":60281,"date":"2023-07-28T03:52:53","date_gmt":"2023-07-28T01:52:53","guid":{"rendered":"https:\/\/kulturonline.tv\/?p=60281"},"modified":"2023-07-28T03:52:54","modified_gmt":"2023-07-28T01:52:54","slug":"kulturpass-auch-fuer-juengere","status":"publish","type":"post","link":"https:\/\/kulturonline.tv\/de\/kulturpass-auch-fuer-juengere\/","title":{"rendered":"Kulturpass auch f\u00fcr J\u00fcngere"},"content":{"rendered":"\n<p>Kulturstaatsministerin Claudia Roth will den Kulturpass in den kommenden Jahren erweitern.<\/p>\n\n\n\n<figure class=\"wp-block-image size-full is-resized\"><img fetchpriority=\"high\" decoding=\"async\" src=\"https:\/\/kulturonline.tv\/wp-content\/uploads\/2023\/07\/Kulturpass.jpeg\" alt=\"\" class=\"wp-image-60282\" width=\"840\" height=\"472\" srcset=\"https:\/\/kulturonline.tv\/wp-content\/uploads\/2023\/07\/Kulturpass.jpeg 1200w, https:\/\/kulturonline.tv\/wp-content\/uploads\/2023\/07\/Kulturpass-800x450.jpeg 800w, https:\/\/kulturonline.tv\/wp-content\/uploads\/2023\/07\/Kulturpass-768x432.jpeg 768w, https:\/\/kulturonline.tv\/wp-content\/uploads\/2023\/07\/Kulturpass-600x338.jpeg 600w\" sizes=\"(max-width: 840px) 100vw, 840px\" \/><\/figure>\n\n\n\n<p>Mehr als 310.000 Personen haben sich seit dem Launch der App bereits registriert und \u00fcber 100.000 Jugendliche ihr Budget mit der eID freigeschaltet. Mit \u00fcber 95.000 Reservierungen wurden bereits Ums\u00e4tze in H\u00f6he von rund 1,8 Millionen generiert (Stand: 21.07.2023).<\/p>\n\n\n\n<p>\u201eDas ist ein sehr erfreulicher Auftakt, der zeigt, dass der KulturPass ankommt\u201c, freut sich Kulturstaatsministerin Claudia Roth, auf deren Initiative der KulturPass zur\u00fcckgeht. Mit dem KulturPass m\u00f6chte der Bund es jungen Menschen leichter machen, ihre Kulturszene vor Ort n\u00e4her kennenzulernen. Denn w\u00e4hrend der Pandemie konnten sie zwei Jahre lang keine Live-Kultur erleben. \u201eWir wollen den Weg in die Kultur \u00f6ffnen und junge Menschen f\u00fcr die Vielfalt der Kultur in unserem Land begeistern\u201c, betont Roth.<\/p>\n\n\n\n<p>Alle jungen Menschen, die in Deutschland leben und im Jahr 2005 geboren wurden, erhalten daher in diesem Jahr zu ihrem Geburtstag ein pers\u00f6nliches Budget von 200 Euro, das sie mit ihrer eID auf einer digitalen Plattform einl\u00f6sen k\u00f6nnen. Sie steht als App zum Download in den Stores bereit.<\/p>\n\n\n\n<p>Der KulturPass soll nicht nur junge Menschen, sondern auch die Kultureinrichtungen unterst\u00fctzen. Sie wurden ebenfalls hart von Corona getroffen und k\u00e4mpfen noch immer darum, ihr Publikum zur\u00fcckzugewinnen. Ziel ist es, durch den KulturPass die Nachfrage in den Einrichtungen zu st\u00e4rken und ihnen zu erm\u00f6glichen, neues Publikum f\u00fcr sich zu gewinnen.<\/p>\n\n\n\n<p>Wie funktioniert der KulturPass?<\/p>\n\n\n\n<p>Alle Jugendlichen, die in Deutschland leben und im Jahr 2023 18 Jahre alt wurden oder werden, erhalten ein Budget in H\u00f6he von 200 Euro. Laut Statistischem Bundesamt sind das etwa 750.000 Personen. Das Budget k\u00f6nnen die Jugendlichen von ihrem 18. Geburtstag an \u00fcber die KulturPass-App oder -Website einl\u00f6sen. Daf\u00fcr ben\u00f6tigen die Jugendlichen ihre eID. Es wird derzeit davon ausgegangen, dass das Budget bis zu zwei Jahre zur Verf\u00fcgung steht.<\/p>\n\n\n\n<p>Bereits seit Mitte Mai k\u00f6nnen sich Kulturanbieter auf der Plattform registrieren und dort beispielsweise Konzerte, Theater- und Kinovorstellungen anbieten. Das Angebot umfasst auch Eintrittskarten f\u00fcr Museen, Ausstellungen oder Parks sowie B\u00fccher, Tontr\u00e4ger oder Musikinstrumente. Die Registrierung ist beschr\u00e4nkt auf lokale Kulturanbieter. Gro\u00dfe Verkaufsplattformen und Online-Versandh\u00e4ndler sind ausgeschlossen.<\/p>\n\n\n\n<p>Mit dem Projekt folgt die Bundesregierung dem Vorbild anderer europ\u00e4ischer L\u00e4nder, die bereits einen KulturPass eingef\u00fchrt haben. Bei erfolgreichem Verlauf kann das Programm in einem zweiten Schritt f\u00fcr Jugendliche im Alter von 16 bis 17 Jahren ge\u00f6ffnet werden.<\/p>\n\n\n\n<p><a href=\"https:\/\/www.kulturpass.de\/jugendliche\">Hier gehts zur Anmeldung<\/a><\/p>\n\n\n\n<p>Textquelle: bundesregierung.de<\/p>\n\n\n\n<p>#kunst #kultur #kulturpass<\/p>\n","protected":false},"excerpt":{"rendered":"<p>Kulturstaatsministerin Claudia Roth will den Kulturpass in den kommenden Jahren erweitern. Mehr als 310.000 Personen haben sich seit dem Launch der App bereits registriert und \u00fcber 100.000 Jugendliche ihr Budget mit der eID freigeschaltet. Mit \u00fcber 95.000 Reservierungen wurden bereits Ums\u00e4tze in H\u00f6he von rund 1,8 Millionen generiert (Stand: 21.07.2023). \u201eDas ist ein sehr erfreulicher [&hellip;]<\/p>\n","protected":false},"author":2,"featured_media":60284,"comment_status":"closed","ping_status":"closed","sticky":false,"template":"","format":"standard","meta":{"_acf_changed":false,"footnotes":""},"categories":[3,401],"tags":[],"class_list":["post-60281","post","type-post","status-publish","format-standard","has-post-thumbnail","hentry","category-newsflash","category-radiothek-news"],"acf":[],"yoast_head":"<!-- This site is optimized with the Yoast SEO plugin v26.1.1 - https:\/\/yoast.com\/wordpress\/plugins\/seo\/ -->\n<title>Kulturpass auch f\u00fcr J\u00fcngere - Kultur Online TV &amp; FM<\/title>\n<meta name=\"description\" content=\"Kulturstaatsministerin Claudia Roth will den Kulturpass in den kommenden Jahren erweitern.\" \/>\n<meta name=\"robots\" content=\"index, follow, max-snippet:-1, max-image-preview:large, max-video-preview:-1\" \/>\n<link rel=\"canonical\" href=\"https:\/\/kulturonline.tv\/de\/kulturpass-auch-fuer-juengere\/\" \/>\n<meta property=\"og:locale\" content=\"de_DE\" \/>\n<meta property=\"og:type\" content=\"article\" \/>\n<meta property=\"og:title\" content=\"Kulturpass auch f\u00fcr J\u00fcngere - Kultur Online TV &amp; FM\" \/>\n<meta property=\"og:description\" content=\"Kulturstaatsministerin Claudia Roth will den Kulturpass in den kommenden Jahren erweitern.\" \/>\n<meta property=\"og:url\" content=\"https:\/\/kulturonline.tv\/de\/kulturpass-auch-fuer-juengere\/\" \/>\n<meta property=\"og:site_name\" content=\"Kultur Online TV &amp; FM\" \/>\n<meta property=\"article:publisher\" content=\"https:\/\/www.facebook.com\/kulturonline.tv\" \/>\n<meta property=\"article:published_time\" content=\"2023-07-28T01:52:53+00:00\" \/>\n<meta property=\"article:modified_time\" content=\"2023-07-28T01:52:54+00:00\" \/>\n<meta property=\"og:image\" content=\"https:\/\/kulturonline.tv\/wp-content\/uploads\/2023\/07\/Kulturpass-1.jpeg\" \/>\n\t<meta property=\"og:image:width\" content=\"1200\" \/>\n\t<meta property=\"og:image:height\" content=\"675\" \/>\n\t<meta property=\"og:image:type\" content=\"image\/jpeg\" \/>\n<meta name=\"author\" content=\"guenter.wolfgang\" \/>\n<meta name=\"twitter:card\" content=\"summary_large_image\" \/>\n<meta name=\"twitter:label1\" content=\"Verfasst von\" \/>\n\t<meta name=\"twitter:data1\" content=\"guenter.wolfgang\" \/>\n\t<meta name=\"twitter:label2\" content=\"Gesch\u00e4tzte Lesezeit\" \/>\n\t<meta name=\"twitter:data2\" content=\"2\u00a0Minuten\" \/>\n<script type=\"application\/ld+json\" class=\"yoast-schema-graph\">{\"@context\":\"https:\/\/schema.org\",\"@graph\":[{\"@type\":\"Article\",\"@id\":\"https:\/\/kulturonline.tv\/de\/kulturpass-auch-fuer-juengere\/#article\",\"isPartOf\":{\"@id\":\"https:\/\/kulturonline.tv\/de\/kulturpass-auch-fuer-juengere\/\"},\"author\":{\"name\":\"guenter.wolfgang\",\"@id\":\"https:\/\/kulturonline.tv\/de\/#\/schema\/person\/b0fac729bb9a0c193fb1df23449df4fe\"},\"headline\":\"Kulturpass auch f\u00fcr J\u00fcngere\",\"datePublished\":\"2023-07-28T01:52:53+00:00\",\"dateModified\":\"2023-07-28T01:52:54+00:00\",\"mainEntityOfPage\":{\"@id\":\"https:\/\/kulturonline.tv\/de\/kulturpass-auch-fuer-juengere\/\"},\"wordCount\":416,\"publisher\":{\"@id\":\"https:\/\/kulturonline.tv\/de\/#organization\"},\"image\":{\"@id\":\"https:\/\/kulturonline.tv\/de\/kulturpass-auch-fuer-juengere\/#primaryimage\"},\"thumbnailUrl\":\"https:\/\/kulturonline.tv\/wp-content\/uploads\/2023\/07\/Kulturpass-1.jpeg\",\"articleSection\":[\"Newsflash\",\"Radiothek News\"],\"inLanguage\":\"de\"},{\"@type\":\"WebPage\",\"@id\":\"https:\/\/kulturonline.tv\/de\/kulturpass-auch-fuer-juengere\/\",\"url\":\"https:\/\/kulturonline.tv\/de\/kulturpass-auch-fuer-juengere\/\",\"name\":\"Kulturpass auch f\u00fcr J\u00fcngere - Kultur Online TV &amp; FM\",\"isPartOf\":{\"@id\":\"https:\/\/kulturonline.tv\/de\/#website\"},\"primaryImageOfPage\":{\"@id\":\"https:\/\/kulturonline.tv\/de\/kulturpass-auch-fuer-juengere\/#primaryimage\"},\"image\":{\"@id\":\"https:\/\/kulturonline.tv\/de\/kulturpass-auch-fuer-juengere\/#primaryimage\"},\"thumbnailUrl\":\"https:\/\/kulturonline.tv\/wp-content\/uploads\/2023\/07\/Kulturpass-1.jpeg\",\"datePublished\":\"2023-07-28T01:52:53+00:00\",\"dateModified\":\"2023-07-28T01:52:54+00:00\",\"description\":\"Kulturstaatsministerin Claudia Roth will den Kulturpass in den kommenden Jahren erweitern.\",\"breadcrumb\":{\"@id\":\"https:\/\/kulturonline.tv\/de\/kulturpass-auch-fuer-juengere\/#breadcrumb\"},\"inLanguage\":\"de\",\"potentialAction\":[{\"@type\":\"ReadAction\",\"target\":[\"https:\/\/kulturonline.tv\/de\/kulturpass-auch-fuer-juengere\/\"]}]},{\"@type\":\"ImageObject\",\"inLanguage\":\"de\",\"@id\":\"https:\/\/kulturonline.tv\/de\/kulturpass-auch-fuer-juengere\/#primaryimage\",\"url\":\"https:\/\/kulturonline.tv\/wp-content\/uploads\/2023\/07\/Kulturpass-1.jpeg\",\"contentUrl\":\"https:\/\/kulturonline.tv\/wp-content\/uploads\/2023\/07\/Kulturpass-1.jpeg\",\"width\":1200,\"height\":675},{\"@type\":\"BreadcrumbList\",\"@id\":\"https:\/\/kulturonline.tv\/de\/kulturpass-auch-fuer-juengere\/#breadcrumb\",\"itemListElement\":[{\"@type\":\"ListItem\",\"position\":1,\"name\":\"Startseite\",\"item\":\"https:\/\/kulturonline.tv\/de\/\"},{\"@type\":\"ListItem\",\"position\":2,\"name\":\"Kulturpass auch f\u00fcr J\u00fcngere\"}]},{\"@type\":\"WebSite\",\"@id\":\"https:\/\/kulturonline.tv\/de\/#website\",\"url\":\"https:\/\/kulturonline.tv\/de\/\",\"name\":\"Kultur Online TV &amp; FM\",\"description\":\"Wir sind Kultur 2.0 zum sehen &amp; h\u00f6ren\",\"publisher\":{\"@id\":\"https:\/\/kulturonline.tv\/de\/#organization\"},\"potentialAction\":[{\"@type\":\"SearchAction\",\"target\":{\"@type\":\"EntryPoint\",\"urlTemplate\":\"https:\/\/kulturonline.tv\/de\/?s={search_term_string}\"},\"query-input\":{\"@type\":\"PropertyValueSpecification\",\"valueRequired\":true,\"valueName\":\"search_term_string\"}}],\"inLanguage\":\"de\"},{\"@type\":\"Organization\",\"@id\":\"https:\/\/kulturonline.tv\/de\/#organization\",\"name\":\"Kultur Online TV\",\"url\":\"https:\/\/kulturonline.tv\/de\/\",\"logo\":{\"@type\":\"ImageObject\",\"inLanguage\":\"de\",\"@id\":\"https:\/\/kulturonline.tv\/de\/#\/schema\/logo\/image\/\",\"url\":\"https:\/\/kulturonline.tv\/wp-content\/uploads\/2021\/08\/Kultur-Online-Tv-Logo-Endversion-neu.png\",\"contentUrl\":\"https:\/\/kulturonline.tv\/wp-content\/uploads\/2021\/08\/Kultur-Online-Tv-Logo-Endversion-neu.png\",\"width\":200,\"height\":200,\"caption\":\"Kultur Online TV\"},\"image\":{\"@id\":\"https:\/\/kulturonline.tv\/de\/#\/schema\/logo\/image\/\"},\"sameAs\":[\"https:\/\/www.facebook.com\/kulturonline.tv\",\"https:\/\/www.instagram.com\/kulturonline.tv\"]},{\"@type\":\"Person\",\"@id\":\"https:\/\/kulturonline.tv\/de\/#\/schema\/person\/b0fac729bb9a0c193fb1df23449df4fe\",\"name\":\"guenter.wolfgang\"}]}<\/script>\n<!-- \/ Yoast SEO plugin. -->","yoast_head_json":{"title":"Kulturpass auch f\u00fcr J\u00fcngere - Kultur Online TV &amp; FM","description":"Kulturstaatsministerin Claudia Roth will den Kulturpass in den kommenden Jahren erweitern.","robots":{"index":"index","follow":"follow","max-snippet":"max-snippet:-1","max-image-preview":"max-image-preview:large","max-video-preview":"max-video-preview:-1"},"canonical":"https:\/\/kulturonline.tv\/de\/kulturpass-auch-fuer-juengere\/","og_locale":"de_DE","og_type":"article","og_title":"Kulturpass auch f\u00fcr J\u00fcngere - Kultur Online TV &amp; FM","og_description":"Kulturstaatsministerin Claudia Roth will den Kulturpass in den kommenden Jahren erweitern.","og_url":"https:\/\/kulturonline.tv\/de\/kulturpass-auch-fuer-juengere\/","og_site_name":"Kultur Online TV &amp; FM","article_publisher":"https:\/\/www.facebook.com\/kulturonline.tv","article_published_time":"2023-07-28T01:52:53+00:00","article_modified_time":"2023-07-28T01:52:54+00:00","og_image":[{"width":1200,"height":675,"url":"https:\/\/kulturonline.tv\/wp-content\/uploads\/2023\/07\/Kulturpass-1.jpeg","type":"image\/jpeg"}],"author":"guenter.wolfgang","twitter_card":"summary_large_image","twitter_misc":{"Verfasst von":"guenter.wolfgang","Gesch\u00e4tzte Lesezeit":"2\u00a0Minuten"},"schema":{"@context":"https:\/\/schema.org","@graph":[{"@type":"Article","@id":"https:\/\/kulturonline.tv\/de\/kulturpass-auch-fuer-juengere\/#article","isPartOf":{"@id":"https:\/\/kulturonline.tv\/de\/kulturpass-auch-fuer-juengere\/"},"author":{"name":"guenter.wolfgang","@id":"https:\/\/kulturonline.tv\/de\/#\/schema\/person\/b0fac729bb9a0c193fb1df23449df4fe"},"headline":"Kulturpass auch f\u00fcr J\u00fcngere","datePublished":"2023-07-28T01:52:53+00:00","dateModified":"2023-07-28T01:52:54+00:00","mainEntityOfPage":{"@id":"https:\/\/kulturonline.tv\/de\/kulturpass-auch-fuer-juengere\/"},"wordCount":416,"publisher":{"@id":"https:\/\/kulturonline.tv\/de\/#organization"},"image":{"@id":"https:\/\/kulturonline.tv\/de\/kulturpass-auch-fuer-juengere\/#primaryimage"},"thumbnailUrl":"https:\/\/kulturonline.tv\/wp-content\/uploads\/2023\/07\/Kulturpass-1.jpeg","articleSection":["Newsflash","Radiothek News"],"inLanguage":"de"},{"@type":"WebPage","@id":"https:\/\/kulturonline.tv\/de\/kulturpass-auch-fuer-juengere\/","url":"https:\/\/kulturonline.tv\/de\/kulturpass-auch-fuer-juengere\/","name":"Kulturpass auch f\u00fcr J\u00fcngere - Kultur Online TV &amp; FM","isPartOf":{"@id":"https:\/\/kulturonline.tv\/de\/#website"},"primaryImageOfPage":{"@id":"https:\/\/kulturonline.tv\/de\/kulturpass-auch-fuer-juengere\/#primaryimage"},"image":{"@id":"https:\/\/kulturonline.tv\/de\/kulturpass-auch-fuer-juengere\/#primaryimage"},"thumbnailUrl":"https:\/\/kulturonline.tv\/wp-content\/uploads\/2023\/07\/Kulturpass-1.jpeg","datePublished":"2023-07-28T01:52:53+00:00","dateModified":"2023-07-28T01:52:54+00:00","description":"Kulturstaatsministerin Claudia Roth will den Kulturpass in den kommenden Jahren erweitern.","breadcrumb":{"@id":"https:\/\/kulturonline.tv\/de\/kulturpass-auch-fuer-juengere\/#breadcrumb"},"inLanguage":"de","potentialAction":[{"@type":"ReadAction","target":["https:\/\/kulturonline.tv\/de\/kulturpass-auch-fuer-juengere\/"]}]},{"@type":"ImageObject","inLanguage":"de","@id":"https:\/\/kulturonline.tv\/de\/kulturpass-auch-fuer-juengere\/#primaryimage","url":"https:\/\/kulturonline.tv\/wp-content\/uploads\/2023\/07\/Kulturpass-1.jpeg","contentUrl":"https:\/\/kulturonline.tv\/wp-content\/uploads\/2023\/07\/Kulturpass-1.jpeg","width":1200,"height":675},{"@type":"BreadcrumbList","@id":"https:\/\/kulturonline.tv\/de\/kulturpass-auch-fuer-juengere\/#breadcrumb","itemListElement":[{"@type":"ListItem","position":1,"name":"Startseite","item":"https:\/\/kulturonline.tv\/de\/"},{"@type":"ListItem","position":2,"name":"Kulturpass auch f\u00fcr J\u00fcngere"}]},{"@type":"WebSite","@id":"https:\/\/kulturonline.tv\/de\/#website","url":"https:\/\/kulturonline.tv\/de\/","name":"Kultur Online TV &amp; FM","description":"Wir sind Kultur 2.0 zum sehen &amp; h\u00f6ren","publisher":{"@id":"https:\/\/kulturonline.tv\/de\/#organization"},"potentialAction":[{"@type":"SearchAction","target":{"@type":"EntryPoint","urlTemplate":"https:\/\/kulturonline.tv\/de\/?s={search_term_string}"},"query-input":{"@type":"PropertyValueSpecification","valueRequired":true,"valueName":"search_term_string"}}],"inLanguage":"de"},{"@type":"Organization","@id":"https:\/\/kulturonline.tv\/de\/#organization","name":"Kultur Online TV","url":"https:\/\/kulturonline.tv\/de\/","logo":{"@type":"ImageObject","inLanguage":"de","@id":"https:\/\/kulturonline.tv\/de\/#\/schema\/logo\/image\/","url":"https:\/\/kulturonline.tv\/wp-content\/uploads\/2021\/08\/Kultur-Online-Tv-Logo-Endversion-neu.png","contentUrl":"https:\/\/kulturonline.tv\/wp-content\/uploads\/2021\/08\/Kultur-Online-Tv-Logo-Endversion-neu.png","width":200,"height":200,"caption":"Kultur Online TV"},"image":{"@id":"https:\/\/kulturonline.tv\/de\/#\/schema\/logo\/image\/"},"sameAs":["https:\/\/www.facebook.com\/kulturonline.tv","https:\/\/www.instagram.com\/kulturonline.tv"]},{"@type":"Person","@id":"https:\/\/kulturonline.tv\/de\/#\/schema\/person\/b0fac729bb9a0c193fb1df23449df4fe","name":"guenter.wolfgang"}]}},"_links":{"self":[{"href":"https:\/\/kulturonline.tv\/de\/wp-json\/wp\/v2\/posts\/60281","targetHints":{"allow":["GET"]}}],"collection":[{"href":"https:\/\/kulturonline.tv\/de\/wp-json\/wp\/v2\/posts"}],"about":[{"href":"https:\/\/kulturonline.tv\/de\/wp-json\/wp\/v2\/types\/post"}],"author":[{"embeddable":true,"href":"https:\/\/kulturonline.tv\/de\/wp-json\/wp\/v2\/users\/2"}],"replies":[{"embeddable":true,"href":"https:\/\/kulturonline.tv\/de\/wp-json\/wp\/v2\/comments?post=60281"}],"version-history":[{"count":0,"href":"https:\/\/kulturonline.tv\/de\/wp-json\/wp\/v2\/posts\/60281\/revisions"}],"wp:featuredmedia":[{"embeddable":true,"href":"https:\/\/kulturonline.tv\/de\/wp-json\/wp\/v2\/media\/60284"}],"wp:attachment":[{"href":"https:\/\/kulturonline.tv\/de\/wp-json\/wp\/v2\/media?parent=60281"}],"wp:term":[{"taxonomy":"category","embeddable":true,"href":"https:\/\/kulturonline.tv\/de\/wp-json\/wp\/v2\/categories?post=60281"},{"taxonomy":"post_tag","embeddable":true,"href":"https:\/\/kulturonline.tv\/de\/wp-json\/wp\/v2\/tags?post=60281"}],"curies":[{"name":"wp","href":"https:\/\/api.w.org\/{rel}","templated":true}]}}