{"id":62513,"date":"2023-08-28T07:46:25","date_gmt":"2023-08-28T05:46:25","guid":{"rendered":"https:\/\/kulturonline.tv\/?p=62513"},"modified":"2023-08-28T07:46:27","modified_gmt":"2023-08-28T05:46:27","slug":"schauspielerin-claudia-michelsen-kritisiert-missstaende-in-der-filmbranche","status":"publish","type":"post","link":"https:\/\/kulturonline.tv\/de\/schauspielerin-claudia-michelsen-kritisiert-missstaende-in-der-filmbranche\/","title":{"rendered":"Schauspielerin Claudia Michelsen kritisiert Missst\u00e4nde in der Filmbranche"},"content":{"rendered":"\n<p>Es gebe am Theater und an Filmsets hierarchische Strukturen und F\u00e4lle von Machtmissbrauch, sagte sie im In einem Interview mit der &#8222;Neuen Osnabr\u00fccker Zeitung&#8220; kritisierte Sie kenne das seit Jahrzehnten.<\/p>\n\n\n\n<figure class=\"wp-block-image size-full\"><img fetchpriority=\"high\" decoding=\"async\" width=\"1024\" height=\"576\" src=\"https:\/\/kulturonline.tv\/wp-content\/uploads\/2023\/08\/MJK30833_Claudia_Michelsen_Berlinale_2017-edited.jpg\" alt=\"\" class=\"wp-image-62516\" srcset=\"https:\/\/kulturonline.tv\/wp-content\/uploads\/2023\/08\/MJK30833_Claudia_Michelsen_Berlinale_2017-edited.jpg 1024w, https:\/\/kulturonline.tv\/wp-content\/uploads\/2023\/08\/MJK30833_Claudia_Michelsen_Berlinale_2017-edited-800x450.jpg 800w, https:\/\/kulturonline.tv\/wp-content\/uploads\/2023\/08\/MJK30833_Claudia_Michelsen_Berlinale_2017-edited-768x432.jpg 768w, https:\/\/kulturonline.tv\/wp-content\/uploads\/2023\/08\/MJK30833_Claudia_Michelsen_Berlinale_2017-edited-600x338.jpg 600w\" sizes=\"(max-width: 1024px) 100vw, 1024px\" \/><\/figure>\n\n\n\n<p>Bild: c. 2023 Martin Kraft, CC BY-SA 3.0 <a href=\"https:\/\/creativecommons.org\/licenses\/by-sa\/3.0\">https:\/\/creativecommons.org\/licenses\/by-sa\/3.0<\/a>, via Wikimedia Commons<\/p>\n\n\n\n<p>Es gebe am Theater und an Filmsets hierarchische Strukturen und F\u00e4lle von Machtmissbrauch, sagte sie im Interview mit der &#8222;Neuen Osnabr\u00fccker Zeitung&#8220;. Sie kenne das seit Jahrzehnten. Es sei gut, dass dies nun mehr und mehr benannt werde, so Michelsen. <\/p>\n\n\n\n<p>Sie hoffe, dass dadurch ein neues Bewusstsein enstehe. Die Vorw\u00fcrfe gegen Regisseur Til Schweiger, mit dem sie vor knapp zehn Jahren einen Film gedreht hatte, k\u00f6nne sie allerdings nicht best\u00e4tigen. Die Zusammenarbeit f\u00fcr den Film &#8222;Honig im Kopf&#8220; sei zwar kurz, aber sehr positiv gewesen. <\/p>\n\n\n\n<p>Mehrere Mitarbeitende aus der Filmbranche hatten Til Schweiger unter anderem vorgeworfen, am Filmset ein &#8222;Klima der Angst&#8220; zu verbreiten.<\/p>\n\n\n\n<p>Kultur Online TV<\/p>\n\n\n\n<p>#film #theater #kunst #schauspiel<\/p>\n","protected":false},"excerpt":{"rendered":"<p>Es gebe am Theater und an Filmsets hierarchische Strukturen und F\u00e4lle von Machtmissbrauch, sagte sie im In einem Interview mit der &#8222;Neuen Osnabr\u00fccker Zeitung&#8220; kritisierte Sie kenne das seit Jahrzehnten. Bild: c. 2023 Martin Kraft, CC BY-SA 3.0 https:\/\/creativecommons.org\/licenses\/by-sa\/3.0, via Wikimedia Commons Es gebe am Theater und an Filmsets hierarchische Strukturen und F\u00e4lle von Machtmissbrauch, [&hellip;]<\/p>\n","protected":false},"author":2,"featured_media":62516,"comment_status":"closed","ping_status":"closed","sticky":false,"template":"","format":"standard","meta":{"_acf_changed":false,"footnotes":""},"categories":[3],"tags":[],"class_list":["post-62513","post","type-post","status-publish","format-standard","has-post-thumbnail","hentry","category-newsflash"],"acf":[],"yoast_head":"<!-- This site is optimized with the Yoast SEO plugin v26.1.1 - https:\/\/yoast.com\/wordpress\/plugins\/seo\/ -->\n<title>Schauspielerin Claudia Michelsen kritisiert Missst\u00e4nde in der Filmbranche - Kultur Online TV &amp; FM<\/title>\n<meta name=\"description\" content=\"Es gebe am Theater und an Filmsets hierarchische Strukturen und F\u00e4lle von Machtmissbrauch, sagte sie im In einem Interview mit der &quot;Neuen Osnabr\u00fccker Zeitung&quot; kritisierte Sie kenne das seit Jahrzehnten.\" \/>\n<meta name=\"robots\" content=\"index, follow, max-snippet:-1, max-image-preview:large, max-video-preview:-1\" \/>\n<link rel=\"canonical\" href=\"https:\/\/kulturonline.tv\/de\/schauspielerin-claudia-michelsen-kritisiert-missstaende-in-der-filmbranche\/\" \/>\n<meta property=\"og:locale\" content=\"de_DE\" \/>\n<meta property=\"og:type\" content=\"article\" \/>\n<meta property=\"og:title\" content=\"Schauspielerin Claudia Michelsen kritisiert Missst\u00e4nde in der Filmbranche - Kultur Online TV &amp; FM\" \/>\n<meta property=\"og:description\" content=\"Es gebe am Theater und an Filmsets hierarchische Strukturen und F\u00e4lle von Machtmissbrauch, sagte sie im In einem Interview mit der &quot;Neuen Osnabr\u00fccker Zeitung&quot; kritisierte Sie kenne das seit Jahrzehnten.\" \/>\n<meta property=\"og:url\" content=\"https:\/\/kulturonline.tv\/de\/schauspielerin-claudia-michelsen-kritisiert-missstaende-in-der-filmbranche\/\" \/>\n<meta property=\"og:site_name\" content=\"Kultur Online TV &amp; FM\" \/>\n<meta property=\"article:publisher\" content=\"https:\/\/www.facebook.com\/kulturonline.tv\" \/>\n<meta property=\"article:published_time\" content=\"2023-08-28T05:46:25+00:00\" \/>\n<meta property=\"article:modified_time\" content=\"2023-08-28T05:46:27+00:00\" \/>\n<meta property=\"og:image\" content=\"https:\/\/kulturonline.tv\/wp-content\/uploads\/2023\/08\/MJK30833_Claudia_Michelsen_Berlinale_2017-edited.jpg\" \/>\n\t<meta property=\"og:image:width\" content=\"1024\" \/>\n\t<meta property=\"og:image:height\" content=\"576\" \/>\n\t<meta property=\"og:image:type\" content=\"image\/jpeg\" \/>\n<meta name=\"author\" content=\"guenter.wolfgang\" \/>\n<meta name=\"twitter:card\" content=\"summary_large_image\" \/>\n<meta name=\"twitter:label1\" content=\"Verfasst von\" \/>\n\t<meta name=\"twitter:data1\" content=\"guenter.wolfgang\" \/>\n\t<meta name=\"twitter:label2\" content=\"Gesch\u00e4tzte Lesezeit\" \/>\n\t<meta name=\"twitter:data2\" content=\"1\u00a0Minute\" \/>\n<script type=\"application\/ld+json\" class=\"yoast-schema-graph\">{\"@context\":\"https:\/\/schema.org\",\"@graph\":[{\"@type\":\"Article\",\"@id\":\"https:\/\/kulturonline.tv\/de\/schauspielerin-claudia-michelsen-kritisiert-missstaende-in-der-filmbranche\/#article\",\"isPartOf\":{\"@id\":\"https:\/\/kulturonline.tv\/de\/schauspielerin-claudia-michelsen-kritisiert-missstaende-in-der-filmbranche\/\"},\"author\":{\"name\":\"guenter.wolfgang\",\"@id\":\"https:\/\/kulturonline.tv\/de\/#\/schema\/person\/b0fac729bb9a0c193fb1df23449df4fe\"},\"headline\":\"Schauspielerin Claudia Michelsen kritisiert Missst\u00e4nde in der Filmbranche\",\"datePublished\":\"2023-08-28T05:46:25+00:00\",\"dateModified\":\"2023-08-28T05:46:27+00:00\",\"mainEntityOfPage\":{\"@id\":\"https:\/\/kulturonline.tv\/de\/schauspielerin-claudia-michelsen-kritisiert-missstaende-in-der-filmbranche\/\"},\"wordCount\":172,\"publisher\":{\"@id\":\"https:\/\/kulturonline.tv\/de\/#organization\"},\"image\":{\"@id\":\"https:\/\/kulturonline.tv\/de\/schauspielerin-claudia-michelsen-kritisiert-missstaende-in-der-filmbranche\/#primaryimage\"},\"thumbnailUrl\":\"https:\/\/kulturonline.tv\/wp-content\/uploads\/2023\/08\/MJK30833_Claudia_Michelsen_Berlinale_2017-edited.jpg\",\"articleSection\":[\"Newsflash\"],\"inLanguage\":\"de\"},{\"@type\":\"WebPage\",\"@id\":\"https:\/\/kulturonline.tv\/de\/schauspielerin-claudia-michelsen-kritisiert-missstaende-in-der-filmbranche\/\",\"url\":\"https:\/\/kulturonline.tv\/de\/schauspielerin-claudia-michelsen-kritisiert-missstaende-in-der-filmbranche\/\",\"name\":\"Schauspielerin Claudia Michelsen kritisiert Missst\u00e4nde in der Filmbranche - Kultur Online TV &amp; FM\",\"isPartOf\":{\"@id\":\"https:\/\/kulturonline.tv\/de\/#website\"},\"primaryImageOfPage\":{\"@id\":\"https:\/\/kulturonline.tv\/de\/schauspielerin-claudia-michelsen-kritisiert-missstaende-in-der-filmbranche\/#primaryimage\"},\"image\":{\"@id\":\"https:\/\/kulturonline.tv\/de\/schauspielerin-claudia-michelsen-kritisiert-missstaende-in-der-filmbranche\/#primaryimage\"},\"thumbnailUrl\":\"https:\/\/kulturonline.tv\/wp-content\/uploads\/2023\/08\/MJK30833_Claudia_Michelsen_Berlinale_2017-edited.jpg\",\"datePublished\":\"2023-08-28T05:46:25+00:00\",\"dateModified\":\"2023-08-28T05:46:27+00:00\",\"description\":\"Es gebe am Theater und an Filmsets hierarchische Strukturen und F\u00e4lle von Machtmissbrauch, sagte sie im In einem Interview mit der \\\"Neuen Osnabr\u00fccker Zeitung\\\" kritisierte Sie kenne das seit Jahrzehnten.\",\"breadcrumb\":{\"@id\":\"https:\/\/kulturonline.tv\/de\/schauspielerin-claudia-michelsen-kritisiert-missstaende-in-der-filmbranche\/#breadcrumb\"},\"inLanguage\":\"de\",\"potentialAction\":[{\"@type\":\"ReadAction\",\"target\":[\"https:\/\/kulturonline.tv\/de\/schauspielerin-claudia-michelsen-kritisiert-missstaende-in-der-filmbranche\/\"]}]},{\"@type\":\"ImageObject\",\"inLanguage\":\"de\",\"@id\":\"https:\/\/kulturonline.tv\/de\/schauspielerin-claudia-michelsen-kritisiert-missstaende-in-der-filmbranche\/#primaryimage\",\"url\":\"https:\/\/kulturonline.tv\/wp-content\/uploads\/2023\/08\/MJK30833_Claudia_Michelsen_Berlinale_2017-edited.jpg\",\"contentUrl\":\"https:\/\/kulturonline.tv\/wp-content\/uploads\/2023\/08\/MJK30833_Claudia_Michelsen_Berlinale_2017-edited.jpg\",\"width\":1024,\"height\":576},{\"@type\":\"BreadcrumbList\",\"@id\":\"https:\/\/kulturonline.tv\/de\/schauspielerin-claudia-michelsen-kritisiert-missstaende-in-der-filmbranche\/#breadcrumb\",\"itemListElement\":[{\"@type\":\"ListItem\",\"position\":1,\"name\":\"Startseite\",\"item\":\"https:\/\/kulturonline.tv\/de\/\"},{\"@type\":\"ListItem\",\"position\":2,\"name\":\"Schauspielerin Claudia Michelsen kritisiert Missst\u00e4nde in der Filmbranche\"}]},{\"@type\":\"WebSite\",\"@id\":\"https:\/\/kulturonline.tv\/de\/#website\",\"url\":\"https:\/\/kulturonline.tv\/de\/\",\"name\":\"Kultur Online TV &amp; FM\",\"description\":\"Wir sind Kultur 2.0 zum sehen &amp; h\u00f6ren\",\"publisher\":{\"@id\":\"https:\/\/kulturonline.tv\/de\/#organization\"},\"potentialAction\":[{\"@type\":\"SearchAction\",\"target\":{\"@type\":\"EntryPoint\",\"urlTemplate\":\"https:\/\/kulturonline.tv\/de\/?s={search_term_string}\"},\"query-input\":{\"@type\":\"PropertyValueSpecification\",\"valueRequired\":true,\"valueName\":\"search_term_string\"}}],\"inLanguage\":\"de\"},{\"@type\":\"Organization\",\"@id\":\"https:\/\/kulturonline.tv\/de\/#organization\",\"name\":\"Kultur Online TV\",\"url\":\"https:\/\/kulturonline.tv\/de\/\",\"logo\":{\"@type\":\"ImageObject\",\"inLanguage\":\"de\",\"@id\":\"https:\/\/kulturonline.tv\/de\/#\/schema\/logo\/image\/\",\"url\":\"https:\/\/kulturonline.tv\/wp-content\/uploads\/2021\/08\/Kultur-Online-Tv-Logo-Endversion-neu.png\",\"contentUrl\":\"https:\/\/kulturonline.tv\/wp-content\/uploads\/2021\/08\/Kultur-Online-Tv-Logo-Endversion-neu.png\",\"width\":200,\"height\":200,\"caption\":\"Kultur Online TV\"},\"image\":{\"@id\":\"https:\/\/kulturonline.tv\/de\/#\/schema\/logo\/image\/\"},\"sameAs\":[\"https:\/\/www.facebook.com\/kulturonline.tv\",\"https:\/\/www.instagram.com\/kulturonline.tv\"]},{\"@type\":\"Person\",\"@id\":\"https:\/\/kulturonline.tv\/de\/#\/schema\/person\/b0fac729bb9a0c193fb1df23449df4fe\",\"name\":\"guenter.wolfgang\"}]}<\/script>\n<!-- \/ Yoast SEO plugin. -->","yoast_head_json":{"title":"Schauspielerin Claudia Michelsen kritisiert Missst\u00e4nde in der Filmbranche - Kultur Online TV &amp; FM","description":"Es gebe am Theater und an Filmsets hierarchische Strukturen und F\u00e4lle von Machtmissbrauch, sagte sie im In einem Interview mit der \"Neuen Osnabr\u00fccker Zeitung\" kritisierte Sie kenne das seit Jahrzehnten.","robots":{"index":"index","follow":"follow","max-snippet":"max-snippet:-1","max-image-preview":"max-image-preview:large","max-video-preview":"max-video-preview:-1"},"canonical":"https:\/\/kulturonline.tv\/de\/schauspielerin-claudia-michelsen-kritisiert-missstaende-in-der-filmbranche\/","og_locale":"de_DE","og_type":"article","og_title":"Schauspielerin Claudia Michelsen kritisiert Missst\u00e4nde in der Filmbranche - Kultur Online TV &amp; FM","og_description":"Es gebe am Theater und an Filmsets hierarchische Strukturen und F\u00e4lle von Machtmissbrauch, sagte sie im In einem Interview mit der \"Neuen Osnabr\u00fccker Zeitung\" kritisierte Sie kenne das seit Jahrzehnten.","og_url":"https:\/\/kulturonline.tv\/de\/schauspielerin-claudia-michelsen-kritisiert-missstaende-in-der-filmbranche\/","og_site_name":"Kultur Online TV &amp; FM","article_publisher":"https:\/\/www.facebook.com\/kulturonline.tv","article_published_time":"2023-08-28T05:46:25+00:00","article_modified_time":"2023-08-28T05:46:27+00:00","og_image":[{"width":1024,"height":576,"url":"https:\/\/kulturonline.tv\/wp-content\/uploads\/2023\/08\/MJK30833_Claudia_Michelsen_Berlinale_2017-edited.jpg","type":"image\/jpeg"}],"author":"guenter.wolfgang","twitter_card":"summary_large_image","twitter_misc":{"Verfasst von":"guenter.wolfgang","Gesch\u00e4tzte Lesezeit":"1\u00a0Minute"},"schema":{"@context":"https:\/\/schema.org","@graph":[{"@type":"Article","@id":"https:\/\/kulturonline.tv\/de\/schauspielerin-claudia-michelsen-kritisiert-missstaende-in-der-filmbranche\/#article","isPartOf":{"@id":"https:\/\/kulturonline.tv\/de\/schauspielerin-claudia-michelsen-kritisiert-missstaende-in-der-filmbranche\/"},"author":{"name":"guenter.wolfgang","@id":"https:\/\/kulturonline.tv\/de\/#\/schema\/person\/b0fac729bb9a0c193fb1df23449df4fe"},"headline":"Schauspielerin Claudia Michelsen kritisiert Missst\u00e4nde in der Filmbranche","datePublished":"2023-08-28T05:46:25+00:00","dateModified":"2023-08-28T05:46:27+00:00","mainEntityOfPage":{"@id":"https:\/\/kulturonline.tv\/de\/schauspielerin-claudia-michelsen-kritisiert-missstaende-in-der-filmbranche\/"},"wordCount":172,"publisher":{"@id":"https:\/\/kulturonline.tv\/de\/#organization"},"image":{"@id":"https:\/\/kulturonline.tv\/de\/schauspielerin-claudia-michelsen-kritisiert-missstaende-in-der-filmbranche\/#primaryimage"},"thumbnailUrl":"https:\/\/kulturonline.tv\/wp-content\/uploads\/2023\/08\/MJK30833_Claudia_Michelsen_Berlinale_2017-edited.jpg","articleSection":["Newsflash"],"inLanguage":"de"},{"@type":"WebPage","@id":"https:\/\/kulturonline.tv\/de\/schauspielerin-claudia-michelsen-kritisiert-missstaende-in-der-filmbranche\/","url":"https:\/\/kulturonline.tv\/de\/schauspielerin-claudia-michelsen-kritisiert-missstaende-in-der-filmbranche\/","name":"Schauspielerin Claudia Michelsen kritisiert Missst\u00e4nde in der Filmbranche - Kultur Online TV &amp; FM","isPartOf":{"@id":"https:\/\/kulturonline.tv\/de\/#website"},"primaryImageOfPage":{"@id":"https:\/\/kulturonline.tv\/de\/schauspielerin-claudia-michelsen-kritisiert-missstaende-in-der-filmbranche\/#primaryimage"},"image":{"@id":"https:\/\/kulturonline.tv\/de\/schauspielerin-claudia-michelsen-kritisiert-missstaende-in-der-filmbranche\/#primaryimage"},"thumbnailUrl":"https:\/\/kulturonline.tv\/wp-content\/uploads\/2023\/08\/MJK30833_Claudia_Michelsen_Berlinale_2017-edited.jpg","datePublished":"2023-08-28T05:46:25+00:00","dateModified":"2023-08-28T05:46:27+00:00","description":"Es gebe am Theater und an Filmsets hierarchische Strukturen und F\u00e4lle von Machtmissbrauch, sagte sie im In einem Interview mit der \"Neuen Osnabr\u00fccker Zeitung\" kritisierte Sie kenne das seit Jahrzehnten.","breadcrumb":{"@id":"https:\/\/kulturonline.tv\/de\/schauspielerin-claudia-michelsen-kritisiert-missstaende-in-der-filmbranche\/#breadcrumb"},"inLanguage":"de","potentialAction":[{"@type":"ReadAction","target":["https:\/\/kulturonline.tv\/de\/schauspielerin-claudia-michelsen-kritisiert-missstaende-in-der-filmbranche\/"]}]},{"@type":"ImageObject","inLanguage":"de","@id":"https:\/\/kulturonline.tv\/de\/schauspielerin-claudia-michelsen-kritisiert-missstaende-in-der-filmbranche\/#primaryimage","url":"https:\/\/kulturonline.tv\/wp-content\/uploads\/2023\/08\/MJK30833_Claudia_Michelsen_Berlinale_2017-edited.jpg","contentUrl":"https:\/\/kulturonline.tv\/wp-content\/uploads\/2023\/08\/MJK30833_Claudia_Michelsen_Berlinale_2017-edited.jpg","width":1024,"height":576},{"@type":"BreadcrumbList","@id":"https:\/\/kulturonline.tv\/de\/schauspielerin-claudia-michelsen-kritisiert-missstaende-in-der-filmbranche\/#breadcrumb","itemListElement":[{"@type":"ListItem","position":1,"name":"Startseite","item":"https:\/\/kulturonline.tv\/de\/"},{"@type":"ListItem","position":2,"name":"Schauspielerin Claudia Michelsen kritisiert Missst\u00e4nde in der Filmbranche"}]},{"@type":"WebSite","@id":"https:\/\/kulturonline.tv\/de\/#website","url":"https:\/\/kulturonline.tv\/de\/","name":"Kultur Online TV &amp; FM","description":"Wir sind Kultur 2.0 zum sehen &amp; h\u00f6ren","publisher":{"@id":"https:\/\/kulturonline.tv\/de\/#organization"},"potentialAction":[{"@type":"SearchAction","target":{"@type":"EntryPoint","urlTemplate":"https:\/\/kulturonline.tv\/de\/?s={search_term_string}"},"query-input":{"@type":"PropertyValueSpecification","valueRequired":true,"valueName":"search_term_string"}}],"inLanguage":"de"},{"@type":"Organization","@id":"https:\/\/kulturonline.tv\/de\/#organization","name":"Kultur Online TV","url":"https:\/\/kulturonline.tv\/de\/","logo":{"@type":"ImageObject","inLanguage":"de","@id":"https:\/\/kulturonline.tv\/de\/#\/schema\/logo\/image\/","url":"https:\/\/kulturonline.tv\/wp-content\/uploads\/2021\/08\/Kultur-Online-Tv-Logo-Endversion-neu.png","contentUrl":"https:\/\/kulturonline.tv\/wp-content\/uploads\/2021\/08\/Kultur-Online-Tv-Logo-Endversion-neu.png","width":200,"height":200,"caption":"Kultur Online TV"},"image":{"@id":"https:\/\/kulturonline.tv\/de\/#\/schema\/logo\/image\/"},"sameAs":["https:\/\/www.facebook.com\/kulturonline.tv","https:\/\/www.instagram.com\/kulturonline.tv"]},{"@type":"Person","@id":"https:\/\/kulturonline.tv\/de\/#\/schema\/person\/b0fac729bb9a0c193fb1df23449df4fe","name":"guenter.wolfgang"}]}},"_links":{"self":[{"href":"https:\/\/kulturonline.tv\/de\/wp-json\/wp\/v2\/posts\/62513","targetHints":{"allow":["GET"]}}],"collection":[{"href":"https:\/\/kulturonline.tv\/de\/wp-json\/wp\/v2\/posts"}],"about":[{"href":"https:\/\/kulturonline.tv\/de\/wp-json\/wp\/v2\/types\/post"}],"author":[{"embeddable":true,"href":"https:\/\/kulturonline.tv\/de\/wp-json\/wp\/v2\/users\/2"}],"replies":[{"embeddable":true,"href":"https:\/\/kulturonline.tv\/de\/wp-json\/wp\/v2\/comments?post=62513"}],"version-history":[{"count":0,"href":"https:\/\/kulturonline.tv\/de\/wp-json\/wp\/v2\/posts\/62513\/revisions"}],"wp:featuredmedia":[{"embeddable":true,"href":"https:\/\/kulturonline.tv\/de\/wp-json\/wp\/v2\/media\/62516"}],"wp:attachment":[{"href":"https:\/\/kulturonline.tv\/de\/wp-json\/wp\/v2\/media?parent=62513"}],"wp:term":[{"taxonomy":"category","embeddable":true,"href":"https:\/\/kulturonline.tv\/de\/wp-json\/wp\/v2\/categories?post=62513"},{"taxonomy":"post_tag","embeddable":true,"href":"https:\/\/kulturonline.tv\/de\/wp-json\/wp\/v2\/tags?post=62513"}],"curies":[{"name":"wp","href":"https:\/\/api.w.org\/{rel}","templated":true}]}}