{"id":6555,"date":"2021-09-20T13:53:42","date_gmt":"2021-09-20T11:53:42","guid":{"rendered":"https:\/\/kulturonline.tv\/?p=6555"},"modified":"2021-09-20T14:02:17","modified_gmt":"2021-09-20T12:02:17","slug":"buchtipp-der-duft-von-bitteren-orangen","status":"publish","type":"post","link":"https:\/\/kulturonline.tv\/de\/buchtipp-der-duft-von-bitteren-orangen\/","title":{"rendered":"Buchtipp: Mitgift Henning Ahrens"},"content":{"rendered":"\n<p>&#8222;Mitgift&#8220;: Henning Ahrens \u00fcber die Vergangenheit einer Bauernfamilie.<\/p>\n\n\n\n<div class=\"wp-block-media-text alignwide is-stacked-on-mobile\" style=\"grid-template-columns:23% auto\"><figure class=\"wp-block-media-text__media\"><img fetchpriority=\"high\" decoding=\"async\" width=\"200\" height=\"328\" src=\"https:\/\/kulturonline.tv\/wp-content\/uploads\/2021\/09\/w200_u90.jpg\" alt=\"\" class=\"wp-image-6557 size-full\"\/><\/figure><div class=\"wp-block-media-text__content\">\n<ul class=\"wp-block-list\"><li>Herausgeber:&nbsp;<a href=\"https:\/\/www.legimi.de\/verlag\/klett-cotta,pd4572\/?filters=audiobooks,ebooks,epub,mobi,pdf,synchrobooks\">Klett-Cotta<\/a><\/li><li>Kategorie:&nbsp;<a href=\"https:\/\/www.legimi.de\/e-books\/gesellschafts-und-liebesromane,g11\/?filters=audiobooks,ebooks,epub,mobi,pdf,synchrobooks\">Gesellschafts- und Liebesromane<\/a><\/li><li>Sprache:&nbsp;Deutsch<\/li><li>Ver\u00f6ffentlichungsjahr:&nbsp;2021<\/li><\/ul>\n<\/div><\/div>\n\n\n\n<p>Nominiert f\u00fcr den Deutschen Buchpreis 2021 Ein gro\u00dfer Familienroman, der die Spuren deutscher Geschichte sichtbar macht Seit sieben Generationen in Folge bewirtschaften die Leebs ihren Hof in der nieders\u00e4chsischen Provinz. Schlie\u00dflich gilt es, das Familienerbe zu wahren \u2013 allen historischen Umbr\u00fcchen zum Trotz. Doch \u00fcber die Opfer, die jeder Einzelne erbringen muss, wird geschwiegen.&nbsp;<strong>Henning Ahrens<\/strong>&nbsp;erz\u00e4hlt den Roman einer Familie und entwirft ein Panorama der l\u00e4ndlich-b\u00e4uerlichen Welt des 20. Jahrhunderts. <\/p>\n\n\n\n<p>Gerda Derking kennt sich aus mit dem Sterben. Seit Jahren richtet sie die Toten des Dorfes her, doch in jenem August 1962 w\u00fcrde sie die T\u00fcr am liebsten gleich wieder schlie\u00dfen. Denn vor ihr steht Wilhelm Leeb \u2013 ausgerechnet er, der Gerda vor so vielen Jahren sitzen lie\u00df, um sich die Tochter von Bauer Kruse mit der hohen&nbsp;<strong>Mitgift<\/strong>&nbsp;zu sichern. Wilhelm, der als \u00fcberzeugter Nazi in den Krieg zog und erst nach Jahren der Kriegsgefangenschaft aus Polen zur\u00fcckkehrte. Der gegen Frau und Kinder hart wurde, obwohl sie jahrelang geschuftet hatten, um Hof und Leben zu verteidigen. <\/p>\n\n\n\n<p>Doch nun zeichnet sich auf seinem Gesicht ein Schmerz ab, der \u00fcber das Ertr\u00e4gliche hinausgeht. Und Gerda Derking ahnt: Dieser Trag\u00f6die sind die Leebs ohne sie nicht gewachsen. In seiner epischen Familienchronik r\u00fcckt&nbsp;<strong>Henning Ahrens<\/strong>&nbsp;den Verwundungen des vergangenen Jahrhunderts auf den Leib und erz\u00e4hlt ebenso mitrei\u00dfend wie empathisch vom Verh\u00e4ngnis einer Familie.<\/p>\n\n\n\n<p>Kultur Online TV<\/p>\n\n\n\n<p>#literatur #roman #b\u00fccher<\/p>\n","protected":false},"excerpt":{"rendered":"<p>&#8222;Mitgift&#8220;: Henning Ahrens \u00fcber die Vergangenheit einer Bauernfamilie. Herausgeber:&nbsp;Klett-Cotta Kategorie:&nbsp;Gesellschafts- und Liebesromane Sprache:&nbsp;Deutsch Ver\u00f6ffentlichungsjahr:&nbsp;2021 Nominiert f\u00fcr den Deutschen Buchpreis 2021 Ein gro\u00dfer Familienroman, der die Spuren deutscher Geschichte sichtbar macht Seit sieben Generationen in Folge bewirtschaften die Leebs ihren Hof in der nieders\u00e4chsischen Provinz. Schlie\u00dflich gilt es, das Familienerbe zu wahren \u2013 allen historischen Umbr\u00fcchen [&hellip;]<\/p>\n","protected":false},"author":2,"featured_media":6559,"comment_status":"closed","ping_status":"closed","sticky":false,"template":"","format":"standard","meta":{"_acf_changed":false,"footnotes":""},"categories":[106],"tags":[],"class_list":["post-6555","post","type-post","status-publish","format-standard","has-post-thumbnail","hentry","category-literatur"],"acf":[],"yoast_head":"<!-- This site is optimized with the Yoast SEO plugin v26.1.1 - https:\/\/yoast.com\/wordpress\/plugins\/seo\/ -->\n<title>Buchtipp: Mitgift Henning Ahrens - Kultur Online TV &amp; FM<\/title>\n<meta name=\"description\" content=\"Kultur sehen und H\u00f6ren\" \/>\n<meta name=\"robots\" content=\"index, follow, max-snippet:-1, max-image-preview:large, max-video-preview:-1\" \/>\n<link rel=\"canonical\" href=\"https:\/\/kulturonline.tv\/de\/buchtipp-der-duft-von-bitteren-orangen\/\" \/>\n<meta property=\"og:locale\" content=\"de_DE\" \/>\n<meta property=\"og:type\" content=\"article\" \/>\n<meta property=\"og:title\" content=\"Buchtipp: Mitgift Henning Ahrens - Kultur Online TV &amp; FM\" \/>\n<meta property=\"og:description\" content=\"Kultur sehen und H\u00f6ren\" \/>\n<meta property=\"og:url\" content=\"https:\/\/kulturonline.tv\/de\/buchtipp-der-duft-von-bitteren-orangen\/\" \/>\n<meta property=\"og:site_name\" content=\"Kultur Online TV &amp; FM\" \/>\n<meta property=\"article:publisher\" content=\"https:\/\/www.facebook.com\/kulturonline.tv\" \/>\n<meta property=\"article:published_time\" content=\"2021-09-20T11:53:42+00:00\" \/>\n<meta property=\"article:modified_time\" content=\"2021-09-20T12:02:17+00:00\" \/>\n<meta property=\"og:image\" content=\"https:\/\/kulturonline.tv\/wp-content\/uploads\/2021\/09\/Buchtipp.png\" \/>\n\t<meta property=\"og:image:width\" content=\"1800\" \/>\n\t<meta property=\"og:image:height\" content=\"1200\" \/>\n\t<meta property=\"og:image:type\" content=\"image\/png\" \/>\n<meta name=\"author\" content=\"guenter.wolfgang\" \/>\n<meta name=\"twitter:card\" content=\"summary_large_image\" \/>\n<meta name=\"twitter:label1\" content=\"Verfasst von\" \/>\n\t<meta name=\"twitter:data1\" content=\"guenter.wolfgang\" \/>\n\t<meta name=\"twitter:label2\" content=\"Gesch\u00e4tzte Lesezeit\" \/>\n\t<meta name=\"twitter:data2\" content=\"2\u00a0Minuten\" \/>\n<script type=\"application\/ld+json\" class=\"yoast-schema-graph\">{\"@context\":\"https:\/\/schema.org\",\"@graph\":[{\"@type\":\"Article\",\"@id\":\"https:\/\/kulturonline.tv\/de\/buchtipp-der-duft-von-bitteren-orangen\/#article\",\"isPartOf\":{\"@id\":\"https:\/\/kulturonline.tv\/de\/buchtipp-der-duft-von-bitteren-orangen\/\"},\"author\":{\"name\":\"guenter.wolfgang\",\"@id\":\"https:\/\/kulturonline.tv\/de\/#\/schema\/person\/b0fac729bb9a0c193fb1df23449df4fe\"},\"headline\":\"Buchtipp: Mitgift Henning Ahrens\",\"datePublished\":\"2021-09-20T11:53:42+00:00\",\"dateModified\":\"2021-09-20T12:02:17+00:00\",\"mainEntityOfPage\":{\"@id\":\"https:\/\/kulturonline.tv\/de\/buchtipp-der-duft-von-bitteren-orangen\/\"},\"wordCount\":273,\"publisher\":{\"@id\":\"https:\/\/kulturonline.tv\/de\/#organization\"},\"image\":{\"@id\":\"https:\/\/kulturonline.tv\/de\/buchtipp-der-duft-von-bitteren-orangen\/#primaryimage\"},\"thumbnailUrl\":\"https:\/\/kulturonline.tv\/wp-content\/uploads\/2021\/09\/Buchtipp.png\",\"articleSection\":[\"Literatur\"],\"inLanguage\":\"de\"},{\"@type\":\"WebPage\",\"@id\":\"https:\/\/kulturonline.tv\/de\/buchtipp-der-duft-von-bitteren-orangen\/\",\"url\":\"https:\/\/kulturonline.tv\/de\/buchtipp-der-duft-von-bitteren-orangen\/\",\"name\":\"Buchtipp: Mitgift Henning Ahrens - Kultur Online TV &amp; FM\",\"isPartOf\":{\"@id\":\"https:\/\/kulturonline.tv\/de\/#website\"},\"primaryImageOfPage\":{\"@id\":\"https:\/\/kulturonline.tv\/de\/buchtipp-der-duft-von-bitteren-orangen\/#primaryimage\"},\"image\":{\"@id\":\"https:\/\/kulturonline.tv\/de\/buchtipp-der-duft-von-bitteren-orangen\/#primaryimage\"},\"thumbnailUrl\":\"https:\/\/kulturonline.tv\/wp-content\/uploads\/2021\/09\/Buchtipp.png\",\"datePublished\":\"2021-09-20T11:53:42+00:00\",\"dateModified\":\"2021-09-20T12:02:17+00:00\",\"description\":\"Kultur sehen und H\u00f6ren\",\"breadcrumb\":{\"@id\":\"https:\/\/kulturonline.tv\/de\/buchtipp-der-duft-von-bitteren-orangen\/#breadcrumb\"},\"inLanguage\":\"de\",\"potentialAction\":[{\"@type\":\"ReadAction\",\"target\":[\"https:\/\/kulturonline.tv\/de\/buchtipp-der-duft-von-bitteren-orangen\/\"]}]},{\"@type\":\"ImageObject\",\"inLanguage\":\"de\",\"@id\":\"https:\/\/kulturonline.tv\/de\/buchtipp-der-duft-von-bitteren-orangen\/#primaryimage\",\"url\":\"https:\/\/kulturonline.tv\/wp-content\/uploads\/2021\/09\/Buchtipp.png\",\"contentUrl\":\"https:\/\/kulturonline.tv\/wp-content\/uploads\/2021\/09\/Buchtipp.png\",\"width\":1800,\"height\":1200},{\"@type\":\"BreadcrumbList\",\"@id\":\"https:\/\/kulturonline.tv\/de\/buchtipp-der-duft-von-bitteren-orangen\/#breadcrumb\",\"itemListElement\":[{\"@type\":\"ListItem\",\"position\":1,\"name\":\"Startseite\",\"item\":\"https:\/\/kulturonline.tv\/de\/\"},{\"@type\":\"ListItem\",\"position\":2,\"name\":\"Buchtipp: Mitgift Henning Ahrens\"}]},{\"@type\":\"WebSite\",\"@id\":\"https:\/\/kulturonline.tv\/de\/#website\",\"url\":\"https:\/\/kulturonline.tv\/de\/\",\"name\":\"Kultur Online TV &amp; FM\",\"description\":\"Wir sind Kultur 2.0 zum sehen &amp; h\u00f6ren\",\"publisher\":{\"@id\":\"https:\/\/kulturonline.tv\/de\/#organization\"},\"potentialAction\":[{\"@type\":\"SearchAction\",\"target\":{\"@type\":\"EntryPoint\",\"urlTemplate\":\"https:\/\/kulturonline.tv\/de\/?s={search_term_string}\"},\"query-input\":{\"@type\":\"PropertyValueSpecification\",\"valueRequired\":true,\"valueName\":\"search_term_string\"}}],\"inLanguage\":\"de\"},{\"@type\":\"Organization\",\"@id\":\"https:\/\/kulturonline.tv\/de\/#organization\",\"name\":\"Kultur Online TV\",\"url\":\"https:\/\/kulturonline.tv\/de\/\",\"logo\":{\"@type\":\"ImageObject\",\"inLanguage\":\"de\",\"@id\":\"https:\/\/kulturonline.tv\/de\/#\/schema\/logo\/image\/\",\"url\":\"https:\/\/kulturonline.tv\/wp-content\/uploads\/2021\/08\/Kultur-Online-Tv-Logo-Endversion-neu.png\",\"contentUrl\":\"https:\/\/kulturonline.tv\/wp-content\/uploads\/2021\/08\/Kultur-Online-Tv-Logo-Endversion-neu.png\",\"width\":200,\"height\":200,\"caption\":\"Kultur Online TV\"},\"image\":{\"@id\":\"https:\/\/kulturonline.tv\/de\/#\/schema\/logo\/image\/\"},\"sameAs\":[\"https:\/\/www.facebook.com\/kulturonline.tv\",\"https:\/\/www.instagram.com\/kulturonline.tv\"]},{\"@type\":\"Person\",\"@id\":\"https:\/\/kulturonline.tv\/de\/#\/schema\/person\/b0fac729bb9a0c193fb1df23449df4fe\",\"name\":\"guenter.wolfgang\"}]}<\/script>\n<!-- \/ Yoast SEO plugin. -->","yoast_head_json":{"title":"Buchtipp: Mitgift Henning Ahrens - Kultur Online TV &amp; FM","description":"Kultur sehen und H\u00f6ren","robots":{"index":"index","follow":"follow","max-snippet":"max-snippet:-1","max-image-preview":"max-image-preview:large","max-video-preview":"max-video-preview:-1"},"canonical":"https:\/\/kulturonline.tv\/de\/buchtipp-der-duft-von-bitteren-orangen\/","og_locale":"de_DE","og_type":"article","og_title":"Buchtipp: Mitgift Henning Ahrens - Kultur Online TV &amp; FM","og_description":"Kultur sehen und H\u00f6ren","og_url":"https:\/\/kulturonline.tv\/de\/buchtipp-der-duft-von-bitteren-orangen\/","og_site_name":"Kultur Online TV &amp; FM","article_publisher":"https:\/\/www.facebook.com\/kulturonline.tv","article_published_time":"2021-09-20T11:53:42+00:00","article_modified_time":"2021-09-20T12:02:17+00:00","og_image":[{"width":1800,"height":1200,"url":"https:\/\/kulturonline.tv\/wp-content\/uploads\/2021\/09\/Buchtipp.png","type":"image\/png"}],"author":"guenter.wolfgang","twitter_card":"summary_large_image","twitter_misc":{"Verfasst von":"guenter.wolfgang","Gesch\u00e4tzte Lesezeit":"2\u00a0Minuten"},"schema":{"@context":"https:\/\/schema.org","@graph":[{"@type":"Article","@id":"https:\/\/kulturonline.tv\/de\/buchtipp-der-duft-von-bitteren-orangen\/#article","isPartOf":{"@id":"https:\/\/kulturonline.tv\/de\/buchtipp-der-duft-von-bitteren-orangen\/"},"author":{"name":"guenter.wolfgang","@id":"https:\/\/kulturonline.tv\/de\/#\/schema\/person\/b0fac729bb9a0c193fb1df23449df4fe"},"headline":"Buchtipp: Mitgift Henning Ahrens","datePublished":"2021-09-20T11:53:42+00:00","dateModified":"2021-09-20T12:02:17+00:00","mainEntityOfPage":{"@id":"https:\/\/kulturonline.tv\/de\/buchtipp-der-duft-von-bitteren-orangen\/"},"wordCount":273,"publisher":{"@id":"https:\/\/kulturonline.tv\/de\/#organization"},"image":{"@id":"https:\/\/kulturonline.tv\/de\/buchtipp-der-duft-von-bitteren-orangen\/#primaryimage"},"thumbnailUrl":"https:\/\/kulturonline.tv\/wp-content\/uploads\/2021\/09\/Buchtipp.png","articleSection":["Literatur"],"inLanguage":"de"},{"@type":"WebPage","@id":"https:\/\/kulturonline.tv\/de\/buchtipp-der-duft-von-bitteren-orangen\/","url":"https:\/\/kulturonline.tv\/de\/buchtipp-der-duft-von-bitteren-orangen\/","name":"Buchtipp: Mitgift Henning Ahrens - Kultur Online TV &amp; FM","isPartOf":{"@id":"https:\/\/kulturonline.tv\/de\/#website"},"primaryImageOfPage":{"@id":"https:\/\/kulturonline.tv\/de\/buchtipp-der-duft-von-bitteren-orangen\/#primaryimage"},"image":{"@id":"https:\/\/kulturonline.tv\/de\/buchtipp-der-duft-von-bitteren-orangen\/#primaryimage"},"thumbnailUrl":"https:\/\/kulturonline.tv\/wp-content\/uploads\/2021\/09\/Buchtipp.png","datePublished":"2021-09-20T11:53:42+00:00","dateModified":"2021-09-20T12:02:17+00:00","description":"Kultur sehen und H\u00f6ren","breadcrumb":{"@id":"https:\/\/kulturonline.tv\/de\/buchtipp-der-duft-von-bitteren-orangen\/#breadcrumb"},"inLanguage":"de","potentialAction":[{"@type":"ReadAction","target":["https:\/\/kulturonline.tv\/de\/buchtipp-der-duft-von-bitteren-orangen\/"]}]},{"@type":"ImageObject","inLanguage":"de","@id":"https:\/\/kulturonline.tv\/de\/buchtipp-der-duft-von-bitteren-orangen\/#primaryimage","url":"https:\/\/kulturonline.tv\/wp-content\/uploads\/2021\/09\/Buchtipp.png","contentUrl":"https:\/\/kulturonline.tv\/wp-content\/uploads\/2021\/09\/Buchtipp.png","width":1800,"height":1200},{"@type":"BreadcrumbList","@id":"https:\/\/kulturonline.tv\/de\/buchtipp-der-duft-von-bitteren-orangen\/#breadcrumb","itemListElement":[{"@type":"ListItem","position":1,"name":"Startseite","item":"https:\/\/kulturonline.tv\/de\/"},{"@type":"ListItem","position":2,"name":"Buchtipp: Mitgift Henning Ahrens"}]},{"@type":"WebSite","@id":"https:\/\/kulturonline.tv\/de\/#website","url":"https:\/\/kulturonline.tv\/de\/","name":"Kultur Online TV &amp; FM","description":"Wir sind Kultur 2.0 zum sehen &amp; h\u00f6ren","publisher":{"@id":"https:\/\/kulturonline.tv\/de\/#organization"},"potentialAction":[{"@type":"SearchAction","target":{"@type":"EntryPoint","urlTemplate":"https:\/\/kulturonline.tv\/de\/?s={search_term_string}"},"query-input":{"@type":"PropertyValueSpecification","valueRequired":true,"valueName":"search_term_string"}}],"inLanguage":"de"},{"@type":"Organization","@id":"https:\/\/kulturonline.tv\/de\/#organization","name":"Kultur Online TV","url":"https:\/\/kulturonline.tv\/de\/","logo":{"@type":"ImageObject","inLanguage":"de","@id":"https:\/\/kulturonline.tv\/de\/#\/schema\/logo\/image\/","url":"https:\/\/kulturonline.tv\/wp-content\/uploads\/2021\/08\/Kultur-Online-Tv-Logo-Endversion-neu.png","contentUrl":"https:\/\/kulturonline.tv\/wp-content\/uploads\/2021\/08\/Kultur-Online-Tv-Logo-Endversion-neu.png","width":200,"height":200,"caption":"Kultur Online TV"},"image":{"@id":"https:\/\/kulturonline.tv\/de\/#\/schema\/logo\/image\/"},"sameAs":["https:\/\/www.facebook.com\/kulturonline.tv","https:\/\/www.instagram.com\/kulturonline.tv"]},{"@type":"Person","@id":"https:\/\/kulturonline.tv\/de\/#\/schema\/person\/b0fac729bb9a0c193fb1df23449df4fe","name":"guenter.wolfgang"}]}},"_links":{"self":[{"href":"https:\/\/kulturonline.tv\/de\/wp-json\/wp\/v2\/posts\/6555","targetHints":{"allow":["GET"]}}],"collection":[{"href":"https:\/\/kulturonline.tv\/de\/wp-json\/wp\/v2\/posts"}],"about":[{"href":"https:\/\/kulturonline.tv\/de\/wp-json\/wp\/v2\/types\/post"}],"author":[{"embeddable":true,"href":"https:\/\/kulturonline.tv\/de\/wp-json\/wp\/v2\/users\/2"}],"replies":[{"embeddable":true,"href":"https:\/\/kulturonline.tv\/de\/wp-json\/wp\/v2\/comments?post=6555"}],"version-history":[{"count":0,"href":"https:\/\/kulturonline.tv\/de\/wp-json\/wp\/v2\/posts\/6555\/revisions"}],"wp:featuredmedia":[{"embeddable":true,"href":"https:\/\/kulturonline.tv\/de\/wp-json\/wp\/v2\/media\/6559"}],"wp:attachment":[{"href":"https:\/\/kulturonline.tv\/de\/wp-json\/wp\/v2\/media?parent=6555"}],"wp:term":[{"taxonomy":"category","embeddable":true,"href":"https:\/\/kulturonline.tv\/de\/wp-json\/wp\/v2\/categories?post=6555"},{"taxonomy":"post_tag","embeddable":true,"href":"https:\/\/kulturonline.tv\/de\/wp-json\/wp\/v2\/tags?post=6555"}],"curies":[{"name":"wp","href":"https:\/\/api.w.org\/{rel}","templated":true}]}}