{"id":66570,"date":"2023-10-11T22:21:06","date_gmt":"2023-10-11T20:21:06","guid":{"rendered":"https:\/\/kulturonline.tv\/?p=66570"},"modified":"2023-10-11T22:21:32","modified_gmt":"2023-10-11T20:21:32","slug":"kurzfilmtage-oberhausen-kritisieren-kuerzungen","status":"publish","type":"post","link":"https:\/\/kulturonline.tv\/de\/kurzfilmtage-oberhausen-kritisieren-kuerzungen\/","title":{"rendered":"Kurzfilmtage Oberhausen kritisieren K\u00fcrzungen"},"content":{"rendered":"\n<p>Das Sparprogramm des Goethe-Institutes trifft auch die Filmfestivals in Deutschland.<\/p>\n\n\n\n<figure class=\"wp-block-image size-full is-resized\"><img fetchpriority=\"high\" decoding=\"async\" src=\"https:\/\/kulturonline.tv\/wp-content\/uploads\/2023\/10\/kurzfilmtage-edited.jpg\" alt=\"\" class=\"wp-image-66573\" style=\"width:865px;height:577px\" width=\"865\" height=\"577\"\/><\/figure>\n\n\n\n<p>\u00a9 Kurzfilmtage, CC BY-SA 4.0 <a href=\"https:\/\/creativecommons.org\/licenses\/by-sa\/4.0\">https:\/\/creativecommons.org\/licenses\/by-sa\/4.0<\/a>, via Wikimedia Commons<\/p>\n\n\n\n<p>Die Senkung des F\u00f6rdergeldes in H\u00f6he von etwa 200.000 Euro wird vollst\u00e4ndig gestrichen. Die Internationalen Kurzfilmtage in Oberhausen sind ebenfalls betroffen. Laut den Veranstaltern wurde mit dem Geld haupts\u00e4chlich Filmemachern aus einkommensschwachen L\u00e4ndern die Teilnahme in Oberhausen erm\u00f6glicht. Lars Henrik Gass, der Organisator der Kurzfilmtage, bem\u00e4ngelt, dass das Ausw\u00e4rtige Amt und das Goethe-Institut den Kulturaustausch aufgrund geopolitischer Interessen und der Finanzierung von Milit\u00e4rhilfen aufgeben.<\/p>\n\n\n\n<p>Kultur <\/p>\n","protected":false},"excerpt":{"rendered":"<p>Das Sparprogramm des Goethe-Institutes trifft auch die Filmfestivals in Deutschland. \u00a9 Kurzfilmtage, CC BY-SA 4.0 https:\/\/creativecommons.org\/licenses\/by-sa\/4.0, via Wikimedia Commons Die Senkung des F\u00f6rdergeldes in H\u00f6he von etwa 200.000 Euro wird vollst\u00e4ndig gestrichen. Die Internationalen Kurzfilmtage in Oberhausen sind ebenfalls betroffen. Laut den Veranstaltern wurde mit dem Geld haupts\u00e4chlich Filmemachern aus einkommensschwachen L\u00e4ndern die Teilnahme in [&hellip;]<\/p>\n","protected":false},"author":2,"featured_media":66573,"comment_status":"closed","ping_status":"closed","sticky":false,"template":"","format":"standard","meta":{"_acf_changed":false,"footnotes":""},"categories":[470],"tags":[],"class_list":["post-66570","post","type-post","status-publish","format-standard","has-post-thumbnail","hentry","category-film-news-at"],"acf":[],"yoast_head":"<!-- This site is optimized with the Yoast SEO plugin v26.1.1 - https:\/\/yoast.com\/wordpress\/plugins\/seo\/ -->\n<title>Kurzfilmtage Oberhausen kritisieren K\u00fcrzungen - Kultur Online TV &amp; FM<\/title>\n<meta name=\"description\" content=\"Das Sparprogramm des Goethe-Institutes trifft auch die Filmfestivals in Deutschland.\" \/>\n<meta name=\"robots\" content=\"index, follow, max-snippet:-1, max-image-preview:large, max-video-preview:-1\" \/>\n<link rel=\"canonical\" href=\"https:\/\/kulturonline.tv\/de\/kurzfilmtage-oberhausen-kritisieren-kuerzungen\/\" \/>\n<meta property=\"og:locale\" content=\"de_DE\" \/>\n<meta property=\"og:type\" content=\"article\" \/>\n<meta property=\"og:title\" content=\"Kurzfilmtage Oberhausen kritisieren K\u00fcrzungen - Kultur Online TV &amp; FM\" \/>\n<meta property=\"og:description\" content=\"Das Sparprogramm des Goethe-Institutes trifft auch die Filmfestivals in Deutschland.\" \/>\n<meta property=\"og:url\" content=\"https:\/\/kulturonline.tv\/de\/kurzfilmtage-oberhausen-kritisieren-kuerzungen\/\" \/>\n<meta property=\"og:site_name\" content=\"Kultur Online TV &amp; FM\" \/>\n<meta property=\"article:publisher\" content=\"https:\/\/www.facebook.com\/kulturonline.tv\" \/>\n<meta property=\"article:published_time\" content=\"2023-10-11T20:21:06+00:00\" \/>\n<meta property=\"article:modified_time\" content=\"2023-10-11T20:21:32+00:00\" \/>\n<meta property=\"og:image\" content=\"https:\/\/kulturonline.tv\/wp-content\/uploads\/2023\/10\/kurzfilmtage-edited.jpg\" \/>\n\t<meta property=\"og:image:width\" content=\"800\" \/>\n\t<meta property=\"og:image:height\" content=\"450\" \/>\n\t<meta property=\"og:image:type\" content=\"image\/jpeg\" \/>\n<meta name=\"author\" content=\"guenter.wolfgang\" \/>\n<meta name=\"twitter:card\" content=\"summary_large_image\" \/>\n<meta name=\"twitter:label1\" content=\"Verfasst von\" \/>\n\t<meta name=\"twitter:data1\" content=\"guenter.wolfgang\" \/>\n<script type=\"application\/ld+json\" class=\"yoast-schema-graph\">{\"@context\":\"https:\/\/schema.org\",\"@graph\":[{\"@type\":\"Article\",\"@id\":\"https:\/\/kulturonline.tv\/de\/kurzfilmtage-oberhausen-kritisieren-kuerzungen\/#article\",\"isPartOf\":{\"@id\":\"https:\/\/kulturonline.tv\/de\/kurzfilmtage-oberhausen-kritisieren-kuerzungen\/\"},\"author\":{\"name\":\"guenter.wolfgang\",\"@id\":\"https:\/\/kulturonline.tv\/de\/#\/schema\/person\/b0fac729bb9a0c193fb1df23449df4fe\"},\"headline\":\"Kurzfilmtage Oberhausen kritisieren K\u00fcrzungen\",\"datePublished\":\"2023-10-11T20:21:06+00:00\",\"dateModified\":\"2023-10-11T20:21:32+00:00\",\"mainEntityOfPage\":{\"@id\":\"https:\/\/kulturonline.tv\/de\/kurzfilmtage-oberhausen-kritisieren-kuerzungen\/\"},\"wordCount\":99,\"publisher\":{\"@id\":\"https:\/\/kulturonline.tv\/de\/#organization\"},\"image\":{\"@id\":\"https:\/\/kulturonline.tv\/de\/kurzfilmtage-oberhausen-kritisieren-kuerzungen\/#primaryimage\"},\"thumbnailUrl\":\"https:\/\/kulturonline.tv\/wp-content\/uploads\/2023\/10\/kurzfilmtage-edited.jpg\",\"articleSection\":[\"Film News\"],\"inLanguage\":\"de\"},{\"@type\":\"WebPage\",\"@id\":\"https:\/\/kulturonline.tv\/de\/kurzfilmtage-oberhausen-kritisieren-kuerzungen\/\",\"url\":\"https:\/\/kulturonline.tv\/de\/kurzfilmtage-oberhausen-kritisieren-kuerzungen\/\",\"name\":\"Kurzfilmtage Oberhausen kritisieren K\u00fcrzungen - Kultur Online TV &amp; FM\",\"isPartOf\":{\"@id\":\"https:\/\/kulturonline.tv\/de\/#website\"},\"primaryImageOfPage\":{\"@id\":\"https:\/\/kulturonline.tv\/de\/kurzfilmtage-oberhausen-kritisieren-kuerzungen\/#primaryimage\"},\"image\":{\"@id\":\"https:\/\/kulturonline.tv\/de\/kurzfilmtage-oberhausen-kritisieren-kuerzungen\/#primaryimage\"},\"thumbnailUrl\":\"https:\/\/kulturonline.tv\/wp-content\/uploads\/2023\/10\/kurzfilmtage-edited.jpg\",\"datePublished\":\"2023-10-11T20:21:06+00:00\",\"dateModified\":\"2023-10-11T20:21:32+00:00\",\"description\":\"Das Sparprogramm des Goethe-Institutes trifft auch die Filmfestivals in Deutschland.\",\"breadcrumb\":{\"@id\":\"https:\/\/kulturonline.tv\/de\/kurzfilmtage-oberhausen-kritisieren-kuerzungen\/#breadcrumb\"},\"inLanguage\":\"de\",\"potentialAction\":[{\"@type\":\"ReadAction\",\"target\":[\"https:\/\/kulturonline.tv\/de\/kurzfilmtage-oberhausen-kritisieren-kuerzungen\/\"]}]},{\"@type\":\"ImageObject\",\"inLanguage\":\"de\",\"@id\":\"https:\/\/kulturonline.tv\/de\/kurzfilmtage-oberhausen-kritisieren-kuerzungen\/#primaryimage\",\"url\":\"https:\/\/kulturonline.tv\/wp-content\/uploads\/2023\/10\/kurzfilmtage-edited.jpg\",\"contentUrl\":\"https:\/\/kulturonline.tv\/wp-content\/uploads\/2023\/10\/kurzfilmtage-edited.jpg\",\"width\":800,\"height\":450},{\"@type\":\"BreadcrumbList\",\"@id\":\"https:\/\/kulturonline.tv\/de\/kurzfilmtage-oberhausen-kritisieren-kuerzungen\/#breadcrumb\",\"itemListElement\":[{\"@type\":\"ListItem\",\"position\":1,\"name\":\"Startseite\",\"item\":\"https:\/\/kulturonline.tv\/de\/\"},{\"@type\":\"ListItem\",\"position\":2,\"name\":\"Kurzfilmtage Oberhausen kritisieren K\u00fcrzungen\"}]},{\"@type\":\"WebSite\",\"@id\":\"https:\/\/kulturonline.tv\/de\/#website\",\"url\":\"https:\/\/kulturonline.tv\/de\/\",\"name\":\"Kultur Online TV &amp; FM\",\"description\":\"Wir sind Kultur 2.0 zum sehen &amp; h\u00f6ren\",\"publisher\":{\"@id\":\"https:\/\/kulturonline.tv\/de\/#organization\"},\"potentialAction\":[{\"@type\":\"SearchAction\",\"target\":{\"@type\":\"EntryPoint\",\"urlTemplate\":\"https:\/\/kulturonline.tv\/de\/?s={search_term_string}\"},\"query-input\":{\"@type\":\"PropertyValueSpecification\",\"valueRequired\":true,\"valueName\":\"search_term_string\"}}],\"inLanguage\":\"de\"},{\"@type\":\"Organization\",\"@id\":\"https:\/\/kulturonline.tv\/de\/#organization\",\"name\":\"Kultur Online TV\",\"url\":\"https:\/\/kulturonline.tv\/de\/\",\"logo\":{\"@type\":\"ImageObject\",\"inLanguage\":\"de\",\"@id\":\"https:\/\/kulturonline.tv\/de\/#\/schema\/logo\/image\/\",\"url\":\"https:\/\/kulturonline.tv\/wp-content\/uploads\/2021\/08\/Kultur-Online-Tv-Logo-Endversion-neu.png\",\"contentUrl\":\"https:\/\/kulturonline.tv\/wp-content\/uploads\/2021\/08\/Kultur-Online-Tv-Logo-Endversion-neu.png\",\"width\":200,\"height\":200,\"caption\":\"Kultur Online TV\"},\"image\":{\"@id\":\"https:\/\/kulturonline.tv\/de\/#\/schema\/logo\/image\/\"},\"sameAs\":[\"https:\/\/www.facebook.com\/kulturonline.tv\",\"https:\/\/www.instagram.com\/kulturonline.tv\"]},{\"@type\":\"Person\",\"@id\":\"https:\/\/kulturonline.tv\/de\/#\/schema\/person\/b0fac729bb9a0c193fb1df23449df4fe\",\"name\":\"guenter.wolfgang\"}]}<\/script>\n<!-- \/ Yoast SEO plugin. -->","yoast_head_json":{"title":"Kurzfilmtage Oberhausen kritisieren K\u00fcrzungen - Kultur Online TV &amp; FM","description":"Das Sparprogramm des Goethe-Institutes trifft auch die Filmfestivals in Deutschland.","robots":{"index":"index","follow":"follow","max-snippet":"max-snippet:-1","max-image-preview":"max-image-preview:large","max-video-preview":"max-video-preview:-1"},"canonical":"https:\/\/kulturonline.tv\/de\/kurzfilmtage-oberhausen-kritisieren-kuerzungen\/","og_locale":"de_DE","og_type":"article","og_title":"Kurzfilmtage Oberhausen kritisieren K\u00fcrzungen - Kultur Online TV &amp; FM","og_description":"Das Sparprogramm des Goethe-Institutes trifft auch die Filmfestivals in Deutschland.","og_url":"https:\/\/kulturonline.tv\/de\/kurzfilmtage-oberhausen-kritisieren-kuerzungen\/","og_site_name":"Kultur Online TV &amp; FM","article_publisher":"https:\/\/www.facebook.com\/kulturonline.tv","article_published_time":"2023-10-11T20:21:06+00:00","article_modified_time":"2023-10-11T20:21:32+00:00","og_image":[{"width":800,"height":450,"url":"https:\/\/kulturonline.tv\/wp-content\/uploads\/2023\/10\/kurzfilmtage-edited.jpg","type":"image\/jpeg"}],"author":"guenter.wolfgang","twitter_card":"summary_large_image","twitter_misc":{"Verfasst von":"guenter.wolfgang"},"schema":{"@context":"https:\/\/schema.org","@graph":[{"@type":"Article","@id":"https:\/\/kulturonline.tv\/de\/kurzfilmtage-oberhausen-kritisieren-kuerzungen\/#article","isPartOf":{"@id":"https:\/\/kulturonline.tv\/de\/kurzfilmtage-oberhausen-kritisieren-kuerzungen\/"},"author":{"name":"guenter.wolfgang","@id":"https:\/\/kulturonline.tv\/de\/#\/schema\/person\/b0fac729bb9a0c193fb1df23449df4fe"},"headline":"Kurzfilmtage Oberhausen kritisieren K\u00fcrzungen","datePublished":"2023-10-11T20:21:06+00:00","dateModified":"2023-10-11T20:21:32+00:00","mainEntityOfPage":{"@id":"https:\/\/kulturonline.tv\/de\/kurzfilmtage-oberhausen-kritisieren-kuerzungen\/"},"wordCount":99,"publisher":{"@id":"https:\/\/kulturonline.tv\/de\/#organization"},"image":{"@id":"https:\/\/kulturonline.tv\/de\/kurzfilmtage-oberhausen-kritisieren-kuerzungen\/#primaryimage"},"thumbnailUrl":"https:\/\/kulturonline.tv\/wp-content\/uploads\/2023\/10\/kurzfilmtage-edited.jpg","articleSection":["Film News"],"inLanguage":"de"},{"@type":"WebPage","@id":"https:\/\/kulturonline.tv\/de\/kurzfilmtage-oberhausen-kritisieren-kuerzungen\/","url":"https:\/\/kulturonline.tv\/de\/kurzfilmtage-oberhausen-kritisieren-kuerzungen\/","name":"Kurzfilmtage Oberhausen kritisieren K\u00fcrzungen - Kultur Online TV &amp; FM","isPartOf":{"@id":"https:\/\/kulturonline.tv\/de\/#website"},"primaryImageOfPage":{"@id":"https:\/\/kulturonline.tv\/de\/kurzfilmtage-oberhausen-kritisieren-kuerzungen\/#primaryimage"},"image":{"@id":"https:\/\/kulturonline.tv\/de\/kurzfilmtage-oberhausen-kritisieren-kuerzungen\/#primaryimage"},"thumbnailUrl":"https:\/\/kulturonline.tv\/wp-content\/uploads\/2023\/10\/kurzfilmtage-edited.jpg","datePublished":"2023-10-11T20:21:06+00:00","dateModified":"2023-10-11T20:21:32+00:00","description":"Das Sparprogramm des Goethe-Institutes trifft auch die Filmfestivals in Deutschland.","breadcrumb":{"@id":"https:\/\/kulturonline.tv\/de\/kurzfilmtage-oberhausen-kritisieren-kuerzungen\/#breadcrumb"},"inLanguage":"de","potentialAction":[{"@type":"ReadAction","target":["https:\/\/kulturonline.tv\/de\/kurzfilmtage-oberhausen-kritisieren-kuerzungen\/"]}]},{"@type":"ImageObject","inLanguage":"de","@id":"https:\/\/kulturonline.tv\/de\/kurzfilmtage-oberhausen-kritisieren-kuerzungen\/#primaryimage","url":"https:\/\/kulturonline.tv\/wp-content\/uploads\/2023\/10\/kurzfilmtage-edited.jpg","contentUrl":"https:\/\/kulturonline.tv\/wp-content\/uploads\/2023\/10\/kurzfilmtage-edited.jpg","width":800,"height":450},{"@type":"BreadcrumbList","@id":"https:\/\/kulturonline.tv\/de\/kurzfilmtage-oberhausen-kritisieren-kuerzungen\/#breadcrumb","itemListElement":[{"@type":"ListItem","position":1,"name":"Startseite","item":"https:\/\/kulturonline.tv\/de\/"},{"@type":"ListItem","position":2,"name":"Kurzfilmtage Oberhausen kritisieren K\u00fcrzungen"}]},{"@type":"WebSite","@id":"https:\/\/kulturonline.tv\/de\/#website","url":"https:\/\/kulturonline.tv\/de\/","name":"Kultur Online TV &amp; FM","description":"Wir sind Kultur 2.0 zum sehen &amp; h\u00f6ren","publisher":{"@id":"https:\/\/kulturonline.tv\/de\/#organization"},"potentialAction":[{"@type":"SearchAction","target":{"@type":"EntryPoint","urlTemplate":"https:\/\/kulturonline.tv\/de\/?s={search_term_string}"},"query-input":{"@type":"PropertyValueSpecification","valueRequired":true,"valueName":"search_term_string"}}],"inLanguage":"de"},{"@type":"Organization","@id":"https:\/\/kulturonline.tv\/de\/#organization","name":"Kultur Online TV","url":"https:\/\/kulturonline.tv\/de\/","logo":{"@type":"ImageObject","inLanguage":"de","@id":"https:\/\/kulturonline.tv\/de\/#\/schema\/logo\/image\/","url":"https:\/\/kulturonline.tv\/wp-content\/uploads\/2021\/08\/Kultur-Online-Tv-Logo-Endversion-neu.png","contentUrl":"https:\/\/kulturonline.tv\/wp-content\/uploads\/2021\/08\/Kultur-Online-Tv-Logo-Endversion-neu.png","width":200,"height":200,"caption":"Kultur Online TV"},"image":{"@id":"https:\/\/kulturonline.tv\/de\/#\/schema\/logo\/image\/"},"sameAs":["https:\/\/www.facebook.com\/kulturonline.tv","https:\/\/www.instagram.com\/kulturonline.tv"]},{"@type":"Person","@id":"https:\/\/kulturonline.tv\/de\/#\/schema\/person\/b0fac729bb9a0c193fb1df23449df4fe","name":"guenter.wolfgang"}]}},"_links":{"self":[{"href":"https:\/\/kulturonline.tv\/de\/wp-json\/wp\/v2\/posts\/66570","targetHints":{"allow":["GET"]}}],"collection":[{"href":"https:\/\/kulturonline.tv\/de\/wp-json\/wp\/v2\/posts"}],"about":[{"href":"https:\/\/kulturonline.tv\/de\/wp-json\/wp\/v2\/types\/post"}],"author":[{"embeddable":true,"href":"https:\/\/kulturonline.tv\/de\/wp-json\/wp\/v2\/users\/2"}],"replies":[{"embeddable":true,"href":"https:\/\/kulturonline.tv\/de\/wp-json\/wp\/v2\/comments?post=66570"}],"version-history":[{"count":0,"href":"https:\/\/kulturonline.tv\/de\/wp-json\/wp\/v2\/posts\/66570\/revisions"}],"wp:featuredmedia":[{"embeddable":true,"href":"https:\/\/kulturonline.tv\/de\/wp-json\/wp\/v2\/media\/66573"}],"wp:attachment":[{"href":"https:\/\/kulturonline.tv\/de\/wp-json\/wp\/v2\/media?parent=66570"}],"wp:term":[{"taxonomy":"category","embeddable":true,"href":"https:\/\/kulturonline.tv\/de\/wp-json\/wp\/v2\/categories?post=66570"},{"taxonomy":"post_tag","embeddable":true,"href":"https:\/\/kulturonline.tv\/de\/wp-json\/wp\/v2\/tags?post=66570"}],"curies":[{"name":"wp","href":"https:\/\/api.w.org\/{rel}","templated":true}]}}