{"id":66580,"date":"2023-10-11T22:47:17","date_gmt":"2023-10-11T20:47:17","guid":{"rendered":"https:\/\/kulturonline.tv\/?p=66580"},"modified":"2023-10-11T22:49:34","modified_gmt":"2023-10-11T20:49:34","slug":"filmpreis-die-europa-an-cecile-de-france","status":"publish","type":"post","link":"https:\/\/kulturonline.tv\/de\/filmpreis-die-europa-an-cecile-de-france\/","title":{"rendered":"Filmpreis &#8220;Die Europa&#8221; an C\u00e9cile de France"},"content":{"rendered":"\n<p>Der h\u00f6chstdotierte Preis des internationalen Filmfestivals in Braunschweig geht an die belgische Schauspielerin C\u00e9cile de France.<\/p>\n\n\n\n<figure class=\"wp-block-image size-full is-resized\"><img fetchpriority=\"high\" decoding=\"async\" src=\"https:\/\/kulturonline.tv\/wp-content\/uploads\/2023\/10\/Cecile-de-France-edited.jpg\" alt=\"\" class=\"wp-image-66583\" style=\"width:840px;height:450px\" width=\"840\" height=\"450\"\/><\/figure>\n\n\n\n<p>\u00a9 Maximilian B\u00fchn, CC-BY-SA 4.0, CC BY-SA 4.0 <a href=\"https:\/\/creativecommons.org\/licenses\/by-sa\/4.0\">https:\/\/creativecommons.org\/licenses\/by-sa\/4.0<\/a>, via Wikimedia Commons<\/p>\n\n\n\n<p>Der Preis &#8222;Die Europa&#8220; hat eine Preissumme von 25.000 Euro und wird Anfang November (2023) als H\u00f6hepunkt des Festivals verliehen. Es ist geplant, dass sechs Filme mit de France pr\u00e4sentiert werden. Die Veranstalter erkl\u00e4rten, dass die Gewinnerin eine Vielzahl von Genres abdeckt, wie Drama, Horror, Thriller oder Kom\u00f6die. Au\u00dferdem sind sie f\u00fcr ihr unverwechselbares L\u00e4cheln verantwortlich. C\u00e9cile de France ist eine der bekanntesten Schauspielerinnen Frankreichs, die 48 Jahre alt ist.<\/p>\n\n\n\n<p>Kultur Online TV<\/p>\n\n\n\n<p>#news #film #preis<\/p>\n","protected":false},"excerpt":{"rendered":"<p>Der h\u00f6chstdotierte Preis des internationalen Filmfestivals in Braunschweig geht an die belgische Schauspielerin C\u00e9cile de France. \u00a9 Maximilian B\u00fchn, CC-BY-SA 4.0, CC BY-SA 4.0 https:\/\/creativecommons.org\/licenses\/by-sa\/4.0, via Wikimedia Commons Der Preis &#8222;Die Europa&#8220; hat eine Preissumme von 25.000 Euro und wird Anfang November (2023) als H\u00f6hepunkt des Festivals verliehen. Es ist geplant, dass sechs Filme mit [&hellip;]<\/p>\n","protected":false},"author":2,"featured_media":66583,"comment_status":"closed","ping_status":"closed","sticky":false,"template":"","format":"standard","meta":{"_acf_changed":false,"footnotes":""},"categories":[1],"tags":[],"class_list":["post-66580","post","type-post","status-publish","format-standard","has-post-thumbnail","hentry","category-unkategorisiert"],"acf":[],"yoast_head":"<!-- This site is optimized with the Yoast SEO plugin v26.1.1 - https:\/\/yoast.com\/wordpress\/plugins\/seo\/ -->\n<title>Filmpreis &#8220;Die Europa&#8221; an C\u00e9cile de France - Kultur Online TV &amp; FM<\/title>\n<meta name=\"description\" content=\"Der h\u00f6chstdotierte Preis des internationalen Filmfestivals in Braunschweig geht an die belgische Schauspielerin C\u00e9cile de France.\" \/>\n<meta name=\"robots\" content=\"index, follow, max-snippet:-1, max-image-preview:large, max-video-preview:-1\" \/>\n<link rel=\"canonical\" href=\"https:\/\/kulturonline.tv\/de\/filmpreis-die-europa-an-cecile-de-france\/\" \/>\n<meta property=\"og:locale\" content=\"de_DE\" \/>\n<meta property=\"og:type\" content=\"article\" \/>\n<meta property=\"og:title\" content=\"Filmpreis &#8220;Die Europa&#8221; an C\u00e9cile de France - Kultur Online TV &amp; FM\" \/>\n<meta property=\"og:description\" content=\"Der h\u00f6chstdotierte Preis des internationalen Filmfestivals in Braunschweig geht an die belgische Schauspielerin C\u00e9cile de France.\" \/>\n<meta property=\"og:url\" content=\"https:\/\/kulturonline.tv\/de\/filmpreis-die-europa-an-cecile-de-france\/\" \/>\n<meta property=\"og:site_name\" content=\"Kultur Online TV &amp; FM\" \/>\n<meta property=\"article:publisher\" content=\"https:\/\/www.facebook.com\/kulturonline.tv\" \/>\n<meta property=\"article:published_time\" content=\"2023-10-11T20:47:17+00:00\" \/>\n<meta property=\"article:modified_time\" content=\"2023-10-11T20:49:34+00:00\" \/>\n<meta property=\"og:image\" content=\"https:\/\/kulturonline.tv\/wp-content\/uploads\/2023\/10\/Cecile-de-France-edited.jpg\" \/>\n\t<meta property=\"og:image:width\" content=\"800\" \/>\n\t<meta property=\"og:image:height\" content=\"450\" \/>\n\t<meta property=\"og:image:type\" content=\"image\/jpeg\" \/>\n<meta name=\"author\" content=\"guenter.wolfgang\" \/>\n<meta name=\"twitter:card\" content=\"summary_large_image\" \/>\n<meta name=\"twitter:label1\" content=\"Verfasst von\" \/>\n\t<meta name=\"twitter:data1\" content=\"guenter.wolfgang\" \/>\n\t<meta name=\"twitter:label2\" content=\"Gesch\u00e4tzte Lesezeit\" \/>\n\t<meta name=\"twitter:data2\" content=\"1\u00a0Minute\" \/>\n<script type=\"application\/ld+json\" class=\"yoast-schema-graph\">{\"@context\":\"https:\/\/schema.org\",\"@graph\":[{\"@type\":\"Article\",\"@id\":\"https:\/\/kulturonline.tv\/de\/filmpreis-die-europa-an-cecile-de-france\/#article\",\"isPartOf\":{\"@id\":\"https:\/\/kulturonline.tv\/de\/filmpreis-die-europa-an-cecile-de-france\/\"},\"author\":{\"name\":\"guenter.wolfgang\",\"@id\":\"https:\/\/kulturonline.tv\/de\/#\/schema\/person\/b0fac729bb9a0c193fb1df23449df4fe\"},\"headline\":\"Filmpreis &#8220;Die Europa&#8221; an C\u00e9cile de France\",\"datePublished\":\"2023-10-11T20:47:17+00:00\",\"dateModified\":\"2023-10-11T20:49:34+00:00\",\"mainEntityOfPage\":{\"@id\":\"https:\/\/kulturonline.tv\/de\/filmpreis-die-europa-an-cecile-de-france\/\"},\"wordCount\":121,\"publisher\":{\"@id\":\"https:\/\/kulturonline.tv\/de\/#organization\"},\"image\":{\"@id\":\"https:\/\/kulturonline.tv\/de\/filmpreis-die-europa-an-cecile-de-france\/#primaryimage\"},\"thumbnailUrl\":\"https:\/\/kulturonline.tv\/wp-content\/uploads\/2023\/10\/Cecile-de-France-edited.jpg\",\"articleSection\":[\"Unkategorisiert\"],\"inLanguage\":\"de\"},{\"@type\":\"WebPage\",\"@id\":\"https:\/\/kulturonline.tv\/de\/filmpreis-die-europa-an-cecile-de-france\/\",\"url\":\"https:\/\/kulturonline.tv\/de\/filmpreis-die-europa-an-cecile-de-france\/\",\"name\":\"Filmpreis &#8220;Die Europa&#8221; an C\u00e9cile de France - Kultur Online TV &amp; FM\",\"isPartOf\":{\"@id\":\"https:\/\/kulturonline.tv\/de\/#website\"},\"primaryImageOfPage\":{\"@id\":\"https:\/\/kulturonline.tv\/de\/filmpreis-die-europa-an-cecile-de-france\/#primaryimage\"},\"image\":{\"@id\":\"https:\/\/kulturonline.tv\/de\/filmpreis-die-europa-an-cecile-de-france\/#primaryimage\"},\"thumbnailUrl\":\"https:\/\/kulturonline.tv\/wp-content\/uploads\/2023\/10\/Cecile-de-France-edited.jpg\",\"datePublished\":\"2023-10-11T20:47:17+00:00\",\"dateModified\":\"2023-10-11T20:49:34+00:00\",\"description\":\"Der h\u00f6chstdotierte Preis des internationalen Filmfestivals in Braunschweig geht an die belgische Schauspielerin C\u00e9cile de France.\",\"breadcrumb\":{\"@id\":\"https:\/\/kulturonline.tv\/de\/filmpreis-die-europa-an-cecile-de-france\/#breadcrumb\"},\"inLanguage\":\"de\",\"potentialAction\":[{\"@type\":\"ReadAction\",\"target\":[\"https:\/\/kulturonline.tv\/de\/filmpreis-die-europa-an-cecile-de-france\/\"]}]},{\"@type\":\"ImageObject\",\"inLanguage\":\"de\",\"@id\":\"https:\/\/kulturonline.tv\/de\/filmpreis-die-europa-an-cecile-de-france\/#primaryimage\",\"url\":\"https:\/\/kulturonline.tv\/wp-content\/uploads\/2023\/10\/Cecile-de-France-edited.jpg\",\"contentUrl\":\"https:\/\/kulturonline.tv\/wp-content\/uploads\/2023\/10\/Cecile-de-France-edited.jpg\",\"width\":800,\"height\":450},{\"@type\":\"BreadcrumbList\",\"@id\":\"https:\/\/kulturonline.tv\/de\/filmpreis-die-europa-an-cecile-de-france\/#breadcrumb\",\"itemListElement\":[{\"@type\":\"ListItem\",\"position\":1,\"name\":\"Startseite\",\"item\":\"https:\/\/kulturonline.tv\/de\/\"},{\"@type\":\"ListItem\",\"position\":2,\"name\":\"Filmpreis &#8220;Die Europa&#8221; an C\u00e9cile de France\"}]},{\"@type\":\"WebSite\",\"@id\":\"https:\/\/kulturonline.tv\/de\/#website\",\"url\":\"https:\/\/kulturonline.tv\/de\/\",\"name\":\"Kultur Online TV &amp; FM\",\"description\":\"Wir sind Kultur 2.0 zum sehen &amp; h\u00f6ren\",\"publisher\":{\"@id\":\"https:\/\/kulturonline.tv\/de\/#organization\"},\"potentialAction\":[{\"@type\":\"SearchAction\",\"target\":{\"@type\":\"EntryPoint\",\"urlTemplate\":\"https:\/\/kulturonline.tv\/de\/?s={search_term_string}\"},\"query-input\":{\"@type\":\"PropertyValueSpecification\",\"valueRequired\":true,\"valueName\":\"search_term_string\"}}],\"inLanguage\":\"de\"},{\"@type\":\"Organization\",\"@id\":\"https:\/\/kulturonline.tv\/de\/#organization\",\"name\":\"Kultur Online TV\",\"url\":\"https:\/\/kulturonline.tv\/de\/\",\"logo\":{\"@type\":\"ImageObject\",\"inLanguage\":\"de\",\"@id\":\"https:\/\/kulturonline.tv\/de\/#\/schema\/logo\/image\/\",\"url\":\"https:\/\/kulturonline.tv\/wp-content\/uploads\/2021\/08\/Kultur-Online-Tv-Logo-Endversion-neu.png\",\"contentUrl\":\"https:\/\/kulturonline.tv\/wp-content\/uploads\/2021\/08\/Kultur-Online-Tv-Logo-Endversion-neu.png\",\"width\":200,\"height\":200,\"caption\":\"Kultur Online TV\"},\"image\":{\"@id\":\"https:\/\/kulturonline.tv\/de\/#\/schema\/logo\/image\/\"},\"sameAs\":[\"https:\/\/www.facebook.com\/kulturonline.tv\",\"https:\/\/www.instagram.com\/kulturonline.tv\"]},{\"@type\":\"Person\",\"@id\":\"https:\/\/kulturonline.tv\/de\/#\/schema\/person\/b0fac729bb9a0c193fb1df23449df4fe\",\"name\":\"guenter.wolfgang\"}]}<\/script>\n<!-- \/ Yoast SEO plugin. -->","yoast_head_json":{"title":"Filmpreis &#8220;Die Europa&#8221; an C\u00e9cile de France - Kultur Online TV &amp; FM","description":"Der h\u00f6chstdotierte Preis des internationalen Filmfestivals in Braunschweig geht an die belgische Schauspielerin C\u00e9cile de France.","robots":{"index":"index","follow":"follow","max-snippet":"max-snippet:-1","max-image-preview":"max-image-preview:large","max-video-preview":"max-video-preview:-1"},"canonical":"https:\/\/kulturonline.tv\/de\/filmpreis-die-europa-an-cecile-de-france\/","og_locale":"de_DE","og_type":"article","og_title":"Filmpreis &#8220;Die Europa&#8221; an C\u00e9cile de France - Kultur Online TV &amp; FM","og_description":"Der h\u00f6chstdotierte Preis des internationalen Filmfestivals in Braunschweig geht an die belgische Schauspielerin C\u00e9cile de France.","og_url":"https:\/\/kulturonline.tv\/de\/filmpreis-die-europa-an-cecile-de-france\/","og_site_name":"Kultur Online TV &amp; FM","article_publisher":"https:\/\/www.facebook.com\/kulturonline.tv","article_published_time":"2023-10-11T20:47:17+00:00","article_modified_time":"2023-10-11T20:49:34+00:00","og_image":[{"width":800,"height":450,"url":"https:\/\/kulturonline.tv\/wp-content\/uploads\/2023\/10\/Cecile-de-France-edited.jpg","type":"image\/jpeg"}],"author":"guenter.wolfgang","twitter_card":"summary_large_image","twitter_misc":{"Verfasst von":"guenter.wolfgang","Gesch\u00e4tzte Lesezeit":"1\u00a0Minute"},"schema":{"@context":"https:\/\/schema.org","@graph":[{"@type":"Article","@id":"https:\/\/kulturonline.tv\/de\/filmpreis-die-europa-an-cecile-de-france\/#article","isPartOf":{"@id":"https:\/\/kulturonline.tv\/de\/filmpreis-die-europa-an-cecile-de-france\/"},"author":{"name":"guenter.wolfgang","@id":"https:\/\/kulturonline.tv\/de\/#\/schema\/person\/b0fac729bb9a0c193fb1df23449df4fe"},"headline":"Filmpreis &#8220;Die Europa&#8221; an C\u00e9cile de France","datePublished":"2023-10-11T20:47:17+00:00","dateModified":"2023-10-11T20:49:34+00:00","mainEntityOfPage":{"@id":"https:\/\/kulturonline.tv\/de\/filmpreis-die-europa-an-cecile-de-france\/"},"wordCount":121,"publisher":{"@id":"https:\/\/kulturonline.tv\/de\/#organization"},"image":{"@id":"https:\/\/kulturonline.tv\/de\/filmpreis-die-europa-an-cecile-de-france\/#primaryimage"},"thumbnailUrl":"https:\/\/kulturonline.tv\/wp-content\/uploads\/2023\/10\/Cecile-de-France-edited.jpg","articleSection":["Unkategorisiert"],"inLanguage":"de"},{"@type":"WebPage","@id":"https:\/\/kulturonline.tv\/de\/filmpreis-die-europa-an-cecile-de-france\/","url":"https:\/\/kulturonline.tv\/de\/filmpreis-die-europa-an-cecile-de-france\/","name":"Filmpreis &#8220;Die Europa&#8221; an C\u00e9cile de France - Kultur Online TV &amp; FM","isPartOf":{"@id":"https:\/\/kulturonline.tv\/de\/#website"},"primaryImageOfPage":{"@id":"https:\/\/kulturonline.tv\/de\/filmpreis-die-europa-an-cecile-de-france\/#primaryimage"},"image":{"@id":"https:\/\/kulturonline.tv\/de\/filmpreis-die-europa-an-cecile-de-france\/#primaryimage"},"thumbnailUrl":"https:\/\/kulturonline.tv\/wp-content\/uploads\/2023\/10\/Cecile-de-France-edited.jpg","datePublished":"2023-10-11T20:47:17+00:00","dateModified":"2023-10-11T20:49:34+00:00","description":"Der h\u00f6chstdotierte Preis des internationalen Filmfestivals in Braunschweig geht an die belgische Schauspielerin C\u00e9cile de France.","breadcrumb":{"@id":"https:\/\/kulturonline.tv\/de\/filmpreis-die-europa-an-cecile-de-france\/#breadcrumb"},"inLanguage":"de","potentialAction":[{"@type":"ReadAction","target":["https:\/\/kulturonline.tv\/de\/filmpreis-die-europa-an-cecile-de-france\/"]}]},{"@type":"ImageObject","inLanguage":"de","@id":"https:\/\/kulturonline.tv\/de\/filmpreis-die-europa-an-cecile-de-france\/#primaryimage","url":"https:\/\/kulturonline.tv\/wp-content\/uploads\/2023\/10\/Cecile-de-France-edited.jpg","contentUrl":"https:\/\/kulturonline.tv\/wp-content\/uploads\/2023\/10\/Cecile-de-France-edited.jpg","width":800,"height":450},{"@type":"BreadcrumbList","@id":"https:\/\/kulturonline.tv\/de\/filmpreis-die-europa-an-cecile-de-france\/#breadcrumb","itemListElement":[{"@type":"ListItem","position":1,"name":"Startseite","item":"https:\/\/kulturonline.tv\/de\/"},{"@type":"ListItem","position":2,"name":"Filmpreis &#8220;Die Europa&#8221; an C\u00e9cile de France"}]},{"@type":"WebSite","@id":"https:\/\/kulturonline.tv\/de\/#website","url":"https:\/\/kulturonline.tv\/de\/","name":"Kultur Online TV &amp; FM","description":"Wir sind Kultur 2.0 zum sehen &amp; h\u00f6ren","publisher":{"@id":"https:\/\/kulturonline.tv\/de\/#organization"},"potentialAction":[{"@type":"SearchAction","target":{"@type":"EntryPoint","urlTemplate":"https:\/\/kulturonline.tv\/de\/?s={search_term_string}"},"query-input":{"@type":"PropertyValueSpecification","valueRequired":true,"valueName":"search_term_string"}}],"inLanguage":"de"},{"@type":"Organization","@id":"https:\/\/kulturonline.tv\/de\/#organization","name":"Kultur Online TV","url":"https:\/\/kulturonline.tv\/de\/","logo":{"@type":"ImageObject","inLanguage":"de","@id":"https:\/\/kulturonline.tv\/de\/#\/schema\/logo\/image\/","url":"https:\/\/kulturonline.tv\/wp-content\/uploads\/2021\/08\/Kultur-Online-Tv-Logo-Endversion-neu.png","contentUrl":"https:\/\/kulturonline.tv\/wp-content\/uploads\/2021\/08\/Kultur-Online-Tv-Logo-Endversion-neu.png","width":200,"height":200,"caption":"Kultur Online TV"},"image":{"@id":"https:\/\/kulturonline.tv\/de\/#\/schema\/logo\/image\/"},"sameAs":["https:\/\/www.facebook.com\/kulturonline.tv","https:\/\/www.instagram.com\/kulturonline.tv"]},{"@type":"Person","@id":"https:\/\/kulturonline.tv\/de\/#\/schema\/person\/b0fac729bb9a0c193fb1df23449df4fe","name":"guenter.wolfgang"}]}},"_links":{"self":[{"href":"https:\/\/kulturonline.tv\/de\/wp-json\/wp\/v2\/posts\/66580","targetHints":{"allow":["GET"]}}],"collection":[{"href":"https:\/\/kulturonline.tv\/de\/wp-json\/wp\/v2\/posts"}],"about":[{"href":"https:\/\/kulturonline.tv\/de\/wp-json\/wp\/v2\/types\/post"}],"author":[{"embeddable":true,"href":"https:\/\/kulturonline.tv\/de\/wp-json\/wp\/v2\/users\/2"}],"replies":[{"embeddable":true,"href":"https:\/\/kulturonline.tv\/de\/wp-json\/wp\/v2\/comments?post=66580"}],"version-history":[{"count":0,"href":"https:\/\/kulturonline.tv\/de\/wp-json\/wp\/v2\/posts\/66580\/revisions"}],"wp:featuredmedia":[{"embeddable":true,"href":"https:\/\/kulturonline.tv\/de\/wp-json\/wp\/v2\/media\/66583"}],"wp:attachment":[{"href":"https:\/\/kulturonline.tv\/de\/wp-json\/wp\/v2\/media?parent=66580"}],"wp:term":[{"taxonomy":"category","embeddable":true,"href":"https:\/\/kulturonline.tv\/de\/wp-json\/wp\/v2\/categories?post=66580"},{"taxonomy":"post_tag","embeddable":true,"href":"https:\/\/kulturonline.tv\/de\/wp-json\/wp\/v2\/tags?post=66580"}],"curies":[{"name":"wp","href":"https:\/\/api.w.org\/{rel}","templated":true}]}}