{"id":66672,"date":"2023-10-15T16:21:36","date_gmt":"2023-10-15T14:21:36","guid":{"rendered":"https:\/\/kulturonline.tv\/?p=66672"},"modified":"2024-10-17T22:09:02","modified_gmt":"2024-10-17T20:09:02","slug":"130-jahre-tiroler-symphonieorchester-innsbruck","status":"publish","type":"post","link":"https:\/\/kulturonline.tv\/de\/130-jahre-tiroler-symphonieorchester-innsbruck\/","title":{"rendered":"130 Jahre Tiroler Symphonieorchester Innsbruck"},"content":{"rendered":"\n<p>Im 1. Symphoniekonzert der Konzertsaison 23\/24 gibt es f\u00fcr das Tiroler Symphonieorchester Innsbruck gleich doppelt Grund zu feiern: Den Start der neuen Konzertsaison und ein rundes Jubil\u00e4um. Das TSOI wird 130!<\/p>\n\n\n\n<figure class=\"wp-block-image size-large is-style-default\"><img fetchpriority=\"high\" decoding=\"async\" width=\"1600\" height=\"1067\" src=\"https:\/\/kulturonline.tv\/wp-content\/uploads\/2023\/10\/OBS_20231013_OBS0027-1-1600x1067.jpg\" alt=\"\" class=\"wp-image-66673\" srcset=\"https:\/\/kulturonline.tv\/wp-content\/uploads\/2023\/10\/OBS_20231013_OBS0027-1-1600x1067.jpg 1600w, https:\/\/kulturonline.tv\/wp-content\/uploads\/2023\/10\/OBS_20231013_OBS0027-1-800x533.jpg 800w, https:\/\/kulturonline.tv\/wp-content\/uploads\/2023\/10\/OBS_20231013_OBS0027-1-768x512.jpg 768w, https:\/\/kulturonline.tv\/wp-content\/uploads\/2023\/10\/OBS_20231013_OBS0027-1-1536x1024.jpg 1536w, https:\/\/kulturonline.tv\/wp-content\/uploads\/2023\/10\/OBS_20231013_OBS0027-1-2048x1366.jpg 2048w, https:\/\/kulturonline.tv\/wp-content\/uploads\/2023\/10\/OBS_20231013_OBS0027-1-600x400.jpg 600w\" sizes=\"(max-width: 1600px) 100vw, 1600px\" \/><\/figure>\n\n\n\n<p>Was 1893 eigens f\u00fcr die Tiroler Landesausstellung in Innsbruck mit einem 27-k\u00f6pfigen Orchester begann, ist im Laufe der 130-j\u00e4hrigen Orchestergeschichte zu einem Klangk\u00f6rper von \u00fcber 75 Musiker:innen herangewachsen. Heute ist das TSOI eine tragende S\u00e4ule in der Tiroler Kulturlandschaft.<\/p>\n\n\n\n<p>Am 19. und 20. Oktober, im Rahmen des 1. Symphoniekonzerts der Konzertsaison 23\/24, mit dem Titel\u00a0<em>Gestern und Heute<\/em>, das gleichzeitig ein Festkonzert zum Jubil\u00e4um ist, pr\u00e4sentiert das Tiroler Symphonieorchester Innsbruck unter der Leitung der jungen Dirigentin Delyana Larazova eine Collage aus Vergangenheit und Gegenwart, aus Oper und Konzert: <\/p>\n\n\n\n<p>Von popul\u00e4ren Melodien von Rossini und Brahms, die beim \u201eI. Concert des Innsbrucker Stadtorchesters\u201c am 4. November 1893 unter Orchestergr\u00fcnder Martin Sp\u00f6rr auf dem Programm standen, \u00fcber Anton\u00edn Dvo\u0159\u00e1ks ber\u00fchmte Sinfonie\u00a0<em>Aus der neuen Welt<\/em>, die im Gr\u00fcndungsjahr des TSOI komponiert und in New York uraufgef\u00fchrt wurde, bis zum Heute in Gestalt eines neuen Werks des geb\u00fcrtigen Innsbrucker Komponisten und Klangspuren Schwaz-Leiters Christof Dienz.<\/p>\n\n\n\n<p>Kultur Online TV<\/p>\n\n\n\n<p>#news #musik #konzert<\/p>\n","protected":false},"excerpt":{"rendered":"<p>Im 1. Symphoniekonzert der Konzertsaison 23\/24 gibt es f\u00fcr das Tiroler Symphonieorchester Innsbruck gleich doppelt Grund zu feiern: Den Start der neuen Konzertsaison und ein rundes Jubil\u00e4um. Das TSOI wird 130! Was 1893 eigens f\u00fcr die Tiroler Landesausstellung in Innsbruck mit einem 27-k\u00f6pfigen Orchester begann, ist im Laufe der 130-j\u00e4hrigen Orchestergeschichte zu einem Klangk\u00f6rper von [&hellip;]<\/p>\n","protected":false},"author":2,"featured_media":66673,"comment_status":"closed","ping_status":"closed","sticky":false,"template":"","format":"standard","meta":{"_acf_changed":false,"footnotes":""},"categories":[19],"tags":[],"class_list":["post-66672","post","type-post","status-publish","format-standard","has-post-thumbnail","hentry","category-musik"],"acf":[],"yoast_head":"<!-- This site is optimized with the Yoast SEO plugin v26.1.1 - https:\/\/yoast.com\/wordpress\/plugins\/seo\/ -->\n<title>130 Jahre Tiroler Symphonieorchester Innsbruck - Kultur Online TV &amp; FM<\/title>\n<meta name=\"description\" content=\"Im 1. Symphoniekonzert der Konzertsaison 23\/24 gibt es f\u00fcr das Tiroler Symphonieorchester Innsbruck gleich doppelt Grund zu feiern: Den Start der neuen Konzertsaison und ein rundes Jubil\u00e4um. Das TSOI wird 130!\" \/>\n<meta name=\"robots\" content=\"index, follow, max-snippet:-1, max-image-preview:large, max-video-preview:-1\" \/>\n<link rel=\"canonical\" href=\"https:\/\/kulturonline.tv\/de\/130-jahre-tiroler-symphonieorchester-innsbruck\/\" \/>\n<meta property=\"og:locale\" content=\"de_DE\" \/>\n<meta property=\"og:type\" content=\"article\" \/>\n<meta property=\"og:title\" content=\"130 Jahre Tiroler Symphonieorchester Innsbruck - Kultur Online TV &amp; FM\" \/>\n<meta property=\"og:description\" content=\"Im 1. Symphoniekonzert der Konzertsaison 23\/24 gibt es f\u00fcr das Tiroler Symphonieorchester Innsbruck gleich doppelt Grund zu feiern: Den Start der neuen Konzertsaison und ein rundes Jubil\u00e4um. Das TSOI wird 130!\" \/>\n<meta property=\"og:url\" content=\"https:\/\/kulturonline.tv\/de\/130-jahre-tiroler-symphonieorchester-innsbruck\/\" \/>\n<meta property=\"og:site_name\" content=\"Kultur Online TV &amp; FM\" \/>\n<meta property=\"article:publisher\" content=\"https:\/\/www.facebook.com\/kulturonline.tv\" \/>\n<meta property=\"article:published_time\" content=\"2023-10-15T14:21:36+00:00\" \/>\n<meta property=\"article:modified_time\" content=\"2024-10-17T20:09:02+00:00\" \/>\n<meta property=\"og:image\" content=\"https:\/\/kulturonline.tv\/wp-content\/uploads\/2023\/10\/OBS_20231013_OBS0027-1-1600x1067.jpg\" \/>\n\t<meta property=\"og:image:width\" content=\"1600\" \/>\n\t<meta property=\"og:image:height\" content=\"1067\" \/>\n\t<meta property=\"og:image:type\" content=\"image\/jpeg\" \/>\n<meta name=\"author\" content=\"guenter.wolfgang\" \/>\n<meta name=\"twitter:card\" content=\"summary_large_image\" \/>\n<meta name=\"twitter:label1\" content=\"Verfasst von\" \/>\n\t<meta name=\"twitter:data1\" content=\"guenter.wolfgang\" \/>\n\t<meta name=\"twitter:label2\" content=\"Gesch\u00e4tzte Lesezeit\" \/>\n\t<meta name=\"twitter:data2\" content=\"1\u00a0Minute\" \/>\n<script type=\"application\/ld+json\" class=\"yoast-schema-graph\">{\"@context\":\"https:\/\/schema.org\",\"@graph\":[{\"@type\":\"Article\",\"@id\":\"https:\/\/kulturonline.tv\/de\/130-jahre-tiroler-symphonieorchester-innsbruck\/#article\",\"isPartOf\":{\"@id\":\"https:\/\/kulturonline.tv\/de\/130-jahre-tiroler-symphonieorchester-innsbruck\/\"},\"author\":{\"name\":\"guenter.wolfgang\",\"@id\":\"https:\/\/kulturonline.tv\/de\/#\/schema\/person\/b0fac729bb9a0c193fb1df23449df4fe\"},\"headline\":\"130 Jahre Tiroler Symphonieorchester Innsbruck\",\"datePublished\":\"2023-10-15T14:21:36+00:00\",\"dateModified\":\"2024-10-17T20:09:02+00:00\",\"mainEntityOfPage\":{\"@id\":\"https:\/\/kulturonline.tv\/de\/130-jahre-tiroler-symphonieorchester-innsbruck\/\"},\"wordCount\":201,\"publisher\":{\"@id\":\"https:\/\/kulturonline.tv\/de\/#organization\"},\"image\":{\"@id\":\"https:\/\/kulturonline.tv\/de\/130-jahre-tiroler-symphonieorchester-innsbruck\/#primaryimage\"},\"thumbnailUrl\":\"https:\/\/kulturonline.tv\/wp-content\/uploads\/2023\/10\/OBS_20231013_OBS0027-1.jpg\",\"articleSection\":[\"Musik\"],\"inLanguage\":\"de\"},{\"@type\":\"WebPage\",\"@id\":\"https:\/\/kulturonline.tv\/de\/130-jahre-tiroler-symphonieorchester-innsbruck\/\",\"url\":\"https:\/\/kulturonline.tv\/de\/130-jahre-tiroler-symphonieorchester-innsbruck\/\",\"name\":\"130 Jahre Tiroler Symphonieorchester Innsbruck - Kultur Online TV &amp; FM\",\"isPartOf\":{\"@id\":\"https:\/\/kulturonline.tv\/de\/#website\"},\"primaryImageOfPage\":{\"@id\":\"https:\/\/kulturonline.tv\/de\/130-jahre-tiroler-symphonieorchester-innsbruck\/#primaryimage\"},\"image\":{\"@id\":\"https:\/\/kulturonline.tv\/de\/130-jahre-tiroler-symphonieorchester-innsbruck\/#primaryimage\"},\"thumbnailUrl\":\"https:\/\/kulturonline.tv\/wp-content\/uploads\/2023\/10\/OBS_20231013_OBS0027-1.jpg\",\"datePublished\":\"2023-10-15T14:21:36+00:00\",\"dateModified\":\"2024-10-17T20:09:02+00:00\",\"description\":\"Im 1. Symphoniekonzert der Konzertsaison 23\/24 gibt es f\u00fcr das Tiroler Symphonieorchester Innsbruck gleich doppelt Grund zu feiern: Den Start der neuen Konzertsaison und ein rundes Jubil\u00e4um. Das TSOI wird 130!\",\"breadcrumb\":{\"@id\":\"https:\/\/kulturonline.tv\/de\/130-jahre-tiroler-symphonieorchester-innsbruck\/#breadcrumb\"},\"inLanguage\":\"de\",\"potentialAction\":[{\"@type\":\"ReadAction\",\"target\":[\"https:\/\/kulturonline.tv\/de\/130-jahre-tiroler-symphonieorchester-innsbruck\/\"]}]},{\"@type\":\"ImageObject\",\"inLanguage\":\"de\",\"@id\":\"https:\/\/kulturonline.tv\/de\/130-jahre-tiroler-symphonieorchester-innsbruck\/#primaryimage\",\"url\":\"https:\/\/kulturonline.tv\/wp-content\/uploads\/2023\/10\/OBS_20231013_OBS0027-1.jpg\",\"contentUrl\":\"https:\/\/kulturonline.tv\/wp-content\/uploads\/2023\/10\/OBS_20231013_OBS0027-1.jpg\",\"width\":2500,\"height\":1667,\"caption\":\"BILD zu OTS - Das Tiroler Symphonieorchester Innsbruck in der Konzertsaison 22\/23\"},{\"@type\":\"BreadcrumbList\",\"@id\":\"https:\/\/kulturonline.tv\/de\/130-jahre-tiroler-symphonieorchester-innsbruck\/#breadcrumb\",\"itemListElement\":[{\"@type\":\"ListItem\",\"position\":1,\"name\":\"Startseite\",\"item\":\"https:\/\/kulturonline.tv\/de\/\"},{\"@type\":\"ListItem\",\"position\":2,\"name\":\"130 Jahre Tiroler Symphonieorchester Innsbruck\"}]},{\"@type\":\"WebSite\",\"@id\":\"https:\/\/kulturonline.tv\/de\/#website\",\"url\":\"https:\/\/kulturonline.tv\/de\/\",\"name\":\"Kultur Online TV &amp; FM\",\"description\":\"Wir sind Kultur 2.0 zum sehen &amp; h\u00f6ren\",\"publisher\":{\"@id\":\"https:\/\/kulturonline.tv\/de\/#organization\"},\"potentialAction\":[{\"@type\":\"SearchAction\",\"target\":{\"@type\":\"EntryPoint\",\"urlTemplate\":\"https:\/\/kulturonline.tv\/de\/?s={search_term_string}\"},\"query-input\":{\"@type\":\"PropertyValueSpecification\",\"valueRequired\":true,\"valueName\":\"search_term_string\"}}],\"inLanguage\":\"de\"},{\"@type\":\"Organization\",\"@id\":\"https:\/\/kulturonline.tv\/de\/#organization\",\"name\":\"Kultur Online TV\",\"url\":\"https:\/\/kulturonline.tv\/de\/\",\"logo\":{\"@type\":\"ImageObject\",\"inLanguage\":\"de\",\"@id\":\"https:\/\/kulturonline.tv\/de\/#\/schema\/logo\/image\/\",\"url\":\"https:\/\/kulturonline.tv\/wp-content\/uploads\/2021\/08\/Kultur-Online-Tv-Logo-Endversion-neu.png\",\"contentUrl\":\"https:\/\/kulturonline.tv\/wp-content\/uploads\/2021\/08\/Kultur-Online-Tv-Logo-Endversion-neu.png\",\"width\":200,\"height\":200,\"caption\":\"Kultur Online TV\"},\"image\":{\"@id\":\"https:\/\/kulturonline.tv\/de\/#\/schema\/logo\/image\/\"},\"sameAs\":[\"https:\/\/www.facebook.com\/kulturonline.tv\",\"https:\/\/www.instagram.com\/kulturonline.tv\"]},{\"@type\":\"Person\",\"@id\":\"https:\/\/kulturonline.tv\/de\/#\/schema\/person\/b0fac729bb9a0c193fb1df23449df4fe\",\"name\":\"guenter.wolfgang\"}]}<\/script>\n<!-- \/ Yoast SEO plugin. -->","yoast_head_json":{"title":"130 Jahre Tiroler Symphonieorchester Innsbruck - Kultur Online TV &amp; FM","description":"Im 1. Symphoniekonzert der Konzertsaison 23\/24 gibt es f\u00fcr das Tiroler Symphonieorchester Innsbruck gleich doppelt Grund zu feiern: Den Start der neuen Konzertsaison und ein rundes Jubil\u00e4um. Das TSOI wird 130!","robots":{"index":"index","follow":"follow","max-snippet":"max-snippet:-1","max-image-preview":"max-image-preview:large","max-video-preview":"max-video-preview:-1"},"canonical":"https:\/\/kulturonline.tv\/de\/130-jahre-tiroler-symphonieorchester-innsbruck\/","og_locale":"de_DE","og_type":"article","og_title":"130 Jahre Tiroler Symphonieorchester Innsbruck - Kultur Online TV &amp; FM","og_description":"Im 1. Symphoniekonzert der Konzertsaison 23\/24 gibt es f\u00fcr das Tiroler Symphonieorchester Innsbruck gleich doppelt Grund zu feiern: Den Start der neuen Konzertsaison und ein rundes Jubil\u00e4um. Das TSOI wird 130!","og_url":"https:\/\/kulturonline.tv\/de\/130-jahre-tiroler-symphonieorchester-innsbruck\/","og_site_name":"Kultur Online TV &amp; FM","article_publisher":"https:\/\/www.facebook.com\/kulturonline.tv","article_published_time":"2023-10-15T14:21:36+00:00","article_modified_time":"2024-10-17T20:09:02+00:00","og_image":[{"width":1600,"height":1067,"url":"https:\/\/kulturonline.tv\/wp-content\/uploads\/2023\/10\/OBS_20231013_OBS0027-1-1600x1067.jpg","type":"image\/jpeg"}],"author":"guenter.wolfgang","twitter_card":"summary_large_image","twitter_misc":{"Verfasst von":"guenter.wolfgang","Gesch\u00e4tzte Lesezeit":"1\u00a0Minute"},"schema":{"@context":"https:\/\/schema.org","@graph":[{"@type":"Article","@id":"https:\/\/kulturonline.tv\/de\/130-jahre-tiroler-symphonieorchester-innsbruck\/#article","isPartOf":{"@id":"https:\/\/kulturonline.tv\/de\/130-jahre-tiroler-symphonieorchester-innsbruck\/"},"author":{"name":"guenter.wolfgang","@id":"https:\/\/kulturonline.tv\/de\/#\/schema\/person\/b0fac729bb9a0c193fb1df23449df4fe"},"headline":"130 Jahre Tiroler Symphonieorchester Innsbruck","datePublished":"2023-10-15T14:21:36+00:00","dateModified":"2024-10-17T20:09:02+00:00","mainEntityOfPage":{"@id":"https:\/\/kulturonline.tv\/de\/130-jahre-tiroler-symphonieorchester-innsbruck\/"},"wordCount":201,"publisher":{"@id":"https:\/\/kulturonline.tv\/de\/#organization"},"image":{"@id":"https:\/\/kulturonline.tv\/de\/130-jahre-tiroler-symphonieorchester-innsbruck\/#primaryimage"},"thumbnailUrl":"https:\/\/kulturonline.tv\/wp-content\/uploads\/2023\/10\/OBS_20231013_OBS0027-1.jpg","articleSection":["Musik"],"inLanguage":"de"},{"@type":"WebPage","@id":"https:\/\/kulturonline.tv\/de\/130-jahre-tiroler-symphonieorchester-innsbruck\/","url":"https:\/\/kulturonline.tv\/de\/130-jahre-tiroler-symphonieorchester-innsbruck\/","name":"130 Jahre Tiroler Symphonieorchester Innsbruck - Kultur Online TV &amp; FM","isPartOf":{"@id":"https:\/\/kulturonline.tv\/de\/#website"},"primaryImageOfPage":{"@id":"https:\/\/kulturonline.tv\/de\/130-jahre-tiroler-symphonieorchester-innsbruck\/#primaryimage"},"image":{"@id":"https:\/\/kulturonline.tv\/de\/130-jahre-tiroler-symphonieorchester-innsbruck\/#primaryimage"},"thumbnailUrl":"https:\/\/kulturonline.tv\/wp-content\/uploads\/2023\/10\/OBS_20231013_OBS0027-1.jpg","datePublished":"2023-10-15T14:21:36+00:00","dateModified":"2024-10-17T20:09:02+00:00","description":"Im 1. Symphoniekonzert der Konzertsaison 23\/24 gibt es f\u00fcr das Tiroler Symphonieorchester Innsbruck gleich doppelt Grund zu feiern: Den Start der neuen Konzertsaison und ein rundes Jubil\u00e4um. Das TSOI wird 130!","breadcrumb":{"@id":"https:\/\/kulturonline.tv\/de\/130-jahre-tiroler-symphonieorchester-innsbruck\/#breadcrumb"},"inLanguage":"de","potentialAction":[{"@type":"ReadAction","target":["https:\/\/kulturonline.tv\/de\/130-jahre-tiroler-symphonieorchester-innsbruck\/"]}]},{"@type":"ImageObject","inLanguage":"de","@id":"https:\/\/kulturonline.tv\/de\/130-jahre-tiroler-symphonieorchester-innsbruck\/#primaryimage","url":"https:\/\/kulturonline.tv\/wp-content\/uploads\/2023\/10\/OBS_20231013_OBS0027-1.jpg","contentUrl":"https:\/\/kulturonline.tv\/wp-content\/uploads\/2023\/10\/OBS_20231013_OBS0027-1.jpg","width":2500,"height":1667,"caption":"BILD zu OTS - Das Tiroler Symphonieorchester Innsbruck in der Konzertsaison 22\/23"},{"@type":"BreadcrumbList","@id":"https:\/\/kulturonline.tv\/de\/130-jahre-tiroler-symphonieorchester-innsbruck\/#breadcrumb","itemListElement":[{"@type":"ListItem","position":1,"name":"Startseite","item":"https:\/\/kulturonline.tv\/de\/"},{"@type":"ListItem","position":2,"name":"130 Jahre Tiroler Symphonieorchester Innsbruck"}]},{"@type":"WebSite","@id":"https:\/\/kulturonline.tv\/de\/#website","url":"https:\/\/kulturonline.tv\/de\/","name":"Kultur Online TV &amp; FM","description":"Wir sind Kultur 2.0 zum sehen &amp; h\u00f6ren","publisher":{"@id":"https:\/\/kulturonline.tv\/de\/#organization"},"potentialAction":[{"@type":"SearchAction","target":{"@type":"EntryPoint","urlTemplate":"https:\/\/kulturonline.tv\/de\/?s={search_term_string}"},"query-input":{"@type":"PropertyValueSpecification","valueRequired":true,"valueName":"search_term_string"}}],"inLanguage":"de"},{"@type":"Organization","@id":"https:\/\/kulturonline.tv\/de\/#organization","name":"Kultur Online TV","url":"https:\/\/kulturonline.tv\/de\/","logo":{"@type":"ImageObject","inLanguage":"de","@id":"https:\/\/kulturonline.tv\/de\/#\/schema\/logo\/image\/","url":"https:\/\/kulturonline.tv\/wp-content\/uploads\/2021\/08\/Kultur-Online-Tv-Logo-Endversion-neu.png","contentUrl":"https:\/\/kulturonline.tv\/wp-content\/uploads\/2021\/08\/Kultur-Online-Tv-Logo-Endversion-neu.png","width":200,"height":200,"caption":"Kultur Online TV"},"image":{"@id":"https:\/\/kulturonline.tv\/de\/#\/schema\/logo\/image\/"},"sameAs":["https:\/\/www.facebook.com\/kulturonline.tv","https:\/\/www.instagram.com\/kulturonline.tv"]},{"@type":"Person","@id":"https:\/\/kulturonline.tv\/de\/#\/schema\/person\/b0fac729bb9a0c193fb1df23449df4fe","name":"guenter.wolfgang"}]}},"_links":{"self":[{"href":"https:\/\/kulturonline.tv\/de\/wp-json\/wp\/v2\/posts\/66672","targetHints":{"allow":["GET"]}}],"collection":[{"href":"https:\/\/kulturonline.tv\/de\/wp-json\/wp\/v2\/posts"}],"about":[{"href":"https:\/\/kulturonline.tv\/de\/wp-json\/wp\/v2\/types\/post"}],"author":[{"embeddable":true,"href":"https:\/\/kulturonline.tv\/de\/wp-json\/wp\/v2\/users\/2"}],"replies":[{"embeddable":true,"href":"https:\/\/kulturonline.tv\/de\/wp-json\/wp\/v2\/comments?post=66672"}],"version-history":[{"count":0,"href":"https:\/\/kulturonline.tv\/de\/wp-json\/wp\/v2\/posts\/66672\/revisions"}],"wp:featuredmedia":[{"embeddable":true,"href":"https:\/\/kulturonline.tv\/de\/wp-json\/wp\/v2\/media\/66673"}],"wp:attachment":[{"href":"https:\/\/kulturonline.tv\/de\/wp-json\/wp\/v2\/media?parent=66672"}],"wp:term":[{"taxonomy":"category","embeddable":true,"href":"https:\/\/kulturonline.tv\/de\/wp-json\/wp\/v2\/categories?post=66672"},{"taxonomy":"post_tag","embeddable":true,"href":"https:\/\/kulturonline.tv\/de\/wp-json\/wp\/v2\/tags?post=66672"}],"curies":[{"name":"wp","href":"https:\/\/api.w.org\/{rel}","templated":true}]}}