{"id":66826,"date":"2023-10-17T17:19:08","date_gmt":"2023-10-17T15:19:08","guid":{"rendered":"https:\/\/kulturonline.tv\/?p=66826"},"modified":"2023-10-17T17:33:05","modified_gmt":"2023-10-17T15:33:05","slug":"frankfurter-buchmesse-oeffnet","status":"publish","type":"post","link":"https:\/\/kulturonline.tv\/de\/frankfurter-buchmesse-oeffnet\/","title":{"rendered":"Frankfurter Buchmesse \u00f6ffnet"},"content":{"rendered":"\n<p>In Frankfurt wird am Dienstag 17.Oktober 2023 die 75. Buchmesse er\u00f6ffnet. Die Veranstalter erwarten einen Besucheransturm,  es wurden bereits mehr Tickets verkauft als im Jahr vor der Pandemie.<\/p>\n\n\n\n<figure class=\"wp-block-image size-full is-resized\"><img fetchpriority=\"high\" decoding=\"async\" width=\"1152\" height=\"648\" src=\"https:\/\/kulturonline.tv\/wp-content\/uploads\/2023\/10\/Frankfurter_Buchmesse_kulturonline.tv_-edited.jpg\" alt=\"\" class=\"wp-image-66829\" style=\"aspect-ratio:1.7777777777777777;width:840px;height:auto\" srcset=\"https:\/\/kulturonline.tv\/wp-content\/uploads\/2023\/10\/Frankfurter_Buchmesse_kulturonline.tv_-edited.jpg 1152w, https:\/\/kulturonline.tv\/wp-content\/uploads\/2023\/10\/Frankfurter_Buchmesse_kulturonline.tv_-edited-800x450.jpg 800w, https:\/\/kulturonline.tv\/wp-content\/uploads\/2023\/10\/Frankfurter_Buchmesse_kulturonline.tv_-edited-768x432.jpg 768w, https:\/\/kulturonline.tv\/wp-content\/uploads\/2023\/10\/Frankfurter_Buchmesse_kulturonline.tv_-edited-600x338.jpg 600w\" sizes=\"(max-width: 1152px) 100vw, 1152px\" \/><\/figure>\n\n\n\n<p>\u00a9 Foto Eigene Arbeit, Public domain, via Wikimedia Commons<\/p>\n\n\n\n<p>Ab Mittwoch haben Fachbesucher die M\u00f6glichkeit, die Messe zu besuchen, f\u00fcr Privatbesucher ab Freitag. Das Programm wird durch die Gewalt zwischen Israel und Pal\u00e4stinensern beeinflusst. Geplante Konzerte mit den israelischen S\u00e4ngerinnen Liraz und Rita wurden abgesagt. Auf der Buchmesse sollen j\u00fcdische und israelische Stimmen besonders geh\u00f6rt werden. Gemeinsam mit PEN Berlin wird es eine Diskussionsrunde namens &#8222;Aus Sorge um Israel&#8220; stattfinden. Slowenien ist in diesem Jahr Gastland der Frankfurter Buchmesse.<\/p>\n\n\n\n<p>Kultur Online TV<\/p>\n\n\n\n<p>#literatur #messe #frankfurt<\/p>\n","protected":false},"excerpt":{"rendered":"<p>In Frankfurt wird am Dienstag 17.Oktober 2023 die 75. Buchmesse er\u00f6ffnet. Die Veranstalter erwarten einen Besucheransturm, es wurden bereits mehr Tickets verkauft als im Jahr vor der Pandemie. \u00a9 Foto Eigene Arbeit, Public domain, via Wikimedia Commons Ab Mittwoch haben Fachbesucher die M\u00f6glichkeit, die Messe zu besuchen, f\u00fcr Privatbesucher ab Freitag. Das Programm wird durch [&hellip;]<\/p>\n","protected":false},"author":2,"featured_media":66829,"comment_status":"closed","ping_status":"closed","sticky":false,"template":"","format":"standard","meta":{"_acf_changed":false,"footnotes":""},"categories":[106],"tags":[],"class_list":["post-66826","post","type-post","status-publish","format-standard","has-post-thumbnail","hentry","category-literatur"],"acf":[],"yoast_head":"<!-- This site is optimized with the Yoast SEO plugin v26.1.1 - https:\/\/yoast.com\/wordpress\/plugins\/seo\/ -->\n<title>Frankfurter Buchmesse \u00f6ffnet - Kultur Online TV &amp; FM<\/title>\n<meta name=\"description\" content=\"Kultur sehen und H\u00f6ren\" \/>\n<meta name=\"robots\" content=\"index, follow, max-snippet:-1, max-image-preview:large, max-video-preview:-1\" \/>\n<link rel=\"canonical\" href=\"https:\/\/kulturonline.tv\/de\/frankfurter-buchmesse-oeffnet\/\" \/>\n<meta property=\"og:locale\" content=\"de_DE\" \/>\n<meta property=\"og:type\" content=\"article\" \/>\n<meta property=\"og:title\" content=\"Frankfurter Buchmesse \u00f6ffnet - Kultur Online TV &amp; FM\" \/>\n<meta property=\"og:description\" content=\"Kultur sehen und H\u00f6ren\" \/>\n<meta property=\"og:url\" content=\"https:\/\/kulturonline.tv\/de\/frankfurter-buchmesse-oeffnet\/\" \/>\n<meta property=\"og:site_name\" content=\"Kultur Online TV &amp; FM\" \/>\n<meta property=\"article:publisher\" content=\"https:\/\/www.facebook.com\/kulturonline.tv\" \/>\n<meta property=\"article:published_time\" content=\"2023-10-17T15:19:08+00:00\" \/>\n<meta property=\"article:modified_time\" content=\"2023-10-17T15:33:05+00:00\" \/>\n<meta property=\"og:image\" content=\"https:\/\/kulturonline.tv\/wp-content\/uploads\/2023\/10\/Frankfurter_Buchmesse_kulturonline.tv_-edited.jpg\" \/>\n\t<meta property=\"og:image:width\" content=\"1152\" \/>\n\t<meta property=\"og:image:height\" content=\"648\" \/>\n\t<meta property=\"og:image:type\" content=\"image\/jpeg\" \/>\n<meta name=\"author\" content=\"guenter.wolfgang\" \/>\n<meta name=\"twitter:card\" content=\"summary_large_image\" \/>\n<meta name=\"twitter:label1\" content=\"Verfasst von\" \/>\n\t<meta name=\"twitter:data1\" content=\"guenter.wolfgang\" \/>\n\t<meta name=\"twitter:label2\" content=\"Gesch\u00e4tzte Lesezeit\" \/>\n\t<meta name=\"twitter:data2\" content=\"1\u00a0Minute\" \/>\n<script type=\"application\/ld+json\" class=\"yoast-schema-graph\">{\"@context\":\"https:\/\/schema.org\",\"@graph\":[{\"@type\":\"Article\",\"@id\":\"https:\/\/kulturonline.tv\/de\/frankfurter-buchmesse-oeffnet\/#article\",\"isPartOf\":{\"@id\":\"https:\/\/kulturonline.tv\/de\/frankfurter-buchmesse-oeffnet\/\"},\"author\":{\"name\":\"guenter.wolfgang\",\"@id\":\"https:\/\/kulturonline.tv\/de\/#\/schema\/person\/b0fac729bb9a0c193fb1df23449df4fe\"},\"headline\":\"Frankfurter Buchmesse \u00f6ffnet\",\"datePublished\":\"2023-10-17T15:19:08+00:00\",\"dateModified\":\"2023-10-17T15:33:05+00:00\",\"mainEntityOfPage\":{\"@id\":\"https:\/\/kulturonline.tv\/de\/frankfurter-buchmesse-oeffnet\/\"},\"wordCount\":120,\"publisher\":{\"@id\":\"https:\/\/kulturonline.tv\/de\/#organization\"},\"image\":{\"@id\":\"https:\/\/kulturonline.tv\/de\/frankfurter-buchmesse-oeffnet\/#primaryimage\"},\"thumbnailUrl\":\"https:\/\/kulturonline.tv\/wp-content\/uploads\/2023\/10\/Frankfurter_Buchmesse_kulturonline.tv_-edited.jpg\",\"articleSection\":[\"Literatur\"],\"inLanguage\":\"de\"},{\"@type\":\"WebPage\",\"@id\":\"https:\/\/kulturonline.tv\/de\/frankfurter-buchmesse-oeffnet\/\",\"url\":\"https:\/\/kulturonline.tv\/de\/frankfurter-buchmesse-oeffnet\/\",\"name\":\"Frankfurter Buchmesse \u00f6ffnet - Kultur Online TV &amp; FM\",\"isPartOf\":{\"@id\":\"https:\/\/kulturonline.tv\/de\/#website\"},\"primaryImageOfPage\":{\"@id\":\"https:\/\/kulturonline.tv\/de\/frankfurter-buchmesse-oeffnet\/#primaryimage\"},\"image\":{\"@id\":\"https:\/\/kulturonline.tv\/de\/frankfurter-buchmesse-oeffnet\/#primaryimage\"},\"thumbnailUrl\":\"https:\/\/kulturonline.tv\/wp-content\/uploads\/2023\/10\/Frankfurter_Buchmesse_kulturonline.tv_-edited.jpg\",\"datePublished\":\"2023-10-17T15:19:08+00:00\",\"dateModified\":\"2023-10-17T15:33:05+00:00\",\"description\":\"Kultur sehen und H\u00f6ren\",\"breadcrumb\":{\"@id\":\"https:\/\/kulturonline.tv\/de\/frankfurter-buchmesse-oeffnet\/#breadcrumb\"},\"inLanguage\":\"de\",\"potentialAction\":[{\"@type\":\"ReadAction\",\"target\":[\"https:\/\/kulturonline.tv\/de\/frankfurter-buchmesse-oeffnet\/\"]}]},{\"@type\":\"ImageObject\",\"inLanguage\":\"de\",\"@id\":\"https:\/\/kulturonline.tv\/de\/frankfurter-buchmesse-oeffnet\/#primaryimage\",\"url\":\"https:\/\/kulturonline.tv\/wp-content\/uploads\/2023\/10\/Frankfurter_Buchmesse_kulturonline.tv_-edited.jpg\",\"contentUrl\":\"https:\/\/kulturonline.tv\/wp-content\/uploads\/2023\/10\/Frankfurter_Buchmesse_kulturonline.tv_-edited.jpg\",\"width\":1152,\"height\":648},{\"@type\":\"BreadcrumbList\",\"@id\":\"https:\/\/kulturonline.tv\/de\/frankfurter-buchmesse-oeffnet\/#breadcrumb\",\"itemListElement\":[{\"@type\":\"ListItem\",\"position\":1,\"name\":\"Startseite\",\"item\":\"https:\/\/kulturonline.tv\/de\/\"},{\"@type\":\"ListItem\",\"position\":2,\"name\":\"Frankfurter Buchmesse \u00f6ffnet\"}]},{\"@type\":\"WebSite\",\"@id\":\"https:\/\/kulturonline.tv\/de\/#website\",\"url\":\"https:\/\/kulturonline.tv\/de\/\",\"name\":\"Kultur Online TV &amp; FM\",\"description\":\"Wir sind Kultur 2.0 zum sehen &amp; h\u00f6ren\",\"publisher\":{\"@id\":\"https:\/\/kulturonline.tv\/de\/#organization\"},\"potentialAction\":[{\"@type\":\"SearchAction\",\"target\":{\"@type\":\"EntryPoint\",\"urlTemplate\":\"https:\/\/kulturonline.tv\/de\/?s={search_term_string}\"},\"query-input\":{\"@type\":\"PropertyValueSpecification\",\"valueRequired\":true,\"valueName\":\"search_term_string\"}}],\"inLanguage\":\"de\"},{\"@type\":\"Organization\",\"@id\":\"https:\/\/kulturonline.tv\/de\/#organization\",\"name\":\"Kultur Online TV\",\"url\":\"https:\/\/kulturonline.tv\/de\/\",\"logo\":{\"@type\":\"ImageObject\",\"inLanguage\":\"de\",\"@id\":\"https:\/\/kulturonline.tv\/de\/#\/schema\/logo\/image\/\",\"url\":\"https:\/\/kulturonline.tv\/wp-content\/uploads\/2021\/08\/Kultur-Online-Tv-Logo-Endversion-neu.png\",\"contentUrl\":\"https:\/\/kulturonline.tv\/wp-content\/uploads\/2021\/08\/Kultur-Online-Tv-Logo-Endversion-neu.png\",\"width\":200,\"height\":200,\"caption\":\"Kultur Online TV\"},\"image\":{\"@id\":\"https:\/\/kulturonline.tv\/de\/#\/schema\/logo\/image\/\"},\"sameAs\":[\"https:\/\/www.facebook.com\/kulturonline.tv\",\"https:\/\/www.instagram.com\/kulturonline.tv\"]},{\"@type\":\"Person\",\"@id\":\"https:\/\/kulturonline.tv\/de\/#\/schema\/person\/b0fac729bb9a0c193fb1df23449df4fe\",\"name\":\"guenter.wolfgang\"}]}<\/script>\n<!-- \/ Yoast SEO plugin. -->","yoast_head_json":{"title":"Frankfurter Buchmesse \u00f6ffnet - Kultur Online TV &amp; FM","description":"Kultur sehen und H\u00f6ren","robots":{"index":"index","follow":"follow","max-snippet":"max-snippet:-1","max-image-preview":"max-image-preview:large","max-video-preview":"max-video-preview:-1"},"canonical":"https:\/\/kulturonline.tv\/de\/frankfurter-buchmesse-oeffnet\/","og_locale":"de_DE","og_type":"article","og_title":"Frankfurter Buchmesse \u00f6ffnet - Kultur Online TV &amp; FM","og_description":"Kultur sehen und H\u00f6ren","og_url":"https:\/\/kulturonline.tv\/de\/frankfurter-buchmesse-oeffnet\/","og_site_name":"Kultur Online TV &amp; FM","article_publisher":"https:\/\/www.facebook.com\/kulturonline.tv","article_published_time":"2023-10-17T15:19:08+00:00","article_modified_time":"2023-10-17T15:33:05+00:00","og_image":[{"width":1152,"height":648,"url":"https:\/\/kulturonline.tv\/wp-content\/uploads\/2023\/10\/Frankfurter_Buchmesse_kulturonline.tv_-edited.jpg","type":"image\/jpeg"}],"author":"guenter.wolfgang","twitter_card":"summary_large_image","twitter_misc":{"Verfasst von":"guenter.wolfgang","Gesch\u00e4tzte Lesezeit":"1\u00a0Minute"},"schema":{"@context":"https:\/\/schema.org","@graph":[{"@type":"Article","@id":"https:\/\/kulturonline.tv\/de\/frankfurter-buchmesse-oeffnet\/#article","isPartOf":{"@id":"https:\/\/kulturonline.tv\/de\/frankfurter-buchmesse-oeffnet\/"},"author":{"name":"guenter.wolfgang","@id":"https:\/\/kulturonline.tv\/de\/#\/schema\/person\/b0fac729bb9a0c193fb1df23449df4fe"},"headline":"Frankfurter Buchmesse \u00f6ffnet","datePublished":"2023-10-17T15:19:08+00:00","dateModified":"2023-10-17T15:33:05+00:00","mainEntityOfPage":{"@id":"https:\/\/kulturonline.tv\/de\/frankfurter-buchmesse-oeffnet\/"},"wordCount":120,"publisher":{"@id":"https:\/\/kulturonline.tv\/de\/#organization"},"image":{"@id":"https:\/\/kulturonline.tv\/de\/frankfurter-buchmesse-oeffnet\/#primaryimage"},"thumbnailUrl":"https:\/\/kulturonline.tv\/wp-content\/uploads\/2023\/10\/Frankfurter_Buchmesse_kulturonline.tv_-edited.jpg","articleSection":["Literatur"],"inLanguage":"de"},{"@type":"WebPage","@id":"https:\/\/kulturonline.tv\/de\/frankfurter-buchmesse-oeffnet\/","url":"https:\/\/kulturonline.tv\/de\/frankfurter-buchmesse-oeffnet\/","name":"Frankfurter Buchmesse \u00f6ffnet - Kultur Online TV &amp; FM","isPartOf":{"@id":"https:\/\/kulturonline.tv\/de\/#website"},"primaryImageOfPage":{"@id":"https:\/\/kulturonline.tv\/de\/frankfurter-buchmesse-oeffnet\/#primaryimage"},"image":{"@id":"https:\/\/kulturonline.tv\/de\/frankfurter-buchmesse-oeffnet\/#primaryimage"},"thumbnailUrl":"https:\/\/kulturonline.tv\/wp-content\/uploads\/2023\/10\/Frankfurter_Buchmesse_kulturonline.tv_-edited.jpg","datePublished":"2023-10-17T15:19:08+00:00","dateModified":"2023-10-17T15:33:05+00:00","description":"Kultur sehen und H\u00f6ren","breadcrumb":{"@id":"https:\/\/kulturonline.tv\/de\/frankfurter-buchmesse-oeffnet\/#breadcrumb"},"inLanguage":"de","potentialAction":[{"@type":"ReadAction","target":["https:\/\/kulturonline.tv\/de\/frankfurter-buchmesse-oeffnet\/"]}]},{"@type":"ImageObject","inLanguage":"de","@id":"https:\/\/kulturonline.tv\/de\/frankfurter-buchmesse-oeffnet\/#primaryimage","url":"https:\/\/kulturonline.tv\/wp-content\/uploads\/2023\/10\/Frankfurter_Buchmesse_kulturonline.tv_-edited.jpg","contentUrl":"https:\/\/kulturonline.tv\/wp-content\/uploads\/2023\/10\/Frankfurter_Buchmesse_kulturonline.tv_-edited.jpg","width":1152,"height":648},{"@type":"BreadcrumbList","@id":"https:\/\/kulturonline.tv\/de\/frankfurter-buchmesse-oeffnet\/#breadcrumb","itemListElement":[{"@type":"ListItem","position":1,"name":"Startseite","item":"https:\/\/kulturonline.tv\/de\/"},{"@type":"ListItem","position":2,"name":"Frankfurter Buchmesse \u00f6ffnet"}]},{"@type":"WebSite","@id":"https:\/\/kulturonline.tv\/de\/#website","url":"https:\/\/kulturonline.tv\/de\/","name":"Kultur Online TV &amp; FM","description":"Wir sind Kultur 2.0 zum sehen &amp; h\u00f6ren","publisher":{"@id":"https:\/\/kulturonline.tv\/de\/#organization"},"potentialAction":[{"@type":"SearchAction","target":{"@type":"EntryPoint","urlTemplate":"https:\/\/kulturonline.tv\/de\/?s={search_term_string}"},"query-input":{"@type":"PropertyValueSpecification","valueRequired":true,"valueName":"search_term_string"}}],"inLanguage":"de"},{"@type":"Organization","@id":"https:\/\/kulturonline.tv\/de\/#organization","name":"Kultur Online TV","url":"https:\/\/kulturonline.tv\/de\/","logo":{"@type":"ImageObject","inLanguage":"de","@id":"https:\/\/kulturonline.tv\/de\/#\/schema\/logo\/image\/","url":"https:\/\/kulturonline.tv\/wp-content\/uploads\/2021\/08\/Kultur-Online-Tv-Logo-Endversion-neu.png","contentUrl":"https:\/\/kulturonline.tv\/wp-content\/uploads\/2021\/08\/Kultur-Online-Tv-Logo-Endversion-neu.png","width":200,"height":200,"caption":"Kultur Online TV"},"image":{"@id":"https:\/\/kulturonline.tv\/de\/#\/schema\/logo\/image\/"},"sameAs":["https:\/\/www.facebook.com\/kulturonline.tv","https:\/\/www.instagram.com\/kulturonline.tv"]},{"@type":"Person","@id":"https:\/\/kulturonline.tv\/de\/#\/schema\/person\/b0fac729bb9a0c193fb1df23449df4fe","name":"guenter.wolfgang"}]}},"_links":{"self":[{"href":"https:\/\/kulturonline.tv\/de\/wp-json\/wp\/v2\/posts\/66826","targetHints":{"allow":["GET"]}}],"collection":[{"href":"https:\/\/kulturonline.tv\/de\/wp-json\/wp\/v2\/posts"}],"about":[{"href":"https:\/\/kulturonline.tv\/de\/wp-json\/wp\/v2\/types\/post"}],"author":[{"embeddable":true,"href":"https:\/\/kulturonline.tv\/de\/wp-json\/wp\/v2\/users\/2"}],"replies":[{"embeddable":true,"href":"https:\/\/kulturonline.tv\/de\/wp-json\/wp\/v2\/comments?post=66826"}],"version-history":[{"count":0,"href":"https:\/\/kulturonline.tv\/de\/wp-json\/wp\/v2\/posts\/66826\/revisions"}],"wp:featuredmedia":[{"embeddable":true,"href":"https:\/\/kulturonline.tv\/de\/wp-json\/wp\/v2\/media\/66829"}],"wp:attachment":[{"href":"https:\/\/kulturonline.tv\/de\/wp-json\/wp\/v2\/media?parent=66826"}],"wp:term":[{"taxonomy":"category","embeddable":true,"href":"https:\/\/kulturonline.tv\/de\/wp-json\/wp\/v2\/categories?post=66826"},{"taxonomy":"post_tag","embeddable":true,"href":"https:\/\/kulturonline.tv\/de\/wp-json\/wp\/v2\/tags?post=66826"}],"curies":[{"name":"wp","href":"https:\/\/api.w.org\/{rel}","templated":true}]}}