{"id":66947,"date":"2023-10-19T19:57:35","date_gmt":"2023-10-19T17:57:35","guid":{"rendered":"https:\/\/kulturonline.tv\/?p=66947"},"modified":"2023-10-19T19:58:05","modified_gmt":"2023-10-19T17:58:05","slug":"panne-beim-tourauftakt-von-madonna-in-london","status":"publish","type":"post","link":"https:\/\/kulturonline.tv\/de\/panne-beim-tourauftakt-von-madonna-in-london\/","title":{"rendered":"Panne beim Tourauftakt von Madonna in London"},"content":{"rendered":"\n<p>Es scheint, dass die 19.000 Fans, die am 14. Oktober die Premiere ihrer Welttournee in London besuchen konnten, einen erfolgreichen Abend hatten.<\/p>\n\n\n\n<figure class=\"wp-block-image size-full is-resized\"><img fetchpriority=\"high\" decoding=\"async\" width=\"1280\" height=\"720\" src=\"https:\/\/kulturonline.tv\/wp-content\/uploads\/2023\/10\/madonna-edited.jpg\" alt=\"\" class=\"wp-image-66950\" style=\"aspect-ratio:1.7777777777777777;width:840px;height:auto\" srcset=\"https:\/\/kulturonline.tv\/wp-content\/uploads\/2023\/10\/madonna-edited.jpg 1280w, https:\/\/kulturonline.tv\/wp-content\/uploads\/2023\/10\/madonna-edited-800x450.jpg 800w, https:\/\/kulturonline.tv\/wp-content\/uploads\/2023\/10\/madonna-edited-768x432.jpg 768w, https:\/\/kulturonline.tv\/wp-content\/uploads\/2023\/10\/madonna-edited-600x338.jpg 600w\" sizes=\"(max-width: 1280px) 100vw, 1280px\" \/><\/figure>\n\n\n\n<p>\u00a9 Bild jonlo168, CC BY-SA 2.0, via Wikimedia Commons<\/p>\n\n\n\n<p>Laut der &#8222;Bild&#8220; wurde der Beginn der Show um fast 20 Minuten verschoben und startete erst um 20.49 Uhr. Kurz nach dem erfolgreichen Beginn mit dem Lied &#8222;Nothing Really Matters&#8220;, das Fans seit 1999 nicht mehr live geh\u00f6rt hatten, gab es jedoch technische Schwierigkeiten. Madonna erkl\u00e4rte dem Publikum, dass das gesamte System neu gestartet werden musste. Anstatt die zehnmin\u00fctige Pause backstage auszusitzen, blieb die S\u00e4ngerin f\u00fcr ihre Fans auf der B\u00fchne.<\/p>\n\n\n\n<p>Sie sagte, dass sie bei einer Premiere genau das nicht haben m\u00f6chte und entschied sich spontan, ein Bier zu trinken. Madonna nutzte die unangenehme Unterbrechung, um dem Publikum einige Geschichten aus ihrem Leben zu erz\u00e4hlen. Die Location der B\u00fchne wurde nach New York modelliert, wo die Karriere der K\u00fcnstlerin begann. Sie erz\u00e4hlte von 1978 bis 1983, als die S\u00e4ngerin noch nicht international erfolgreich war und finanzielle Schwierigkeiten hatte. Auf der B\u00fchne gab sie zu, dass sie M\u00e4nner bel\u00e4stigt habe, nur weil sie Duschen und Badezimmer hatten. Dies entspricht der Wahrheit.<\/p>\n\n\n\n<p>Kultur Online TV<\/p>\n\n\n\n<p>#musik #news #konzert<\/p>\n","protected":false},"excerpt":{"rendered":"<p>Es scheint, dass die 19.000 Fans, die am 14. Oktober die Premiere ihrer Welttournee in London besuchen konnten, einen erfolgreichen Abend hatten. \u00a9 Bild jonlo168, CC BY-SA 2.0, via Wikimedia Commons Laut der &#8222;Bild&#8220; wurde der Beginn der Show um fast 20 Minuten verschoben und startete erst um 20.49 Uhr. Kurz nach dem erfolgreichen Beginn [&hellip;]<\/p>\n","protected":false},"author":2,"featured_media":66950,"comment_status":"closed","ping_status":"closed","sticky":false,"template":"","format":"standard","meta":{"_acf_changed":false,"footnotes":""},"categories":[19],"tags":[],"class_list":["post-66947","post","type-post","status-publish","format-standard","has-post-thumbnail","hentry","category-musik"],"acf":[],"yoast_head":"<!-- This site is optimized with the Yoast SEO plugin v26.1.1 - https:\/\/yoast.com\/wordpress\/plugins\/seo\/ -->\n<title>Panne beim Tourauftakt von Madonna in London - Kultur Online TV &amp; FM<\/title>\n<meta name=\"description\" content=\"Es scheint, dass die 19.000 Fans, die am 14. Oktober die Premiere ihrer Welttournee in London besuchen konnten, einen erfolgreichen Abend hatten.\" \/>\n<meta name=\"robots\" content=\"index, follow, max-snippet:-1, max-image-preview:large, max-video-preview:-1\" \/>\n<link rel=\"canonical\" href=\"https:\/\/kulturonline.tv\/de\/panne-beim-tourauftakt-von-madonna-in-london\/\" \/>\n<meta property=\"og:locale\" content=\"de_DE\" \/>\n<meta property=\"og:type\" content=\"article\" \/>\n<meta property=\"og:title\" content=\"Panne beim Tourauftakt von Madonna in London - Kultur Online TV &amp; FM\" \/>\n<meta property=\"og:description\" content=\"Es scheint, dass die 19.000 Fans, die am 14. Oktober die Premiere ihrer Welttournee in London besuchen konnten, einen erfolgreichen Abend hatten.\" \/>\n<meta property=\"og:url\" content=\"https:\/\/kulturonline.tv\/de\/panne-beim-tourauftakt-von-madonna-in-london\/\" \/>\n<meta property=\"og:site_name\" content=\"Kultur Online TV &amp; FM\" \/>\n<meta property=\"article:publisher\" content=\"https:\/\/www.facebook.com\/kulturonline.tv\" \/>\n<meta property=\"article:published_time\" content=\"2023-10-19T17:57:35+00:00\" \/>\n<meta property=\"article:modified_time\" content=\"2023-10-19T17:58:05+00:00\" \/>\n<meta property=\"og:image\" content=\"https:\/\/kulturonline.tv\/wp-content\/uploads\/2023\/10\/madonna-edited.jpg\" \/>\n\t<meta property=\"og:image:width\" content=\"1280\" \/>\n\t<meta property=\"og:image:height\" content=\"720\" \/>\n\t<meta property=\"og:image:type\" content=\"image\/jpeg\" \/>\n<meta name=\"author\" content=\"guenter.wolfgang\" \/>\n<meta name=\"twitter:card\" content=\"summary_large_image\" \/>\n<meta name=\"twitter:label1\" content=\"Verfasst von\" \/>\n\t<meta name=\"twitter:data1\" content=\"guenter.wolfgang\" \/>\n\t<meta name=\"twitter:label2\" content=\"Gesch\u00e4tzte Lesezeit\" \/>\n\t<meta name=\"twitter:data2\" content=\"1\u00a0Minute\" \/>\n<script type=\"application\/ld+json\" class=\"yoast-schema-graph\">{\"@context\":\"https:\/\/schema.org\",\"@graph\":[{\"@type\":\"Article\",\"@id\":\"https:\/\/kulturonline.tv\/de\/panne-beim-tourauftakt-von-madonna-in-london\/#article\",\"isPartOf\":{\"@id\":\"https:\/\/kulturonline.tv\/de\/panne-beim-tourauftakt-von-madonna-in-london\/\"},\"author\":{\"name\":\"guenter.wolfgang\",\"@id\":\"https:\/\/kulturonline.tv\/de\/#\/schema\/person\/b0fac729bb9a0c193fb1df23449df4fe\"},\"headline\":\"Panne beim Tourauftakt von Madonna in London\",\"datePublished\":\"2023-10-19T17:57:35+00:00\",\"dateModified\":\"2023-10-19T17:58:05+00:00\",\"mainEntityOfPage\":{\"@id\":\"https:\/\/kulturonline.tv\/de\/panne-beim-tourauftakt-von-madonna-in-london\/\"},\"wordCount\":211,\"publisher\":{\"@id\":\"https:\/\/kulturonline.tv\/de\/#organization\"},\"image\":{\"@id\":\"https:\/\/kulturonline.tv\/de\/panne-beim-tourauftakt-von-madonna-in-london\/#primaryimage\"},\"thumbnailUrl\":\"https:\/\/kulturonline.tv\/wp-content\/uploads\/2023\/10\/madonna-edited.jpg\",\"articleSection\":[\"Musik\"],\"inLanguage\":\"de\"},{\"@type\":\"WebPage\",\"@id\":\"https:\/\/kulturonline.tv\/de\/panne-beim-tourauftakt-von-madonna-in-london\/\",\"url\":\"https:\/\/kulturonline.tv\/de\/panne-beim-tourauftakt-von-madonna-in-london\/\",\"name\":\"Panne beim Tourauftakt von Madonna in London - Kultur Online TV &amp; FM\",\"isPartOf\":{\"@id\":\"https:\/\/kulturonline.tv\/de\/#website\"},\"primaryImageOfPage\":{\"@id\":\"https:\/\/kulturonline.tv\/de\/panne-beim-tourauftakt-von-madonna-in-london\/#primaryimage\"},\"image\":{\"@id\":\"https:\/\/kulturonline.tv\/de\/panne-beim-tourauftakt-von-madonna-in-london\/#primaryimage\"},\"thumbnailUrl\":\"https:\/\/kulturonline.tv\/wp-content\/uploads\/2023\/10\/madonna-edited.jpg\",\"datePublished\":\"2023-10-19T17:57:35+00:00\",\"dateModified\":\"2023-10-19T17:58:05+00:00\",\"description\":\"Es scheint, dass die 19.000 Fans, die am 14. Oktober die Premiere ihrer Welttournee in London besuchen konnten, einen erfolgreichen Abend hatten.\",\"breadcrumb\":{\"@id\":\"https:\/\/kulturonline.tv\/de\/panne-beim-tourauftakt-von-madonna-in-london\/#breadcrumb\"},\"inLanguage\":\"de\",\"potentialAction\":[{\"@type\":\"ReadAction\",\"target\":[\"https:\/\/kulturonline.tv\/de\/panne-beim-tourauftakt-von-madonna-in-london\/\"]}]},{\"@type\":\"ImageObject\",\"inLanguage\":\"de\",\"@id\":\"https:\/\/kulturonline.tv\/de\/panne-beim-tourauftakt-von-madonna-in-london\/#primaryimage\",\"url\":\"https:\/\/kulturonline.tv\/wp-content\/uploads\/2023\/10\/madonna-edited.jpg\",\"contentUrl\":\"https:\/\/kulturonline.tv\/wp-content\/uploads\/2023\/10\/madonna-edited.jpg\",\"width\":1280,\"height\":720},{\"@type\":\"BreadcrumbList\",\"@id\":\"https:\/\/kulturonline.tv\/de\/panne-beim-tourauftakt-von-madonna-in-london\/#breadcrumb\",\"itemListElement\":[{\"@type\":\"ListItem\",\"position\":1,\"name\":\"Startseite\",\"item\":\"https:\/\/kulturonline.tv\/de\/\"},{\"@type\":\"ListItem\",\"position\":2,\"name\":\"Panne beim Tourauftakt von Madonna in London\"}]},{\"@type\":\"WebSite\",\"@id\":\"https:\/\/kulturonline.tv\/de\/#website\",\"url\":\"https:\/\/kulturonline.tv\/de\/\",\"name\":\"Kultur Online TV &amp; FM\",\"description\":\"Wir sind Kultur 2.0 zum sehen &amp; h\u00f6ren\",\"publisher\":{\"@id\":\"https:\/\/kulturonline.tv\/de\/#organization\"},\"potentialAction\":[{\"@type\":\"SearchAction\",\"target\":{\"@type\":\"EntryPoint\",\"urlTemplate\":\"https:\/\/kulturonline.tv\/de\/?s={search_term_string}\"},\"query-input\":{\"@type\":\"PropertyValueSpecification\",\"valueRequired\":true,\"valueName\":\"search_term_string\"}}],\"inLanguage\":\"de\"},{\"@type\":\"Organization\",\"@id\":\"https:\/\/kulturonline.tv\/de\/#organization\",\"name\":\"Kultur Online TV\",\"url\":\"https:\/\/kulturonline.tv\/de\/\",\"logo\":{\"@type\":\"ImageObject\",\"inLanguage\":\"de\",\"@id\":\"https:\/\/kulturonline.tv\/de\/#\/schema\/logo\/image\/\",\"url\":\"https:\/\/kulturonline.tv\/wp-content\/uploads\/2021\/08\/Kultur-Online-Tv-Logo-Endversion-neu.png\",\"contentUrl\":\"https:\/\/kulturonline.tv\/wp-content\/uploads\/2021\/08\/Kultur-Online-Tv-Logo-Endversion-neu.png\",\"width\":200,\"height\":200,\"caption\":\"Kultur Online TV\"},\"image\":{\"@id\":\"https:\/\/kulturonline.tv\/de\/#\/schema\/logo\/image\/\"},\"sameAs\":[\"https:\/\/www.facebook.com\/kulturonline.tv\",\"https:\/\/www.instagram.com\/kulturonline.tv\"]},{\"@type\":\"Person\",\"@id\":\"https:\/\/kulturonline.tv\/de\/#\/schema\/person\/b0fac729bb9a0c193fb1df23449df4fe\",\"name\":\"guenter.wolfgang\"}]}<\/script>\n<!-- \/ Yoast SEO plugin. -->","yoast_head_json":{"title":"Panne beim Tourauftakt von Madonna in London - Kultur Online TV &amp; FM","description":"Es scheint, dass die 19.000 Fans, die am 14. Oktober die Premiere ihrer Welttournee in London besuchen konnten, einen erfolgreichen Abend hatten.","robots":{"index":"index","follow":"follow","max-snippet":"max-snippet:-1","max-image-preview":"max-image-preview:large","max-video-preview":"max-video-preview:-1"},"canonical":"https:\/\/kulturonline.tv\/de\/panne-beim-tourauftakt-von-madonna-in-london\/","og_locale":"de_DE","og_type":"article","og_title":"Panne beim Tourauftakt von Madonna in London - Kultur Online TV &amp; FM","og_description":"Es scheint, dass die 19.000 Fans, die am 14. Oktober die Premiere ihrer Welttournee in London besuchen konnten, einen erfolgreichen Abend hatten.","og_url":"https:\/\/kulturonline.tv\/de\/panne-beim-tourauftakt-von-madonna-in-london\/","og_site_name":"Kultur Online TV &amp; FM","article_publisher":"https:\/\/www.facebook.com\/kulturonline.tv","article_published_time":"2023-10-19T17:57:35+00:00","article_modified_time":"2023-10-19T17:58:05+00:00","og_image":[{"width":1280,"height":720,"url":"https:\/\/kulturonline.tv\/wp-content\/uploads\/2023\/10\/madonna-edited.jpg","type":"image\/jpeg"}],"author":"guenter.wolfgang","twitter_card":"summary_large_image","twitter_misc":{"Verfasst von":"guenter.wolfgang","Gesch\u00e4tzte Lesezeit":"1\u00a0Minute"},"schema":{"@context":"https:\/\/schema.org","@graph":[{"@type":"Article","@id":"https:\/\/kulturonline.tv\/de\/panne-beim-tourauftakt-von-madonna-in-london\/#article","isPartOf":{"@id":"https:\/\/kulturonline.tv\/de\/panne-beim-tourauftakt-von-madonna-in-london\/"},"author":{"name":"guenter.wolfgang","@id":"https:\/\/kulturonline.tv\/de\/#\/schema\/person\/b0fac729bb9a0c193fb1df23449df4fe"},"headline":"Panne beim Tourauftakt von Madonna in London","datePublished":"2023-10-19T17:57:35+00:00","dateModified":"2023-10-19T17:58:05+00:00","mainEntityOfPage":{"@id":"https:\/\/kulturonline.tv\/de\/panne-beim-tourauftakt-von-madonna-in-london\/"},"wordCount":211,"publisher":{"@id":"https:\/\/kulturonline.tv\/de\/#organization"},"image":{"@id":"https:\/\/kulturonline.tv\/de\/panne-beim-tourauftakt-von-madonna-in-london\/#primaryimage"},"thumbnailUrl":"https:\/\/kulturonline.tv\/wp-content\/uploads\/2023\/10\/madonna-edited.jpg","articleSection":["Musik"],"inLanguage":"de"},{"@type":"WebPage","@id":"https:\/\/kulturonline.tv\/de\/panne-beim-tourauftakt-von-madonna-in-london\/","url":"https:\/\/kulturonline.tv\/de\/panne-beim-tourauftakt-von-madonna-in-london\/","name":"Panne beim Tourauftakt von Madonna in London - Kultur Online TV &amp; FM","isPartOf":{"@id":"https:\/\/kulturonline.tv\/de\/#website"},"primaryImageOfPage":{"@id":"https:\/\/kulturonline.tv\/de\/panne-beim-tourauftakt-von-madonna-in-london\/#primaryimage"},"image":{"@id":"https:\/\/kulturonline.tv\/de\/panne-beim-tourauftakt-von-madonna-in-london\/#primaryimage"},"thumbnailUrl":"https:\/\/kulturonline.tv\/wp-content\/uploads\/2023\/10\/madonna-edited.jpg","datePublished":"2023-10-19T17:57:35+00:00","dateModified":"2023-10-19T17:58:05+00:00","description":"Es scheint, dass die 19.000 Fans, die am 14. Oktober die Premiere ihrer Welttournee in London besuchen konnten, einen erfolgreichen Abend hatten.","breadcrumb":{"@id":"https:\/\/kulturonline.tv\/de\/panne-beim-tourauftakt-von-madonna-in-london\/#breadcrumb"},"inLanguage":"de","potentialAction":[{"@type":"ReadAction","target":["https:\/\/kulturonline.tv\/de\/panne-beim-tourauftakt-von-madonna-in-london\/"]}]},{"@type":"ImageObject","inLanguage":"de","@id":"https:\/\/kulturonline.tv\/de\/panne-beim-tourauftakt-von-madonna-in-london\/#primaryimage","url":"https:\/\/kulturonline.tv\/wp-content\/uploads\/2023\/10\/madonna-edited.jpg","contentUrl":"https:\/\/kulturonline.tv\/wp-content\/uploads\/2023\/10\/madonna-edited.jpg","width":1280,"height":720},{"@type":"BreadcrumbList","@id":"https:\/\/kulturonline.tv\/de\/panne-beim-tourauftakt-von-madonna-in-london\/#breadcrumb","itemListElement":[{"@type":"ListItem","position":1,"name":"Startseite","item":"https:\/\/kulturonline.tv\/de\/"},{"@type":"ListItem","position":2,"name":"Panne beim Tourauftakt von Madonna in London"}]},{"@type":"WebSite","@id":"https:\/\/kulturonline.tv\/de\/#website","url":"https:\/\/kulturonline.tv\/de\/","name":"Kultur Online TV &amp; FM","description":"Wir sind Kultur 2.0 zum sehen &amp; h\u00f6ren","publisher":{"@id":"https:\/\/kulturonline.tv\/de\/#organization"},"potentialAction":[{"@type":"SearchAction","target":{"@type":"EntryPoint","urlTemplate":"https:\/\/kulturonline.tv\/de\/?s={search_term_string}"},"query-input":{"@type":"PropertyValueSpecification","valueRequired":true,"valueName":"search_term_string"}}],"inLanguage":"de"},{"@type":"Organization","@id":"https:\/\/kulturonline.tv\/de\/#organization","name":"Kultur Online TV","url":"https:\/\/kulturonline.tv\/de\/","logo":{"@type":"ImageObject","inLanguage":"de","@id":"https:\/\/kulturonline.tv\/de\/#\/schema\/logo\/image\/","url":"https:\/\/kulturonline.tv\/wp-content\/uploads\/2021\/08\/Kultur-Online-Tv-Logo-Endversion-neu.png","contentUrl":"https:\/\/kulturonline.tv\/wp-content\/uploads\/2021\/08\/Kultur-Online-Tv-Logo-Endversion-neu.png","width":200,"height":200,"caption":"Kultur Online TV"},"image":{"@id":"https:\/\/kulturonline.tv\/de\/#\/schema\/logo\/image\/"},"sameAs":["https:\/\/www.facebook.com\/kulturonline.tv","https:\/\/www.instagram.com\/kulturonline.tv"]},{"@type":"Person","@id":"https:\/\/kulturonline.tv\/de\/#\/schema\/person\/b0fac729bb9a0c193fb1df23449df4fe","name":"guenter.wolfgang"}]}},"_links":{"self":[{"href":"https:\/\/kulturonline.tv\/de\/wp-json\/wp\/v2\/posts\/66947","targetHints":{"allow":["GET"]}}],"collection":[{"href":"https:\/\/kulturonline.tv\/de\/wp-json\/wp\/v2\/posts"}],"about":[{"href":"https:\/\/kulturonline.tv\/de\/wp-json\/wp\/v2\/types\/post"}],"author":[{"embeddable":true,"href":"https:\/\/kulturonline.tv\/de\/wp-json\/wp\/v2\/users\/2"}],"replies":[{"embeddable":true,"href":"https:\/\/kulturonline.tv\/de\/wp-json\/wp\/v2\/comments?post=66947"}],"version-history":[{"count":0,"href":"https:\/\/kulturonline.tv\/de\/wp-json\/wp\/v2\/posts\/66947\/revisions"}],"wp:featuredmedia":[{"embeddable":true,"href":"https:\/\/kulturonline.tv\/de\/wp-json\/wp\/v2\/media\/66950"}],"wp:attachment":[{"href":"https:\/\/kulturonline.tv\/de\/wp-json\/wp\/v2\/media?parent=66947"}],"wp:term":[{"taxonomy":"category","embeddable":true,"href":"https:\/\/kulturonline.tv\/de\/wp-json\/wp\/v2\/categories?post=66947"},{"taxonomy":"post_tag","embeddable":true,"href":"https:\/\/kulturonline.tv\/de\/wp-json\/wp\/v2\/tags?post=66947"}],"curies":[{"name":"wp","href":"https:\/\/api.w.org\/{rel}","templated":true}]}}