{"id":67089,"date":"2023-10-23T03:19:45","date_gmt":"2023-10-23T01:19:45","guid":{"rendered":"https:\/\/kulturonline.tv\/?p=67089"},"modified":"2023-10-23T03:26:20","modified_gmt":"2023-10-23T01:26:20","slug":"paul-carrack-live-in-concert","status":"publish","type":"post","link":"https:\/\/kulturonline.tv\/de\/paul-carrack-live-in-concert\/","title":{"rendered":"Paul Carrack Live in Concert"},"content":{"rendered":"\n<p>Paul Carrack, der ehemalige S\u00e4nger der Band MIKE &amp; THE MECHANICS , wird 2023 zur gro\u00dfen Freude seiner Fans f\u00fcr exklusive Deutschland-Shows zur\u00fcckkehren.<\/p>\n\n\n\n<figure class=\"wp-block-image size-full is-resized\"><img fetchpriority=\"high\" decoding=\"async\" width=\"1280\" height=\"720\" src=\"https:\/\/kulturonline.tv\/wp-content\/uploads\/2023\/10\/Paul_Carrack_2.jpg-Kultur-Online-TV.jpg\" alt=\"\" class=\"wp-image-67090\" style=\"aspect-ratio:1.7777777777777777;width:840px;height:auto\" srcset=\"https:\/\/kulturonline.tv\/wp-content\/uploads\/2023\/10\/Paul_Carrack_2.jpg-Kultur-Online-TV.jpg 1280w, https:\/\/kulturonline.tv\/wp-content\/uploads\/2023\/10\/Paul_Carrack_2.jpg-Kultur-Online-TV-800x450.jpg 800w, https:\/\/kulturonline.tv\/wp-content\/uploads\/2023\/10\/Paul_Carrack_2.jpg-Kultur-Online-TV-768x432.jpg 768w, https:\/\/kulturonline.tv\/wp-content\/uploads\/2023\/10\/Paul_Carrack_2.jpg-Kultur-Online-TV-600x338.jpg 600w\" sizes=\"(max-width: 1280px) 100vw, 1280px\" \/><\/figure>\n\n\n\n<p>\u00a9 Bild Elwedritsch, CC BY-SA 3.0 <a href=\"http:\/\/creativecommons.org\/licenses\/by-sa\/3.0\/\">http:\/\/creativecommons.org\/licenses\/by-sa\/3.0\/<\/a>, via Wikimedia Commons<\/p>\n\n\n\n<p>Carrack, der als &#8222;Der Mann mit der goldenen Stimme&#8220; in einer BBC-Fernsehdokumentation \u00fcber sein Leben bezeichnet wurde, hat mit dem Album &#8222;These Days&#8220; alle Anstrengungen unternommen.<\/p>\n\n\n\n<p>Die gro\u00dfartige Besetzung des ergreifenden und auf Performance basierenden Sets besteht aus Paul am Keyboard und an der Gitarre, seinem \u00e4u\u00dferst erfahrenen Kollegen Jeremy Meek am Bass und zwei sehr bekannten Musikern, die die Hauptbesetzung abschlie\u00dfen: Robbie McIntosh (Paul McCartney, Pretenders, Norah Jones, John Mayer) an der Lead-Gitarre und Steve Gadd, einer der besten Schlagzeuger der Welt.<br>Paul Carracks neues Album wird pers\u00f6nlich pr\u00e4sentiert.<\/p>\n\n\n\n<figure class=\"wp-block-embed is-type-video is-provider-youtube wp-block-embed-youtube wp-embed-aspect-16-9 wp-has-aspect-ratio\"><div class=\"wp-block-embed__wrapper\">\n<iframe title=\"Paul Carrack - How Long (Air Studios 2010)\" width=\"800\" height=\"450\" src=\"https:\/\/www.youtube.com\/embed\/nJX_VRr4F2M?feature=oembed\" frameborder=\"0\" allow=\"accelerometer; autoplay; clipboard-write; encrypted-media; gyroscope; picture-in-picture; web-share\" referrerpolicy=\"strict-origin-when-cross-origin\" allowfullscreen><\/iframe>\n<\/div><\/figure>\n\n\n\n<p>Paul Carrack hat seit mehr als 20 Jahren sein eigenes Plattenlabel gef\u00fchrt, daher ist er sich bewusst, wie es ist, die Kontrolle \u00fcber seine Karriere zu \u00fcbernehmen. Als die Schlie\u00dfung eintraf.<\/p>\n\n\n\n<p>Kultur Online TV<\/p>\n\n\n\n<p>#tipp #news #musik<\/p>\n","protected":false},"excerpt":{"rendered":"<p>Paul Carrack, der ehemalige S\u00e4nger der Band MIKE &amp; THE MECHANICS , wird 2023 zur gro\u00dfen Freude seiner Fans f\u00fcr exklusive Deutschland-Shows zur\u00fcckkehren. \u00a9 Bild Elwedritsch, CC BY-SA 3.0 http:\/\/creativecommons.org\/licenses\/by-sa\/3.0\/, via Wikimedia Commons Carrack, der als &#8222;Der Mann mit der goldenen Stimme&#8220; in einer BBC-Fernsehdokumentation \u00fcber sein Leben bezeichnet wurde, hat mit dem Album &#8222;These [&hellip;]<\/p>\n","protected":false},"author":2,"featured_media":67090,"comment_status":"closed","ping_status":"closed","sticky":false,"template":"","format":"standard","meta":{"_acf_changed":false,"footnotes":""},"categories":[1],"tags":[],"class_list":["post-67089","post","type-post","status-publish","format-standard","has-post-thumbnail","hentry","category-unkategorisiert"],"acf":[],"yoast_head":"<!-- This site is optimized with the Yoast SEO plugin v26.1.1 - https:\/\/yoast.com\/wordpress\/plugins\/seo\/ -->\n<title>Paul Carrack Live in Concert - Kultur Online TV &amp; FM<\/title>\n<meta name=\"description\" content=\"Paul Carrack, der ehemalige S\u00e4nger der Band MIKE &amp; THE MECHANICS , wird 2023 zur gro\u00dfen Freude seiner Fans f\u00fcr exklusive Deutschland-Shows zur\u00fcckkehren.\" \/>\n<meta name=\"robots\" content=\"index, follow, max-snippet:-1, max-image-preview:large, max-video-preview:-1\" \/>\n<link rel=\"canonical\" href=\"https:\/\/kulturonline.tv\/de\/paul-carrack-live-in-concert\/\" \/>\n<meta property=\"og:locale\" content=\"de_DE\" \/>\n<meta property=\"og:type\" content=\"article\" \/>\n<meta property=\"og:title\" content=\"Paul Carrack Live in Concert - Kultur Online TV &amp; FM\" \/>\n<meta property=\"og:description\" content=\"Paul Carrack, der ehemalige S\u00e4nger der Band MIKE &amp; THE MECHANICS , wird 2023 zur gro\u00dfen Freude seiner Fans f\u00fcr exklusive Deutschland-Shows zur\u00fcckkehren.\" \/>\n<meta property=\"og:url\" content=\"https:\/\/kulturonline.tv\/de\/paul-carrack-live-in-concert\/\" \/>\n<meta property=\"og:site_name\" content=\"Kultur Online TV &amp; FM\" \/>\n<meta property=\"article:publisher\" content=\"https:\/\/www.facebook.com\/kulturonline.tv\" \/>\n<meta property=\"article:published_time\" content=\"2023-10-23T01:19:45+00:00\" \/>\n<meta property=\"article:modified_time\" content=\"2023-10-23T01:26:20+00:00\" \/>\n<meta property=\"og:image\" content=\"https:\/\/kulturonline.tv\/wp-content\/uploads\/2023\/10\/Paul_Carrack_2.jpg-Kultur-Online-TV.jpg\" \/>\n\t<meta property=\"og:image:width\" content=\"1280\" \/>\n\t<meta property=\"og:image:height\" content=\"720\" \/>\n\t<meta property=\"og:image:type\" content=\"image\/jpeg\" \/>\n<meta name=\"author\" content=\"guenter.wolfgang\" \/>\n<meta name=\"twitter:card\" content=\"summary_large_image\" \/>\n<meta name=\"twitter:label1\" content=\"Verfasst von\" \/>\n\t<meta name=\"twitter:data1\" content=\"guenter.wolfgang\" \/>\n\t<meta name=\"twitter:label2\" content=\"Gesch\u00e4tzte Lesezeit\" \/>\n\t<meta name=\"twitter:data2\" content=\"1\u00a0Minute\" \/>\n<script type=\"application\/ld+json\" class=\"yoast-schema-graph\">{\"@context\":\"https:\/\/schema.org\",\"@graph\":[{\"@type\":\"Article\",\"@id\":\"https:\/\/kulturonline.tv\/de\/paul-carrack-live-in-concert\/#article\",\"isPartOf\":{\"@id\":\"https:\/\/kulturonline.tv\/de\/paul-carrack-live-in-concert\/\"},\"author\":{\"name\":\"guenter.wolfgang\",\"@id\":\"https:\/\/kulturonline.tv\/de\/#\/schema\/person\/b0fac729bb9a0c193fb1df23449df4fe\"},\"headline\":\"Paul Carrack Live in Concert\",\"datePublished\":\"2023-10-23T01:19:45+00:00\",\"dateModified\":\"2023-10-23T01:26:20+00:00\",\"mainEntityOfPage\":{\"@id\":\"https:\/\/kulturonline.tv\/de\/paul-carrack-live-in-concert\/\"},\"wordCount\":182,\"publisher\":{\"@id\":\"https:\/\/kulturonline.tv\/de\/#organization\"},\"image\":{\"@id\":\"https:\/\/kulturonline.tv\/de\/paul-carrack-live-in-concert\/#primaryimage\"},\"thumbnailUrl\":\"https:\/\/kulturonline.tv\/wp-content\/uploads\/2023\/10\/Paul_Carrack_2.jpg-Kultur-Online-TV.jpg\",\"articleSection\":[\"Unkategorisiert\"],\"inLanguage\":\"de\"},{\"@type\":\"WebPage\",\"@id\":\"https:\/\/kulturonline.tv\/de\/paul-carrack-live-in-concert\/\",\"url\":\"https:\/\/kulturonline.tv\/de\/paul-carrack-live-in-concert\/\",\"name\":\"Paul Carrack Live in Concert - Kultur Online TV &amp; FM\",\"isPartOf\":{\"@id\":\"https:\/\/kulturonline.tv\/de\/#website\"},\"primaryImageOfPage\":{\"@id\":\"https:\/\/kulturonline.tv\/de\/paul-carrack-live-in-concert\/#primaryimage\"},\"image\":{\"@id\":\"https:\/\/kulturonline.tv\/de\/paul-carrack-live-in-concert\/#primaryimage\"},\"thumbnailUrl\":\"https:\/\/kulturonline.tv\/wp-content\/uploads\/2023\/10\/Paul_Carrack_2.jpg-Kultur-Online-TV.jpg\",\"datePublished\":\"2023-10-23T01:19:45+00:00\",\"dateModified\":\"2023-10-23T01:26:20+00:00\",\"description\":\"Paul Carrack, der ehemalige S\u00e4nger der Band MIKE & THE MECHANICS , wird 2023 zur gro\u00dfen Freude seiner Fans f\u00fcr exklusive Deutschland-Shows zur\u00fcckkehren.\",\"breadcrumb\":{\"@id\":\"https:\/\/kulturonline.tv\/de\/paul-carrack-live-in-concert\/#breadcrumb\"},\"inLanguage\":\"de\",\"potentialAction\":[{\"@type\":\"ReadAction\",\"target\":[\"https:\/\/kulturonline.tv\/de\/paul-carrack-live-in-concert\/\"]}]},{\"@type\":\"ImageObject\",\"inLanguage\":\"de\",\"@id\":\"https:\/\/kulturonline.tv\/de\/paul-carrack-live-in-concert\/#primaryimage\",\"url\":\"https:\/\/kulturonline.tv\/wp-content\/uploads\/2023\/10\/Paul_Carrack_2.jpg-Kultur-Online-TV.jpg\",\"contentUrl\":\"https:\/\/kulturonline.tv\/wp-content\/uploads\/2023\/10\/Paul_Carrack_2.jpg-Kultur-Online-TV.jpg\",\"width\":1280,\"height\":720},{\"@type\":\"BreadcrumbList\",\"@id\":\"https:\/\/kulturonline.tv\/de\/paul-carrack-live-in-concert\/#breadcrumb\",\"itemListElement\":[{\"@type\":\"ListItem\",\"position\":1,\"name\":\"Startseite\",\"item\":\"https:\/\/kulturonline.tv\/de\/\"},{\"@type\":\"ListItem\",\"position\":2,\"name\":\"Paul Carrack Live in Concert\"}]},{\"@type\":\"WebSite\",\"@id\":\"https:\/\/kulturonline.tv\/de\/#website\",\"url\":\"https:\/\/kulturonline.tv\/de\/\",\"name\":\"Kultur Online TV &amp; FM\",\"description\":\"Wir sind Kultur 2.0 zum sehen &amp; h\u00f6ren\",\"publisher\":{\"@id\":\"https:\/\/kulturonline.tv\/de\/#organization\"},\"potentialAction\":[{\"@type\":\"SearchAction\",\"target\":{\"@type\":\"EntryPoint\",\"urlTemplate\":\"https:\/\/kulturonline.tv\/de\/?s={search_term_string}\"},\"query-input\":{\"@type\":\"PropertyValueSpecification\",\"valueRequired\":true,\"valueName\":\"search_term_string\"}}],\"inLanguage\":\"de\"},{\"@type\":\"Organization\",\"@id\":\"https:\/\/kulturonline.tv\/de\/#organization\",\"name\":\"Kultur Online TV\",\"url\":\"https:\/\/kulturonline.tv\/de\/\",\"logo\":{\"@type\":\"ImageObject\",\"inLanguage\":\"de\",\"@id\":\"https:\/\/kulturonline.tv\/de\/#\/schema\/logo\/image\/\",\"url\":\"https:\/\/kulturonline.tv\/wp-content\/uploads\/2021\/08\/Kultur-Online-Tv-Logo-Endversion-neu.png\",\"contentUrl\":\"https:\/\/kulturonline.tv\/wp-content\/uploads\/2021\/08\/Kultur-Online-Tv-Logo-Endversion-neu.png\",\"width\":200,\"height\":200,\"caption\":\"Kultur Online TV\"},\"image\":{\"@id\":\"https:\/\/kulturonline.tv\/de\/#\/schema\/logo\/image\/\"},\"sameAs\":[\"https:\/\/www.facebook.com\/kulturonline.tv\",\"https:\/\/www.instagram.com\/kulturonline.tv\"]},{\"@type\":\"Person\",\"@id\":\"https:\/\/kulturonline.tv\/de\/#\/schema\/person\/b0fac729bb9a0c193fb1df23449df4fe\",\"name\":\"guenter.wolfgang\"}]}<\/script>\n<!-- \/ Yoast SEO plugin. -->","yoast_head_json":{"title":"Paul Carrack Live in Concert - Kultur Online TV &amp; FM","description":"Paul Carrack, der ehemalige S\u00e4nger der Band MIKE & THE MECHANICS , wird 2023 zur gro\u00dfen Freude seiner Fans f\u00fcr exklusive Deutschland-Shows zur\u00fcckkehren.","robots":{"index":"index","follow":"follow","max-snippet":"max-snippet:-1","max-image-preview":"max-image-preview:large","max-video-preview":"max-video-preview:-1"},"canonical":"https:\/\/kulturonline.tv\/de\/paul-carrack-live-in-concert\/","og_locale":"de_DE","og_type":"article","og_title":"Paul Carrack Live in Concert - Kultur Online TV &amp; FM","og_description":"Paul Carrack, der ehemalige S\u00e4nger der Band MIKE & THE MECHANICS , wird 2023 zur gro\u00dfen Freude seiner Fans f\u00fcr exklusive Deutschland-Shows zur\u00fcckkehren.","og_url":"https:\/\/kulturonline.tv\/de\/paul-carrack-live-in-concert\/","og_site_name":"Kultur Online TV &amp; FM","article_publisher":"https:\/\/www.facebook.com\/kulturonline.tv","article_published_time":"2023-10-23T01:19:45+00:00","article_modified_time":"2023-10-23T01:26:20+00:00","og_image":[{"width":1280,"height":720,"url":"https:\/\/kulturonline.tv\/wp-content\/uploads\/2023\/10\/Paul_Carrack_2.jpg-Kultur-Online-TV.jpg","type":"image\/jpeg"}],"author":"guenter.wolfgang","twitter_card":"summary_large_image","twitter_misc":{"Verfasst von":"guenter.wolfgang","Gesch\u00e4tzte Lesezeit":"1\u00a0Minute"},"schema":{"@context":"https:\/\/schema.org","@graph":[{"@type":"Article","@id":"https:\/\/kulturonline.tv\/de\/paul-carrack-live-in-concert\/#article","isPartOf":{"@id":"https:\/\/kulturonline.tv\/de\/paul-carrack-live-in-concert\/"},"author":{"name":"guenter.wolfgang","@id":"https:\/\/kulturonline.tv\/de\/#\/schema\/person\/b0fac729bb9a0c193fb1df23449df4fe"},"headline":"Paul Carrack Live in Concert","datePublished":"2023-10-23T01:19:45+00:00","dateModified":"2023-10-23T01:26:20+00:00","mainEntityOfPage":{"@id":"https:\/\/kulturonline.tv\/de\/paul-carrack-live-in-concert\/"},"wordCount":182,"publisher":{"@id":"https:\/\/kulturonline.tv\/de\/#organization"},"image":{"@id":"https:\/\/kulturonline.tv\/de\/paul-carrack-live-in-concert\/#primaryimage"},"thumbnailUrl":"https:\/\/kulturonline.tv\/wp-content\/uploads\/2023\/10\/Paul_Carrack_2.jpg-Kultur-Online-TV.jpg","articleSection":["Unkategorisiert"],"inLanguage":"de"},{"@type":"WebPage","@id":"https:\/\/kulturonline.tv\/de\/paul-carrack-live-in-concert\/","url":"https:\/\/kulturonline.tv\/de\/paul-carrack-live-in-concert\/","name":"Paul Carrack Live in Concert - Kultur Online TV &amp; FM","isPartOf":{"@id":"https:\/\/kulturonline.tv\/de\/#website"},"primaryImageOfPage":{"@id":"https:\/\/kulturonline.tv\/de\/paul-carrack-live-in-concert\/#primaryimage"},"image":{"@id":"https:\/\/kulturonline.tv\/de\/paul-carrack-live-in-concert\/#primaryimage"},"thumbnailUrl":"https:\/\/kulturonline.tv\/wp-content\/uploads\/2023\/10\/Paul_Carrack_2.jpg-Kultur-Online-TV.jpg","datePublished":"2023-10-23T01:19:45+00:00","dateModified":"2023-10-23T01:26:20+00:00","description":"Paul Carrack, der ehemalige S\u00e4nger der Band MIKE & THE MECHANICS , wird 2023 zur gro\u00dfen Freude seiner Fans f\u00fcr exklusive Deutschland-Shows zur\u00fcckkehren.","breadcrumb":{"@id":"https:\/\/kulturonline.tv\/de\/paul-carrack-live-in-concert\/#breadcrumb"},"inLanguage":"de","potentialAction":[{"@type":"ReadAction","target":["https:\/\/kulturonline.tv\/de\/paul-carrack-live-in-concert\/"]}]},{"@type":"ImageObject","inLanguage":"de","@id":"https:\/\/kulturonline.tv\/de\/paul-carrack-live-in-concert\/#primaryimage","url":"https:\/\/kulturonline.tv\/wp-content\/uploads\/2023\/10\/Paul_Carrack_2.jpg-Kultur-Online-TV.jpg","contentUrl":"https:\/\/kulturonline.tv\/wp-content\/uploads\/2023\/10\/Paul_Carrack_2.jpg-Kultur-Online-TV.jpg","width":1280,"height":720},{"@type":"BreadcrumbList","@id":"https:\/\/kulturonline.tv\/de\/paul-carrack-live-in-concert\/#breadcrumb","itemListElement":[{"@type":"ListItem","position":1,"name":"Startseite","item":"https:\/\/kulturonline.tv\/de\/"},{"@type":"ListItem","position":2,"name":"Paul Carrack Live in Concert"}]},{"@type":"WebSite","@id":"https:\/\/kulturonline.tv\/de\/#website","url":"https:\/\/kulturonline.tv\/de\/","name":"Kultur Online TV &amp; FM","description":"Wir sind Kultur 2.0 zum sehen &amp; h\u00f6ren","publisher":{"@id":"https:\/\/kulturonline.tv\/de\/#organization"},"potentialAction":[{"@type":"SearchAction","target":{"@type":"EntryPoint","urlTemplate":"https:\/\/kulturonline.tv\/de\/?s={search_term_string}"},"query-input":{"@type":"PropertyValueSpecification","valueRequired":true,"valueName":"search_term_string"}}],"inLanguage":"de"},{"@type":"Organization","@id":"https:\/\/kulturonline.tv\/de\/#organization","name":"Kultur Online TV","url":"https:\/\/kulturonline.tv\/de\/","logo":{"@type":"ImageObject","inLanguage":"de","@id":"https:\/\/kulturonline.tv\/de\/#\/schema\/logo\/image\/","url":"https:\/\/kulturonline.tv\/wp-content\/uploads\/2021\/08\/Kultur-Online-Tv-Logo-Endversion-neu.png","contentUrl":"https:\/\/kulturonline.tv\/wp-content\/uploads\/2021\/08\/Kultur-Online-Tv-Logo-Endversion-neu.png","width":200,"height":200,"caption":"Kultur Online TV"},"image":{"@id":"https:\/\/kulturonline.tv\/de\/#\/schema\/logo\/image\/"},"sameAs":["https:\/\/www.facebook.com\/kulturonline.tv","https:\/\/www.instagram.com\/kulturonline.tv"]},{"@type":"Person","@id":"https:\/\/kulturonline.tv\/de\/#\/schema\/person\/b0fac729bb9a0c193fb1df23449df4fe","name":"guenter.wolfgang"}]}},"_links":{"self":[{"href":"https:\/\/kulturonline.tv\/de\/wp-json\/wp\/v2\/posts\/67089","targetHints":{"allow":["GET"]}}],"collection":[{"href":"https:\/\/kulturonline.tv\/de\/wp-json\/wp\/v2\/posts"}],"about":[{"href":"https:\/\/kulturonline.tv\/de\/wp-json\/wp\/v2\/types\/post"}],"author":[{"embeddable":true,"href":"https:\/\/kulturonline.tv\/de\/wp-json\/wp\/v2\/users\/2"}],"replies":[{"embeddable":true,"href":"https:\/\/kulturonline.tv\/de\/wp-json\/wp\/v2\/comments?post=67089"}],"version-history":[{"count":0,"href":"https:\/\/kulturonline.tv\/de\/wp-json\/wp\/v2\/posts\/67089\/revisions"}],"wp:featuredmedia":[{"embeddable":true,"href":"https:\/\/kulturonline.tv\/de\/wp-json\/wp\/v2\/media\/67090"}],"wp:attachment":[{"href":"https:\/\/kulturonline.tv\/de\/wp-json\/wp\/v2\/media?parent=67089"}],"wp:term":[{"taxonomy":"category","embeddable":true,"href":"https:\/\/kulturonline.tv\/de\/wp-json\/wp\/v2\/categories?post=67089"},{"taxonomy":"post_tag","embeddable":true,"href":"https:\/\/kulturonline.tv\/de\/wp-json\/wp\/v2\/tags?post=67089"}],"curies":[{"name":"wp","href":"https:\/\/api.w.org\/{rel}","templated":true}]}}