{"id":67201,"date":"2023-10-26T20:12:28","date_gmt":"2023-10-26T18:12:28","guid":{"rendered":"https:\/\/kulturonline.tv\/?p=67201"},"modified":"2023-10-26T20:23:53","modified_gmt":"2023-10-26T18:23:53","slug":"vernissage-rute-merk-ausstellung-beacon-galerie-muenchen","status":"publish","type":"post","link":"https:\/\/kulturonline.tv\/de\/vernissage-rute-merk-ausstellung-beacon-galerie-muenchen\/","title":{"rendered":"Vernissage R\u016bt\u0117 Merk Ausstellung beacon Galerie M\u00fcnchen"},"content":{"rendered":"\n<p>Ausstellung 27. Okt. \u2013 8. Dez. 2023<\/p>\n\n\n\n<figure class=\"wp-block-image size-large\"><img fetchpriority=\"high\" decoding=\"async\" width=\"2560\" height=\"1439\" src=\"https:\/\/kulturonline.tv\/wp-content\/uploads\/2023\/10\/Beacon_RuteMerk_Ansichten_015-edited-scaled.jpg\" alt=\"\" class=\"wp-image-67204\" srcset=\"https:\/\/kulturonline.tv\/wp-content\/uploads\/2023\/10\/Beacon_RuteMerk_Ansichten_015-edited-scaled.jpg 2560w, https:\/\/kulturonline.tv\/wp-content\/uploads\/2023\/10\/Beacon_RuteMerk_Ansichten_015-edited-800x450.jpg 800w, https:\/\/kulturonline.tv\/wp-content\/uploads\/2023\/10\/Beacon_RuteMerk_Ansichten_015-edited-1600x900.jpg 1600w, https:\/\/kulturonline.tv\/wp-content\/uploads\/2023\/10\/Beacon_RuteMerk_Ansichten_015-edited-768x432.jpg 768w, https:\/\/kulturonline.tv\/wp-content\/uploads\/2023\/10\/Beacon_RuteMerk_Ansichten_015-edited-1536x864.jpg 1536w, https:\/\/kulturonline.tv\/wp-content\/uploads\/2023\/10\/Beacon_RuteMerk_Ansichten_015-edited-2048x1151.jpg 2048w, https:\/\/kulturonline.tv\/wp-content\/uploads\/2023\/10\/Beacon_RuteMerk_Ansichten_015-edited-600x337.jpg 600w\" sizes=\"(max-width: 2560px) 100vw, 2560px\" \/><\/figure>\n\n\n\n<div style=\"height:11px\" aria-hidden=\"true\" class=\"wp-block-spacer\"><\/div>\n\n\n\n<p>In der Malerei von R\u016bt\u0117 Merk wird das Synthetische zur Grundlage der malerischen Geste, die durch digitale Technologien und Modi der Bilderzeugung vorbereitet und informiert wird.<\/p>\n\n\n\n<p>Merks Figuren scheinen wie abstrakte Schemen, die wie grob ausgeschnitten in flache Umr\u00e4ume eingesetzt werden. Sie existieren losgel\u00f6st von ihrer Umgebung, die weniger einen realen Raum markiert<br>als eine mediale Echokammer, einen flirrenden Screen. Sie schweben wie Chiffren; sie werden durchsichtig und l\u00f6sen sich auf. <\/p>\n\n\n\n<p>Das Digitale durchsetzt diese Figuren so sehr, dass die dazugeh\u00f6rigen Ger\u00e4te gar nicht mehr gezeigt werden m\u00fcssen: eine Hand h\u00e4lt ein Mobiltelefon, das verstehen wir, ohne es zu sehen. Merks Protagonistinnen strahlen eine eigent\u00fcmliche Ruhe aus. Ihre Haltung ist die von W\u00fcrdentr\u00e4gerinnen, Heiligen. Sie sind Heldinnen ohne Revolution. In ihren zahllosen \u00dcberlagerungen aus Person und Persona, Innerlichkeit und Oberfl\u00e4chlichkeit, Umraum und Figur sind sie Menschen unserer Zeit: voller Gegenwart, aber ohne Vergangenheit, ohne Zukunft. <\/p>\n\n\n\n<figure class=\"wp-block-image size-large\"><img decoding=\"async\" width=\"1600\" height=\"1146\" src=\"https:\/\/kulturonline.tv\/wp-content\/uploads\/2023\/10\/Beacon_RuteMerk_Ansichten_009-1600x1146.jpg\" alt=\"\" class=\"wp-image-67207\" srcset=\"https:\/\/kulturonline.tv\/wp-content\/uploads\/2023\/10\/Beacon_RuteMerk_Ansichten_009-1600x1146.jpg 1600w, https:\/\/kulturonline.tv\/wp-content\/uploads\/2023\/10\/Beacon_RuteMerk_Ansichten_009-800x573.jpg 800w, https:\/\/kulturonline.tv\/wp-content\/uploads\/2023\/10\/Beacon_RuteMerk_Ansichten_009-768x550.jpg 768w, https:\/\/kulturonline.tv\/wp-content\/uploads\/2023\/10\/Beacon_RuteMerk_Ansichten_009-1536x1100.jpg 1536w, https:\/\/kulturonline.tv\/wp-content\/uploads\/2023\/10\/Beacon_RuteMerk_Ansichten_009-2048x1467.jpg 2048w, https:\/\/kulturonline.tv\/wp-content\/uploads\/2023\/10\/Beacon_RuteMerk_Ansichten_009-600x430.jpg 600w\" sizes=\"(max-width: 1600px) 100vw, 1600px\" \/><\/figure>\n\n\n\n<p>Diese auf sich selbst bezogenen Global Citizens tragen Outfits, die \u00fcberall auf der Welt gleich aussehen: Business Casual oder Leisure Wear. Das ist mehr als ein Look, es ist ein Lebensstil: Merks Millenials sind gleicherma\u00dfen zerbrechlich, isoliert und hypervernetzt. Umfassende Vernetzung und st\u00e4ndige Erreichbarkeit sind l\u00e4ngst zur Norm geworden. Der globalisierte, neoliberale Markt verlangt konstante Zug\u00e4nglichkeit, Engagement, Aktivit\u00e4t, w\u00e4hrend Aspekte wie R\u00fcckzug, Ruhe, Autonomie und Intimit\u00e4t vernachl\u00e4ssigt werden. <\/p>\n\n\n\n<p>Es gibt kein Offline, kein Ende. Doch neuerdings wenden sich Merks Protagonistinnen von ihren Betrachtern ab. \u201eLucy\u201c kehrt zur\u00fcck in eine leuchtende<br>Wasserlandschaft. Ihr K\u00f6rper scheint sich aufzul\u00f6sen &#8211; in Daten, wie im Film gleichen Namens?<br>\u201eMir gef\u00e4llt es, die Kontrolle abzugeben\u201c, sagt R\u016bt\u0117 Merk. \u201eIch interagiere mit den \u00e4sthetischen Entscheidungen anderer Leute, die f\u00fcr ein Bild verantwortlich sind. So ist es mir m\u00f6glich, Dinge zu finden, die ich so nie selbst arrangiert h\u00e4tte.\u201c<\/p>\n\n\n\n<figure class=\"wp-block-image size-large\"><img decoding=\"async\" width=\"1600\" height=\"1067\" src=\"https:\/\/kulturonline.tv\/wp-content\/uploads\/2023\/10\/Beacon_RuteMerk_Ansichten_002-1600x1067.jpg\" alt=\"\" class=\"wp-image-67210\" srcset=\"https:\/\/kulturonline.tv\/wp-content\/uploads\/2023\/10\/Beacon_RuteMerk_Ansichten_002-1600x1067.jpg 1600w, https:\/\/kulturonline.tv\/wp-content\/uploads\/2023\/10\/Beacon_RuteMerk_Ansichten_002-800x534.jpg 800w, https:\/\/kulturonline.tv\/wp-content\/uploads\/2023\/10\/Beacon_RuteMerk_Ansichten_002-768x512.jpg 768w, https:\/\/kulturonline.tv\/wp-content\/uploads\/2023\/10\/Beacon_RuteMerk_Ansichten_002-1536x1024.jpg 1536w, https:\/\/kulturonline.tv\/wp-content\/uploads\/2023\/10\/Beacon_RuteMerk_Ansichten_002-2048x1366.jpg 2048w, https:\/\/kulturonline.tv\/wp-content\/uploads\/2023\/10\/Beacon_RuteMerk_Ansichten_002-600x400.jpg 600w\" sizes=\"(max-width: 1600px) 100vw, 1600px\" \/><\/figure>\n\n\n\n<p><br>Aus dieser Pr\u00e4misse ergeben sich \u00fcberraschend klassische Fragen an die Malerei: Was ist die Materialit\u00e4t eines menschlichen K\u00f6rpers oder eines Kleidungsst\u00fccks, und wie kann ich sie malerisch darstellen? Wie<br>l\u00e4sst sich die Bewegung des Wassers darstellen, wie die Elastizit\u00e4t der Bl\u00e4tter einer Bl\u00fcte, die Textur eines Fruchtst\u00fccks? Doch Vorsicht: die Verlockung des perfekten, gl\u00e4nzenden Objekts verweist auf einen<br>beacon Liebherrstrasse 8 \u2013 80538 M\u00fcnchen beacon-art.com \u2013 info@beacon-art.com<br>Persona.<\/p>\n\n\n\n<p><br>Looking At The Paintings of R\u016bt\u0117 Merk dunkleren Kontext: das Hard-Edge in der Darstellung ihrer Protagonist*innen und die Motive k\u00fcnstlich hergestellter Lebensmittel und Blumen verweisen auf die Gegebenheiten einer technologisch \u00fcberformten Existenz und die Prozesse einer allumfassenden Industrialisierung.<\/p>\n\n\n\n<figure class=\"wp-block-image size-large\"><img loading=\"lazy\" decoding=\"async\" width=\"1600\" height=\"1067\" src=\"https:\/\/kulturonline.tv\/wp-content\/uploads\/2023\/10\/Beacon_RuteMerk_Ansichten_006-1600x1067.jpg\" alt=\"\" class=\"wp-image-67214\" srcset=\"https:\/\/kulturonline.tv\/wp-content\/uploads\/2023\/10\/Beacon_RuteMerk_Ansichten_006-1600x1067.jpg 1600w, https:\/\/kulturonline.tv\/wp-content\/uploads\/2023\/10\/Beacon_RuteMerk_Ansichten_006-800x533.jpg 800w, https:\/\/kulturonline.tv\/wp-content\/uploads\/2023\/10\/Beacon_RuteMerk_Ansichten_006-768x512.jpg 768w, https:\/\/kulturonline.tv\/wp-content\/uploads\/2023\/10\/Beacon_RuteMerk_Ansichten_006-1536x1024.jpg 1536w, https:\/\/kulturonline.tv\/wp-content\/uploads\/2023\/10\/Beacon_RuteMerk_Ansichten_006-2048x1366.jpg 2048w, https:\/\/kulturonline.tv\/wp-content\/uploads\/2023\/10\/Beacon_RuteMerk_Ansichten_006-600x400.jpg 600w\" sizes=\"(max-width: 1600px) 100vw, 1600px\" \/><\/figure>\n\n\n\n<p><br>Merks Bilder sind aus Daten, Prototypen, Renderings entstanden. Und doch sind sie taktil und ultra-gegenw\u00e4rtig. Menschliche K\u00f6rper, Aprikosen, Orchideen, Matcha Latte: k\u00fcnstlich erschaffen und gentechnisch ver\u00e4ndert f\u00fcr eine Welt ohne Zukunft, aber voller Brillanz.<\/p>\n\n\n\n<p><br>Die Menschen und Objekte auf diesen Gem\u00e4lden verk\u00f6rpern verschiedene Zeitskalen und -Abschnitte: die tiefe geologische Zeit, die technologische Zeit von Big Data, den eine Genration pr\u00e4genden Moment<br>von entfremdeten Millennials und die pers\u00f6nliche Zeit allt\u00e4glicher Erfahrungen. Diese spezifischen Momente pr\u00e4gen ihre Existenz unhintergehbar. In Merks Gem\u00e4lden gibt es keine Trennung mehr von Image und Essenz, von nat\u00fcrlich oder k\u00fcnstlich, von gestern und morgen.<\/p>\n\n\n\n<p>Kultur Online TV<\/p>\n\n\n\n<p>#kunst #ausstellung <\/p>\n","protected":false},"excerpt":{"rendered":"<p>Ausstellung 27. Okt. \u2013 8. Dez. 2023 In der Malerei von R\u016bt\u0117 Merk wird das Synthetische zur Grundlage der malerischen Geste, die durch digitale Technologien und Modi der Bilderzeugung vorbereitet und informiert wird. Merks Figuren scheinen wie abstrakte Schemen, die wie grob ausgeschnitten in flache Umr\u00e4ume eingesetzt werden. Sie existieren losgel\u00f6st von ihrer Umgebung, die [&hellip;]<\/p>\n","protected":false},"author":2,"featured_media":67204,"comment_status":"closed","ping_status":"closed","sticky":false,"template":"","format":"standard","meta":{"_acf_changed":false,"footnotes":""},"categories":[107],"tags":[],"class_list":["post-67201","post","type-post","status-publish","format-standard","has-post-thumbnail","hentry","category-kunst"],"acf":[],"yoast_head":"<!-- This site is optimized with the Yoast SEO plugin v26.1.1 - https:\/\/yoast.com\/wordpress\/plugins\/seo\/ -->\n<title>Vernissage R\u016bt\u0117 Merk Ausstellung beacon Galerie M\u00fcnchen - Kultur Online TV &amp; FM<\/title>\n<meta name=\"description\" content=\"In der Malerei von R\u016bt\u0117 Merk wird das Synthetische zur Grundlage der malerischen Geste, die durch digitale Technologien und Modi der Bilderzeugung vorbereitet und informiert wird.\" \/>\n<meta name=\"robots\" content=\"index, follow, max-snippet:-1, max-image-preview:large, max-video-preview:-1\" \/>\n<link rel=\"canonical\" href=\"https:\/\/kulturonline.tv\/de\/vernissage-rute-merk-ausstellung-beacon-galerie-muenchen\/\" \/>\n<meta property=\"og:locale\" content=\"de_DE\" \/>\n<meta property=\"og:type\" content=\"article\" \/>\n<meta property=\"og:title\" content=\"Vernissage R\u016bt\u0117 Merk Ausstellung beacon Galerie M\u00fcnchen - Kultur Online TV &amp; FM\" \/>\n<meta property=\"og:description\" content=\"In der Malerei von R\u016bt\u0117 Merk wird das Synthetische zur Grundlage der malerischen Geste, die durch digitale Technologien und Modi der Bilderzeugung vorbereitet und informiert wird.\" \/>\n<meta property=\"og:url\" content=\"https:\/\/kulturonline.tv\/de\/vernissage-rute-merk-ausstellung-beacon-galerie-muenchen\/\" \/>\n<meta property=\"og:site_name\" content=\"Kultur Online TV &amp; FM\" \/>\n<meta property=\"article:publisher\" content=\"https:\/\/www.facebook.com\/kulturonline.tv\" \/>\n<meta property=\"article:published_time\" content=\"2023-10-26T18:12:28+00:00\" \/>\n<meta property=\"article:modified_time\" content=\"2023-10-26T18:23:53+00:00\" \/>\n<meta property=\"og:image\" content=\"https:\/\/kulturonline.tv\/wp-content\/uploads\/2023\/10\/Beacon_RuteMerk_Ansichten_015-edited-scaled.jpg\" \/>\n\t<meta property=\"og:image:width\" content=\"2560\" \/>\n\t<meta property=\"og:image:height\" content=\"1439\" \/>\n\t<meta property=\"og:image:type\" content=\"image\/jpeg\" \/>\n<meta name=\"author\" content=\"guenter.wolfgang\" \/>\n<meta name=\"twitter:card\" content=\"summary_large_image\" \/>\n<meta name=\"twitter:label1\" content=\"Verfasst von\" \/>\n\t<meta name=\"twitter:data1\" content=\"guenter.wolfgang\" \/>\n\t<meta name=\"twitter:label2\" content=\"Gesch\u00e4tzte Lesezeit\" \/>\n\t<meta name=\"twitter:data2\" content=\"3\u00a0Minuten\" \/>\n<script type=\"application\/ld+json\" class=\"yoast-schema-graph\">{\"@context\":\"https:\/\/schema.org\",\"@graph\":[{\"@type\":\"Article\",\"@id\":\"https:\/\/kulturonline.tv\/de\/vernissage-rute-merk-ausstellung-beacon-galerie-muenchen\/#article\",\"isPartOf\":{\"@id\":\"https:\/\/kulturonline.tv\/de\/vernissage-rute-merk-ausstellung-beacon-galerie-muenchen\/\"},\"author\":{\"name\":\"guenter.wolfgang\",\"@id\":\"https:\/\/kulturonline.tv\/de\/#\/schema\/person\/b0fac729bb9a0c193fb1df23449df4fe\"},\"headline\":\"Vernissage R\u016bt\u0117 Merk Ausstellung beacon Galerie M\u00fcnchen\",\"datePublished\":\"2023-10-26T18:12:28+00:00\",\"dateModified\":\"2023-10-26T18:23:53+00:00\",\"mainEntityOfPage\":{\"@id\":\"https:\/\/kulturonline.tv\/de\/vernissage-rute-merk-ausstellung-beacon-galerie-muenchen\/\"},\"wordCount\":557,\"publisher\":{\"@id\":\"https:\/\/kulturonline.tv\/de\/#organization\"},\"image\":{\"@id\":\"https:\/\/kulturonline.tv\/de\/vernissage-rute-merk-ausstellung-beacon-galerie-muenchen\/#primaryimage\"},\"thumbnailUrl\":\"https:\/\/kulturonline.tv\/wp-content\/uploads\/2023\/10\/Beacon_RuteMerk_Ansichten_015-edited-scaled.jpg\",\"articleSection\":[\"Kunst\"],\"inLanguage\":\"de\"},{\"@type\":\"WebPage\",\"@id\":\"https:\/\/kulturonline.tv\/de\/vernissage-rute-merk-ausstellung-beacon-galerie-muenchen\/\",\"url\":\"https:\/\/kulturonline.tv\/de\/vernissage-rute-merk-ausstellung-beacon-galerie-muenchen\/\",\"name\":\"Vernissage R\u016bt\u0117 Merk Ausstellung beacon Galerie M\u00fcnchen - Kultur Online TV &amp; FM\",\"isPartOf\":{\"@id\":\"https:\/\/kulturonline.tv\/de\/#website\"},\"primaryImageOfPage\":{\"@id\":\"https:\/\/kulturonline.tv\/de\/vernissage-rute-merk-ausstellung-beacon-galerie-muenchen\/#primaryimage\"},\"image\":{\"@id\":\"https:\/\/kulturonline.tv\/de\/vernissage-rute-merk-ausstellung-beacon-galerie-muenchen\/#primaryimage\"},\"thumbnailUrl\":\"https:\/\/kulturonline.tv\/wp-content\/uploads\/2023\/10\/Beacon_RuteMerk_Ansichten_015-edited-scaled.jpg\",\"datePublished\":\"2023-10-26T18:12:28+00:00\",\"dateModified\":\"2023-10-26T18:23:53+00:00\",\"description\":\"In der Malerei von R\u016bt\u0117 Merk wird das Synthetische zur Grundlage der malerischen Geste, die durch digitale Technologien und Modi der Bilderzeugung vorbereitet und informiert wird.\",\"breadcrumb\":{\"@id\":\"https:\/\/kulturonline.tv\/de\/vernissage-rute-merk-ausstellung-beacon-galerie-muenchen\/#breadcrumb\"},\"inLanguage\":\"de\",\"potentialAction\":[{\"@type\":\"ReadAction\",\"target\":[\"https:\/\/kulturonline.tv\/de\/vernissage-rute-merk-ausstellung-beacon-galerie-muenchen\/\"]}]},{\"@type\":\"ImageObject\",\"inLanguage\":\"de\",\"@id\":\"https:\/\/kulturonline.tv\/de\/vernissage-rute-merk-ausstellung-beacon-galerie-muenchen\/#primaryimage\",\"url\":\"https:\/\/kulturonline.tv\/wp-content\/uploads\/2023\/10\/Beacon_RuteMerk_Ansichten_015-edited-scaled.jpg\",\"contentUrl\":\"https:\/\/kulturonline.tv\/wp-content\/uploads\/2023\/10\/Beacon_RuteMerk_Ansichten_015-edited-scaled.jpg\",\"width\":2560,\"height\":1439},{\"@type\":\"BreadcrumbList\",\"@id\":\"https:\/\/kulturonline.tv\/de\/vernissage-rute-merk-ausstellung-beacon-galerie-muenchen\/#breadcrumb\",\"itemListElement\":[{\"@type\":\"ListItem\",\"position\":1,\"name\":\"Startseite\",\"item\":\"https:\/\/kulturonline.tv\/de\/\"},{\"@type\":\"ListItem\",\"position\":2,\"name\":\"Vernissage R\u016bt\u0117 Merk Ausstellung beacon Galerie M\u00fcnchen\"}]},{\"@type\":\"WebSite\",\"@id\":\"https:\/\/kulturonline.tv\/de\/#website\",\"url\":\"https:\/\/kulturonline.tv\/de\/\",\"name\":\"Kultur Online TV &amp; FM\",\"description\":\"Wir sind Kultur 2.0 zum sehen &amp; h\u00f6ren\",\"publisher\":{\"@id\":\"https:\/\/kulturonline.tv\/de\/#organization\"},\"potentialAction\":[{\"@type\":\"SearchAction\",\"target\":{\"@type\":\"EntryPoint\",\"urlTemplate\":\"https:\/\/kulturonline.tv\/de\/?s={search_term_string}\"},\"query-input\":{\"@type\":\"PropertyValueSpecification\",\"valueRequired\":true,\"valueName\":\"search_term_string\"}}],\"inLanguage\":\"de\"},{\"@type\":\"Organization\",\"@id\":\"https:\/\/kulturonline.tv\/de\/#organization\",\"name\":\"Kultur Online TV\",\"url\":\"https:\/\/kulturonline.tv\/de\/\",\"logo\":{\"@type\":\"ImageObject\",\"inLanguage\":\"de\",\"@id\":\"https:\/\/kulturonline.tv\/de\/#\/schema\/logo\/image\/\",\"url\":\"https:\/\/kulturonline.tv\/wp-content\/uploads\/2021\/08\/Kultur-Online-Tv-Logo-Endversion-neu.png\",\"contentUrl\":\"https:\/\/kulturonline.tv\/wp-content\/uploads\/2021\/08\/Kultur-Online-Tv-Logo-Endversion-neu.png\",\"width\":200,\"height\":200,\"caption\":\"Kultur Online TV\"},\"image\":{\"@id\":\"https:\/\/kulturonline.tv\/de\/#\/schema\/logo\/image\/\"},\"sameAs\":[\"https:\/\/www.facebook.com\/kulturonline.tv\",\"https:\/\/www.instagram.com\/kulturonline.tv\"]},{\"@type\":\"Person\",\"@id\":\"https:\/\/kulturonline.tv\/de\/#\/schema\/person\/b0fac729bb9a0c193fb1df23449df4fe\",\"name\":\"guenter.wolfgang\"}]}<\/script>\n<!-- \/ Yoast SEO plugin. -->","yoast_head_json":{"title":"Vernissage R\u016bt\u0117 Merk Ausstellung beacon Galerie M\u00fcnchen - Kultur Online TV &amp; FM","description":"In der Malerei von R\u016bt\u0117 Merk wird das Synthetische zur Grundlage der malerischen Geste, die durch digitale Technologien und Modi der Bilderzeugung vorbereitet und informiert wird.","robots":{"index":"index","follow":"follow","max-snippet":"max-snippet:-1","max-image-preview":"max-image-preview:large","max-video-preview":"max-video-preview:-1"},"canonical":"https:\/\/kulturonline.tv\/de\/vernissage-rute-merk-ausstellung-beacon-galerie-muenchen\/","og_locale":"de_DE","og_type":"article","og_title":"Vernissage R\u016bt\u0117 Merk Ausstellung beacon Galerie M\u00fcnchen - Kultur Online TV &amp; FM","og_description":"In der Malerei von R\u016bt\u0117 Merk wird das Synthetische zur Grundlage der malerischen Geste, die durch digitale Technologien und Modi der Bilderzeugung vorbereitet und informiert wird.","og_url":"https:\/\/kulturonline.tv\/de\/vernissage-rute-merk-ausstellung-beacon-galerie-muenchen\/","og_site_name":"Kultur Online TV &amp; FM","article_publisher":"https:\/\/www.facebook.com\/kulturonline.tv","article_published_time":"2023-10-26T18:12:28+00:00","article_modified_time":"2023-10-26T18:23:53+00:00","og_image":[{"width":2560,"height":1439,"url":"https:\/\/kulturonline.tv\/wp-content\/uploads\/2023\/10\/Beacon_RuteMerk_Ansichten_015-edited-scaled.jpg","type":"image\/jpeg"}],"author":"guenter.wolfgang","twitter_card":"summary_large_image","twitter_misc":{"Verfasst von":"guenter.wolfgang","Gesch\u00e4tzte Lesezeit":"3\u00a0Minuten"},"schema":{"@context":"https:\/\/schema.org","@graph":[{"@type":"Article","@id":"https:\/\/kulturonline.tv\/de\/vernissage-rute-merk-ausstellung-beacon-galerie-muenchen\/#article","isPartOf":{"@id":"https:\/\/kulturonline.tv\/de\/vernissage-rute-merk-ausstellung-beacon-galerie-muenchen\/"},"author":{"name":"guenter.wolfgang","@id":"https:\/\/kulturonline.tv\/de\/#\/schema\/person\/b0fac729bb9a0c193fb1df23449df4fe"},"headline":"Vernissage R\u016bt\u0117 Merk Ausstellung beacon Galerie M\u00fcnchen","datePublished":"2023-10-26T18:12:28+00:00","dateModified":"2023-10-26T18:23:53+00:00","mainEntityOfPage":{"@id":"https:\/\/kulturonline.tv\/de\/vernissage-rute-merk-ausstellung-beacon-galerie-muenchen\/"},"wordCount":557,"publisher":{"@id":"https:\/\/kulturonline.tv\/de\/#organization"},"image":{"@id":"https:\/\/kulturonline.tv\/de\/vernissage-rute-merk-ausstellung-beacon-galerie-muenchen\/#primaryimage"},"thumbnailUrl":"https:\/\/kulturonline.tv\/wp-content\/uploads\/2023\/10\/Beacon_RuteMerk_Ansichten_015-edited-scaled.jpg","articleSection":["Kunst"],"inLanguage":"de"},{"@type":"WebPage","@id":"https:\/\/kulturonline.tv\/de\/vernissage-rute-merk-ausstellung-beacon-galerie-muenchen\/","url":"https:\/\/kulturonline.tv\/de\/vernissage-rute-merk-ausstellung-beacon-galerie-muenchen\/","name":"Vernissage R\u016bt\u0117 Merk Ausstellung beacon Galerie M\u00fcnchen - Kultur Online TV &amp; FM","isPartOf":{"@id":"https:\/\/kulturonline.tv\/de\/#website"},"primaryImageOfPage":{"@id":"https:\/\/kulturonline.tv\/de\/vernissage-rute-merk-ausstellung-beacon-galerie-muenchen\/#primaryimage"},"image":{"@id":"https:\/\/kulturonline.tv\/de\/vernissage-rute-merk-ausstellung-beacon-galerie-muenchen\/#primaryimage"},"thumbnailUrl":"https:\/\/kulturonline.tv\/wp-content\/uploads\/2023\/10\/Beacon_RuteMerk_Ansichten_015-edited-scaled.jpg","datePublished":"2023-10-26T18:12:28+00:00","dateModified":"2023-10-26T18:23:53+00:00","description":"In der Malerei von R\u016bt\u0117 Merk wird das Synthetische zur Grundlage der malerischen Geste, die durch digitale Technologien und Modi der Bilderzeugung vorbereitet und informiert wird.","breadcrumb":{"@id":"https:\/\/kulturonline.tv\/de\/vernissage-rute-merk-ausstellung-beacon-galerie-muenchen\/#breadcrumb"},"inLanguage":"de","potentialAction":[{"@type":"ReadAction","target":["https:\/\/kulturonline.tv\/de\/vernissage-rute-merk-ausstellung-beacon-galerie-muenchen\/"]}]},{"@type":"ImageObject","inLanguage":"de","@id":"https:\/\/kulturonline.tv\/de\/vernissage-rute-merk-ausstellung-beacon-galerie-muenchen\/#primaryimage","url":"https:\/\/kulturonline.tv\/wp-content\/uploads\/2023\/10\/Beacon_RuteMerk_Ansichten_015-edited-scaled.jpg","contentUrl":"https:\/\/kulturonline.tv\/wp-content\/uploads\/2023\/10\/Beacon_RuteMerk_Ansichten_015-edited-scaled.jpg","width":2560,"height":1439},{"@type":"BreadcrumbList","@id":"https:\/\/kulturonline.tv\/de\/vernissage-rute-merk-ausstellung-beacon-galerie-muenchen\/#breadcrumb","itemListElement":[{"@type":"ListItem","position":1,"name":"Startseite","item":"https:\/\/kulturonline.tv\/de\/"},{"@type":"ListItem","position":2,"name":"Vernissage R\u016bt\u0117 Merk Ausstellung beacon Galerie M\u00fcnchen"}]},{"@type":"WebSite","@id":"https:\/\/kulturonline.tv\/de\/#website","url":"https:\/\/kulturonline.tv\/de\/","name":"Kultur Online TV &amp; FM","description":"Wir sind Kultur 2.0 zum sehen &amp; h\u00f6ren","publisher":{"@id":"https:\/\/kulturonline.tv\/de\/#organization"},"potentialAction":[{"@type":"SearchAction","target":{"@type":"EntryPoint","urlTemplate":"https:\/\/kulturonline.tv\/de\/?s={search_term_string}"},"query-input":{"@type":"PropertyValueSpecification","valueRequired":true,"valueName":"search_term_string"}}],"inLanguage":"de"},{"@type":"Organization","@id":"https:\/\/kulturonline.tv\/de\/#organization","name":"Kultur Online TV","url":"https:\/\/kulturonline.tv\/de\/","logo":{"@type":"ImageObject","inLanguage":"de","@id":"https:\/\/kulturonline.tv\/de\/#\/schema\/logo\/image\/","url":"https:\/\/kulturonline.tv\/wp-content\/uploads\/2021\/08\/Kultur-Online-Tv-Logo-Endversion-neu.png","contentUrl":"https:\/\/kulturonline.tv\/wp-content\/uploads\/2021\/08\/Kultur-Online-Tv-Logo-Endversion-neu.png","width":200,"height":200,"caption":"Kultur Online TV"},"image":{"@id":"https:\/\/kulturonline.tv\/de\/#\/schema\/logo\/image\/"},"sameAs":["https:\/\/www.facebook.com\/kulturonline.tv","https:\/\/www.instagram.com\/kulturonline.tv"]},{"@type":"Person","@id":"https:\/\/kulturonline.tv\/de\/#\/schema\/person\/b0fac729bb9a0c193fb1df23449df4fe","name":"guenter.wolfgang"}]}},"_links":{"self":[{"href":"https:\/\/kulturonline.tv\/de\/wp-json\/wp\/v2\/posts\/67201","targetHints":{"allow":["GET"]}}],"collection":[{"href":"https:\/\/kulturonline.tv\/de\/wp-json\/wp\/v2\/posts"}],"about":[{"href":"https:\/\/kulturonline.tv\/de\/wp-json\/wp\/v2\/types\/post"}],"author":[{"embeddable":true,"href":"https:\/\/kulturonline.tv\/de\/wp-json\/wp\/v2\/users\/2"}],"replies":[{"embeddable":true,"href":"https:\/\/kulturonline.tv\/de\/wp-json\/wp\/v2\/comments?post=67201"}],"version-history":[{"count":0,"href":"https:\/\/kulturonline.tv\/de\/wp-json\/wp\/v2\/posts\/67201\/revisions"}],"wp:featuredmedia":[{"embeddable":true,"href":"https:\/\/kulturonline.tv\/de\/wp-json\/wp\/v2\/media\/67204"}],"wp:attachment":[{"href":"https:\/\/kulturonline.tv\/de\/wp-json\/wp\/v2\/media?parent=67201"}],"wp:term":[{"taxonomy":"category","embeddable":true,"href":"https:\/\/kulturonline.tv\/de\/wp-json\/wp\/v2\/categories?post=67201"},{"taxonomy":"post_tag","embeddable":true,"href":"https:\/\/kulturonline.tv\/de\/wp-json\/wp\/v2\/tags?post=67201"}],"curies":[{"name":"wp","href":"https:\/\/api.w.org\/{rel}","templated":true}]}}