{"id":67291,"date":"2024-05-05T00:33:43","date_gmt":"2024-05-04T22:33:43","guid":{"rendered":"https:\/\/kulturonline.tv\/?p=67291"},"modified":"2025-06-12T23:28:58","modified_gmt":"2025-06-12T21:28:58","slug":"100-jahre-radio-in-deutschland-geschichte-und-zukunft-des-rundfunks","status":"publish","type":"post","link":"https:\/\/kulturonline.tv\/de\/100-jahre-radio-in-deutschland-geschichte-und-zukunft-des-rundfunks\/","title":{"rendered":"100 Jahre Radio in Deutschland"},"content":{"rendered":"\n<p>Vor 100 Jahren am 29. Oktober 1923 startete die erste offizielle Rundfunksendung in Deutschland. Seitdem erlebte das Radio eine wechselvolle Geschichte: Von den Nationalsozialisten als Propagandainstrument missbraucht, wurde das Radio nach dem Krieg ein Botschafter von Demokratie und  erfand neue Kunstformen wie das Radioh\u00f6rspiel, die Radiolesung oder die Radiodokumentation.<\/p>\n\n\n\n<figure class=\"wp-block-image size-full is-resized\"><img fetchpriority=\"high\" decoding=\"async\" width=\"640\" height=\"426\" src=\"https:\/\/kulturonline.tv\/wp-content\/uploads\/2024\/05\/100-Jhre-Radio-Beitrag.jpg\" alt=\"\" class=\"wp-image-75225\" style=\"width:840px;height:auto\"\/><\/figure>\n\n\n\n<p>\u00a9 pixabay<\/p>\n\n\n\n<figure class=\"wp-block-audio\"><audio controls src=\"https:\/\/kulturonline.tv\/wp-content\/uploads\/2024\/05\/100-Jahre-Radio-Gespraech-Kultur-Online-FM.mp3\"><\/audio><\/figure>\n\n\n\n<h6 class=\"wp-block-heading\">Kultur Online FM<\/h6>\n\n\n\n<p>&#8222;Achtung, Achtung! Hier ist die Sendestelle Berlin im Vox Haus. Auf Welle 400 Meter&#8220; &#8211; so begann am 29. Oktober 1923 das erste offizielle Rundfunkprogramm in Deutschland. Im Herbst 2023 schauen wir in der ganzen ARD zur\u00fcck auf 100 Jahre Radio und beleuchten dessen wechselhafte Geschichte als schnelles demokratisches Medium einerseits und Propaganda-Instrument im Nationalsozialismus andererseits. Hier finden Sie einen historischen \u00dcberblick, \u00dcberlegungen zur Radio-Zukunft und Beitr\u00e4ge \u00fcber Radio-Sender in aller Welt.<\/p>\n\n\n\n<p>#news #radio #100jahre<\/p>\n","protected":false},"excerpt":{"rendered":"<p>Vor 100 Jahren am 29. Oktober 1923 startete die erste offizielle Rundfunksendung in Deutschland. Seitdem erlebte das Radio eine wechselvolle Geschichte: Von den Nationalsozialisten als Propagandainstrument missbraucht, wurde das Radio nach dem Krieg ein Botschafter von Demokratie und erfand neue Kunstformen wie das Radioh\u00f6rspiel, die Radiolesung oder die Radiodokumentation. \u00a9 pixabay Kultur Online FM &#8222;Achtung, [&hellip;]<\/p>\n","protected":false},"author":2,"featured_media":75225,"comment_status":"closed","ping_status":"closed","sticky":false,"template":"","format":"standard","meta":{"_acf_changed":false,"footnotes":""},"categories":[1],"tags":[],"class_list":["post-67291","post","type-post","status-publish","format-standard","has-post-thumbnail","hentry","category-unkategorisiert"],"acf":[],"yoast_head":"<!-- This site is optimized with the Yoast SEO plugin v26.1.1 - https:\/\/yoast.com\/wordpress\/plugins\/seo\/ -->\n<title>100 Jahre Radio in Deutschland - Kultur Online TV &amp; FM<\/title>\n<meta name=\"description\" content=\"Vor 100 Jahren am 29. Oktober 1923 startete die erste offizielle Rundfunksendung in Deutschland.\" \/>\n<meta name=\"robots\" content=\"index, follow, max-snippet:-1, max-image-preview:large, max-video-preview:-1\" \/>\n<link rel=\"canonical\" href=\"https:\/\/kulturonline.tv\/de\/100-jahre-radio-in-deutschland-geschichte-und-zukunft-des-rundfunks\/\" \/>\n<meta property=\"og:locale\" content=\"de_DE\" \/>\n<meta property=\"og:type\" content=\"article\" \/>\n<meta property=\"og:title\" content=\"100 Jahre Radio in Deutschland - Kultur Online TV &amp; FM\" \/>\n<meta property=\"og:description\" content=\"Vor 100 Jahren am 29. Oktober 1923 startete die erste offizielle Rundfunksendung in Deutschland.\" \/>\n<meta property=\"og:url\" content=\"https:\/\/kulturonline.tv\/de\/100-jahre-radio-in-deutschland-geschichte-und-zukunft-des-rundfunks\/\" \/>\n<meta property=\"og:site_name\" content=\"Kultur Online TV &amp; FM\" \/>\n<meta property=\"article:publisher\" content=\"https:\/\/www.facebook.com\/kulturonline.tv\" \/>\n<meta property=\"article:published_time\" content=\"2024-05-04T22:33:43+00:00\" \/>\n<meta property=\"article:modified_time\" content=\"2025-06-12T21:28:58+00:00\" \/>\n<meta property=\"og:image\" content=\"https:\/\/kulturonline.tv\/wp-content\/uploads\/2024\/05\/100-Jhre-Radio-Beitrag.jpg\" \/>\n\t<meta property=\"og:image:width\" content=\"640\" \/>\n\t<meta property=\"og:image:height\" content=\"426\" \/>\n\t<meta property=\"og:image:type\" content=\"image\/jpeg\" \/>\n<meta name=\"author\" content=\"guenter.wolfgang\" \/>\n<meta name=\"twitter:card\" content=\"summary_large_image\" \/>\n<meta name=\"twitter:label1\" content=\"Verfasst von\" \/>\n\t<meta name=\"twitter:data1\" content=\"guenter.wolfgang\" \/>\n\t<meta name=\"twitter:label2\" content=\"Gesch\u00e4tzte Lesezeit\" \/>\n\t<meta name=\"twitter:data2\" content=\"1\u00a0Minute\" \/>\n<script type=\"application\/ld+json\" class=\"yoast-schema-graph\">{\"@context\":\"https:\/\/schema.org\",\"@graph\":[{\"@type\":\"Article\",\"@id\":\"https:\/\/kulturonline.tv\/de\/100-jahre-radio-in-deutschland-geschichte-und-zukunft-des-rundfunks\/#article\",\"isPartOf\":{\"@id\":\"https:\/\/kulturonline.tv\/de\/100-jahre-radio-in-deutschland-geschichte-und-zukunft-des-rundfunks\/\"},\"author\":{\"name\":\"guenter.wolfgang\",\"@id\":\"https:\/\/kulturonline.tv\/de\/#\/schema\/person\/b0fac729bb9a0c193fb1df23449df4fe\"},\"headline\":\"100 Jahre Radio in Deutschland\",\"datePublished\":\"2024-05-04T22:33:43+00:00\",\"dateModified\":\"2025-06-12T21:28:58+00:00\",\"mainEntityOfPage\":{\"@id\":\"https:\/\/kulturonline.tv\/de\/100-jahre-radio-in-deutschland-geschichte-und-zukunft-des-rundfunks\/\"},\"wordCount\":127,\"publisher\":{\"@id\":\"https:\/\/kulturonline.tv\/de\/#organization\"},\"image\":{\"@id\":\"https:\/\/kulturonline.tv\/de\/100-jahre-radio-in-deutschland-geschichte-und-zukunft-des-rundfunks\/#primaryimage\"},\"thumbnailUrl\":\"https:\/\/kulturonline.tv\/wp-content\/uploads\/2024\/05\/100-Jhre-Radio-Beitrag.jpg\",\"articleSection\":[\"Unkategorisiert\"],\"inLanguage\":\"de\"},{\"@type\":\"WebPage\",\"@id\":\"https:\/\/kulturonline.tv\/de\/100-jahre-radio-in-deutschland-geschichte-und-zukunft-des-rundfunks\/\",\"url\":\"https:\/\/kulturonline.tv\/de\/100-jahre-radio-in-deutschland-geschichte-und-zukunft-des-rundfunks\/\",\"name\":\"100 Jahre Radio in Deutschland - Kultur Online TV &amp; FM\",\"isPartOf\":{\"@id\":\"https:\/\/kulturonline.tv\/de\/#website\"},\"primaryImageOfPage\":{\"@id\":\"https:\/\/kulturonline.tv\/de\/100-jahre-radio-in-deutschland-geschichte-und-zukunft-des-rundfunks\/#primaryimage\"},\"image\":{\"@id\":\"https:\/\/kulturonline.tv\/de\/100-jahre-radio-in-deutschland-geschichte-und-zukunft-des-rundfunks\/#primaryimage\"},\"thumbnailUrl\":\"https:\/\/kulturonline.tv\/wp-content\/uploads\/2024\/05\/100-Jhre-Radio-Beitrag.jpg\",\"datePublished\":\"2024-05-04T22:33:43+00:00\",\"dateModified\":\"2025-06-12T21:28:58+00:00\",\"description\":\"Vor 100 Jahren am 29. Oktober 1923 startete die erste offizielle Rundfunksendung in Deutschland.\",\"breadcrumb\":{\"@id\":\"https:\/\/kulturonline.tv\/de\/100-jahre-radio-in-deutschland-geschichte-und-zukunft-des-rundfunks\/#breadcrumb\"},\"inLanguage\":\"de\",\"potentialAction\":[{\"@type\":\"ReadAction\",\"target\":[\"https:\/\/kulturonline.tv\/de\/100-jahre-radio-in-deutschland-geschichte-und-zukunft-des-rundfunks\/\"]}]},{\"@type\":\"ImageObject\",\"inLanguage\":\"de\",\"@id\":\"https:\/\/kulturonline.tv\/de\/100-jahre-radio-in-deutschland-geschichte-und-zukunft-des-rundfunks\/#primaryimage\",\"url\":\"https:\/\/kulturonline.tv\/wp-content\/uploads\/2024\/05\/100-Jhre-Radio-Beitrag.jpg\",\"contentUrl\":\"https:\/\/kulturonline.tv\/wp-content\/uploads\/2024\/05\/100-Jhre-Radio-Beitrag.jpg\",\"width\":640,\"height\":426},{\"@type\":\"BreadcrumbList\",\"@id\":\"https:\/\/kulturonline.tv\/de\/100-jahre-radio-in-deutschland-geschichte-und-zukunft-des-rundfunks\/#breadcrumb\",\"itemListElement\":[{\"@type\":\"ListItem\",\"position\":1,\"name\":\"Startseite\",\"item\":\"https:\/\/kulturonline.tv\/de\/\"},{\"@type\":\"ListItem\",\"position\":2,\"name\":\"100 Jahre Radio in Deutschland\"}]},{\"@type\":\"WebSite\",\"@id\":\"https:\/\/kulturonline.tv\/de\/#website\",\"url\":\"https:\/\/kulturonline.tv\/de\/\",\"name\":\"Kultur Online TV &amp; FM\",\"description\":\"Wir sind Kultur 2.0 zum sehen &amp; h\u00f6ren\",\"publisher\":{\"@id\":\"https:\/\/kulturonline.tv\/de\/#organization\"},\"potentialAction\":[{\"@type\":\"SearchAction\",\"target\":{\"@type\":\"EntryPoint\",\"urlTemplate\":\"https:\/\/kulturonline.tv\/de\/?s={search_term_string}\"},\"query-input\":{\"@type\":\"PropertyValueSpecification\",\"valueRequired\":true,\"valueName\":\"search_term_string\"}}],\"inLanguage\":\"de\"},{\"@type\":\"Organization\",\"@id\":\"https:\/\/kulturonline.tv\/de\/#organization\",\"name\":\"Kultur Online TV\",\"url\":\"https:\/\/kulturonline.tv\/de\/\",\"logo\":{\"@type\":\"ImageObject\",\"inLanguage\":\"de\",\"@id\":\"https:\/\/kulturonline.tv\/de\/#\/schema\/logo\/image\/\",\"url\":\"https:\/\/kulturonline.tv\/wp-content\/uploads\/2021\/08\/Kultur-Online-Tv-Logo-Endversion-neu.png\",\"contentUrl\":\"https:\/\/kulturonline.tv\/wp-content\/uploads\/2021\/08\/Kultur-Online-Tv-Logo-Endversion-neu.png\",\"width\":200,\"height\":200,\"caption\":\"Kultur Online TV\"},\"image\":{\"@id\":\"https:\/\/kulturonline.tv\/de\/#\/schema\/logo\/image\/\"},\"sameAs\":[\"https:\/\/www.facebook.com\/kulturonline.tv\",\"https:\/\/www.instagram.com\/kulturonline.tv\"]},{\"@type\":\"Person\",\"@id\":\"https:\/\/kulturonline.tv\/de\/#\/schema\/person\/b0fac729bb9a0c193fb1df23449df4fe\",\"name\":\"guenter.wolfgang\"}]}<\/script>\n<!-- \/ Yoast SEO plugin. -->","yoast_head_json":{"title":"100 Jahre Radio in Deutschland - Kultur Online TV &amp; FM","description":"Vor 100 Jahren am 29. Oktober 1923 startete die erste offizielle Rundfunksendung in Deutschland.","robots":{"index":"index","follow":"follow","max-snippet":"max-snippet:-1","max-image-preview":"max-image-preview:large","max-video-preview":"max-video-preview:-1"},"canonical":"https:\/\/kulturonline.tv\/de\/100-jahre-radio-in-deutschland-geschichte-und-zukunft-des-rundfunks\/","og_locale":"de_DE","og_type":"article","og_title":"100 Jahre Radio in Deutschland - Kultur Online TV &amp; FM","og_description":"Vor 100 Jahren am 29. Oktober 1923 startete die erste offizielle Rundfunksendung in Deutschland.","og_url":"https:\/\/kulturonline.tv\/de\/100-jahre-radio-in-deutschland-geschichte-und-zukunft-des-rundfunks\/","og_site_name":"Kultur Online TV &amp; FM","article_publisher":"https:\/\/www.facebook.com\/kulturonline.tv","article_published_time":"2024-05-04T22:33:43+00:00","article_modified_time":"2025-06-12T21:28:58+00:00","og_image":[{"width":640,"height":426,"url":"https:\/\/kulturonline.tv\/wp-content\/uploads\/2024\/05\/100-Jhre-Radio-Beitrag.jpg","type":"image\/jpeg"}],"author":"guenter.wolfgang","twitter_card":"summary_large_image","twitter_misc":{"Verfasst von":"guenter.wolfgang","Gesch\u00e4tzte Lesezeit":"1\u00a0Minute"},"schema":{"@context":"https:\/\/schema.org","@graph":[{"@type":"Article","@id":"https:\/\/kulturonline.tv\/de\/100-jahre-radio-in-deutschland-geschichte-und-zukunft-des-rundfunks\/#article","isPartOf":{"@id":"https:\/\/kulturonline.tv\/de\/100-jahre-radio-in-deutschland-geschichte-und-zukunft-des-rundfunks\/"},"author":{"name":"guenter.wolfgang","@id":"https:\/\/kulturonline.tv\/de\/#\/schema\/person\/b0fac729bb9a0c193fb1df23449df4fe"},"headline":"100 Jahre Radio in Deutschland","datePublished":"2024-05-04T22:33:43+00:00","dateModified":"2025-06-12T21:28:58+00:00","mainEntityOfPage":{"@id":"https:\/\/kulturonline.tv\/de\/100-jahre-radio-in-deutschland-geschichte-und-zukunft-des-rundfunks\/"},"wordCount":127,"publisher":{"@id":"https:\/\/kulturonline.tv\/de\/#organization"},"image":{"@id":"https:\/\/kulturonline.tv\/de\/100-jahre-radio-in-deutschland-geschichte-und-zukunft-des-rundfunks\/#primaryimage"},"thumbnailUrl":"https:\/\/kulturonline.tv\/wp-content\/uploads\/2024\/05\/100-Jhre-Radio-Beitrag.jpg","articleSection":["Unkategorisiert"],"inLanguage":"de"},{"@type":"WebPage","@id":"https:\/\/kulturonline.tv\/de\/100-jahre-radio-in-deutschland-geschichte-und-zukunft-des-rundfunks\/","url":"https:\/\/kulturonline.tv\/de\/100-jahre-radio-in-deutschland-geschichte-und-zukunft-des-rundfunks\/","name":"100 Jahre Radio in Deutschland - Kultur Online TV &amp; FM","isPartOf":{"@id":"https:\/\/kulturonline.tv\/de\/#website"},"primaryImageOfPage":{"@id":"https:\/\/kulturonline.tv\/de\/100-jahre-radio-in-deutschland-geschichte-und-zukunft-des-rundfunks\/#primaryimage"},"image":{"@id":"https:\/\/kulturonline.tv\/de\/100-jahre-radio-in-deutschland-geschichte-und-zukunft-des-rundfunks\/#primaryimage"},"thumbnailUrl":"https:\/\/kulturonline.tv\/wp-content\/uploads\/2024\/05\/100-Jhre-Radio-Beitrag.jpg","datePublished":"2024-05-04T22:33:43+00:00","dateModified":"2025-06-12T21:28:58+00:00","description":"Vor 100 Jahren am 29. Oktober 1923 startete die erste offizielle Rundfunksendung in Deutschland.","breadcrumb":{"@id":"https:\/\/kulturonline.tv\/de\/100-jahre-radio-in-deutschland-geschichte-und-zukunft-des-rundfunks\/#breadcrumb"},"inLanguage":"de","potentialAction":[{"@type":"ReadAction","target":["https:\/\/kulturonline.tv\/de\/100-jahre-radio-in-deutschland-geschichte-und-zukunft-des-rundfunks\/"]}]},{"@type":"ImageObject","inLanguage":"de","@id":"https:\/\/kulturonline.tv\/de\/100-jahre-radio-in-deutschland-geschichte-und-zukunft-des-rundfunks\/#primaryimage","url":"https:\/\/kulturonline.tv\/wp-content\/uploads\/2024\/05\/100-Jhre-Radio-Beitrag.jpg","contentUrl":"https:\/\/kulturonline.tv\/wp-content\/uploads\/2024\/05\/100-Jhre-Radio-Beitrag.jpg","width":640,"height":426},{"@type":"BreadcrumbList","@id":"https:\/\/kulturonline.tv\/de\/100-jahre-radio-in-deutschland-geschichte-und-zukunft-des-rundfunks\/#breadcrumb","itemListElement":[{"@type":"ListItem","position":1,"name":"Startseite","item":"https:\/\/kulturonline.tv\/de\/"},{"@type":"ListItem","position":2,"name":"100 Jahre Radio in Deutschland"}]},{"@type":"WebSite","@id":"https:\/\/kulturonline.tv\/de\/#website","url":"https:\/\/kulturonline.tv\/de\/","name":"Kultur Online TV &amp; FM","description":"Wir sind Kultur 2.0 zum sehen &amp; h\u00f6ren","publisher":{"@id":"https:\/\/kulturonline.tv\/de\/#organization"},"potentialAction":[{"@type":"SearchAction","target":{"@type":"EntryPoint","urlTemplate":"https:\/\/kulturonline.tv\/de\/?s={search_term_string}"},"query-input":{"@type":"PropertyValueSpecification","valueRequired":true,"valueName":"search_term_string"}}],"inLanguage":"de"},{"@type":"Organization","@id":"https:\/\/kulturonline.tv\/de\/#organization","name":"Kultur Online TV","url":"https:\/\/kulturonline.tv\/de\/","logo":{"@type":"ImageObject","inLanguage":"de","@id":"https:\/\/kulturonline.tv\/de\/#\/schema\/logo\/image\/","url":"https:\/\/kulturonline.tv\/wp-content\/uploads\/2021\/08\/Kultur-Online-Tv-Logo-Endversion-neu.png","contentUrl":"https:\/\/kulturonline.tv\/wp-content\/uploads\/2021\/08\/Kultur-Online-Tv-Logo-Endversion-neu.png","width":200,"height":200,"caption":"Kultur Online TV"},"image":{"@id":"https:\/\/kulturonline.tv\/de\/#\/schema\/logo\/image\/"},"sameAs":["https:\/\/www.facebook.com\/kulturonline.tv","https:\/\/www.instagram.com\/kulturonline.tv"]},{"@type":"Person","@id":"https:\/\/kulturonline.tv\/de\/#\/schema\/person\/b0fac729bb9a0c193fb1df23449df4fe","name":"guenter.wolfgang"}]}},"_links":{"self":[{"href":"https:\/\/kulturonline.tv\/de\/wp-json\/wp\/v2\/posts\/67291","targetHints":{"allow":["GET"]}}],"collection":[{"href":"https:\/\/kulturonline.tv\/de\/wp-json\/wp\/v2\/posts"}],"about":[{"href":"https:\/\/kulturonline.tv\/de\/wp-json\/wp\/v2\/types\/post"}],"author":[{"embeddable":true,"href":"https:\/\/kulturonline.tv\/de\/wp-json\/wp\/v2\/users\/2"}],"replies":[{"embeddable":true,"href":"https:\/\/kulturonline.tv\/de\/wp-json\/wp\/v2\/comments?post=67291"}],"version-history":[{"count":1,"href":"https:\/\/kulturonline.tv\/de\/wp-json\/wp\/v2\/posts\/67291\/revisions"}],"predecessor-version":[{"id":110306,"href":"https:\/\/kulturonline.tv\/de\/wp-json\/wp\/v2\/posts\/67291\/revisions\/110306"}],"wp:featuredmedia":[{"embeddable":true,"href":"https:\/\/kulturonline.tv\/de\/wp-json\/wp\/v2\/media\/75225"}],"wp:attachment":[{"href":"https:\/\/kulturonline.tv\/de\/wp-json\/wp\/v2\/media?parent=67291"}],"wp:term":[{"taxonomy":"category","embeddable":true,"href":"https:\/\/kulturonline.tv\/de\/wp-json\/wp\/v2\/categories?post=67291"},{"taxonomy":"post_tag","embeddable":true,"href":"https:\/\/kulturonline.tv\/de\/wp-json\/wp\/v2\/tags?post=67291"}],"curies":[{"name":"wp","href":"https:\/\/api.w.org\/{rel}","templated":true}]}}