{"id":67737,"date":"2023-11-17T08:16:45","date_gmt":"2023-11-17T07:16:45","guid":{"rendered":"https:\/\/kulturonline.tv\/?p=67737"},"modified":"2023-11-17T08:17:11","modified_gmt":"2023-11-17T07:17:11","slug":"deutsche-filmschaffende-fordern-vier-tage-woche","status":"publish","type":"post","link":"https:\/\/kulturonline.tv\/de\/deutsche-filmschaffende-fordern-vier-tage-woche\/","title":{"rendered":"Deutsche Filmschaffende fordern Vier-Tage-Woche"},"content":{"rendered":"\n<p>Filmschaffende in Deutschland fordern eine Vier-Tage-Woche sowie klare Regeln f\u00fcr den Umgang mit K\u00fcnstlicher Intelligenz.<\/p>\n\n\n\n<figure class=\"wp-block-image size-large is-resized\"><img fetchpriority=\"high\" decoding=\"async\" width=\"1600\" height=\"900\" src=\"https:\/\/kulturonline.tv\/wp-content\/uploads\/2023\/02\/filmset-edited-1600x900.jpg\" alt=\"\" class=\"wp-image-54177\" style=\"width:840px;height:auto\" srcset=\"https:\/\/kulturonline.tv\/wp-content\/uploads\/2023\/02\/filmset-edited-1600x900.jpg 1600w, https:\/\/kulturonline.tv\/wp-content\/uploads\/2023\/02\/filmset-edited-800x450.jpg 800w, https:\/\/kulturonline.tv\/wp-content\/uploads\/2023\/02\/filmset-edited-768x432.jpg 768w, https:\/\/kulturonline.tv\/wp-content\/uploads\/2023\/02\/filmset-edited-1536x864.jpg 1536w, https:\/\/kulturonline.tv\/wp-content\/uploads\/2023\/02\/filmset-edited-320x180.jpg 320w, https:\/\/kulturonline.tv\/wp-content\/uploads\/2023\/02\/filmset-edited-480x270.jpg 480w, https:\/\/kulturonline.tv\/wp-content\/uploads\/2023\/02\/filmset-edited-600x338.jpg 600w, https:\/\/kulturonline.tv\/wp-content\/uploads\/2023\/02\/filmset-edited.jpg 1920w\" sizes=\"(max-width: 1600px) 100vw, 1600px\" \/><\/figure>\n\n\n\n<p>\u00a9 pixabay<\/p>\n\n\n\n<p>Das Ziel besteht darin, die Arbeitsbedingungen in Filmsets zu verbessern und die Branche f\u00fcr junge Menschen attraktiver zu machen. Zu den Bereichen der Filmproduktion z\u00e4hlen unter anderem Schauspiel, Ausstattung und Regie. Sie m\u00f6chten die Anzahl der Drehtage auf elf Stunden reduzieren und einen Ausgleich zwischen Nacht- und Wochenenddrehs einf\u00fchren. Au\u00dferdem soll beim Film die Verwendung von KI kontrolliert werden, \u00e4hnlich wie in den USA.<\/p>\n\n\n\n<p>Kultur Online TV-FM<\/p>\n\n\n\n<p>#news #film<\/p>\n","protected":false},"excerpt":{"rendered":"<p>Filmschaffende in Deutschland fordern eine Vier-Tage-Woche sowie klare Regeln f\u00fcr den Umgang mit K\u00fcnstlicher Intelligenz. \u00a9 pixabay Das Ziel besteht darin, die Arbeitsbedingungen in Filmsets zu verbessern und die Branche f\u00fcr junge Menschen attraktiver zu machen. Zu den Bereichen der Filmproduktion z\u00e4hlen unter anderem Schauspiel, Ausstattung und Regie. Sie m\u00f6chten die Anzahl der Drehtage auf [&hellip;]<\/p>\n","protected":false},"author":2,"featured_media":54177,"comment_status":"open","ping_status":"closed","sticky":false,"template":"","format":"standard","meta":{"_acf_changed":false,"footnotes":""},"categories":[3],"tags":[],"class_list":["post-67737","post","type-post","status-publish","format-standard","has-post-thumbnail","hentry","category-newsflash"],"acf":[],"yoast_head":"<!-- This site is optimized with the Yoast SEO plugin v26.1.1 - https:\/\/yoast.com\/wordpress\/plugins\/seo\/ -->\n<title>Deutsche Filmschaffende fordern Vier-Tage-Woche - Kultur Online TV &amp; FM<\/title>\n<meta name=\"description\" content=\"Filmschaffende in Deutschland fordern eine Vier-Tage-Woche sowie klare Regeln f\u00fcr den Umgang mit K\u00fcnstlicher Intelligenz.\" \/>\n<meta name=\"robots\" content=\"index, follow, max-snippet:-1, max-image-preview:large, max-video-preview:-1\" \/>\n<link rel=\"canonical\" href=\"https:\/\/kulturonline.tv\/de\/deutsche-filmschaffende-fordern-vier-tage-woche\/\" \/>\n<meta property=\"og:locale\" content=\"de_DE\" \/>\n<meta property=\"og:type\" content=\"article\" \/>\n<meta property=\"og:title\" content=\"Deutsche Filmschaffende fordern Vier-Tage-Woche - Kultur Online TV &amp; FM\" \/>\n<meta property=\"og:description\" content=\"Filmschaffende in Deutschland fordern eine Vier-Tage-Woche sowie klare Regeln f\u00fcr den Umgang mit K\u00fcnstlicher Intelligenz.\" \/>\n<meta property=\"og:url\" content=\"https:\/\/kulturonline.tv\/de\/deutsche-filmschaffende-fordern-vier-tage-woche\/\" \/>\n<meta property=\"og:site_name\" content=\"Kultur Online TV &amp; FM\" \/>\n<meta property=\"article:publisher\" content=\"https:\/\/www.facebook.com\/kulturonline.tv\" \/>\n<meta property=\"article:published_time\" content=\"2023-11-17T07:16:45+00:00\" \/>\n<meta property=\"article:modified_time\" content=\"2023-11-17T07:17:11+00:00\" \/>\n<meta property=\"og:image\" content=\"https:\/\/kulturonline.tv\/wp-content\/uploads\/2023\/02\/filmset-edited.jpg\" \/>\n\t<meta property=\"og:image:width\" content=\"1920\" \/>\n\t<meta property=\"og:image:height\" content=\"1080\" \/>\n\t<meta property=\"og:image:type\" content=\"image\/jpeg\" \/>\n<meta name=\"author\" content=\"guenter.wolfgang\" \/>\n<meta name=\"twitter:card\" content=\"summary_large_image\" \/>\n<meta name=\"twitter:label1\" content=\"Verfasst von\" \/>\n\t<meta name=\"twitter:data1\" content=\"guenter.wolfgang\" \/>\n<script type=\"application\/ld+json\" class=\"yoast-schema-graph\">{\"@context\":\"https:\/\/schema.org\",\"@graph\":[{\"@type\":\"Article\",\"@id\":\"https:\/\/kulturonline.tv\/de\/deutsche-filmschaffende-fordern-vier-tage-woche\/#article\",\"isPartOf\":{\"@id\":\"https:\/\/kulturonline.tv\/de\/deutsche-filmschaffende-fordern-vier-tage-woche\/\"},\"author\":{\"name\":\"guenter.wolfgang\",\"@id\":\"https:\/\/kulturonline.tv\/de\/#\/schema\/person\/b0fac729bb9a0c193fb1df23449df4fe\"},\"headline\":\"Deutsche Filmschaffende fordern Vier-Tage-Woche\",\"datePublished\":\"2023-11-17T07:16:45+00:00\",\"dateModified\":\"2023-11-17T07:17:11+00:00\",\"mainEntityOfPage\":{\"@id\":\"https:\/\/kulturonline.tv\/de\/deutsche-filmschaffende-fordern-vier-tage-woche\/\"},\"wordCount\":96,\"commentCount\":3,\"publisher\":{\"@id\":\"https:\/\/kulturonline.tv\/de\/#organization\"},\"image\":{\"@id\":\"https:\/\/kulturonline.tv\/de\/deutsche-filmschaffende-fordern-vier-tage-woche\/#primaryimage\"},\"thumbnailUrl\":\"https:\/\/kulturonline.tv\/wp-content\/uploads\/2023\/02\/filmset-edited.jpg\",\"articleSection\":[\"Newsflash\"],\"inLanguage\":\"de\",\"potentialAction\":[{\"@type\":\"CommentAction\",\"name\":\"Comment\",\"target\":[\"https:\/\/kulturonline.tv\/de\/deutsche-filmschaffende-fordern-vier-tage-woche\/#respond\"]}]},{\"@type\":\"WebPage\",\"@id\":\"https:\/\/kulturonline.tv\/de\/deutsche-filmschaffende-fordern-vier-tage-woche\/\",\"url\":\"https:\/\/kulturonline.tv\/de\/deutsche-filmschaffende-fordern-vier-tage-woche\/\",\"name\":\"Deutsche Filmschaffende fordern Vier-Tage-Woche - Kultur Online TV &amp; FM\",\"isPartOf\":{\"@id\":\"https:\/\/kulturonline.tv\/de\/#website\"},\"primaryImageOfPage\":{\"@id\":\"https:\/\/kulturonline.tv\/de\/deutsche-filmschaffende-fordern-vier-tage-woche\/#primaryimage\"},\"image\":{\"@id\":\"https:\/\/kulturonline.tv\/de\/deutsche-filmschaffende-fordern-vier-tage-woche\/#primaryimage\"},\"thumbnailUrl\":\"https:\/\/kulturonline.tv\/wp-content\/uploads\/2023\/02\/filmset-edited.jpg\",\"datePublished\":\"2023-11-17T07:16:45+00:00\",\"dateModified\":\"2023-11-17T07:17:11+00:00\",\"description\":\"Filmschaffende in Deutschland fordern eine Vier-Tage-Woche sowie klare Regeln f\u00fcr den Umgang mit K\u00fcnstlicher Intelligenz.\",\"breadcrumb\":{\"@id\":\"https:\/\/kulturonline.tv\/de\/deutsche-filmschaffende-fordern-vier-tage-woche\/#breadcrumb\"},\"inLanguage\":\"de\",\"potentialAction\":[{\"@type\":\"ReadAction\",\"target\":[\"https:\/\/kulturonline.tv\/de\/deutsche-filmschaffende-fordern-vier-tage-woche\/\"]}]},{\"@type\":\"ImageObject\",\"inLanguage\":\"de\",\"@id\":\"https:\/\/kulturonline.tv\/de\/deutsche-filmschaffende-fordern-vier-tage-woche\/#primaryimage\",\"url\":\"https:\/\/kulturonline.tv\/wp-content\/uploads\/2023\/02\/filmset-edited.jpg\",\"contentUrl\":\"https:\/\/kulturonline.tv\/wp-content\/uploads\/2023\/02\/filmset-edited.jpg\",\"width\":1920,\"height\":1080},{\"@type\":\"BreadcrumbList\",\"@id\":\"https:\/\/kulturonline.tv\/de\/deutsche-filmschaffende-fordern-vier-tage-woche\/#breadcrumb\",\"itemListElement\":[{\"@type\":\"ListItem\",\"position\":1,\"name\":\"Startseite\",\"item\":\"https:\/\/kulturonline.tv\/de\/\"},{\"@type\":\"ListItem\",\"position\":2,\"name\":\"Deutsche Filmschaffende fordern Vier-Tage-Woche\"}]},{\"@type\":\"WebSite\",\"@id\":\"https:\/\/kulturonline.tv\/de\/#website\",\"url\":\"https:\/\/kulturonline.tv\/de\/\",\"name\":\"Kultur Online TV &amp; FM\",\"description\":\"Wir sind Kultur 2.0 zum sehen &amp; h\u00f6ren\",\"publisher\":{\"@id\":\"https:\/\/kulturonline.tv\/de\/#organization\"},\"potentialAction\":[{\"@type\":\"SearchAction\",\"target\":{\"@type\":\"EntryPoint\",\"urlTemplate\":\"https:\/\/kulturonline.tv\/de\/?s={search_term_string}\"},\"query-input\":{\"@type\":\"PropertyValueSpecification\",\"valueRequired\":true,\"valueName\":\"search_term_string\"}}],\"inLanguage\":\"de\"},{\"@type\":\"Organization\",\"@id\":\"https:\/\/kulturonline.tv\/de\/#organization\",\"name\":\"Kultur Online TV\",\"url\":\"https:\/\/kulturonline.tv\/de\/\",\"logo\":{\"@type\":\"ImageObject\",\"inLanguage\":\"de\",\"@id\":\"https:\/\/kulturonline.tv\/de\/#\/schema\/logo\/image\/\",\"url\":\"https:\/\/kulturonline.tv\/wp-content\/uploads\/2021\/08\/Kultur-Online-Tv-Logo-Endversion-neu.png\",\"contentUrl\":\"https:\/\/kulturonline.tv\/wp-content\/uploads\/2021\/08\/Kultur-Online-Tv-Logo-Endversion-neu.png\",\"width\":200,\"height\":200,\"caption\":\"Kultur Online TV\"},\"image\":{\"@id\":\"https:\/\/kulturonline.tv\/de\/#\/schema\/logo\/image\/\"},\"sameAs\":[\"https:\/\/www.facebook.com\/kulturonline.tv\",\"https:\/\/www.instagram.com\/kulturonline.tv\"]},{\"@type\":\"Person\",\"@id\":\"https:\/\/kulturonline.tv\/de\/#\/schema\/person\/b0fac729bb9a0c193fb1df23449df4fe\",\"name\":\"guenter.wolfgang\"}]}<\/script>\n<!-- \/ Yoast SEO plugin. -->","yoast_head_json":{"title":"Deutsche Filmschaffende fordern Vier-Tage-Woche - Kultur Online TV &amp; FM","description":"Filmschaffende in Deutschland fordern eine Vier-Tage-Woche sowie klare Regeln f\u00fcr den Umgang mit K\u00fcnstlicher Intelligenz.","robots":{"index":"index","follow":"follow","max-snippet":"max-snippet:-1","max-image-preview":"max-image-preview:large","max-video-preview":"max-video-preview:-1"},"canonical":"https:\/\/kulturonline.tv\/de\/deutsche-filmschaffende-fordern-vier-tage-woche\/","og_locale":"de_DE","og_type":"article","og_title":"Deutsche Filmschaffende fordern Vier-Tage-Woche - Kultur Online TV &amp; FM","og_description":"Filmschaffende in Deutschland fordern eine Vier-Tage-Woche sowie klare Regeln f\u00fcr den Umgang mit K\u00fcnstlicher Intelligenz.","og_url":"https:\/\/kulturonline.tv\/de\/deutsche-filmschaffende-fordern-vier-tage-woche\/","og_site_name":"Kultur Online TV &amp; FM","article_publisher":"https:\/\/www.facebook.com\/kulturonline.tv","article_published_time":"2023-11-17T07:16:45+00:00","article_modified_time":"2023-11-17T07:17:11+00:00","og_image":[{"width":1920,"height":1080,"url":"https:\/\/kulturonline.tv\/wp-content\/uploads\/2023\/02\/filmset-edited.jpg","type":"image\/jpeg"}],"author":"guenter.wolfgang","twitter_card":"summary_large_image","twitter_misc":{"Verfasst von":"guenter.wolfgang"},"schema":{"@context":"https:\/\/schema.org","@graph":[{"@type":"Article","@id":"https:\/\/kulturonline.tv\/de\/deutsche-filmschaffende-fordern-vier-tage-woche\/#article","isPartOf":{"@id":"https:\/\/kulturonline.tv\/de\/deutsche-filmschaffende-fordern-vier-tage-woche\/"},"author":{"name":"guenter.wolfgang","@id":"https:\/\/kulturonline.tv\/de\/#\/schema\/person\/b0fac729bb9a0c193fb1df23449df4fe"},"headline":"Deutsche Filmschaffende fordern Vier-Tage-Woche","datePublished":"2023-11-17T07:16:45+00:00","dateModified":"2023-11-17T07:17:11+00:00","mainEntityOfPage":{"@id":"https:\/\/kulturonline.tv\/de\/deutsche-filmschaffende-fordern-vier-tage-woche\/"},"wordCount":96,"commentCount":3,"publisher":{"@id":"https:\/\/kulturonline.tv\/de\/#organization"},"image":{"@id":"https:\/\/kulturonline.tv\/de\/deutsche-filmschaffende-fordern-vier-tage-woche\/#primaryimage"},"thumbnailUrl":"https:\/\/kulturonline.tv\/wp-content\/uploads\/2023\/02\/filmset-edited.jpg","articleSection":["Newsflash"],"inLanguage":"de","potentialAction":[{"@type":"CommentAction","name":"Comment","target":["https:\/\/kulturonline.tv\/de\/deutsche-filmschaffende-fordern-vier-tage-woche\/#respond"]}]},{"@type":"WebPage","@id":"https:\/\/kulturonline.tv\/de\/deutsche-filmschaffende-fordern-vier-tage-woche\/","url":"https:\/\/kulturonline.tv\/de\/deutsche-filmschaffende-fordern-vier-tage-woche\/","name":"Deutsche Filmschaffende fordern Vier-Tage-Woche - Kultur Online TV &amp; FM","isPartOf":{"@id":"https:\/\/kulturonline.tv\/de\/#website"},"primaryImageOfPage":{"@id":"https:\/\/kulturonline.tv\/de\/deutsche-filmschaffende-fordern-vier-tage-woche\/#primaryimage"},"image":{"@id":"https:\/\/kulturonline.tv\/de\/deutsche-filmschaffende-fordern-vier-tage-woche\/#primaryimage"},"thumbnailUrl":"https:\/\/kulturonline.tv\/wp-content\/uploads\/2023\/02\/filmset-edited.jpg","datePublished":"2023-11-17T07:16:45+00:00","dateModified":"2023-11-17T07:17:11+00:00","description":"Filmschaffende in Deutschland fordern eine Vier-Tage-Woche sowie klare Regeln f\u00fcr den Umgang mit K\u00fcnstlicher Intelligenz.","breadcrumb":{"@id":"https:\/\/kulturonline.tv\/de\/deutsche-filmschaffende-fordern-vier-tage-woche\/#breadcrumb"},"inLanguage":"de","potentialAction":[{"@type":"ReadAction","target":["https:\/\/kulturonline.tv\/de\/deutsche-filmschaffende-fordern-vier-tage-woche\/"]}]},{"@type":"ImageObject","inLanguage":"de","@id":"https:\/\/kulturonline.tv\/de\/deutsche-filmschaffende-fordern-vier-tage-woche\/#primaryimage","url":"https:\/\/kulturonline.tv\/wp-content\/uploads\/2023\/02\/filmset-edited.jpg","contentUrl":"https:\/\/kulturonline.tv\/wp-content\/uploads\/2023\/02\/filmset-edited.jpg","width":1920,"height":1080},{"@type":"BreadcrumbList","@id":"https:\/\/kulturonline.tv\/de\/deutsche-filmschaffende-fordern-vier-tage-woche\/#breadcrumb","itemListElement":[{"@type":"ListItem","position":1,"name":"Startseite","item":"https:\/\/kulturonline.tv\/de\/"},{"@type":"ListItem","position":2,"name":"Deutsche Filmschaffende fordern Vier-Tage-Woche"}]},{"@type":"WebSite","@id":"https:\/\/kulturonline.tv\/de\/#website","url":"https:\/\/kulturonline.tv\/de\/","name":"Kultur Online TV &amp; FM","description":"Wir sind Kultur 2.0 zum sehen &amp; h\u00f6ren","publisher":{"@id":"https:\/\/kulturonline.tv\/de\/#organization"},"potentialAction":[{"@type":"SearchAction","target":{"@type":"EntryPoint","urlTemplate":"https:\/\/kulturonline.tv\/de\/?s={search_term_string}"},"query-input":{"@type":"PropertyValueSpecification","valueRequired":true,"valueName":"search_term_string"}}],"inLanguage":"de"},{"@type":"Organization","@id":"https:\/\/kulturonline.tv\/de\/#organization","name":"Kultur Online TV","url":"https:\/\/kulturonline.tv\/de\/","logo":{"@type":"ImageObject","inLanguage":"de","@id":"https:\/\/kulturonline.tv\/de\/#\/schema\/logo\/image\/","url":"https:\/\/kulturonline.tv\/wp-content\/uploads\/2021\/08\/Kultur-Online-Tv-Logo-Endversion-neu.png","contentUrl":"https:\/\/kulturonline.tv\/wp-content\/uploads\/2021\/08\/Kultur-Online-Tv-Logo-Endversion-neu.png","width":200,"height":200,"caption":"Kultur Online TV"},"image":{"@id":"https:\/\/kulturonline.tv\/de\/#\/schema\/logo\/image\/"},"sameAs":["https:\/\/www.facebook.com\/kulturonline.tv","https:\/\/www.instagram.com\/kulturonline.tv"]},{"@type":"Person","@id":"https:\/\/kulturonline.tv\/de\/#\/schema\/person\/b0fac729bb9a0c193fb1df23449df4fe","name":"guenter.wolfgang"}]}},"_links":{"self":[{"href":"https:\/\/kulturonline.tv\/de\/wp-json\/wp\/v2\/posts\/67737","targetHints":{"allow":["GET"]}}],"collection":[{"href":"https:\/\/kulturonline.tv\/de\/wp-json\/wp\/v2\/posts"}],"about":[{"href":"https:\/\/kulturonline.tv\/de\/wp-json\/wp\/v2\/types\/post"}],"author":[{"embeddable":true,"href":"https:\/\/kulturonline.tv\/de\/wp-json\/wp\/v2\/users\/2"}],"replies":[{"embeddable":true,"href":"https:\/\/kulturonline.tv\/de\/wp-json\/wp\/v2\/comments?post=67737"}],"version-history":[{"count":0,"href":"https:\/\/kulturonline.tv\/de\/wp-json\/wp\/v2\/posts\/67737\/revisions"}],"wp:featuredmedia":[{"embeddable":true,"href":"https:\/\/kulturonline.tv\/de\/wp-json\/wp\/v2\/media\/54177"}],"wp:attachment":[{"href":"https:\/\/kulturonline.tv\/de\/wp-json\/wp\/v2\/media?parent=67737"}],"wp:term":[{"taxonomy":"category","embeddable":true,"href":"https:\/\/kulturonline.tv\/de\/wp-json\/wp\/v2\/categories?post=67737"},{"taxonomy":"post_tag","embeddable":true,"href":"https:\/\/kulturonline.tv\/de\/wp-json\/wp\/v2\/tags?post=67737"}],"curies":[{"name":"wp","href":"https:\/\/api.w.org\/{rel}","templated":true}]}}