{"id":67840,"date":"2023-11-17T16:26:56","date_gmt":"2023-11-17T15:26:56","guid":{"rendered":"https:\/\/kulturonline.tv\/?p=67840"},"modified":"2024-10-17T21:43:11","modified_gmt":"2024-10-17T19:43:11","slug":"das-bewegte-leben-des-pierre-trandel-von-markus-keimel","status":"publish","type":"post","link":"https:\/\/kulturonline.tv\/de\/das-bewegte-leben-des-pierre-trandel-von-markus-keimel\/","title":{"rendered":"&#8220;Das bewegte Leben des Pierre Trandel&#8221; von Markus Keimel"},"content":{"rendered":"\n<p>Der \u00f6sterreichische Musiker und Schriftsteller Markus Keimel hat k\u00fcrzlich seinen neuen Roman &#8222;Das bewegte Leben des Pierre Trandel&#8220; ver\u00f6ffentlicht. &#8222;Ein philosophisches Buch \u00fcber das Leben, den Tod und die s\u00fc\u00dfbitteren Tage dazwischen&#8220;, sagt der Autor selbst.<\/p>\n\n\n\n<figure class=\"wp-block-image size-large is-resized\"><img fetchpriority=\"high\" decoding=\"async\" width=\"1800\" height=\"1012\" src=\"https:\/\/kulturonline.tv\/wp-content\/uploads\/2023\/11\/MarkusKeimel_Promofoto_1Fotocredit-Mara-Kornschober-Kultur-Online-TV-edited.jpg\" alt=\"\" class=\"wp-image-67843\" style=\"width:840px;height:auto\" srcset=\"https:\/\/kulturonline.tv\/wp-content\/uploads\/2023\/11\/MarkusKeimel_Promofoto_1Fotocredit-Mara-Kornschober-Kultur-Online-TV-edited.jpg 1800w, https:\/\/kulturonline.tv\/wp-content\/uploads\/2023\/11\/MarkusKeimel_Promofoto_1Fotocredit-Mara-Kornschober-Kultur-Online-TV-edited-800x450.jpg 800w, https:\/\/kulturonline.tv\/wp-content\/uploads\/2023\/11\/MarkusKeimel_Promofoto_1Fotocredit-Mara-Kornschober-Kultur-Online-TV-edited-1600x900.jpg 1600w, https:\/\/kulturonline.tv\/wp-content\/uploads\/2023\/11\/MarkusKeimel_Promofoto_1Fotocredit-Mara-Kornschober-Kultur-Online-TV-edited-768x432.jpg 768w, https:\/\/kulturonline.tv\/wp-content\/uploads\/2023\/11\/MarkusKeimel_Promofoto_1Fotocredit-Mara-Kornschober-Kultur-Online-TV-edited-1536x864.jpg 1536w, https:\/\/kulturonline.tv\/wp-content\/uploads\/2023\/11\/MarkusKeimel_Promofoto_1Fotocredit-Mara-Kornschober-Kultur-Online-TV-edited-600x337.jpg 600w\" sizes=\"(max-width: 1800px) 100vw, 1800px\" \/><\/figure>\n\n\n\n<p>\u00a9 Mara Kornschober<\/p>\n\n\n\n<p>Die Geschichte erz\u00e4hlt von einem vereinsamten jungen Mann namens Pierre Trandel, der weder das fr\u00fche Ableben seiner Eltern, noch den Unfalltod seiner vermeintlichen gro\u00dfen Liebe je verarbeiten konnte. Da er sich als Fremdk\u00f6rper in einer tristen und empathielosen Welt und Gesellschaft kaum zurechtfindet, versinkt er in Alkoholsucht und Depressionen. Als er sein tristes Leben und die erfolglose Suche nach wahrer Liebe eines Tages nicht mehr ertragen kann, entschlie\u00dft er sich zu einem zweifelhaften und \u00e4u\u00dferst holprigen Neustart. <\/p>\n\n\n\n<p>Dabei tritt er nicht blo\u00df von Fettn\u00e4pfchen zu Fettn\u00e4pfchen, sondern wird Zeuge tiefer gesellschaftlicher Abgr\u00fcnde. Er findet Heil in unerwarteten Freundschaften, die ihm den Glauben an das Lebensgl\u00fcck wiedererlangen lassen. Eine geradezu schicksalshafte Begegnung mit einem betagten Mann bringt schlie\u00dflich den entscheidenden Stein ins Rollen, der Pierre Trandel die gr\u00f6\u00dfte Wende seines bisherigen Daseins beschert.<\/p>\n\n\n\n<p>&#8222;Das bewegte Leben des Pierre Trandel&#8220; ist seit 17.11 exklusiv \u00fcber den Webshop des Verlages Buchschmiede zu beziehen und erscheint ab Januar 2024 \u00fcberall im Handel. Besonders f\u00fcr jene Buchliebhaber, die Literatur mit Tiefgang m\u00f6gen, k\u00f6nnte der Roman eine Lesereise wert sein<\/p>\n\n\n\n<div class=\"wp-block-media-text is-stacked-on-mobile\" style=\"grid-template-columns:31% auto\"><figure class=\"wp-block-media-text__media\"><img decoding=\"async\" width=\"1018\" height=\"1600\" src=\"https:\/\/kulturonline.tv\/wp-content\/uploads\/2023\/11\/Das-Bewgte-Leben-Kultur-Online-TV-1018x1600.jpeg\" alt=\"\" class=\"wp-image-67845 size-full\" srcset=\"https:\/\/kulturonline.tv\/wp-content\/uploads\/2023\/11\/Das-Bewgte-Leben-Kultur-Online-TV-1018x1600.jpeg 1018w, https:\/\/kulturonline.tv\/wp-content\/uploads\/2023\/11\/Das-Bewgte-Leben-Kultur-Online-TV-509x800.jpeg 509w, https:\/\/kulturonline.tv\/wp-content\/uploads\/2023\/11\/Das-Bewgte-Leben-Kultur-Online-TV-768x1208.jpeg 768w, https:\/\/kulturonline.tv\/wp-content\/uploads\/2023\/11\/Das-Bewgte-Leben-Kultur-Online-TV-977x1536.jpeg 977w, https:\/\/kulturonline.tv\/wp-content\/uploads\/2023\/11\/Das-Bewgte-Leben-Kultur-Online-TV-1303x2048.jpeg 1303w, https:\/\/kulturonline.tv\/wp-content\/uploads\/2023\/11\/Das-Bewgte-Leben-Kultur-Online-TV-600x943.jpeg 600w, https:\/\/kulturonline.tv\/wp-content\/uploads\/2023\/11\/Das-Bewgte-Leben-Kultur-Online-TV.jpeg 1445w\" sizes=\"(max-width: 1018px) 100vw, 1018px\" \/><\/figure><div class=\"wp-block-media-text__content\">\n<p><\/p>\n<\/div><\/div>\n\n\n\n<p><strong>Bestellung unter: <\/strong><a href=\"https:\/\/www.buchschmiede.at\/app\/book\/78854-Markus-Keimel-Das-bewegte-Leben-des-Pierre-Trandel;bookType=PB\">https:\/\/www.buchschmiede.at\/app\/book\/78854-Markus-Keimel-Das-bewegte-Leben-des-Pierre-Trandel;bookType=PB<\/a><\/p>\n\n\n\n<p>Kultur Online TV<\/p>\n\n\n\n<p>#news #literatur<\/p>\n","protected":false},"excerpt":{"rendered":"<p>Der \u00f6sterreichische Musiker und Schriftsteller Markus Keimel hat k\u00fcrzlich seinen neuen Roman &#8222;Das bewegte Leben des Pierre Trandel&#8220; ver\u00f6ffentlicht. &#8222;Ein philosophisches Buch \u00fcber das Leben, den Tod und die s\u00fc\u00dfbitteren Tage dazwischen&#8220;, sagt der Autor selbst. \u00a9 Mara Kornschober Die Geschichte erz\u00e4hlt von einem vereinsamten jungen Mann namens Pierre Trandel, der weder das fr\u00fche Ableben [&hellip;]<\/p>\n","protected":false},"author":2,"featured_media":67843,"comment_status":"open","ping_status":"closed","sticky":false,"template":"","format":"standard","meta":{"_acf_changed":false,"footnotes":""},"categories":[106],"tags":[],"class_list":["post-67840","post","type-post","status-publish","format-standard","has-post-thumbnail","hentry","category-literatur"],"acf":[],"yoast_head":"<!-- This site is optimized with the Yoast SEO plugin v26.1.1 - https:\/\/yoast.com\/wordpress\/plugins\/seo\/ -->\n<title>&#8220;Das bewegte Leben des Pierre Trandel&#8221; von Markus Keimel - Kultur Online TV &amp; FM<\/title>\n<meta name=\"description\" content=\"&quot;Ein philosophisches Buch \u00fcber das Leben, den Tod und die s\u00fc\u00dfbitteren Tage dazwischen&quot;, sagt der Autor selbst.\" \/>\n<meta name=\"robots\" content=\"index, follow, max-snippet:-1, max-image-preview:large, max-video-preview:-1\" \/>\n<link rel=\"canonical\" href=\"https:\/\/kulturonline.tv\/de\/das-bewegte-leben-des-pierre-trandel-von-markus-keimel\/\" \/>\n<meta property=\"og:locale\" content=\"de_DE\" \/>\n<meta property=\"og:type\" content=\"article\" \/>\n<meta property=\"og:title\" content=\"&#8220;Das bewegte Leben des Pierre Trandel&#8221; von Markus Keimel - Kultur Online TV &amp; FM\" \/>\n<meta property=\"og:description\" content=\"&quot;Ein philosophisches Buch \u00fcber das Leben, den Tod und die s\u00fc\u00dfbitteren Tage dazwischen&quot;, sagt der Autor selbst.\" \/>\n<meta property=\"og:url\" content=\"https:\/\/kulturonline.tv\/de\/das-bewegte-leben-des-pierre-trandel-von-markus-keimel\/\" \/>\n<meta property=\"og:site_name\" content=\"Kultur Online TV &amp; FM\" \/>\n<meta property=\"article:publisher\" content=\"https:\/\/www.facebook.com\/kulturonline.tv\" \/>\n<meta property=\"article:published_time\" content=\"2023-11-17T15:26:56+00:00\" \/>\n<meta property=\"article:modified_time\" content=\"2024-10-17T19:43:11+00:00\" \/>\n<meta property=\"og:image\" content=\"https:\/\/kulturonline.tv\/wp-content\/uploads\/2023\/11\/MarkusKeimel_Promofoto_1Fotocredit-Mara-Kornschober-Kultur-Online-TV-edited.jpg\" \/>\n\t<meta property=\"og:image:width\" content=\"1800\" \/>\n\t<meta property=\"og:image:height\" content=\"1012\" \/>\n\t<meta property=\"og:image:type\" content=\"image\/jpeg\" \/>\n<meta name=\"author\" content=\"guenter.wolfgang\" \/>\n<meta name=\"twitter:card\" content=\"summary_large_image\" \/>\n<meta name=\"twitter:label1\" content=\"Verfasst von\" \/>\n\t<meta name=\"twitter:data1\" content=\"guenter.wolfgang\" \/>\n\t<meta name=\"twitter:label2\" content=\"Gesch\u00e4tzte Lesezeit\" \/>\n\t<meta name=\"twitter:data2\" content=\"1\u00a0Minute\" \/>\n<script type=\"application\/ld+json\" class=\"yoast-schema-graph\">{\"@context\":\"https:\/\/schema.org\",\"@graph\":[{\"@type\":\"Article\",\"@id\":\"https:\/\/kulturonline.tv\/de\/das-bewegte-leben-des-pierre-trandel-von-markus-keimel\/#article\",\"isPartOf\":{\"@id\":\"https:\/\/kulturonline.tv\/de\/das-bewegte-leben-des-pierre-trandel-von-markus-keimel\/\"},\"author\":{\"name\":\"guenter.wolfgang\",\"@id\":\"https:\/\/kulturonline.tv\/de\/#\/schema\/person\/b0fac729bb9a0c193fb1df23449df4fe\"},\"headline\":\"&#8220;Das bewegte Leben des Pierre Trandel&#8221; von Markus Keimel\",\"datePublished\":\"2023-11-17T15:26:56+00:00\",\"dateModified\":\"2024-10-17T19:43:11+00:00\",\"mainEntityOfPage\":{\"@id\":\"https:\/\/kulturonline.tv\/de\/das-bewegte-leben-des-pierre-trandel-von-markus-keimel\/\"},\"wordCount\":253,\"commentCount\":3,\"publisher\":{\"@id\":\"https:\/\/kulturonline.tv\/de\/#organization\"},\"image\":{\"@id\":\"https:\/\/kulturonline.tv\/de\/das-bewegte-leben-des-pierre-trandel-von-markus-keimel\/#primaryimage\"},\"thumbnailUrl\":\"https:\/\/kulturonline.tv\/wp-content\/uploads\/2023\/11\/MarkusKeimel_Promofoto_1Fotocredit-Mara-Kornschober-Kultur-Online-TV-edited.jpg\",\"articleSection\":[\"Literatur\"],\"inLanguage\":\"de\",\"potentialAction\":[{\"@type\":\"CommentAction\",\"name\":\"Comment\",\"target\":[\"https:\/\/kulturonline.tv\/de\/das-bewegte-leben-des-pierre-trandel-von-markus-keimel\/#respond\"]}]},{\"@type\":\"WebPage\",\"@id\":\"https:\/\/kulturonline.tv\/de\/das-bewegte-leben-des-pierre-trandel-von-markus-keimel\/\",\"url\":\"https:\/\/kulturonline.tv\/de\/das-bewegte-leben-des-pierre-trandel-von-markus-keimel\/\",\"name\":\"&#8220;Das bewegte Leben des Pierre Trandel&#8221; von Markus Keimel - Kultur Online TV &amp; FM\",\"isPartOf\":{\"@id\":\"https:\/\/kulturonline.tv\/de\/#website\"},\"primaryImageOfPage\":{\"@id\":\"https:\/\/kulturonline.tv\/de\/das-bewegte-leben-des-pierre-trandel-von-markus-keimel\/#primaryimage\"},\"image\":{\"@id\":\"https:\/\/kulturonline.tv\/de\/das-bewegte-leben-des-pierre-trandel-von-markus-keimel\/#primaryimage\"},\"thumbnailUrl\":\"https:\/\/kulturonline.tv\/wp-content\/uploads\/2023\/11\/MarkusKeimel_Promofoto_1Fotocredit-Mara-Kornschober-Kultur-Online-TV-edited.jpg\",\"datePublished\":\"2023-11-17T15:26:56+00:00\",\"dateModified\":\"2024-10-17T19:43:11+00:00\",\"description\":\"\\\"Ein philosophisches Buch \u00fcber das Leben, den Tod und die s\u00fc\u00dfbitteren Tage dazwischen\\\", sagt der Autor selbst.\",\"breadcrumb\":{\"@id\":\"https:\/\/kulturonline.tv\/de\/das-bewegte-leben-des-pierre-trandel-von-markus-keimel\/#breadcrumb\"},\"inLanguage\":\"de\",\"potentialAction\":[{\"@type\":\"ReadAction\",\"target\":[\"https:\/\/kulturonline.tv\/de\/das-bewegte-leben-des-pierre-trandel-von-markus-keimel\/\"]}]},{\"@type\":\"ImageObject\",\"inLanguage\":\"de\",\"@id\":\"https:\/\/kulturonline.tv\/de\/das-bewegte-leben-des-pierre-trandel-von-markus-keimel\/#primaryimage\",\"url\":\"https:\/\/kulturonline.tv\/wp-content\/uploads\/2023\/11\/MarkusKeimel_Promofoto_1Fotocredit-Mara-Kornschober-Kultur-Online-TV-edited.jpg\",\"contentUrl\":\"https:\/\/kulturonline.tv\/wp-content\/uploads\/2023\/11\/MarkusKeimel_Promofoto_1Fotocredit-Mara-Kornschober-Kultur-Online-TV-edited.jpg\",\"width\":1800,\"height\":1012},{\"@type\":\"BreadcrumbList\",\"@id\":\"https:\/\/kulturonline.tv\/de\/das-bewegte-leben-des-pierre-trandel-von-markus-keimel\/#breadcrumb\",\"itemListElement\":[{\"@type\":\"ListItem\",\"position\":1,\"name\":\"Startseite\",\"item\":\"https:\/\/kulturonline.tv\/de\/\"},{\"@type\":\"ListItem\",\"position\":2,\"name\":\"&#8220;Das bewegte Leben des Pierre Trandel&#8221; von Markus Keimel\"}]},{\"@type\":\"WebSite\",\"@id\":\"https:\/\/kulturonline.tv\/de\/#website\",\"url\":\"https:\/\/kulturonline.tv\/de\/\",\"name\":\"Kultur Online TV &amp; FM\",\"description\":\"Wir sind Kultur 2.0 zum sehen &amp; h\u00f6ren\",\"publisher\":{\"@id\":\"https:\/\/kulturonline.tv\/de\/#organization\"},\"potentialAction\":[{\"@type\":\"SearchAction\",\"target\":{\"@type\":\"EntryPoint\",\"urlTemplate\":\"https:\/\/kulturonline.tv\/de\/?s={search_term_string}\"},\"query-input\":{\"@type\":\"PropertyValueSpecification\",\"valueRequired\":true,\"valueName\":\"search_term_string\"}}],\"inLanguage\":\"de\"},{\"@type\":\"Organization\",\"@id\":\"https:\/\/kulturonline.tv\/de\/#organization\",\"name\":\"Kultur Online TV\",\"url\":\"https:\/\/kulturonline.tv\/de\/\",\"logo\":{\"@type\":\"ImageObject\",\"inLanguage\":\"de\",\"@id\":\"https:\/\/kulturonline.tv\/de\/#\/schema\/logo\/image\/\",\"url\":\"https:\/\/kulturonline.tv\/wp-content\/uploads\/2021\/08\/Kultur-Online-Tv-Logo-Endversion-neu.png\",\"contentUrl\":\"https:\/\/kulturonline.tv\/wp-content\/uploads\/2021\/08\/Kultur-Online-Tv-Logo-Endversion-neu.png\",\"width\":200,\"height\":200,\"caption\":\"Kultur Online TV\"},\"image\":{\"@id\":\"https:\/\/kulturonline.tv\/de\/#\/schema\/logo\/image\/\"},\"sameAs\":[\"https:\/\/www.facebook.com\/kulturonline.tv\",\"https:\/\/www.instagram.com\/kulturonline.tv\"]},{\"@type\":\"Person\",\"@id\":\"https:\/\/kulturonline.tv\/de\/#\/schema\/person\/b0fac729bb9a0c193fb1df23449df4fe\",\"name\":\"guenter.wolfgang\"}]}<\/script>\n<!-- \/ Yoast SEO plugin. -->","yoast_head_json":{"title":"&#8220;Das bewegte Leben des Pierre Trandel&#8221; von Markus Keimel - Kultur Online TV &amp; FM","description":"\"Ein philosophisches Buch \u00fcber das Leben, den Tod und die s\u00fc\u00dfbitteren Tage dazwischen\", sagt der Autor selbst.","robots":{"index":"index","follow":"follow","max-snippet":"max-snippet:-1","max-image-preview":"max-image-preview:large","max-video-preview":"max-video-preview:-1"},"canonical":"https:\/\/kulturonline.tv\/de\/das-bewegte-leben-des-pierre-trandel-von-markus-keimel\/","og_locale":"de_DE","og_type":"article","og_title":"&#8220;Das bewegte Leben des Pierre Trandel&#8221; von Markus Keimel - Kultur Online TV &amp; FM","og_description":"\"Ein philosophisches Buch \u00fcber das Leben, den Tod und die s\u00fc\u00dfbitteren Tage dazwischen\", sagt der Autor selbst.","og_url":"https:\/\/kulturonline.tv\/de\/das-bewegte-leben-des-pierre-trandel-von-markus-keimel\/","og_site_name":"Kultur Online TV &amp; FM","article_publisher":"https:\/\/www.facebook.com\/kulturonline.tv","article_published_time":"2023-11-17T15:26:56+00:00","article_modified_time":"2024-10-17T19:43:11+00:00","og_image":[{"width":1800,"height":1012,"url":"https:\/\/kulturonline.tv\/wp-content\/uploads\/2023\/11\/MarkusKeimel_Promofoto_1Fotocredit-Mara-Kornschober-Kultur-Online-TV-edited.jpg","type":"image\/jpeg"}],"author":"guenter.wolfgang","twitter_card":"summary_large_image","twitter_misc":{"Verfasst von":"guenter.wolfgang","Gesch\u00e4tzte Lesezeit":"1\u00a0Minute"},"schema":{"@context":"https:\/\/schema.org","@graph":[{"@type":"Article","@id":"https:\/\/kulturonline.tv\/de\/das-bewegte-leben-des-pierre-trandel-von-markus-keimel\/#article","isPartOf":{"@id":"https:\/\/kulturonline.tv\/de\/das-bewegte-leben-des-pierre-trandel-von-markus-keimel\/"},"author":{"name":"guenter.wolfgang","@id":"https:\/\/kulturonline.tv\/de\/#\/schema\/person\/b0fac729bb9a0c193fb1df23449df4fe"},"headline":"&#8220;Das bewegte Leben des Pierre Trandel&#8221; von Markus Keimel","datePublished":"2023-11-17T15:26:56+00:00","dateModified":"2024-10-17T19:43:11+00:00","mainEntityOfPage":{"@id":"https:\/\/kulturonline.tv\/de\/das-bewegte-leben-des-pierre-trandel-von-markus-keimel\/"},"wordCount":253,"commentCount":3,"publisher":{"@id":"https:\/\/kulturonline.tv\/de\/#organization"},"image":{"@id":"https:\/\/kulturonline.tv\/de\/das-bewegte-leben-des-pierre-trandel-von-markus-keimel\/#primaryimage"},"thumbnailUrl":"https:\/\/kulturonline.tv\/wp-content\/uploads\/2023\/11\/MarkusKeimel_Promofoto_1Fotocredit-Mara-Kornschober-Kultur-Online-TV-edited.jpg","articleSection":["Literatur"],"inLanguage":"de","potentialAction":[{"@type":"CommentAction","name":"Comment","target":["https:\/\/kulturonline.tv\/de\/das-bewegte-leben-des-pierre-trandel-von-markus-keimel\/#respond"]}]},{"@type":"WebPage","@id":"https:\/\/kulturonline.tv\/de\/das-bewegte-leben-des-pierre-trandel-von-markus-keimel\/","url":"https:\/\/kulturonline.tv\/de\/das-bewegte-leben-des-pierre-trandel-von-markus-keimel\/","name":"&#8220;Das bewegte Leben des Pierre Trandel&#8221; von Markus Keimel - Kultur Online TV &amp; FM","isPartOf":{"@id":"https:\/\/kulturonline.tv\/de\/#website"},"primaryImageOfPage":{"@id":"https:\/\/kulturonline.tv\/de\/das-bewegte-leben-des-pierre-trandel-von-markus-keimel\/#primaryimage"},"image":{"@id":"https:\/\/kulturonline.tv\/de\/das-bewegte-leben-des-pierre-trandel-von-markus-keimel\/#primaryimage"},"thumbnailUrl":"https:\/\/kulturonline.tv\/wp-content\/uploads\/2023\/11\/MarkusKeimel_Promofoto_1Fotocredit-Mara-Kornschober-Kultur-Online-TV-edited.jpg","datePublished":"2023-11-17T15:26:56+00:00","dateModified":"2024-10-17T19:43:11+00:00","description":"\"Ein philosophisches Buch \u00fcber das Leben, den Tod und die s\u00fc\u00dfbitteren Tage dazwischen\", sagt der Autor selbst.","breadcrumb":{"@id":"https:\/\/kulturonline.tv\/de\/das-bewegte-leben-des-pierre-trandel-von-markus-keimel\/#breadcrumb"},"inLanguage":"de","potentialAction":[{"@type":"ReadAction","target":["https:\/\/kulturonline.tv\/de\/das-bewegte-leben-des-pierre-trandel-von-markus-keimel\/"]}]},{"@type":"ImageObject","inLanguage":"de","@id":"https:\/\/kulturonline.tv\/de\/das-bewegte-leben-des-pierre-trandel-von-markus-keimel\/#primaryimage","url":"https:\/\/kulturonline.tv\/wp-content\/uploads\/2023\/11\/MarkusKeimel_Promofoto_1Fotocredit-Mara-Kornschober-Kultur-Online-TV-edited.jpg","contentUrl":"https:\/\/kulturonline.tv\/wp-content\/uploads\/2023\/11\/MarkusKeimel_Promofoto_1Fotocredit-Mara-Kornschober-Kultur-Online-TV-edited.jpg","width":1800,"height":1012},{"@type":"BreadcrumbList","@id":"https:\/\/kulturonline.tv\/de\/das-bewegte-leben-des-pierre-trandel-von-markus-keimel\/#breadcrumb","itemListElement":[{"@type":"ListItem","position":1,"name":"Startseite","item":"https:\/\/kulturonline.tv\/de\/"},{"@type":"ListItem","position":2,"name":"&#8220;Das bewegte Leben des Pierre Trandel&#8221; von Markus Keimel"}]},{"@type":"WebSite","@id":"https:\/\/kulturonline.tv\/de\/#website","url":"https:\/\/kulturonline.tv\/de\/","name":"Kultur Online TV &amp; FM","description":"Wir sind Kultur 2.0 zum sehen &amp; h\u00f6ren","publisher":{"@id":"https:\/\/kulturonline.tv\/de\/#organization"},"potentialAction":[{"@type":"SearchAction","target":{"@type":"EntryPoint","urlTemplate":"https:\/\/kulturonline.tv\/de\/?s={search_term_string}"},"query-input":{"@type":"PropertyValueSpecification","valueRequired":true,"valueName":"search_term_string"}}],"inLanguage":"de"},{"@type":"Organization","@id":"https:\/\/kulturonline.tv\/de\/#organization","name":"Kultur Online TV","url":"https:\/\/kulturonline.tv\/de\/","logo":{"@type":"ImageObject","inLanguage":"de","@id":"https:\/\/kulturonline.tv\/de\/#\/schema\/logo\/image\/","url":"https:\/\/kulturonline.tv\/wp-content\/uploads\/2021\/08\/Kultur-Online-Tv-Logo-Endversion-neu.png","contentUrl":"https:\/\/kulturonline.tv\/wp-content\/uploads\/2021\/08\/Kultur-Online-Tv-Logo-Endversion-neu.png","width":200,"height":200,"caption":"Kultur Online TV"},"image":{"@id":"https:\/\/kulturonline.tv\/de\/#\/schema\/logo\/image\/"},"sameAs":["https:\/\/www.facebook.com\/kulturonline.tv","https:\/\/www.instagram.com\/kulturonline.tv"]},{"@type":"Person","@id":"https:\/\/kulturonline.tv\/de\/#\/schema\/person\/b0fac729bb9a0c193fb1df23449df4fe","name":"guenter.wolfgang"}]}},"_links":{"self":[{"href":"https:\/\/kulturonline.tv\/de\/wp-json\/wp\/v2\/posts\/67840","targetHints":{"allow":["GET"]}}],"collection":[{"href":"https:\/\/kulturonline.tv\/de\/wp-json\/wp\/v2\/posts"}],"about":[{"href":"https:\/\/kulturonline.tv\/de\/wp-json\/wp\/v2\/types\/post"}],"author":[{"embeddable":true,"href":"https:\/\/kulturonline.tv\/de\/wp-json\/wp\/v2\/users\/2"}],"replies":[{"embeddable":true,"href":"https:\/\/kulturonline.tv\/de\/wp-json\/wp\/v2\/comments?post=67840"}],"version-history":[{"count":0,"href":"https:\/\/kulturonline.tv\/de\/wp-json\/wp\/v2\/posts\/67840\/revisions"}],"wp:featuredmedia":[{"embeddable":true,"href":"https:\/\/kulturonline.tv\/de\/wp-json\/wp\/v2\/media\/67843"}],"wp:attachment":[{"href":"https:\/\/kulturonline.tv\/de\/wp-json\/wp\/v2\/media?parent=67840"}],"wp:term":[{"taxonomy":"category","embeddable":true,"href":"https:\/\/kulturonline.tv\/de\/wp-json\/wp\/v2\/categories?post=67840"},{"taxonomy":"post_tag","embeddable":true,"href":"https:\/\/kulturonline.tv\/de\/wp-json\/wp\/v2\/tags?post=67840"}],"curies":[{"name":"wp","href":"https:\/\/api.w.org\/{rel}","templated":true}]}}