{"id":67862,"date":"2023-11-17T17:07:58","date_gmt":"2023-11-17T16:07:58","guid":{"rendered":"https:\/\/kulturonline.tv\/?p=67862"},"modified":"2023-11-17T17:08:35","modified_gmt":"2023-11-17T16:08:35","slug":"rekorderloes-fuer-eine-e-gitarre-von-eric-clapton","status":"publish","type":"post","link":"https:\/\/kulturonline.tv\/de\/rekorderloes-fuer-eine-e-gitarre-von-eric-clapton\/","title":{"rendered":"Rekorderl\u00f6s f\u00fcr eine E-Gitarre von Eric Clapton"},"content":{"rendered":"\n<p>In den USA ist eine E-Gitarre des Rockmusikers Eric Clapton f\u00fcr knapp 1,3 Millionen Dollar versteigert worden.<\/p>\n\n\n\n<figure class=\"wp-block-image size-full is-resized\"><img fetchpriority=\"high\" decoding=\"async\" width=\"1280\" height=\"720\" src=\"https:\/\/kulturonline.tv\/wp-content\/uploads\/2023\/11\/Eric_Clapton_-Kultur-Online-TV-edited.jpg\" alt=\"\" class=\"wp-image-67865\" style=\"width:840px;height:auto\" srcset=\"https:\/\/kulturonline.tv\/wp-content\/uploads\/2023\/11\/Eric_Clapton_-Kultur-Online-TV-edited.jpg 1280w, https:\/\/kulturonline.tv\/wp-content\/uploads\/2023\/11\/Eric_Clapton_-Kultur-Online-TV-edited-800x450.jpg 800w, https:\/\/kulturonline.tv\/wp-content\/uploads\/2023\/11\/Eric_Clapton_-Kultur-Online-TV-edited-768x432.jpg 768w, https:\/\/kulturonline.tv\/wp-content\/uploads\/2023\/11\/Eric_Clapton_-Kultur-Online-TV-edited-600x338.jpg 600w\" sizes=\"(max-width: 1280px) 100vw, 1280px\" \/><\/figure>\n\n\n\n<p>\u00a9 Eric-Clapton-Gitarre Majvdl, CC BY-SA 3.0, via Wikimedia Commons<\/p>\n\n\n\n<p>Psychodelische Motive pr\u00e4gen ihre Malerei. In den sp\u00e4ten 1960er Jahren, als er mit seiner Band Cream erfolgreich war, hatte Clapton die Gitarre gespielt. In Nashville werden w\u00e4hrend der dreit\u00e4gigen Versteigerung insgesamt 1000 Gegenst\u00e4nde von Rock&#8217;n Roll-Gr\u00f6\u00dfen wie Elvis Presley, Prince und Frank Zappa versteigert.<\/p>\n\n\n\n<p>Kultur Online TV<\/p>\n\n\n\n<p>#news #musik<\/p>\n","protected":false},"excerpt":{"rendered":"<p>In den USA ist eine E-Gitarre des Rockmusikers Eric Clapton f\u00fcr knapp 1,3 Millionen Dollar versteigert worden. \u00a9 Eric-Clapton-Gitarre Majvdl, CC BY-SA 3.0, via Wikimedia Commons Psychodelische Motive pr\u00e4gen ihre Malerei. In den sp\u00e4ten 1960er Jahren, als er mit seiner Band Cream erfolgreich war, hatte Clapton die Gitarre gespielt. In Nashville werden w\u00e4hrend der dreit\u00e4gigen [&hellip;]<\/p>\n","protected":false},"author":2,"featured_media":67865,"comment_status":"open","ping_status":"closed","sticky":false,"template":"","format":"standard","meta":{"_acf_changed":false,"footnotes":""},"categories":[19],"tags":[],"class_list":["post-67862","post","type-post","status-publish","format-standard","has-post-thumbnail","hentry","category-musik"],"acf":[],"yoast_head":"<!-- This site is optimized with the Yoast SEO plugin v26.1.1 - https:\/\/yoast.com\/wordpress\/plugins\/seo\/ -->\n<title>Rekorderl\u00f6s f\u00fcr eine E-Gitarre von Eric Clapton - Kultur Online TV &amp; FM<\/title>\n<meta name=\"description\" content=\"In den USA ist eine E-Gitarre des Rockmusikers Eric Clapton f\u00fcr knapp 1,3 Millionen Dollar versteigert worden.\" \/>\n<meta name=\"robots\" content=\"index, follow, max-snippet:-1, max-image-preview:large, max-video-preview:-1\" \/>\n<link rel=\"canonical\" href=\"https:\/\/kulturonline.tv\/de\/rekorderloes-fuer-eine-e-gitarre-von-eric-clapton\/\" \/>\n<meta property=\"og:locale\" content=\"de_DE\" \/>\n<meta property=\"og:type\" content=\"article\" \/>\n<meta property=\"og:title\" content=\"Rekorderl\u00f6s f\u00fcr eine E-Gitarre von Eric Clapton - Kultur Online TV &amp; FM\" \/>\n<meta property=\"og:description\" content=\"In den USA ist eine E-Gitarre des Rockmusikers Eric Clapton f\u00fcr knapp 1,3 Millionen Dollar versteigert worden.\" \/>\n<meta property=\"og:url\" content=\"https:\/\/kulturonline.tv\/de\/rekorderloes-fuer-eine-e-gitarre-von-eric-clapton\/\" \/>\n<meta property=\"og:site_name\" content=\"Kultur Online TV &amp; FM\" \/>\n<meta property=\"article:publisher\" content=\"https:\/\/www.facebook.com\/kulturonline.tv\" \/>\n<meta property=\"article:published_time\" content=\"2023-11-17T16:07:58+00:00\" \/>\n<meta property=\"article:modified_time\" content=\"2023-11-17T16:08:35+00:00\" \/>\n<meta property=\"og:image\" content=\"https:\/\/kulturonline.tv\/wp-content\/uploads\/2023\/11\/Eric_Clapton_-Kultur-Online-TV-edited.jpg\" \/>\n\t<meta property=\"og:image:width\" content=\"1280\" \/>\n\t<meta property=\"og:image:height\" content=\"720\" \/>\n\t<meta property=\"og:image:type\" content=\"image\/jpeg\" \/>\n<meta name=\"author\" content=\"guenter.wolfgang\" \/>\n<meta name=\"twitter:card\" content=\"summary_large_image\" \/>\n<meta name=\"twitter:label1\" content=\"Verfasst von\" \/>\n\t<meta name=\"twitter:data1\" content=\"guenter.wolfgang\" \/>\n<script type=\"application\/ld+json\" class=\"yoast-schema-graph\">{\"@context\":\"https:\/\/schema.org\",\"@graph\":[{\"@type\":\"Article\",\"@id\":\"https:\/\/kulturonline.tv\/de\/rekorderloes-fuer-eine-e-gitarre-von-eric-clapton\/#article\",\"isPartOf\":{\"@id\":\"https:\/\/kulturonline.tv\/de\/rekorderloes-fuer-eine-e-gitarre-von-eric-clapton\/\"},\"author\":{\"name\":\"guenter.wolfgang\",\"@id\":\"https:\/\/kulturonline.tv\/de\/#\/schema\/person\/b0fac729bb9a0c193fb1df23449df4fe\"},\"headline\":\"Rekorderl\u00f6s f\u00fcr eine E-Gitarre von Eric Clapton\",\"datePublished\":\"2023-11-17T16:07:58+00:00\",\"dateModified\":\"2023-11-17T16:08:35+00:00\",\"mainEntityOfPage\":{\"@id\":\"https:\/\/kulturonline.tv\/de\/rekorderloes-fuer-eine-e-gitarre-von-eric-clapton\/\"},\"wordCount\":88,\"commentCount\":1,\"publisher\":{\"@id\":\"https:\/\/kulturonline.tv\/de\/#organization\"},\"image\":{\"@id\":\"https:\/\/kulturonline.tv\/de\/rekorderloes-fuer-eine-e-gitarre-von-eric-clapton\/#primaryimage\"},\"thumbnailUrl\":\"https:\/\/kulturonline.tv\/wp-content\/uploads\/2023\/11\/Eric_Clapton_-Kultur-Online-TV-edited.jpg\",\"articleSection\":[\"Musik\"],\"inLanguage\":\"de\",\"potentialAction\":[{\"@type\":\"CommentAction\",\"name\":\"Comment\",\"target\":[\"https:\/\/kulturonline.tv\/de\/rekorderloes-fuer-eine-e-gitarre-von-eric-clapton\/#respond\"]}]},{\"@type\":\"WebPage\",\"@id\":\"https:\/\/kulturonline.tv\/de\/rekorderloes-fuer-eine-e-gitarre-von-eric-clapton\/\",\"url\":\"https:\/\/kulturonline.tv\/de\/rekorderloes-fuer-eine-e-gitarre-von-eric-clapton\/\",\"name\":\"Rekorderl\u00f6s f\u00fcr eine E-Gitarre von Eric Clapton - Kultur Online TV &amp; FM\",\"isPartOf\":{\"@id\":\"https:\/\/kulturonline.tv\/de\/#website\"},\"primaryImageOfPage\":{\"@id\":\"https:\/\/kulturonline.tv\/de\/rekorderloes-fuer-eine-e-gitarre-von-eric-clapton\/#primaryimage\"},\"image\":{\"@id\":\"https:\/\/kulturonline.tv\/de\/rekorderloes-fuer-eine-e-gitarre-von-eric-clapton\/#primaryimage\"},\"thumbnailUrl\":\"https:\/\/kulturonline.tv\/wp-content\/uploads\/2023\/11\/Eric_Clapton_-Kultur-Online-TV-edited.jpg\",\"datePublished\":\"2023-11-17T16:07:58+00:00\",\"dateModified\":\"2023-11-17T16:08:35+00:00\",\"description\":\"In den USA ist eine E-Gitarre des Rockmusikers Eric Clapton f\u00fcr knapp 1,3 Millionen Dollar versteigert worden.\",\"breadcrumb\":{\"@id\":\"https:\/\/kulturonline.tv\/de\/rekorderloes-fuer-eine-e-gitarre-von-eric-clapton\/#breadcrumb\"},\"inLanguage\":\"de\",\"potentialAction\":[{\"@type\":\"ReadAction\",\"target\":[\"https:\/\/kulturonline.tv\/de\/rekorderloes-fuer-eine-e-gitarre-von-eric-clapton\/\"]}]},{\"@type\":\"ImageObject\",\"inLanguage\":\"de\",\"@id\":\"https:\/\/kulturonline.tv\/de\/rekorderloes-fuer-eine-e-gitarre-von-eric-clapton\/#primaryimage\",\"url\":\"https:\/\/kulturonline.tv\/wp-content\/uploads\/2023\/11\/Eric_Clapton_-Kultur-Online-TV-edited.jpg\",\"contentUrl\":\"https:\/\/kulturonline.tv\/wp-content\/uploads\/2023\/11\/Eric_Clapton_-Kultur-Online-TV-edited.jpg\",\"width\":1280,\"height\":720},{\"@type\":\"BreadcrumbList\",\"@id\":\"https:\/\/kulturonline.tv\/de\/rekorderloes-fuer-eine-e-gitarre-von-eric-clapton\/#breadcrumb\",\"itemListElement\":[{\"@type\":\"ListItem\",\"position\":1,\"name\":\"Startseite\",\"item\":\"https:\/\/kulturonline.tv\/de\/\"},{\"@type\":\"ListItem\",\"position\":2,\"name\":\"Rekorderl\u00f6s f\u00fcr eine E-Gitarre von Eric Clapton\"}]},{\"@type\":\"WebSite\",\"@id\":\"https:\/\/kulturonline.tv\/de\/#website\",\"url\":\"https:\/\/kulturonline.tv\/de\/\",\"name\":\"Kultur Online TV &amp; FM\",\"description\":\"Wir sind Kultur 2.0 zum sehen &amp; h\u00f6ren\",\"publisher\":{\"@id\":\"https:\/\/kulturonline.tv\/de\/#organization\"},\"potentialAction\":[{\"@type\":\"SearchAction\",\"target\":{\"@type\":\"EntryPoint\",\"urlTemplate\":\"https:\/\/kulturonline.tv\/de\/?s={search_term_string}\"},\"query-input\":{\"@type\":\"PropertyValueSpecification\",\"valueRequired\":true,\"valueName\":\"search_term_string\"}}],\"inLanguage\":\"de\"},{\"@type\":\"Organization\",\"@id\":\"https:\/\/kulturonline.tv\/de\/#organization\",\"name\":\"Kultur Online TV\",\"url\":\"https:\/\/kulturonline.tv\/de\/\",\"logo\":{\"@type\":\"ImageObject\",\"inLanguage\":\"de\",\"@id\":\"https:\/\/kulturonline.tv\/de\/#\/schema\/logo\/image\/\",\"url\":\"https:\/\/kulturonline.tv\/wp-content\/uploads\/2021\/08\/Kultur-Online-Tv-Logo-Endversion-neu.png\",\"contentUrl\":\"https:\/\/kulturonline.tv\/wp-content\/uploads\/2021\/08\/Kultur-Online-Tv-Logo-Endversion-neu.png\",\"width\":200,\"height\":200,\"caption\":\"Kultur Online TV\"},\"image\":{\"@id\":\"https:\/\/kulturonline.tv\/de\/#\/schema\/logo\/image\/\"},\"sameAs\":[\"https:\/\/www.facebook.com\/kulturonline.tv\",\"https:\/\/www.instagram.com\/kulturonline.tv\"]},{\"@type\":\"Person\",\"@id\":\"https:\/\/kulturonline.tv\/de\/#\/schema\/person\/b0fac729bb9a0c193fb1df23449df4fe\",\"name\":\"guenter.wolfgang\"}]}<\/script>\n<!-- \/ Yoast SEO plugin. -->","yoast_head_json":{"title":"Rekorderl\u00f6s f\u00fcr eine E-Gitarre von Eric Clapton - Kultur Online TV &amp; FM","description":"In den USA ist eine E-Gitarre des Rockmusikers Eric Clapton f\u00fcr knapp 1,3 Millionen Dollar versteigert worden.","robots":{"index":"index","follow":"follow","max-snippet":"max-snippet:-1","max-image-preview":"max-image-preview:large","max-video-preview":"max-video-preview:-1"},"canonical":"https:\/\/kulturonline.tv\/de\/rekorderloes-fuer-eine-e-gitarre-von-eric-clapton\/","og_locale":"de_DE","og_type":"article","og_title":"Rekorderl\u00f6s f\u00fcr eine E-Gitarre von Eric Clapton - Kultur Online TV &amp; FM","og_description":"In den USA ist eine E-Gitarre des Rockmusikers Eric Clapton f\u00fcr knapp 1,3 Millionen Dollar versteigert worden.","og_url":"https:\/\/kulturonline.tv\/de\/rekorderloes-fuer-eine-e-gitarre-von-eric-clapton\/","og_site_name":"Kultur Online TV &amp; FM","article_publisher":"https:\/\/www.facebook.com\/kulturonline.tv","article_published_time":"2023-11-17T16:07:58+00:00","article_modified_time":"2023-11-17T16:08:35+00:00","og_image":[{"width":1280,"height":720,"url":"https:\/\/kulturonline.tv\/wp-content\/uploads\/2023\/11\/Eric_Clapton_-Kultur-Online-TV-edited.jpg","type":"image\/jpeg"}],"author":"guenter.wolfgang","twitter_card":"summary_large_image","twitter_misc":{"Verfasst von":"guenter.wolfgang"},"schema":{"@context":"https:\/\/schema.org","@graph":[{"@type":"Article","@id":"https:\/\/kulturonline.tv\/de\/rekorderloes-fuer-eine-e-gitarre-von-eric-clapton\/#article","isPartOf":{"@id":"https:\/\/kulturonline.tv\/de\/rekorderloes-fuer-eine-e-gitarre-von-eric-clapton\/"},"author":{"name":"guenter.wolfgang","@id":"https:\/\/kulturonline.tv\/de\/#\/schema\/person\/b0fac729bb9a0c193fb1df23449df4fe"},"headline":"Rekorderl\u00f6s f\u00fcr eine E-Gitarre von Eric Clapton","datePublished":"2023-11-17T16:07:58+00:00","dateModified":"2023-11-17T16:08:35+00:00","mainEntityOfPage":{"@id":"https:\/\/kulturonline.tv\/de\/rekorderloes-fuer-eine-e-gitarre-von-eric-clapton\/"},"wordCount":88,"commentCount":1,"publisher":{"@id":"https:\/\/kulturonline.tv\/de\/#organization"},"image":{"@id":"https:\/\/kulturonline.tv\/de\/rekorderloes-fuer-eine-e-gitarre-von-eric-clapton\/#primaryimage"},"thumbnailUrl":"https:\/\/kulturonline.tv\/wp-content\/uploads\/2023\/11\/Eric_Clapton_-Kultur-Online-TV-edited.jpg","articleSection":["Musik"],"inLanguage":"de","potentialAction":[{"@type":"CommentAction","name":"Comment","target":["https:\/\/kulturonline.tv\/de\/rekorderloes-fuer-eine-e-gitarre-von-eric-clapton\/#respond"]}]},{"@type":"WebPage","@id":"https:\/\/kulturonline.tv\/de\/rekorderloes-fuer-eine-e-gitarre-von-eric-clapton\/","url":"https:\/\/kulturonline.tv\/de\/rekorderloes-fuer-eine-e-gitarre-von-eric-clapton\/","name":"Rekorderl\u00f6s f\u00fcr eine E-Gitarre von Eric Clapton - Kultur Online TV &amp; FM","isPartOf":{"@id":"https:\/\/kulturonline.tv\/de\/#website"},"primaryImageOfPage":{"@id":"https:\/\/kulturonline.tv\/de\/rekorderloes-fuer-eine-e-gitarre-von-eric-clapton\/#primaryimage"},"image":{"@id":"https:\/\/kulturonline.tv\/de\/rekorderloes-fuer-eine-e-gitarre-von-eric-clapton\/#primaryimage"},"thumbnailUrl":"https:\/\/kulturonline.tv\/wp-content\/uploads\/2023\/11\/Eric_Clapton_-Kultur-Online-TV-edited.jpg","datePublished":"2023-11-17T16:07:58+00:00","dateModified":"2023-11-17T16:08:35+00:00","description":"In den USA ist eine E-Gitarre des Rockmusikers Eric Clapton f\u00fcr knapp 1,3 Millionen Dollar versteigert worden.","breadcrumb":{"@id":"https:\/\/kulturonline.tv\/de\/rekorderloes-fuer-eine-e-gitarre-von-eric-clapton\/#breadcrumb"},"inLanguage":"de","potentialAction":[{"@type":"ReadAction","target":["https:\/\/kulturonline.tv\/de\/rekorderloes-fuer-eine-e-gitarre-von-eric-clapton\/"]}]},{"@type":"ImageObject","inLanguage":"de","@id":"https:\/\/kulturonline.tv\/de\/rekorderloes-fuer-eine-e-gitarre-von-eric-clapton\/#primaryimage","url":"https:\/\/kulturonline.tv\/wp-content\/uploads\/2023\/11\/Eric_Clapton_-Kultur-Online-TV-edited.jpg","contentUrl":"https:\/\/kulturonline.tv\/wp-content\/uploads\/2023\/11\/Eric_Clapton_-Kultur-Online-TV-edited.jpg","width":1280,"height":720},{"@type":"BreadcrumbList","@id":"https:\/\/kulturonline.tv\/de\/rekorderloes-fuer-eine-e-gitarre-von-eric-clapton\/#breadcrumb","itemListElement":[{"@type":"ListItem","position":1,"name":"Startseite","item":"https:\/\/kulturonline.tv\/de\/"},{"@type":"ListItem","position":2,"name":"Rekorderl\u00f6s f\u00fcr eine E-Gitarre von Eric Clapton"}]},{"@type":"WebSite","@id":"https:\/\/kulturonline.tv\/de\/#website","url":"https:\/\/kulturonline.tv\/de\/","name":"Kultur Online TV &amp; FM","description":"Wir sind Kultur 2.0 zum sehen &amp; h\u00f6ren","publisher":{"@id":"https:\/\/kulturonline.tv\/de\/#organization"},"potentialAction":[{"@type":"SearchAction","target":{"@type":"EntryPoint","urlTemplate":"https:\/\/kulturonline.tv\/de\/?s={search_term_string}"},"query-input":{"@type":"PropertyValueSpecification","valueRequired":true,"valueName":"search_term_string"}}],"inLanguage":"de"},{"@type":"Organization","@id":"https:\/\/kulturonline.tv\/de\/#organization","name":"Kultur Online TV","url":"https:\/\/kulturonline.tv\/de\/","logo":{"@type":"ImageObject","inLanguage":"de","@id":"https:\/\/kulturonline.tv\/de\/#\/schema\/logo\/image\/","url":"https:\/\/kulturonline.tv\/wp-content\/uploads\/2021\/08\/Kultur-Online-Tv-Logo-Endversion-neu.png","contentUrl":"https:\/\/kulturonline.tv\/wp-content\/uploads\/2021\/08\/Kultur-Online-Tv-Logo-Endversion-neu.png","width":200,"height":200,"caption":"Kultur Online TV"},"image":{"@id":"https:\/\/kulturonline.tv\/de\/#\/schema\/logo\/image\/"},"sameAs":["https:\/\/www.facebook.com\/kulturonline.tv","https:\/\/www.instagram.com\/kulturonline.tv"]},{"@type":"Person","@id":"https:\/\/kulturonline.tv\/de\/#\/schema\/person\/b0fac729bb9a0c193fb1df23449df4fe","name":"guenter.wolfgang"}]}},"_links":{"self":[{"href":"https:\/\/kulturonline.tv\/de\/wp-json\/wp\/v2\/posts\/67862","targetHints":{"allow":["GET"]}}],"collection":[{"href":"https:\/\/kulturonline.tv\/de\/wp-json\/wp\/v2\/posts"}],"about":[{"href":"https:\/\/kulturonline.tv\/de\/wp-json\/wp\/v2\/types\/post"}],"author":[{"embeddable":true,"href":"https:\/\/kulturonline.tv\/de\/wp-json\/wp\/v2\/users\/2"}],"replies":[{"embeddable":true,"href":"https:\/\/kulturonline.tv\/de\/wp-json\/wp\/v2\/comments?post=67862"}],"version-history":[{"count":0,"href":"https:\/\/kulturonline.tv\/de\/wp-json\/wp\/v2\/posts\/67862\/revisions"}],"wp:featuredmedia":[{"embeddable":true,"href":"https:\/\/kulturonline.tv\/de\/wp-json\/wp\/v2\/media\/67865"}],"wp:attachment":[{"href":"https:\/\/kulturonline.tv\/de\/wp-json\/wp\/v2\/media?parent=67862"}],"wp:term":[{"taxonomy":"category","embeddable":true,"href":"https:\/\/kulturonline.tv\/de\/wp-json\/wp\/v2\/categories?post=67862"},{"taxonomy":"post_tag","embeddable":true,"href":"https:\/\/kulturonline.tv\/de\/wp-json\/wp\/v2\/tags?post=67862"}],"curies":[{"name":"wp","href":"https:\/\/api.w.org\/{rel}","templated":true}]}}