{"id":67979,"date":"2023-11-18T06:37:06","date_gmt":"2023-11-18T05:37:06","guid":{"rendered":"https:\/\/kulturonline.tv\/?p=67979"},"modified":"2023-11-18T06:37:38","modified_gmt":"2023-11-18T05:37:38","slug":"werkschau-der-filmakademie-wien","status":"publish","type":"post","link":"https:\/\/kulturonline.tv\/de\/werkschau-der-filmakademie-wien\/","title":{"rendered":"Werkschau der Filmakademie Wien"},"content":{"rendered":"\n<p>Er\u00f6ffnung: Di, 21. Nov. 2023, 20 Uhr, Gartenbaukino &#8211; Werkschau: Mi-Fr, 22.-24. Nov. 2023, 16-24 Uhr, Stadtkino im K\u00fcnstlerhaus, Arthouse Kino der mdw<\/p>\n\n\n\n<figure class=\"wp-block-image size-large\"><img fetchpriority=\"high\" decoding=\"async\" width=\"2560\" height=\"1439\" src=\"https:\/\/kulturonline.tv\/wp-content\/uploads\/2023\/11\/Kultur-Online-TV-5-edited-scaled.jpg\" alt=\"\" class=\"wp-image-67982\" srcset=\"https:\/\/kulturonline.tv\/wp-content\/uploads\/2023\/11\/Kultur-Online-TV-5-edited-scaled.jpg 2560w, https:\/\/kulturonline.tv\/wp-content\/uploads\/2023\/11\/Kultur-Online-TV-5-edited-800x450.jpg 800w, https:\/\/kulturonline.tv\/wp-content\/uploads\/2023\/11\/Kultur-Online-TV-5-edited-1600x900.jpg 1600w, https:\/\/kulturonline.tv\/wp-content\/uploads\/2023\/11\/Kultur-Online-TV-5-edited-768x432.jpg 768w, https:\/\/kulturonline.tv\/wp-content\/uploads\/2023\/11\/Kultur-Online-TV-5-edited-1536x864.jpg 1536w, https:\/\/kulturonline.tv\/wp-content\/uploads\/2023\/11\/Kultur-Online-TV-5-edited-2048x1152.jpg 2048w, https:\/\/kulturonline.tv\/wp-content\/uploads\/2023\/11\/Kultur-Online-TV-5-edited-600x337.jpg 600w\" sizes=\"(max-width: 2560px) 100vw, 2560px\" \/><figcaption class=\"wp-element-caption\">Filmstill aus &#8222;Im Traum sind alle Quallen feucht&#8220;<\/figcaption><\/figure>\n\n\n\n<p>Die Werkschau der Filmakademie Wien (Institut f\u00fcr Film und Fernsehen der mdw \u2013 Universit\u00e4t f\u00fcr Musik und darstellende Kunst Wien) pr\u00e4sentiert von 21. bis 24. November 2023 ihr j\u00e4hrliches Showcase und gibt Einblicke in das aktuelle filmische Schaffen ihrer Studierenden. An vier Tagen werden sowohl exklusive Vorpremieren als auch festivalerprobte Filme zu sehen sein. Am 23. November findet wie schon im Vorjahr der \u201eInfotag Film\u201c im Rahmen der Werkschau statt, und mit dem Programm \u201eAus der Werkstatt\u201c stellt die Filmakademie Wien ihre Buchreihe und den aktuellen Band \u00fcber die Editorin Karina Ressler vor. Spielorte sind das Gartenbaukino, das Stadtkino Wien und das mdw eigene Arthouse Kino.<\/p>\n\n\n\n<p>Er\u00f6ffnungsprogramm im Gartenbaukino<br>Am Er\u00f6ffnungsabend der Werkschau am 21. November im Gartenbaukino erwartet das Publikum die exklusive Preview von drei Kurzspielfilmen. Clara Stern, die in diesem Jahr ihr Spielfilmdeb\u00fct mit dem Spielfilm \u201eBreaking the Ice\u201c feierte, pr\u00e4sentiert ihren Abschlussfilm \u201eIm Spiel\u201c \u2013 die Geschichte eines Geschwisterpaares, das im Rollenspiel versucht, mit ihrem schwierigen Verh\u00e4ltnis und dem ihrer Familie umzugehen. Jos\u00e8 Camargos Film \u201eInterchange\u201c erz\u00e4hlt ebenfalls eine Geschichte \u00fcber zwei Familien in Toronto und Wien, die durch schwere Schicksalsschl\u00e4ge die Beziehung zu ihren Kindern neu ordnen m\u00fcssen. Eine Neuordnung ihrer Identit\u00e4t durchlebt Niccey, die Protagonistin in Ani Novakovics neuem Film \u201eI\/Me\u201c, in dem die Eltern mit der neuen Geschlechtsidentit\u00e4t ihres Kindes zu k\u00e4mpfen haben.<\/p>\n\n\n\n<p>Durch den Er\u00f6ffnungsabend f\u00fchrt Regisseur und Filmakademie Wien-Absolvent Christoph Rainer.<\/p>\n\n\n\n<p>Werkschau 2023 im Stadtkino und Arthouse Kino<br>Die Filmprogramme am 22. und 23. November im Stadtkino und am 24. November im Arthouse Kino pr\u00e4sentieren einen abwechslungsreichen und spannenden Querschnitt durch die verschiedenen Jahrg\u00e4nge, Genres und Erz\u00e4hlformen. Zahlreiche Filme werden als Vorpremieren erstmals im Kino zu sehen sein und die junge Generation der Filmakademie Wien stellt sich dem Publikum vor. Im Rahmen der Werkschau werden neben den Previews auch die festivalerprobten und preisgekr\u00f6nten Filme der Studierenden zu sehen sein. Allen voran der Gewinner des Student Academy Award \u201eDie Unsichtbare Grenze\u201c, der am 24. November im Arthouse Kino der mdw zu sehen sein wird, der mit dem FIRST STEPS Award ausgezeichnete Horrorfilm \u201eDer Riss\u201c und \u201eUntil I Lie Still\u201c, der Jugendjury-Preistr\u00e4gerfilm der Vienna Short, werden in den Programmen im Stadtkino Wien gezeigt. Erstmals vor Wiener Publikum wird der Kurzfilm \u201eNellys Story\u201c gezeigt, der heuer beim Filmfestival Max Oph\u00fcls Preis seine Premiere feierte. Seine Wienpremiere feiert auch \u201eMenuett\u201c von Regisseur Hans Broich, der einzige Langfilm im Programm der heurigen Werkschau. Felix Leitner wurde f\u00fcr diesen Film bei der Diagonale 2023 mit dem Preis f\u00fcr die \u201eBeste k\u00fcnstlerische Montage Spielfilm\u201c ausgezeichnet.<\/p>\n\n\n\n<p>Seit ihrer Gr\u00fcndung vor \u00fcber 70 Jahren ist die Filmakademie Wien als innovative Ausbildungsst\u00e4tte f\u00fcr Film- und Fernsehschaffende national wie international nicht mehr wegzudenken. Rektorin Ulrike Sych: \u201eMit der j\u00e4hrlichen Werkschau geben die Studierenden der Filmakademie einen spannenden Einblick in ihr Filmschaffen. Dabei sind in Wien j\u00fcngste Werke zu sehen, die auch international Erfolge feiern und zum gro\u00dfen Renommee des zeitgen\u00f6ssischen \u00f6sterreichischen Films beitragen.\u201c \u201eWir freuen uns, gemeinsam mit dem Publikum die Filme unsere Studierenden zu sehen und zu feiern. Wir m\u00f6chten die Vielfalt und Unterschiedlichkeit der Werke hervorheben, sie best\u00e4tigen die Bem\u00fchungen aller Lehrenden und Mitarbeiter*innen an der Filmakademie Wien, mit ungebrochener Leidenschaft unseren Nachwuchs zu begleiten und zu unterst\u00fctzen\u201c, so Danny Krausz und Oliver Kunz, Institutsleitung der Filmakademie Wien.<\/p>\n\n\n\n<p>Das detaillierte Programm auf www.filmakademie.wien<\/p>\n\n\n\n<p>Eintritt zu allen Veranstaltungen frei!<\/p>\n\n\n\n<p>Kultur Online TV-FM<\/p>\n\n\n\n<p>#news #event #film<\/p>\n","protected":false},"excerpt":{"rendered":"<p>Er\u00f6ffnung: Di, 21. Nov. 2023, 20 Uhr, Gartenbaukino &#8211; Werkschau: Mi-Fr, 22.-24. Nov. 2023, 16-24 Uhr, Stadtkino im K\u00fcnstlerhaus, Arthouse Kino der mdw Die Werkschau der Filmakademie Wien (Institut f\u00fcr Film und Fernsehen der mdw \u2013 Universit\u00e4t f\u00fcr Musik und darstellende Kunst Wien) pr\u00e4sentiert von 21. bis 24. November 2023 ihr j\u00e4hrliches Showcase und gibt [&hellip;]<\/p>\n","protected":false},"author":2,"featured_media":67982,"comment_status":"open","ping_status":"closed","sticky":false,"template":"","format":"standard","meta":{"_acf_changed":false,"footnotes":""},"categories":[1],"tags":[],"class_list":["post-67979","post","type-post","status-publish","format-standard","has-post-thumbnail","hentry","category-unkategorisiert"],"acf":[],"yoast_head":"<!-- This site is optimized with the Yoast SEO plugin v26.1.1 - https:\/\/yoast.com\/wordpress\/plugins\/seo\/ -->\n<title>Werkschau der Filmakademie Wien - Kultur Online TV &amp; FM<\/title>\n<meta name=\"description\" content=\"Er\u00f6ffnung: Di, 21. Nov. 2023, 20 Uhr, Gartenbaukino - Werkschau: Mi-Fr, 22.-24. Nov. 2023, 16-24 Uhr, Stadtkino im K\u00fcnstlerhaus, Arthouse Kino der mdw\" \/>\n<meta name=\"robots\" content=\"index, follow, max-snippet:-1, max-image-preview:large, max-video-preview:-1\" \/>\n<link rel=\"canonical\" href=\"https:\/\/kulturonline.tv\/de\/werkschau-der-filmakademie-wien\/\" \/>\n<meta property=\"og:locale\" content=\"de_DE\" \/>\n<meta property=\"og:type\" content=\"article\" \/>\n<meta property=\"og:title\" content=\"Werkschau der Filmakademie Wien - Kultur Online TV &amp; FM\" \/>\n<meta property=\"og:description\" content=\"Er\u00f6ffnung: Di, 21. Nov. 2023, 20 Uhr, Gartenbaukino - Werkschau: Mi-Fr, 22.-24. Nov. 2023, 16-24 Uhr, Stadtkino im K\u00fcnstlerhaus, Arthouse Kino der mdw\" \/>\n<meta property=\"og:url\" content=\"https:\/\/kulturonline.tv\/de\/werkschau-der-filmakademie-wien\/\" \/>\n<meta property=\"og:site_name\" content=\"Kultur Online TV &amp; FM\" \/>\n<meta property=\"article:publisher\" content=\"https:\/\/www.facebook.com\/kulturonline.tv\" \/>\n<meta property=\"article:published_time\" content=\"2023-11-18T05:37:06+00:00\" \/>\n<meta property=\"article:modified_time\" content=\"2023-11-18T05:37:38+00:00\" \/>\n<meta property=\"og:image\" content=\"https:\/\/kulturonline.tv\/wp-content\/uploads\/2023\/11\/Kultur-Online-TV-5-edited-scaled.jpg\" \/>\n\t<meta property=\"og:image:width\" content=\"2560\" \/>\n\t<meta property=\"og:image:height\" content=\"1439\" \/>\n\t<meta property=\"og:image:type\" content=\"image\/jpeg\" \/>\n<meta name=\"author\" content=\"guenter.wolfgang\" \/>\n<meta name=\"twitter:card\" content=\"summary_large_image\" \/>\n<meta name=\"twitter:label1\" content=\"Verfasst von\" \/>\n\t<meta name=\"twitter:data1\" content=\"guenter.wolfgang\" \/>\n\t<meta name=\"twitter:label2\" content=\"Gesch\u00e4tzte Lesezeit\" \/>\n\t<meta name=\"twitter:data2\" content=\"3\u00a0Minuten\" \/>\n<script type=\"application\/ld+json\" class=\"yoast-schema-graph\">{\"@context\":\"https:\/\/schema.org\",\"@graph\":[{\"@type\":\"Article\",\"@id\":\"https:\/\/kulturonline.tv\/de\/werkschau-der-filmakademie-wien\/#article\",\"isPartOf\":{\"@id\":\"https:\/\/kulturonline.tv\/de\/werkschau-der-filmakademie-wien\/\"},\"author\":{\"name\":\"guenter.wolfgang\",\"@id\":\"https:\/\/kulturonline.tv\/de\/#\/schema\/person\/b0fac729bb9a0c193fb1df23449df4fe\"},\"headline\":\"Werkschau der Filmakademie Wien\",\"datePublished\":\"2023-11-18T05:37:06+00:00\",\"dateModified\":\"2023-11-18T05:37:38+00:00\",\"mainEntityOfPage\":{\"@id\":\"https:\/\/kulturonline.tv\/de\/werkschau-der-filmakademie-wien\/\"},\"wordCount\":612,\"commentCount\":3,\"publisher\":{\"@id\":\"https:\/\/kulturonline.tv\/de\/#organization\"},\"image\":{\"@id\":\"https:\/\/kulturonline.tv\/de\/werkschau-der-filmakademie-wien\/#primaryimage\"},\"thumbnailUrl\":\"https:\/\/kulturonline.tv\/wp-content\/uploads\/2023\/11\/Kultur-Online-TV-5-edited-scaled.jpg\",\"articleSection\":[\"Unkategorisiert\"],\"inLanguage\":\"de\",\"potentialAction\":[{\"@type\":\"CommentAction\",\"name\":\"Comment\",\"target\":[\"https:\/\/kulturonline.tv\/de\/werkschau-der-filmakademie-wien\/#respond\"]}]},{\"@type\":\"WebPage\",\"@id\":\"https:\/\/kulturonline.tv\/de\/werkschau-der-filmakademie-wien\/\",\"url\":\"https:\/\/kulturonline.tv\/de\/werkschau-der-filmakademie-wien\/\",\"name\":\"Werkschau der Filmakademie Wien - Kultur Online TV &amp; FM\",\"isPartOf\":{\"@id\":\"https:\/\/kulturonline.tv\/de\/#website\"},\"primaryImageOfPage\":{\"@id\":\"https:\/\/kulturonline.tv\/de\/werkschau-der-filmakademie-wien\/#primaryimage\"},\"image\":{\"@id\":\"https:\/\/kulturonline.tv\/de\/werkschau-der-filmakademie-wien\/#primaryimage\"},\"thumbnailUrl\":\"https:\/\/kulturonline.tv\/wp-content\/uploads\/2023\/11\/Kultur-Online-TV-5-edited-scaled.jpg\",\"datePublished\":\"2023-11-18T05:37:06+00:00\",\"dateModified\":\"2023-11-18T05:37:38+00:00\",\"description\":\"Er\u00f6ffnung: Di, 21. Nov. 2023, 20 Uhr, Gartenbaukino - Werkschau: Mi-Fr, 22.-24. Nov. 2023, 16-24 Uhr, Stadtkino im K\u00fcnstlerhaus, Arthouse Kino der mdw\",\"breadcrumb\":{\"@id\":\"https:\/\/kulturonline.tv\/de\/werkschau-der-filmakademie-wien\/#breadcrumb\"},\"inLanguage\":\"de\",\"potentialAction\":[{\"@type\":\"ReadAction\",\"target\":[\"https:\/\/kulturonline.tv\/de\/werkschau-der-filmakademie-wien\/\"]}]},{\"@type\":\"ImageObject\",\"inLanguage\":\"de\",\"@id\":\"https:\/\/kulturonline.tv\/de\/werkschau-der-filmakademie-wien\/#primaryimage\",\"url\":\"https:\/\/kulturonline.tv\/wp-content\/uploads\/2023\/11\/Kultur-Online-TV-5-edited-scaled.jpg\",\"contentUrl\":\"https:\/\/kulturonline.tv\/wp-content\/uploads\/2023\/11\/Kultur-Online-TV-5-edited-scaled.jpg\",\"width\":2560,\"height\":1439,\"caption\":\"BILD zu OTS - Filmstill aus \\\"Im Traum sind alle Quallen feucht\\\"\"},{\"@type\":\"BreadcrumbList\",\"@id\":\"https:\/\/kulturonline.tv\/de\/werkschau-der-filmakademie-wien\/#breadcrumb\",\"itemListElement\":[{\"@type\":\"ListItem\",\"position\":1,\"name\":\"Startseite\",\"item\":\"https:\/\/kulturonline.tv\/de\/\"},{\"@type\":\"ListItem\",\"position\":2,\"name\":\"Werkschau der Filmakademie Wien\"}]},{\"@type\":\"WebSite\",\"@id\":\"https:\/\/kulturonline.tv\/de\/#website\",\"url\":\"https:\/\/kulturonline.tv\/de\/\",\"name\":\"Kultur Online TV &amp; FM\",\"description\":\"Wir sind Kultur 2.0 zum sehen &amp; h\u00f6ren\",\"publisher\":{\"@id\":\"https:\/\/kulturonline.tv\/de\/#organization\"},\"potentialAction\":[{\"@type\":\"SearchAction\",\"target\":{\"@type\":\"EntryPoint\",\"urlTemplate\":\"https:\/\/kulturonline.tv\/de\/?s={search_term_string}\"},\"query-input\":{\"@type\":\"PropertyValueSpecification\",\"valueRequired\":true,\"valueName\":\"search_term_string\"}}],\"inLanguage\":\"de\"},{\"@type\":\"Organization\",\"@id\":\"https:\/\/kulturonline.tv\/de\/#organization\",\"name\":\"Kultur Online TV\",\"url\":\"https:\/\/kulturonline.tv\/de\/\",\"logo\":{\"@type\":\"ImageObject\",\"inLanguage\":\"de\",\"@id\":\"https:\/\/kulturonline.tv\/de\/#\/schema\/logo\/image\/\",\"url\":\"https:\/\/kulturonline.tv\/wp-content\/uploads\/2021\/08\/Kultur-Online-Tv-Logo-Endversion-neu.png\",\"contentUrl\":\"https:\/\/kulturonline.tv\/wp-content\/uploads\/2021\/08\/Kultur-Online-Tv-Logo-Endversion-neu.png\",\"width\":200,\"height\":200,\"caption\":\"Kultur Online TV\"},\"image\":{\"@id\":\"https:\/\/kulturonline.tv\/de\/#\/schema\/logo\/image\/\"},\"sameAs\":[\"https:\/\/www.facebook.com\/kulturonline.tv\",\"https:\/\/www.instagram.com\/kulturonline.tv\"]},{\"@type\":\"Person\",\"@id\":\"https:\/\/kulturonline.tv\/de\/#\/schema\/person\/b0fac729bb9a0c193fb1df23449df4fe\",\"name\":\"guenter.wolfgang\"}]}<\/script>\n<!-- \/ Yoast SEO plugin. -->","yoast_head_json":{"title":"Werkschau der Filmakademie Wien - Kultur Online TV &amp; FM","description":"Er\u00f6ffnung: Di, 21. Nov. 2023, 20 Uhr, Gartenbaukino - Werkschau: Mi-Fr, 22.-24. Nov. 2023, 16-24 Uhr, Stadtkino im K\u00fcnstlerhaus, Arthouse Kino der mdw","robots":{"index":"index","follow":"follow","max-snippet":"max-snippet:-1","max-image-preview":"max-image-preview:large","max-video-preview":"max-video-preview:-1"},"canonical":"https:\/\/kulturonline.tv\/de\/werkschau-der-filmakademie-wien\/","og_locale":"de_DE","og_type":"article","og_title":"Werkschau der Filmakademie Wien - Kultur Online TV &amp; FM","og_description":"Er\u00f6ffnung: Di, 21. Nov. 2023, 20 Uhr, Gartenbaukino - Werkschau: Mi-Fr, 22.-24. Nov. 2023, 16-24 Uhr, Stadtkino im K\u00fcnstlerhaus, Arthouse Kino der mdw","og_url":"https:\/\/kulturonline.tv\/de\/werkschau-der-filmakademie-wien\/","og_site_name":"Kultur Online TV &amp; FM","article_publisher":"https:\/\/www.facebook.com\/kulturonline.tv","article_published_time":"2023-11-18T05:37:06+00:00","article_modified_time":"2023-11-18T05:37:38+00:00","og_image":[{"width":2560,"height":1439,"url":"https:\/\/kulturonline.tv\/wp-content\/uploads\/2023\/11\/Kultur-Online-TV-5-edited-scaled.jpg","type":"image\/jpeg"}],"author":"guenter.wolfgang","twitter_card":"summary_large_image","twitter_misc":{"Verfasst von":"guenter.wolfgang","Gesch\u00e4tzte Lesezeit":"3\u00a0Minuten"},"schema":{"@context":"https:\/\/schema.org","@graph":[{"@type":"Article","@id":"https:\/\/kulturonline.tv\/de\/werkschau-der-filmakademie-wien\/#article","isPartOf":{"@id":"https:\/\/kulturonline.tv\/de\/werkschau-der-filmakademie-wien\/"},"author":{"name":"guenter.wolfgang","@id":"https:\/\/kulturonline.tv\/de\/#\/schema\/person\/b0fac729bb9a0c193fb1df23449df4fe"},"headline":"Werkschau der Filmakademie Wien","datePublished":"2023-11-18T05:37:06+00:00","dateModified":"2023-11-18T05:37:38+00:00","mainEntityOfPage":{"@id":"https:\/\/kulturonline.tv\/de\/werkschau-der-filmakademie-wien\/"},"wordCount":612,"commentCount":3,"publisher":{"@id":"https:\/\/kulturonline.tv\/de\/#organization"},"image":{"@id":"https:\/\/kulturonline.tv\/de\/werkschau-der-filmakademie-wien\/#primaryimage"},"thumbnailUrl":"https:\/\/kulturonline.tv\/wp-content\/uploads\/2023\/11\/Kultur-Online-TV-5-edited-scaled.jpg","articleSection":["Unkategorisiert"],"inLanguage":"de","potentialAction":[{"@type":"CommentAction","name":"Comment","target":["https:\/\/kulturonline.tv\/de\/werkschau-der-filmakademie-wien\/#respond"]}]},{"@type":"WebPage","@id":"https:\/\/kulturonline.tv\/de\/werkschau-der-filmakademie-wien\/","url":"https:\/\/kulturonline.tv\/de\/werkschau-der-filmakademie-wien\/","name":"Werkschau der Filmakademie Wien - Kultur Online TV &amp; FM","isPartOf":{"@id":"https:\/\/kulturonline.tv\/de\/#website"},"primaryImageOfPage":{"@id":"https:\/\/kulturonline.tv\/de\/werkschau-der-filmakademie-wien\/#primaryimage"},"image":{"@id":"https:\/\/kulturonline.tv\/de\/werkschau-der-filmakademie-wien\/#primaryimage"},"thumbnailUrl":"https:\/\/kulturonline.tv\/wp-content\/uploads\/2023\/11\/Kultur-Online-TV-5-edited-scaled.jpg","datePublished":"2023-11-18T05:37:06+00:00","dateModified":"2023-11-18T05:37:38+00:00","description":"Er\u00f6ffnung: Di, 21. Nov. 2023, 20 Uhr, Gartenbaukino - Werkschau: Mi-Fr, 22.-24. Nov. 2023, 16-24 Uhr, Stadtkino im K\u00fcnstlerhaus, Arthouse Kino der mdw","breadcrumb":{"@id":"https:\/\/kulturonline.tv\/de\/werkschau-der-filmakademie-wien\/#breadcrumb"},"inLanguage":"de","potentialAction":[{"@type":"ReadAction","target":["https:\/\/kulturonline.tv\/de\/werkschau-der-filmakademie-wien\/"]}]},{"@type":"ImageObject","inLanguage":"de","@id":"https:\/\/kulturonline.tv\/de\/werkschau-der-filmakademie-wien\/#primaryimage","url":"https:\/\/kulturonline.tv\/wp-content\/uploads\/2023\/11\/Kultur-Online-TV-5-edited-scaled.jpg","contentUrl":"https:\/\/kulturonline.tv\/wp-content\/uploads\/2023\/11\/Kultur-Online-TV-5-edited-scaled.jpg","width":2560,"height":1439,"caption":"BILD zu OTS - Filmstill aus \"Im Traum sind alle Quallen feucht\""},{"@type":"BreadcrumbList","@id":"https:\/\/kulturonline.tv\/de\/werkschau-der-filmakademie-wien\/#breadcrumb","itemListElement":[{"@type":"ListItem","position":1,"name":"Startseite","item":"https:\/\/kulturonline.tv\/de\/"},{"@type":"ListItem","position":2,"name":"Werkschau der Filmakademie Wien"}]},{"@type":"WebSite","@id":"https:\/\/kulturonline.tv\/de\/#website","url":"https:\/\/kulturonline.tv\/de\/","name":"Kultur Online TV &amp; FM","description":"Wir sind Kultur 2.0 zum sehen &amp; h\u00f6ren","publisher":{"@id":"https:\/\/kulturonline.tv\/de\/#organization"},"potentialAction":[{"@type":"SearchAction","target":{"@type":"EntryPoint","urlTemplate":"https:\/\/kulturonline.tv\/de\/?s={search_term_string}"},"query-input":{"@type":"PropertyValueSpecification","valueRequired":true,"valueName":"search_term_string"}}],"inLanguage":"de"},{"@type":"Organization","@id":"https:\/\/kulturonline.tv\/de\/#organization","name":"Kultur Online TV","url":"https:\/\/kulturonline.tv\/de\/","logo":{"@type":"ImageObject","inLanguage":"de","@id":"https:\/\/kulturonline.tv\/de\/#\/schema\/logo\/image\/","url":"https:\/\/kulturonline.tv\/wp-content\/uploads\/2021\/08\/Kultur-Online-Tv-Logo-Endversion-neu.png","contentUrl":"https:\/\/kulturonline.tv\/wp-content\/uploads\/2021\/08\/Kultur-Online-Tv-Logo-Endversion-neu.png","width":200,"height":200,"caption":"Kultur Online TV"},"image":{"@id":"https:\/\/kulturonline.tv\/de\/#\/schema\/logo\/image\/"},"sameAs":["https:\/\/www.facebook.com\/kulturonline.tv","https:\/\/www.instagram.com\/kulturonline.tv"]},{"@type":"Person","@id":"https:\/\/kulturonline.tv\/de\/#\/schema\/person\/b0fac729bb9a0c193fb1df23449df4fe","name":"guenter.wolfgang"}]}},"_links":{"self":[{"href":"https:\/\/kulturonline.tv\/de\/wp-json\/wp\/v2\/posts\/67979","targetHints":{"allow":["GET"]}}],"collection":[{"href":"https:\/\/kulturonline.tv\/de\/wp-json\/wp\/v2\/posts"}],"about":[{"href":"https:\/\/kulturonline.tv\/de\/wp-json\/wp\/v2\/types\/post"}],"author":[{"embeddable":true,"href":"https:\/\/kulturonline.tv\/de\/wp-json\/wp\/v2\/users\/2"}],"replies":[{"embeddable":true,"href":"https:\/\/kulturonline.tv\/de\/wp-json\/wp\/v2\/comments?post=67979"}],"version-history":[{"count":0,"href":"https:\/\/kulturonline.tv\/de\/wp-json\/wp\/v2\/posts\/67979\/revisions"}],"wp:featuredmedia":[{"embeddable":true,"href":"https:\/\/kulturonline.tv\/de\/wp-json\/wp\/v2\/media\/67982"}],"wp:attachment":[{"href":"https:\/\/kulturonline.tv\/de\/wp-json\/wp\/v2\/media?parent=67979"}],"wp:term":[{"taxonomy":"category","embeddable":true,"href":"https:\/\/kulturonline.tv\/de\/wp-json\/wp\/v2\/categories?post=67979"},{"taxonomy":"post_tag","embeddable":true,"href":"https:\/\/kulturonline.tv\/de\/wp-json\/wp\/v2\/tags?post=67979"}],"curies":[{"name":"wp","href":"https:\/\/api.w.org\/{rel}","templated":true}]}}