{"id":68939,"date":"2023-12-10T07:56:09","date_gmt":"2023-12-10T06:56:09","guid":{"rendered":"https:\/\/kulturonline.tv\/?p=68939"},"modified":"2023-12-11T15:09:37","modified_gmt":"2023-12-11T14:09:37","slug":"audio-lesung-mit-friedrich-ani-in-burghausen","status":"publish","type":"post","link":"https:\/\/kulturonline.tv\/de\/audio-lesung-mit-friedrich-ani-in-burghausen\/","title":{"rendered":"AUDIO: Lesung mit Friedrich Ani in Burghausen"},"content":{"rendered":"\n<p>Eine vorweihnachtliche Lesung im Burghauser Helmbrechtsaal mit dem M\u00fcnchner Autor Friedrich Ani, veranstaltet durch die die &#8222;Stille-Nacht-Gesellschaft im ober\u00f6sterreichischen Oberndorf. Musikbegleitung Josef Irgmaier (Komponist, Pianist aus Tittmoning)<\/p>\n\n\n\n<figure class=\"wp-block-image size-full\"><img fetchpriority=\"high\" decoding=\"async\" width=\"1422\" height=\"1060\" src=\"https:\/\/kulturonline.tv\/wp-content\/uploads\/2023\/12\/Bildschirmfoto-2023-12-08-um-21.54.18.png\" alt=\"\" class=\"wp-image-68940\" srcset=\"https:\/\/kulturonline.tv\/wp-content\/uploads\/2023\/12\/Bildschirmfoto-2023-12-08-um-21.54.18.png 1422w, https:\/\/kulturonline.tv\/wp-content\/uploads\/2023\/12\/Bildschirmfoto-2023-12-08-um-21.54.18-800x596.png 800w, https:\/\/kulturonline.tv\/wp-content\/uploads\/2023\/12\/Bildschirmfoto-2023-12-08-um-21.54.18-768x572.png 768w, https:\/\/kulturonline.tv\/wp-content\/uploads\/2023\/12\/Bildschirmfoto-2023-12-08-um-21.54.18-600x447.png 600w\" sizes=\"(max-width: 1422px) 100vw, 1422px\" \/><\/figure>\n\n\n\n<div style=\"height:11px\" aria-hidden=\"true\" class=\"wp-block-spacer\"><\/div>\n\n\n\n<p>\u00a9 Kultur Online TV-FM Friedrich Ani w\u00e4hrend seiner Lesung im Burghauser Helmbrechtsaal.<\/p>\n\n\n\n<p>Der M\u00fcnchner <a href=\"https:\/\/www.literaturportal-bayern.de\/autorinnen-autoren?task=lpbauthor.default&amp;pnd=120315106\">Autor Friedrich Ani<\/a> kam vergangene Woche zu einer Lesung an die Salzach. Friedrich Ani ist vor allem f\u00fcr seine Kriminalromane bekannt. Neben seinem Text &#8222;Woher ich komme&#8220;, gerade erschienen in der <a href=\"https:\/\/noe-verlag.de\/shop\/item\/9783990142363\/meine-stille-nacht-von-stille-nacht-gesellschaft-mona-mury-gebundenes-buch#\">Anthologie &#8222;Meine stille Nacht &#8211; Geschichten vom Werden&#8220;<\/a>, las Ani auch eigene Gedichte. <\/p>\n\n\n\n<p>In Burghausen lernten die Zuh\u00f6rer eine besinnliche Seite des Autors kennen. Die Gedichte und Texte drehten sich vor allem um Themen wie Identit\u00e4t, des Heranwachsens und die menschliche Verg\u00e4nglichkeit.<\/p>\n\n\n\n<p>Der Abend wurde durch den Tittmoninger Komponisten und Pianisten <a href=\"https:\/\/josefirgmaier.com\/\">Josef Irgmaier <\/a>umrahmt, der \u00fcber die Melodien bekannter Weihnachtslieder improvisierte.<\/p>\n\n\n\n<p>Initiiert wurde die Veranstaltung durch die <a href=\"https:\/\/www.stillenacht.at\/\">Stille-Nacht-Gesellschaft<\/a> aus dem ober\u00f6sterreichischen Oberndorf. <\/p>\n\n\n\n<p>Wir von <a href=\"https:\/\/kulturonline.tv\/de\/onlineradio\">Kultur Online FM<\/a> waren vor Ort mit dabei und haben die Veranstaltung aufgezeichnet und die gesammte Veranstaltung kann hier angeh\u00f6rt werden.<\/p>\n\n\n\n<div class=\"wp-block-media-text is-stacked-on-mobile\" style=\"grid-template-columns:25% auto\"><figure class=\"wp-block-media-text__media\"><img decoding=\"async\" width=\"1600\" height=\"1600\" src=\"https:\/\/kulturonline.tv\/wp-content\/uploads\/2023\/11\/11-scaled-1-1600x1600.jpg\" alt=\"\" class=\"wp-image-67691 size-full\" srcset=\"https:\/\/kulturonline.tv\/wp-content\/uploads\/2023\/11\/11-scaled-1-1600x1600.jpg 1600w, https:\/\/kulturonline.tv\/wp-content\/uploads\/2023\/11\/11-scaled-1-800x800.jpg 800w, https:\/\/kulturonline.tv\/wp-content\/uploads\/2023\/11\/11-scaled-1-500x500.jpg 500w, https:\/\/kulturonline.tv\/wp-content\/uploads\/2023\/11\/11-scaled-1-768x768.jpg 768w, https:\/\/kulturonline.tv\/wp-content\/uploads\/2023\/11\/11-scaled-1-150x150.jpg 150w, https:\/\/kulturonline.tv\/wp-content\/uploads\/2023\/11\/11-scaled-1-1536x1536.jpg 1536w, https:\/\/kulturonline.tv\/wp-content\/uploads\/2023\/11\/11-scaled-1-2048x2048.jpg 2048w, https:\/\/kulturonline.tv\/wp-content\/uploads\/2023\/11\/11-scaled-1-300x300.jpg 300w, https:\/\/kulturonline.tv\/wp-content\/uploads\/2023\/11\/11-scaled-1-600x600.jpg 600w, https:\/\/kulturonline.tv\/wp-content\/uploads\/2023\/11\/11-scaled-1-100x100.jpg 100w\" sizes=\"(max-width: 1600px) 100vw, 1600px\" \/><\/figure><div class=\"wp-block-media-text__content\">\n<p><\/p>\n<\/div><\/div>\n\n\n\n<div style=\"height:45px\" aria-hidden=\"true\" class=\"wp-block-spacer\"><\/div>\n\n\n\n<div style=\"height:0px\" aria-hidden=\"true\" class=\"wp-block-spacer\"><\/div>\n\n\n\n<div style=\"height:0px\" aria-hidden=\"true\" class=\"wp-block-spacer\"><\/div>\n\n\n\n<figure class=\"wp-block-audio\"><audio controls src=\"https:\/\/kulturonline.tv\/wp-content\/uploads\/2023\/12\/burghausen.mp3\"><\/audio><\/figure>\n\n\n\n<h5 class=\"wp-block-heading\">Friedrich Ani liest unter anderem aus neu erschienenen Band &#8222;Meine stille Nacht \u2013 Geschichten vom Werden\u201c. Musik Josef Irgmaier, Tittmoning.<\/h5>\n\n\n\n<p>Kultur Online TV-FM<\/p>\n\n\n\n<p>#news #radio <\/p>\n\n\n\n<p><\/p>\n\n\n\n<div class=\"wp-block-columns is-layout-flex wp-container-core-columns-is-layout-28f84493 wp-block-columns-is-layout-flex\">\n<div class=\"wp-block-column is-layout-flow wp-block-column-is-layout-flow\"><\/div>\n\n\n\n<div class=\"wp-block-column is-layout-flow wp-block-column-is-layout-flow\"><\/div>\n\n\n\n<div class=\"wp-block-column is-layout-flow wp-block-column-is-layout-flow\"><\/div>\n<\/div>\n","protected":false},"excerpt":{"rendered":"<p>Eine vorweihnachtliche Lesung im Burghauser Helmbrechtsaal mit dem M\u00fcnchner Autor Friedrich Ani, veranstaltet durch die die &#8222;Stille-Nacht-Gesellschaft im ober\u00f6sterreichischen Oberndorf. Musikbegleitung Josef Irgmaier (Komponist, Pianist aus Tittmoning) \u00a9 Kultur Online TV-FM Friedrich Ani w\u00e4hrend seiner Lesung im Burghauser Helmbrechtsaal. Der M\u00fcnchner Autor Friedrich Ani kam vergangene Woche zu einer Lesung an die Salzach. Friedrich Ani [&hellip;]<\/p>\n","protected":false},"author":2,"featured_media":68965,"comment_status":"open","ping_status":"closed","sticky":false,"template":"","format":"standard","meta":{"_acf_changed":false,"footnotes":""},"categories":[21,399],"tags":[89,26],"class_list":["post-68939","post","type-post","status-publish","format-standard","has-post-thumbnail","hentry","category-kultur","category-radiothek","tag-kulturonlinetv","tag-literatur"],"acf":[],"yoast_head":"<!-- This site is optimized with the Yoast SEO plugin v26.1.1 - https:\/\/yoast.com\/wordpress\/plugins\/seo\/ -->\n<title>AUDIO: Lesung mit Friedrich Ani in Burghausen - Kultur Online TV &amp; FM<\/title>\n<meta name=\"description\" content=\"Eine Leseabend veranstaltet durch die Stille-Nacht Gesellschaft mit Autor Friedrich Ani in Burghausen mit Musik von Josef Irgmaier.\" \/>\n<meta name=\"robots\" content=\"index, follow, max-snippet:-1, max-image-preview:large, max-video-preview:-1\" \/>\n<link rel=\"canonical\" href=\"https:\/\/kulturonline.tv\/de\/audio-lesung-mit-friedrich-ani-in-burghausen\/\" \/>\n<meta property=\"og:locale\" content=\"de_DE\" \/>\n<meta property=\"og:type\" content=\"article\" \/>\n<meta property=\"og:title\" content=\"AUDIO: Lesung mit Friedrich Ani in Burghausen - Kultur Online TV &amp; FM\" \/>\n<meta property=\"og:description\" content=\"Eine Leseabend veranstaltet durch die Stille-Nacht Gesellschaft mit Autor Friedrich Ani in Burghausen mit Musik von Josef Irgmaier.\" \/>\n<meta property=\"og:url\" content=\"https:\/\/kulturonline.tv\/de\/audio-lesung-mit-friedrich-ani-in-burghausen\/\" \/>\n<meta property=\"og:site_name\" content=\"Kultur Online TV &amp; FM\" \/>\n<meta property=\"article:publisher\" content=\"https:\/\/www.facebook.com\/kulturonline.tv\" \/>\n<meta property=\"article:published_time\" content=\"2023-12-10T06:56:09+00:00\" \/>\n<meta property=\"article:modified_time\" content=\"2023-12-11T14:09:37+00:00\" \/>\n<meta property=\"og:image\" content=\"https:\/\/kulturonline.tv\/wp-content\/uploads\/2023\/12\/Kultur-Online-FM.png\" \/>\n\t<meta property=\"og:image:width\" content=\"2000\" \/>\n\t<meta property=\"og:image:height\" content=\"1600\" \/>\n\t<meta property=\"og:image:type\" content=\"image\/png\" \/>\n<meta name=\"author\" content=\"guenter.wolfgang\" \/>\n<meta name=\"twitter:card\" content=\"summary_large_image\" \/>\n<meta name=\"twitter:label1\" content=\"Verfasst von\" \/>\n\t<meta name=\"twitter:data1\" content=\"guenter.wolfgang\" \/>\n\t<meta name=\"twitter:label2\" content=\"Gesch\u00e4tzte Lesezeit\" \/>\n\t<meta name=\"twitter:data2\" content=\"1\u00a0Minute\" \/>\n<script type=\"application\/ld+json\" class=\"yoast-schema-graph\">{\"@context\":\"https:\/\/schema.org\",\"@graph\":[{\"@type\":\"Article\",\"@id\":\"https:\/\/kulturonline.tv\/de\/audio-lesung-mit-friedrich-ani-in-burghausen\/#article\",\"isPartOf\":{\"@id\":\"https:\/\/kulturonline.tv\/de\/audio-lesung-mit-friedrich-ani-in-burghausen\/\"},\"author\":{\"name\":\"guenter.wolfgang\",\"@id\":\"https:\/\/kulturonline.tv\/de\/#\/schema\/person\/b0fac729bb9a0c193fb1df23449df4fe\"},\"headline\":\"AUDIO: Lesung mit Friedrich Ani in Burghausen\",\"datePublished\":\"2023-12-10T06:56:09+00:00\",\"dateModified\":\"2023-12-11T14:09:37+00:00\",\"mainEntityOfPage\":{\"@id\":\"https:\/\/kulturonline.tv\/de\/audio-lesung-mit-friedrich-ani-in-burghausen\/\"},\"wordCount\":207,\"commentCount\":1,\"publisher\":{\"@id\":\"https:\/\/kulturonline.tv\/de\/#organization\"},\"image\":{\"@id\":\"https:\/\/kulturonline.tv\/de\/audio-lesung-mit-friedrich-ani-in-burghausen\/#primaryimage\"},\"thumbnailUrl\":\"https:\/\/kulturonline.tv\/wp-content\/uploads\/2023\/12\/Kultur-Online-FM.png\",\"keywords\":[\"#kulturonlinetv\",\"Literatur\"],\"articleSection\":[\"Kultur\",\"Radiothek\"],\"inLanguage\":\"de\",\"potentialAction\":[{\"@type\":\"CommentAction\",\"name\":\"Comment\",\"target\":[\"https:\/\/kulturonline.tv\/de\/audio-lesung-mit-friedrich-ani-in-burghausen\/#respond\"]}]},{\"@type\":\"WebPage\",\"@id\":\"https:\/\/kulturonline.tv\/de\/audio-lesung-mit-friedrich-ani-in-burghausen\/\",\"url\":\"https:\/\/kulturonline.tv\/de\/audio-lesung-mit-friedrich-ani-in-burghausen\/\",\"name\":\"AUDIO: Lesung mit Friedrich Ani in Burghausen - Kultur Online TV &amp; FM\",\"isPartOf\":{\"@id\":\"https:\/\/kulturonline.tv\/de\/#website\"},\"primaryImageOfPage\":{\"@id\":\"https:\/\/kulturonline.tv\/de\/audio-lesung-mit-friedrich-ani-in-burghausen\/#primaryimage\"},\"image\":{\"@id\":\"https:\/\/kulturonline.tv\/de\/audio-lesung-mit-friedrich-ani-in-burghausen\/#primaryimage\"},\"thumbnailUrl\":\"https:\/\/kulturonline.tv\/wp-content\/uploads\/2023\/12\/Kultur-Online-FM.png\",\"datePublished\":\"2023-12-10T06:56:09+00:00\",\"dateModified\":\"2023-12-11T14:09:37+00:00\",\"description\":\"Eine Leseabend veranstaltet durch die Stille-Nacht Gesellschaft mit Autor Friedrich Ani in Burghausen mit Musik von Josef Irgmaier.\",\"breadcrumb\":{\"@id\":\"https:\/\/kulturonline.tv\/de\/audio-lesung-mit-friedrich-ani-in-burghausen\/#breadcrumb\"},\"inLanguage\":\"de\",\"potentialAction\":[{\"@type\":\"ReadAction\",\"target\":[\"https:\/\/kulturonline.tv\/de\/audio-lesung-mit-friedrich-ani-in-burghausen\/\"]}]},{\"@type\":\"ImageObject\",\"inLanguage\":\"de\",\"@id\":\"https:\/\/kulturonline.tv\/de\/audio-lesung-mit-friedrich-ani-in-burghausen\/#primaryimage\",\"url\":\"https:\/\/kulturonline.tv\/wp-content\/uploads\/2023\/12\/Kultur-Online-FM.png\",\"contentUrl\":\"https:\/\/kulturonline.tv\/wp-content\/uploads\/2023\/12\/Kultur-Online-FM.png\",\"width\":2000,\"height\":1600},{\"@type\":\"BreadcrumbList\",\"@id\":\"https:\/\/kulturonline.tv\/de\/audio-lesung-mit-friedrich-ani-in-burghausen\/#breadcrumb\",\"itemListElement\":[{\"@type\":\"ListItem\",\"position\":1,\"name\":\"Startseite\",\"item\":\"https:\/\/kulturonline.tv\/de\/\"},{\"@type\":\"ListItem\",\"position\":2,\"name\":\"AUDIO: Lesung mit Friedrich Ani in Burghausen\"}]},{\"@type\":\"WebSite\",\"@id\":\"https:\/\/kulturonline.tv\/de\/#website\",\"url\":\"https:\/\/kulturonline.tv\/de\/\",\"name\":\"Kultur Online TV &amp; FM\",\"description\":\"Wir sind Kultur 2.0 zum sehen &amp; h\u00f6ren\",\"publisher\":{\"@id\":\"https:\/\/kulturonline.tv\/de\/#organization\"},\"potentialAction\":[{\"@type\":\"SearchAction\",\"target\":{\"@type\":\"EntryPoint\",\"urlTemplate\":\"https:\/\/kulturonline.tv\/de\/?s={search_term_string}\"},\"query-input\":{\"@type\":\"PropertyValueSpecification\",\"valueRequired\":true,\"valueName\":\"search_term_string\"}}],\"inLanguage\":\"de\"},{\"@type\":\"Organization\",\"@id\":\"https:\/\/kulturonline.tv\/de\/#organization\",\"name\":\"Kultur Online TV\",\"url\":\"https:\/\/kulturonline.tv\/de\/\",\"logo\":{\"@type\":\"ImageObject\",\"inLanguage\":\"de\",\"@id\":\"https:\/\/kulturonline.tv\/de\/#\/schema\/logo\/image\/\",\"url\":\"https:\/\/kulturonline.tv\/wp-content\/uploads\/2021\/08\/Kultur-Online-Tv-Logo-Endversion-neu.png\",\"contentUrl\":\"https:\/\/kulturonline.tv\/wp-content\/uploads\/2021\/08\/Kultur-Online-Tv-Logo-Endversion-neu.png\",\"width\":200,\"height\":200,\"caption\":\"Kultur Online TV\"},\"image\":{\"@id\":\"https:\/\/kulturonline.tv\/de\/#\/schema\/logo\/image\/\"},\"sameAs\":[\"https:\/\/www.facebook.com\/kulturonline.tv\",\"https:\/\/www.instagram.com\/kulturonline.tv\"]},{\"@type\":\"Person\",\"@id\":\"https:\/\/kulturonline.tv\/de\/#\/schema\/person\/b0fac729bb9a0c193fb1df23449df4fe\",\"name\":\"guenter.wolfgang\"}]}<\/script>\n<!-- \/ Yoast SEO plugin. -->","yoast_head_json":{"title":"AUDIO: Lesung mit Friedrich Ani in Burghausen - Kultur Online TV &amp; FM","description":"Eine Leseabend veranstaltet durch die Stille-Nacht Gesellschaft mit Autor Friedrich Ani in Burghausen mit Musik von Josef Irgmaier.","robots":{"index":"index","follow":"follow","max-snippet":"max-snippet:-1","max-image-preview":"max-image-preview:large","max-video-preview":"max-video-preview:-1"},"canonical":"https:\/\/kulturonline.tv\/de\/audio-lesung-mit-friedrich-ani-in-burghausen\/","og_locale":"de_DE","og_type":"article","og_title":"AUDIO: Lesung mit Friedrich Ani in Burghausen - Kultur Online TV &amp; FM","og_description":"Eine Leseabend veranstaltet durch die Stille-Nacht Gesellschaft mit Autor Friedrich Ani in Burghausen mit Musik von Josef Irgmaier.","og_url":"https:\/\/kulturonline.tv\/de\/audio-lesung-mit-friedrich-ani-in-burghausen\/","og_site_name":"Kultur Online TV &amp; FM","article_publisher":"https:\/\/www.facebook.com\/kulturonline.tv","article_published_time":"2023-12-10T06:56:09+00:00","article_modified_time":"2023-12-11T14:09:37+00:00","og_image":[{"width":2000,"height":1600,"url":"https:\/\/kulturonline.tv\/wp-content\/uploads\/2023\/12\/Kultur-Online-FM.png","type":"image\/png"}],"author":"guenter.wolfgang","twitter_card":"summary_large_image","twitter_misc":{"Verfasst von":"guenter.wolfgang","Gesch\u00e4tzte Lesezeit":"1\u00a0Minute"},"schema":{"@context":"https:\/\/schema.org","@graph":[{"@type":"Article","@id":"https:\/\/kulturonline.tv\/de\/audio-lesung-mit-friedrich-ani-in-burghausen\/#article","isPartOf":{"@id":"https:\/\/kulturonline.tv\/de\/audio-lesung-mit-friedrich-ani-in-burghausen\/"},"author":{"name":"guenter.wolfgang","@id":"https:\/\/kulturonline.tv\/de\/#\/schema\/person\/b0fac729bb9a0c193fb1df23449df4fe"},"headline":"AUDIO: Lesung mit Friedrich Ani in Burghausen","datePublished":"2023-12-10T06:56:09+00:00","dateModified":"2023-12-11T14:09:37+00:00","mainEntityOfPage":{"@id":"https:\/\/kulturonline.tv\/de\/audio-lesung-mit-friedrich-ani-in-burghausen\/"},"wordCount":207,"commentCount":1,"publisher":{"@id":"https:\/\/kulturonline.tv\/de\/#organization"},"image":{"@id":"https:\/\/kulturonline.tv\/de\/audio-lesung-mit-friedrich-ani-in-burghausen\/#primaryimage"},"thumbnailUrl":"https:\/\/kulturonline.tv\/wp-content\/uploads\/2023\/12\/Kultur-Online-FM.png","keywords":["#kulturonlinetv","Literatur"],"articleSection":["Kultur","Radiothek"],"inLanguage":"de","potentialAction":[{"@type":"CommentAction","name":"Comment","target":["https:\/\/kulturonline.tv\/de\/audio-lesung-mit-friedrich-ani-in-burghausen\/#respond"]}]},{"@type":"WebPage","@id":"https:\/\/kulturonline.tv\/de\/audio-lesung-mit-friedrich-ani-in-burghausen\/","url":"https:\/\/kulturonline.tv\/de\/audio-lesung-mit-friedrich-ani-in-burghausen\/","name":"AUDIO: Lesung mit Friedrich Ani in Burghausen - Kultur Online TV &amp; FM","isPartOf":{"@id":"https:\/\/kulturonline.tv\/de\/#website"},"primaryImageOfPage":{"@id":"https:\/\/kulturonline.tv\/de\/audio-lesung-mit-friedrich-ani-in-burghausen\/#primaryimage"},"image":{"@id":"https:\/\/kulturonline.tv\/de\/audio-lesung-mit-friedrich-ani-in-burghausen\/#primaryimage"},"thumbnailUrl":"https:\/\/kulturonline.tv\/wp-content\/uploads\/2023\/12\/Kultur-Online-FM.png","datePublished":"2023-12-10T06:56:09+00:00","dateModified":"2023-12-11T14:09:37+00:00","description":"Eine Leseabend veranstaltet durch die Stille-Nacht Gesellschaft mit Autor Friedrich Ani in Burghausen mit Musik von Josef Irgmaier.","breadcrumb":{"@id":"https:\/\/kulturonline.tv\/de\/audio-lesung-mit-friedrich-ani-in-burghausen\/#breadcrumb"},"inLanguage":"de","potentialAction":[{"@type":"ReadAction","target":["https:\/\/kulturonline.tv\/de\/audio-lesung-mit-friedrich-ani-in-burghausen\/"]}]},{"@type":"ImageObject","inLanguage":"de","@id":"https:\/\/kulturonline.tv\/de\/audio-lesung-mit-friedrich-ani-in-burghausen\/#primaryimage","url":"https:\/\/kulturonline.tv\/wp-content\/uploads\/2023\/12\/Kultur-Online-FM.png","contentUrl":"https:\/\/kulturonline.tv\/wp-content\/uploads\/2023\/12\/Kultur-Online-FM.png","width":2000,"height":1600},{"@type":"BreadcrumbList","@id":"https:\/\/kulturonline.tv\/de\/audio-lesung-mit-friedrich-ani-in-burghausen\/#breadcrumb","itemListElement":[{"@type":"ListItem","position":1,"name":"Startseite","item":"https:\/\/kulturonline.tv\/de\/"},{"@type":"ListItem","position":2,"name":"AUDIO: Lesung mit Friedrich Ani in Burghausen"}]},{"@type":"WebSite","@id":"https:\/\/kulturonline.tv\/de\/#website","url":"https:\/\/kulturonline.tv\/de\/","name":"Kultur Online TV &amp; FM","description":"Wir sind Kultur 2.0 zum sehen &amp; h\u00f6ren","publisher":{"@id":"https:\/\/kulturonline.tv\/de\/#organization"},"potentialAction":[{"@type":"SearchAction","target":{"@type":"EntryPoint","urlTemplate":"https:\/\/kulturonline.tv\/de\/?s={search_term_string}"},"query-input":{"@type":"PropertyValueSpecification","valueRequired":true,"valueName":"search_term_string"}}],"inLanguage":"de"},{"@type":"Organization","@id":"https:\/\/kulturonline.tv\/de\/#organization","name":"Kultur Online TV","url":"https:\/\/kulturonline.tv\/de\/","logo":{"@type":"ImageObject","inLanguage":"de","@id":"https:\/\/kulturonline.tv\/de\/#\/schema\/logo\/image\/","url":"https:\/\/kulturonline.tv\/wp-content\/uploads\/2021\/08\/Kultur-Online-Tv-Logo-Endversion-neu.png","contentUrl":"https:\/\/kulturonline.tv\/wp-content\/uploads\/2021\/08\/Kultur-Online-Tv-Logo-Endversion-neu.png","width":200,"height":200,"caption":"Kultur Online TV"},"image":{"@id":"https:\/\/kulturonline.tv\/de\/#\/schema\/logo\/image\/"},"sameAs":["https:\/\/www.facebook.com\/kulturonline.tv","https:\/\/www.instagram.com\/kulturonline.tv"]},{"@type":"Person","@id":"https:\/\/kulturonline.tv\/de\/#\/schema\/person\/b0fac729bb9a0c193fb1df23449df4fe","name":"guenter.wolfgang"}]}},"_links":{"self":[{"href":"https:\/\/kulturonline.tv\/de\/wp-json\/wp\/v2\/posts\/68939","targetHints":{"allow":["GET"]}}],"collection":[{"href":"https:\/\/kulturonline.tv\/de\/wp-json\/wp\/v2\/posts"}],"about":[{"href":"https:\/\/kulturonline.tv\/de\/wp-json\/wp\/v2\/types\/post"}],"author":[{"embeddable":true,"href":"https:\/\/kulturonline.tv\/de\/wp-json\/wp\/v2\/users\/2"}],"replies":[{"embeddable":true,"href":"https:\/\/kulturonline.tv\/de\/wp-json\/wp\/v2\/comments?post=68939"}],"version-history":[{"count":0,"href":"https:\/\/kulturonline.tv\/de\/wp-json\/wp\/v2\/posts\/68939\/revisions"}],"wp:featuredmedia":[{"embeddable":true,"href":"https:\/\/kulturonline.tv\/de\/wp-json\/wp\/v2\/media\/68965"}],"wp:attachment":[{"href":"https:\/\/kulturonline.tv\/de\/wp-json\/wp\/v2\/media?parent=68939"}],"wp:term":[{"taxonomy":"category","embeddable":true,"href":"https:\/\/kulturonline.tv\/de\/wp-json\/wp\/v2\/categories?post=68939"},{"taxonomy":"post_tag","embeddable":true,"href":"https:\/\/kulturonline.tv\/de\/wp-json\/wp\/v2\/tags?post=68939"}],"curies":[{"name":"wp","href":"https:\/\/api.w.org\/{rel}","templated":true}]}}