{"id":68991,"date":"2023-12-24T13:50:57","date_gmt":"2023-12-24T12:50:57","guid":{"rendered":"https:\/\/kulturonline.tv\/?p=68991"},"modified":"2023-12-27T11:26:19","modified_gmt":"2023-12-27T10:26:19","slug":"unser-tipp-fuer-kurzentschlossene-die-all-day-silvesterparty-im-gleisgarten-wien","status":"publish","type":"post","link":"https:\/\/kulturonline.tv\/de\/unser-tipp-fuer-kurzentschlossene-die-all-day-silvesterparty-im-gleisgarten-wien\/","title":{"rendered":"Unser Tipp f\u00fcr Kurzentschlossene: &#8220;Die All Day Silvesterparty&#8221; im Gleisgarten Wien"},"content":{"rendered":"\n<p>Die All Day Silvesterparty im <a href=\"https:\/\/www.gleisgarten.com\/events\/silvester-party\">Gleisgarten Wien<\/a> ist eine gute Option f\u00fcr Kurzentschlossene, die eine unkomplizierte und eine etwas andere Art einer Silvesterparty suchen. Die Party bietet f\u00fcr jeden etwas und ist f\u00fcr alle Altersgruppen geeignet.<\/p>\n\n\n\n<figure class=\"wp-block-image size-full is-resized\"><img fetchpriority=\"high\" decoding=\"async\" width=\"888\" height=\"500\" src=\"https:\/\/kulturonline.tv\/wp-content\/uploads\/2023\/12\/2024-edited.png\" alt=\"\" class=\"wp-image-68994\" style=\"width:840px;height:auto\" srcset=\"https:\/\/kulturonline.tv\/wp-content\/uploads\/2023\/12\/2024-edited.png 888w, https:\/\/kulturonline.tv\/wp-content\/uploads\/2023\/12\/2024-edited-800x450.png 800w, https:\/\/kulturonline.tv\/wp-content\/uploads\/2023\/12\/2024-edited-768x432.png 768w, https:\/\/kulturonline.tv\/wp-content\/uploads\/2023\/12\/2024-edited-600x338.png 600w\" sizes=\"(max-width: 888px) 100vw, 888px\" \/><\/figure>\n\n\n\n<p>\u00a9 pixabay<\/p>\n\n\n\n<p>Der Eintritt ist frei, f\u00fcr Essen und Getr\u00e4nke gibt es verschiedene Angebote. Wer sich fr\u00fchzeitig anmeldet, kann sich zudem All you can Drink Flatrates sichern.<\/p>\n\n\n\n<p>Die Party findet am 31. Dezember 2023 von 11:00 bis 02:00 Uhr statt<\/p>\n\n\n\n<h2 class=\"wp-block-heading\">Das Programm:<\/h2>\n\n\n\n<p><strong>All day Silvester. All you can drink. &nbsp;St\u00fcndlicher Countdown. &amp; Free Shots.<\/strong>&nbsp;<a href=\"https:\/\/emojipedia.org\/partying-face\">\ud83e\udd73<\/a><\/p>\n\n\n\n<p>Auf einer XXL Leinwand im Herzen der Halle wird aus allen L\u00e4ndern der Welt im Stundenrhythmus das neue Jahr \u00fcbertragen, dazu werden Shots vom Haus verteilt.<\/p>\n\n\n\n<h2 class=\"wp-block-heading\">Sichere dir das &#8222;All-you-can-drink Special!<\/h2>\n\n\n\n<p><strong>\ud83c\udf7bBier Flatrate<\/strong>: <strong>29\u20ac \/ Person (inkludiert alle Biere)<\/strong><br>\ud83e\udd42<strong>Sip &amp; Celebrate Flatrate<\/strong>: <strong>39\u20ac \/ Person (inkludiert alle Biere, Wei\u00dfwein Spritzer, Prosecco, Hauswein)<\/strong><\/p>\n\n\n\n<p>Zus\u00e4tzlich haben die verschiedenen Gastronomen ein Mitternachtsspecial vorbereitet.<\/p>\n\n\n\n<p>Sichere dir das All-you-can-drink Special!<br>Ab 6 Personen- nur mit Reservierung unter:<strong>&nbsp;<a href=\"mailto:feiern@gleisgarten.com\">feiern@gleisgarten.com<\/a><\/strong> <\/p>\n\n\n\n<h2 class=\"wp-block-heading\">Neujahrstag:<\/h2>\n\n\n\n<p>F\u00fcr den n\u00e4chsten Tag gibt es das Angebot eines <a href=\"https:\/\/de.wiktionary.org\/wiki\/Katerfr%C3%BChst%C3%BCck\">Ka|ter|fr\u00fch|st\u00fccks \ud83d\ude3a<\/a><\/p>\n\n\n\n<p><strong>\ud83c\udf7aReparatur-Seidl (=Konterbier):&nbsp;von 11:00-12:00 Uhr<\/strong><\/p>\n\n\n\n<p>Um das neue Jahr geb\u00fchrend zu beginnen k\u00f6nnen alle Biere direkt an der Bar gratis von 11:00h bis 12:00 geholt werden.<\/p>\n\n\n\n<h2 class=\"wp-block-heading\">Neujahrs-Spezialit\u00e4ten:&nbsp;<\/h2>\n\n\n\n<h4 class=\"wp-block-heading\">Traditionellen Speisen aus verschiedenen K\u00fcchen.<\/h4>\n\n\n\n<h2 class=\"wp-block-heading\">Neujahrskonzert \u00dcbertragung:&nbsp;<\/h2>\n\n\n\n<p>Zus\u00e4tzlich wird das Neujahrskonzert auf einer gro\u00dfen Leinwand im Herzen des <a href=\"https:\/\/www.gleisgarten.com\/events\/neujahr-katerfruhstuck\">Gleis\/\/Gartens <\/a>\u00fcbertragen.<\/p>\n\n\n\n<p><a href=\"http:\/\/www.gleisgarten.com\">Der Gleisgarten<\/a> ist ein einzigartiger Ort in Wien, der Kunst, Kultur und Kulinarik miteinander verbindet.<\/p>\n\n\n\n<figure class=\"wp-block-image size-large\"><a href=\"https:\/\/www.gleisgarten.com\"><img decoding=\"async\" width=\"1131\" height=\"1600\" src=\"https:\/\/kulturonline.tv\/wp-content\/uploads\/2023\/12\/Gleisgarten-Kultur-Online-TV-1-1131x1600.png\" alt=\"\" class=\"wp-image-68631\" srcset=\"https:\/\/kulturonline.tv\/wp-content\/uploads\/2023\/12\/Gleisgarten-Kultur-Online-TV-1-1131x1600.png 1131w, https:\/\/kulturonline.tv\/wp-content\/uploads\/2023\/12\/Gleisgarten-Kultur-Online-TV-1-566x800.png 566w, https:\/\/kulturonline.tv\/wp-content\/uploads\/2023\/12\/Gleisgarten-Kultur-Online-TV-1-768x1086.png 768w, https:\/\/kulturonline.tv\/wp-content\/uploads\/2023\/12\/Gleisgarten-Kultur-Online-TV-1-1086x1536.png 1086w, https:\/\/kulturonline.tv\/wp-content\/uploads\/2023\/12\/Gleisgarten-Kultur-Online-TV-1-1448x2048.png 1448w, https:\/\/kulturonline.tv\/wp-content\/uploads\/2023\/12\/Gleisgarten-Kultur-Online-TV-1-600x849.png 600w, https:\/\/kulturonline.tv\/wp-content\/uploads\/2023\/12\/Gleisgarten-Kultur-Online-TV-1.png 1587w\" sizes=\"(max-width: 1131px) 100vw, 1131px\" \/><\/a><\/figure>\n\n\n\n<p>#news #tipps #kunst #kultur<\/p>\n\n\n\n<p>Kultur Online TV-FM<\/p>\n","protected":false},"excerpt":{"rendered":"<p>Die All Day Silvesterparty im Gleisgarten Wien ist eine gute Option f\u00fcr Kurzentschlossene, die eine unkomplizierte und eine etwas andere Art einer Silvesterparty suchen. Die Party bietet f\u00fcr jeden etwas und ist f\u00fcr alle Altersgruppen geeignet. \u00a9 pixabay Der Eintritt ist frei, f\u00fcr Essen und Getr\u00e4nke gibt es verschiedene Angebote. Wer sich fr\u00fchzeitig anmeldet, kann [&hellip;]<\/p>\n","protected":false},"author":2,"featured_media":69005,"comment_status":"open","ping_status":"closed","sticky":false,"template":"","format":"standard","meta":{"_acf_changed":false,"footnotes":""},"categories":[281],"tags":[],"class_list":["post-68991","post","type-post","status-publish","format-standard","has-post-thumbnail","hentry","category-mixed"],"acf":[],"yoast_head":"<!-- This site is optimized with the Yoast SEO plugin v26.1.1 - https:\/\/yoast.com\/wordpress\/plugins\/seo\/ -->\n<title>Unser Tipp f\u00fcr Kurzentschlossene: &#8220;Die All Day Silvesterparty&#8221; im Gleisgarten Wien - Kultur Online TV &amp; FM<\/title>\n<meta name=\"description\" content=\"Kultur sehen und H\u00f6ren\" \/>\n<meta name=\"robots\" content=\"index, follow, max-snippet:-1, max-image-preview:large, max-video-preview:-1\" \/>\n<link rel=\"canonical\" href=\"https:\/\/kulturonline.tv\/de\/unser-tipp-fuer-kurzentschlossene-die-all-day-silvesterparty-im-gleisgarten-wien\/\" \/>\n<meta property=\"og:locale\" content=\"de_DE\" \/>\n<meta property=\"og:type\" content=\"article\" \/>\n<meta property=\"og:title\" content=\"Unser Tipp f\u00fcr Kurzentschlossene: &#8220;Die All Day Silvesterparty&#8221; im Gleisgarten Wien - Kultur Online TV &amp; FM\" \/>\n<meta property=\"og:description\" content=\"Kultur sehen und H\u00f6ren\" \/>\n<meta property=\"og:url\" content=\"https:\/\/kulturonline.tv\/de\/unser-tipp-fuer-kurzentschlossene-die-all-day-silvesterparty-im-gleisgarten-wien\/\" \/>\n<meta property=\"og:site_name\" content=\"Kultur Online TV &amp; FM\" \/>\n<meta property=\"article:publisher\" content=\"https:\/\/www.facebook.com\/kulturonline.tv\" \/>\n<meta property=\"article:published_time\" content=\"2023-12-24T12:50:57+00:00\" \/>\n<meta property=\"article:modified_time\" content=\"2023-12-27T10:26:19+00:00\" \/>\n<meta property=\"og:image\" content=\"https:\/\/kulturonline.tv\/wp-content\/uploads\/2023\/12\/new-year-8416395_1280-2.jpg\" \/>\n\t<meta property=\"og:image:width\" content=\"1280\" \/>\n\t<meta property=\"og:image:height\" content=\"965\" \/>\n\t<meta property=\"og:image:type\" content=\"image\/jpeg\" \/>\n<meta name=\"author\" content=\"guenter.wolfgang\" \/>\n<meta name=\"twitter:card\" content=\"summary_large_image\" \/>\n<meta name=\"twitter:label1\" content=\"Verfasst von\" \/>\n\t<meta name=\"twitter:data1\" content=\"guenter.wolfgang\" \/>\n\t<meta name=\"twitter:label2\" content=\"Gesch\u00e4tzte Lesezeit\" \/>\n\t<meta name=\"twitter:data2\" content=\"1\u00a0Minute\" \/>\n<script type=\"application\/ld+json\" class=\"yoast-schema-graph\">{\"@context\":\"https:\/\/schema.org\",\"@graph\":[{\"@type\":\"Article\",\"@id\":\"https:\/\/kulturonline.tv\/de\/unser-tipp-fuer-kurzentschlossene-die-all-day-silvesterparty-im-gleisgarten-wien\/#article\",\"isPartOf\":{\"@id\":\"https:\/\/kulturonline.tv\/de\/unser-tipp-fuer-kurzentschlossene-die-all-day-silvesterparty-im-gleisgarten-wien\/\"},\"author\":{\"name\":\"guenter.wolfgang\",\"@id\":\"https:\/\/kulturonline.tv\/de\/#\/schema\/person\/b0fac729bb9a0c193fb1df23449df4fe\"},\"headline\":\"Unser Tipp f\u00fcr Kurzentschlossene: &#8220;Die All Day Silvesterparty&#8221; im Gleisgarten Wien\",\"datePublished\":\"2023-12-24T12:50:57+00:00\",\"dateModified\":\"2023-12-27T10:26:19+00:00\",\"mainEntityOfPage\":{\"@id\":\"https:\/\/kulturonline.tv\/de\/unser-tipp-fuer-kurzentschlossene-die-all-day-silvesterparty-im-gleisgarten-wien\/\"},\"wordCount\":277,\"commentCount\":0,\"publisher\":{\"@id\":\"https:\/\/kulturonline.tv\/de\/#organization\"},\"image\":{\"@id\":\"https:\/\/kulturonline.tv\/de\/unser-tipp-fuer-kurzentschlossene-die-all-day-silvesterparty-im-gleisgarten-wien\/#primaryimage\"},\"thumbnailUrl\":\"https:\/\/kulturonline.tv\/wp-content\/uploads\/2023\/12\/new-year-8416395_1280-2.jpg\",\"articleSection\":[\"Mixed\"],\"inLanguage\":\"de\",\"potentialAction\":[{\"@type\":\"CommentAction\",\"name\":\"Comment\",\"target\":[\"https:\/\/kulturonline.tv\/de\/unser-tipp-fuer-kurzentschlossene-die-all-day-silvesterparty-im-gleisgarten-wien\/#respond\"]}]},{\"@type\":\"WebPage\",\"@id\":\"https:\/\/kulturonline.tv\/de\/unser-tipp-fuer-kurzentschlossene-die-all-day-silvesterparty-im-gleisgarten-wien\/\",\"url\":\"https:\/\/kulturonline.tv\/de\/unser-tipp-fuer-kurzentschlossene-die-all-day-silvesterparty-im-gleisgarten-wien\/\",\"name\":\"Unser Tipp f\u00fcr Kurzentschlossene: &#8220;Die All Day Silvesterparty&#8221; im Gleisgarten Wien - Kultur Online TV &amp; FM\",\"isPartOf\":{\"@id\":\"https:\/\/kulturonline.tv\/de\/#website\"},\"primaryImageOfPage\":{\"@id\":\"https:\/\/kulturonline.tv\/de\/unser-tipp-fuer-kurzentschlossene-die-all-day-silvesterparty-im-gleisgarten-wien\/#primaryimage\"},\"image\":{\"@id\":\"https:\/\/kulturonline.tv\/de\/unser-tipp-fuer-kurzentschlossene-die-all-day-silvesterparty-im-gleisgarten-wien\/#primaryimage\"},\"thumbnailUrl\":\"https:\/\/kulturonline.tv\/wp-content\/uploads\/2023\/12\/new-year-8416395_1280-2.jpg\",\"datePublished\":\"2023-12-24T12:50:57+00:00\",\"dateModified\":\"2023-12-27T10:26:19+00:00\",\"description\":\"Kultur sehen und H\u00f6ren\",\"breadcrumb\":{\"@id\":\"https:\/\/kulturonline.tv\/de\/unser-tipp-fuer-kurzentschlossene-die-all-day-silvesterparty-im-gleisgarten-wien\/#breadcrumb\"},\"inLanguage\":\"de\",\"potentialAction\":[{\"@type\":\"ReadAction\",\"target\":[\"https:\/\/kulturonline.tv\/de\/unser-tipp-fuer-kurzentschlossene-die-all-day-silvesterparty-im-gleisgarten-wien\/\"]}]},{\"@type\":\"ImageObject\",\"inLanguage\":\"de\",\"@id\":\"https:\/\/kulturonline.tv\/de\/unser-tipp-fuer-kurzentschlossene-die-all-day-silvesterparty-im-gleisgarten-wien\/#primaryimage\",\"url\":\"https:\/\/kulturonline.tv\/wp-content\/uploads\/2023\/12\/new-year-8416395_1280-2.jpg\",\"contentUrl\":\"https:\/\/kulturonline.tv\/wp-content\/uploads\/2023\/12\/new-year-8416395_1280-2.jpg\",\"width\":1280,\"height\":965},{\"@type\":\"BreadcrumbList\",\"@id\":\"https:\/\/kulturonline.tv\/de\/unser-tipp-fuer-kurzentschlossene-die-all-day-silvesterparty-im-gleisgarten-wien\/#breadcrumb\",\"itemListElement\":[{\"@type\":\"ListItem\",\"position\":1,\"name\":\"Startseite\",\"item\":\"https:\/\/kulturonline.tv\/de\/\"},{\"@type\":\"ListItem\",\"position\":2,\"name\":\"Unser Tipp f\u00fcr Kurzentschlossene: &#8220;Die All Day Silvesterparty&#8221; im Gleisgarten Wien\"}]},{\"@type\":\"WebSite\",\"@id\":\"https:\/\/kulturonline.tv\/de\/#website\",\"url\":\"https:\/\/kulturonline.tv\/de\/\",\"name\":\"Kultur Online TV &amp; FM\",\"description\":\"Wir sind Kultur 2.0 zum sehen &amp; h\u00f6ren\",\"publisher\":{\"@id\":\"https:\/\/kulturonline.tv\/de\/#organization\"},\"potentialAction\":[{\"@type\":\"SearchAction\",\"target\":{\"@type\":\"EntryPoint\",\"urlTemplate\":\"https:\/\/kulturonline.tv\/de\/?s={search_term_string}\"},\"query-input\":{\"@type\":\"PropertyValueSpecification\",\"valueRequired\":true,\"valueName\":\"search_term_string\"}}],\"inLanguage\":\"de\"},{\"@type\":\"Organization\",\"@id\":\"https:\/\/kulturonline.tv\/de\/#organization\",\"name\":\"Kultur Online TV\",\"url\":\"https:\/\/kulturonline.tv\/de\/\",\"logo\":{\"@type\":\"ImageObject\",\"inLanguage\":\"de\",\"@id\":\"https:\/\/kulturonline.tv\/de\/#\/schema\/logo\/image\/\",\"url\":\"https:\/\/kulturonline.tv\/wp-content\/uploads\/2021\/08\/Kultur-Online-Tv-Logo-Endversion-neu.png\",\"contentUrl\":\"https:\/\/kulturonline.tv\/wp-content\/uploads\/2021\/08\/Kultur-Online-Tv-Logo-Endversion-neu.png\",\"width\":200,\"height\":200,\"caption\":\"Kultur Online TV\"},\"image\":{\"@id\":\"https:\/\/kulturonline.tv\/de\/#\/schema\/logo\/image\/\"},\"sameAs\":[\"https:\/\/www.facebook.com\/kulturonline.tv\",\"https:\/\/www.instagram.com\/kulturonline.tv\"]},{\"@type\":\"Person\",\"@id\":\"https:\/\/kulturonline.tv\/de\/#\/schema\/person\/b0fac729bb9a0c193fb1df23449df4fe\",\"name\":\"guenter.wolfgang\"}]}<\/script>\n<!-- \/ Yoast SEO plugin. -->","yoast_head_json":{"title":"Unser Tipp f\u00fcr Kurzentschlossene: &#8220;Die All Day Silvesterparty&#8221; im Gleisgarten Wien - Kultur Online TV &amp; FM","description":"Kultur sehen und H\u00f6ren","robots":{"index":"index","follow":"follow","max-snippet":"max-snippet:-1","max-image-preview":"max-image-preview:large","max-video-preview":"max-video-preview:-1"},"canonical":"https:\/\/kulturonline.tv\/de\/unser-tipp-fuer-kurzentschlossene-die-all-day-silvesterparty-im-gleisgarten-wien\/","og_locale":"de_DE","og_type":"article","og_title":"Unser Tipp f\u00fcr Kurzentschlossene: &#8220;Die All Day Silvesterparty&#8221; im Gleisgarten Wien - Kultur Online TV &amp; FM","og_description":"Kultur sehen und H\u00f6ren","og_url":"https:\/\/kulturonline.tv\/de\/unser-tipp-fuer-kurzentschlossene-die-all-day-silvesterparty-im-gleisgarten-wien\/","og_site_name":"Kultur Online TV &amp; FM","article_publisher":"https:\/\/www.facebook.com\/kulturonline.tv","article_published_time":"2023-12-24T12:50:57+00:00","article_modified_time":"2023-12-27T10:26:19+00:00","og_image":[{"width":1280,"height":965,"url":"https:\/\/kulturonline.tv\/wp-content\/uploads\/2023\/12\/new-year-8416395_1280-2.jpg","type":"image\/jpeg"}],"author":"guenter.wolfgang","twitter_card":"summary_large_image","twitter_misc":{"Verfasst von":"guenter.wolfgang","Gesch\u00e4tzte Lesezeit":"1\u00a0Minute"},"schema":{"@context":"https:\/\/schema.org","@graph":[{"@type":"Article","@id":"https:\/\/kulturonline.tv\/de\/unser-tipp-fuer-kurzentschlossene-die-all-day-silvesterparty-im-gleisgarten-wien\/#article","isPartOf":{"@id":"https:\/\/kulturonline.tv\/de\/unser-tipp-fuer-kurzentschlossene-die-all-day-silvesterparty-im-gleisgarten-wien\/"},"author":{"name":"guenter.wolfgang","@id":"https:\/\/kulturonline.tv\/de\/#\/schema\/person\/b0fac729bb9a0c193fb1df23449df4fe"},"headline":"Unser Tipp f\u00fcr Kurzentschlossene: &#8220;Die All Day Silvesterparty&#8221; im Gleisgarten Wien","datePublished":"2023-12-24T12:50:57+00:00","dateModified":"2023-12-27T10:26:19+00:00","mainEntityOfPage":{"@id":"https:\/\/kulturonline.tv\/de\/unser-tipp-fuer-kurzentschlossene-die-all-day-silvesterparty-im-gleisgarten-wien\/"},"wordCount":277,"commentCount":0,"publisher":{"@id":"https:\/\/kulturonline.tv\/de\/#organization"},"image":{"@id":"https:\/\/kulturonline.tv\/de\/unser-tipp-fuer-kurzentschlossene-die-all-day-silvesterparty-im-gleisgarten-wien\/#primaryimage"},"thumbnailUrl":"https:\/\/kulturonline.tv\/wp-content\/uploads\/2023\/12\/new-year-8416395_1280-2.jpg","articleSection":["Mixed"],"inLanguage":"de","potentialAction":[{"@type":"CommentAction","name":"Comment","target":["https:\/\/kulturonline.tv\/de\/unser-tipp-fuer-kurzentschlossene-die-all-day-silvesterparty-im-gleisgarten-wien\/#respond"]}]},{"@type":"WebPage","@id":"https:\/\/kulturonline.tv\/de\/unser-tipp-fuer-kurzentschlossene-die-all-day-silvesterparty-im-gleisgarten-wien\/","url":"https:\/\/kulturonline.tv\/de\/unser-tipp-fuer-kurzentschlossene-die-all-day-silvesterparty-im-gleisgarten-wien\/","name":"Unser Tipp f\u00fcr Kurzentschlossene: &#8220;Die All Day Silvesterparty&#8221; im Gleisgarten Wien - Kultur Online TV &amp; FM","isPartOf":{"@id":"https:\/\/kulturonline.tv\/de\/#website"},"primaryImageOfPage":{"@id":"https:\/\/kulturonline.tv\/de\/unser-tipp-fuer-kurzentschlossene-die-all-day-silvesterparty-im-gleisgarten-wien\/#primaryimage"},"image":{"@id":"https:\/\/kulturonline.tv\/de\/unser-tipp-fuer-kurzentschlossene-die-all-day-silvesterparty-im-gleisgarten-wien\/#primaryimage"},"thumbnailUrl":"https:\/\/kulturonline.tv\/wp-content\/uploads\/2023\/12\/new-year-8416395_1280-2.jpg","datePublished":"2023-12-24T12:50:57+00:00","dateModified":"2023-12-27T10:26:19+00:00","description":"Kultur sehen und H\u00f6ren","breadcrumb":{"@id":"https:\/\/kulturonline.tv\/de\/unser-tipp-fuer-kurzentschlossene-die-all-day-silvesterparty-im-gleisgarten-wien\/#breadcrumb"},"inLanguage":"de","potentialAction":[{"@type":"ReadAction","target":["https:\/\/kulturonline.tv\/de\/unser-tipp-fuer-kurzentschlossene-die-all-day-silvesterparty-im-gleisgarten-wien\/"]}]},{"@type":"ImageObject","inLanguage":"de","@id":"https:\/\/kulturonline.tv\/de\/unser-tipp-fuer-kurzentschlossene-die-all-day-silvesterparty-im-gleisgarten-wien\/#primaryimage","url":"https:\/\/kulturonline.tv\/wp-content\/uploads\/2023\/12\/new-year-8416395_1280-2.jpg","contentUrl":"https:\/\/kulturonline.tv\/wp-content\/uploads\/2023\/12\/new-year-8416395_1280-2.jpg","width":1280,"height":965},{"@type":"BreadcrumbList","@id":"https:\/\/kulturonline.tv\/de\/unser-tipp-fuer-kurzentschlossene-die-all-day-silvesterparty-im-gleisgarten-wien\/#breadcrumb","itemListElement":[{"@type":"ListItem","position":1,"name":"Startseite","item":"https:\/\/kulturonline.tv\/de\/"},{"@type":"ListItem","position":2,"name":"Unser Tipp f\u00fcr Kurzentschlossene: &#8220;Die All Day Silvesterparty&#8221; im Gleisgarten Wien"}]},{"@type":"WebSite","@id":"https:\/\/kulturonline.tv\/de\/#website","url":"https:\/\/kulturonline.tv\/de\/","name":"Kultur Online TV &amp; FM","description":"Wir sind Kultur 2.0 zum sehen &amp; h\u00f6ren","publisher":{"@id":"https:\/\/kulturonline.tv\/de\/#organization"},"potentialAction":[{"@type":"SearchAction","target":{"@type":"EntryPoint","urlTemplate":"https:\/\/kulturonline.tv\/de\/?s={search_term_string}"},"query-input":{"@type":"PropertyValueSpecification","valueRequired":true,"valueName":"search_term_string"}}],"inLanguage":"de"},{"@type":"Organization","@id":"https:\/\/kulturonline.tv\/de\/#organization","name":"Kultur Online TV","url":"https:\/\/kulturonline.tv\/de\/","logo":{"@type":"ImageObject","inLanguage":"de","@id":"https:\/\/kulturonline.tv\/de\/#\/schema\/logo\/image\/","url":"https:\/\/kulturonline.tv\/wp-content\/uploads\/2021\/08\/Kultur-Online-Tv-Logo-Endversion-neu.png","contentUrl":"https:\/\/kulturonline.tv\/wp-content\/uploads\/2021\/08\/Kultur-Online-Tv-Logo-Endversion-neu.png","width":200,"height":200,"caption":"Kultur Online TV"},"image":{"@id":"https:\/\/kulturonline.tv\/de\/#\/schema\/logo\/image\/"},"sameAs":["https:\/\/www.facebook.com\/kulturonline.tv","https:\/\/www.instagram.com\/kulturonline.tv"]},{"@type":"Person","@id":"https:\/\/kulturonline.tv\/de\/#\/schema\/person\/b0fac729bb9a0c193fb1df23449df4fe","name":"guenter.wolfgang"}]}},"_links":{"self":[{"href":"https:\/\/kulturonline.tv\/de\/wp-json\/wp\/v2\/posts\/68991","targetHints":{"allow":["GET"]}}],"collection":[{"href":"https:\/\/kulturonline.tv\/de\/wp-json\/wp\/v2\/posts"}],"about":[{"href":"https:\/\/kulturonline.tv\/de\/wp-json\/wp\/v2\/types\/post"}],"author":[{"embeddable":true,"href":"https:\/\/kulturonline.tv\/de\/wp-json\/wp\/v2\/users\/2"}],"replies":[{"embeddable":true,"href":"https:\/\/kulturonline.tv\/de\/wp-json\/wp\/v2\/comments?post=68991"}],"version-history":[{"count":0,"href":"https:\/\/kulturonline.tv\/de\/wp-json\/wp\/v2\/posts\/68991\/revisions"}],"wp:featuredmedia":[{"embeddable":true,"href":"https:\/\/kulturonline.tv\/de\/wp-json\/wp\/v2\/media\/69005"}],"wp:attachment":[{"href":"https:\/\/kulturonline.tv\/de\/wp-json\/wp\/v2\/media?parent=68991"}],"wp:term":[{"taxonomy":"category","embeddable":true,"href":"https:\/\/kulturonline.tv\/de\/wp-json\/wp\/v2\/categories?post=68991"},{"taxonomy":"post_tag","embeddable":true,"href":"https:\/\/kulturonline.tv\/de\/wp-json\/wp\/v2\/tags?post=68991"}],"curies":[{"name":"wp","href":"https:\/\/api.w.org\/{rel}","templated":true}]}}