{"id":69565,"date":"2023-12-29T22:09:36","date_gmt":"2023-12-29T21:09:36","guid":{"rendered":"https:\/\/kulturonline.tv\/?p=69565"},"modified":"2024-05-02T22:52:55","modified_gmt":"2024-05-02T20:52:55","slug":"die-kulturwoche-folge-03","status":"publish","type":"post","link":"https:\/\/kulturonline.tv\/de\/die-kulturwoche-folge-03\/","title":{"rendered":"Die Kulturwoche Folge 01"},"content":{"rendered":"\n<p>Die Kulturwoche unser w\u00f6chentliches Radioformat das sich mit Kultur, Kunst in Deutschland und \u00d6sterreich sowie allgemeiner Gesellschaftsthemen der jeweilgen Woche besch\u00e4ftigt. Die Sendung wird von Martin Both gestaltet und Moderiert aus einer Mischung von Interviews, Berichten, Rezensionen und Musik die nicht allt\u00e4glich zu h\u00f6ren ist.<\/p>\n\n\n\n<figure class=\"wp-block-image size-large\"><img fetchpriority=\"high\" decoding=\"async\" width=\"1600\" height=\"901\" src=\"https:\/\/kulturonline.tv\/wp-content\/uploads\/2023\/12\/Kultur-Online-TV-1600x901.png\" alt=\"\" class=\"wp-image-69581\" srcset=\"https:\/\/kulturonline.tv\/wp-content\/uploads\/2023\/12\/Kultur-Online-TV-1600x901.png 1600w, https:\/\/kulturonline.tv\/wp-content\/uploads\/2023\/12\/Kultur-Online-TV-800x451.png 800w, https:\/\/kulturonline.tv\/wp-content\/uploads\/2023\/12\/Kultur-Online-TV-768x433.png 768w, https:\/\/kulturonline.tv\/wp-content\/uploads\/2023\/12\/Kultur-Online-TV-1536x865.png 1536w, https:\/\/kulturonline.tv\/wp-content\/uploads\/2023\/12\/Kultur-Online-TV-600x338.png 600w, https:\/\/kulturonline.tv\/wp-content\/uploads\/2023\/12\/Kultur-Online-TV.png 1640w\" sizes=\"(max-width: 1600px) 100vw, 1600px\" \/><\/figure>\n\n\n\n<h2 class=\"wp-block-heading\"><strong>Die Beitr\u00e4ge zum Nachh\u00f6ren:<\/strong><\/h2>\n","protected":false},"excerpt":{"rendered":"<p>Die Kulturwoche unser w\u00f6chentliches Radioformat das sich mit Kultur, Kunst in Deutschland und \u00d6sterreich sowie allgemeiner Gesellschaftsthemen der jeweilgen Woche besch\u00e4ftigt. Die Sendung wird von Martin Both gestaltet und Moderiert aus einer Mischung von Interviews, Berichten, Rezensionen und Musik die nicht allt\u00e4glich zu h\u00f6ren ist. Die Beitr\u00e4ge zum Nachh\u00f6ren:<\/p>\n","protected":false},"author":2,"featured_media":74370,"comment_status":"open","ping_status":"closed","sticky":false,"template":"","format":"standard","meta":{"_acf_changed":false,"footnotes":""},"categories":[1],"tags":[],"class_list":["post-69565","post","type-post","status-publish","format-standard","has-post-thumbnail","hentry","category-unkategorisiert"],"acf":[],"yoast_head":"<!-- This site is optimized with the Yoast SEO plugin v26.1.1 - https:\/\/yoast.com\/wordpress\/plugins\/seo\/ -->\n<title>Die Kulturwoche Folge 01 - Kultur Online TV &amp; FM<\/title>\n<meta name=\"description\" content=\"Die Kulturwoche unser w\u00f6chentliches Radioformat das sich mit Kultur, Kunst in Deutschland und \u00d6sterreich sowie allgemeiner Gesellschaftsthemen der jeweilgen Woche besch\u00e4ftigt.\" \/>\n<meta name=\"robots\" content=\"index, follow, max-snippet:-1, max-image-preview:large, max-video-preview:-1\" \/>\n<link rel=\"canonical\" href=\"https:\/\/kulturonline.tv\/de\/die-kulturwoche-folge-03\/\" \/>\n<meta property=\"og:locale\" content=\"de_DE\" \/>\n<meta property=\"og:type\" content=\"article\" \/>\n<meta property=\"og:title\" content=\"Die Kulturwoche Folge 01 - Kultur Online TV &amp; FM\" \/>\n<meta property=\"og:description\" content=\"Die Kulturwoche unser w\u00f6chentliches Radioformat das sich mit Kultur, Kunst in Deutschland und \u00d6sterreich sowie allgemeiner Gesellschaftsthemen der jeweilgen Woche besch\u00e4ftigt.\" \/>\n<meta property=\"og:url\" content=\"https:\/\/kulturonline.tv\/de\/die-kulturwoche-folge-03\/\" \/>\n<meta property=\"og:site_name\" content=\"Kultur Online TV &amp; FM\" \/>\n<meta property=\"article:publisher\" content=\"https:\/\/www.facebook.com\/kulturonline.tv\" \/>\n<meta property=\"article:published_time\" content=\"2023-12-29T21:09:36+00:00\" \/>\n<meta property=\"article:modified_time\" content=\"2024-05-02T20:52:55+00:00\" \/>\n<meta property=\"og:image\" content=\"https:\/\/kulturonline.tv\/wp-content\/uploads\/2023\/12\/1-2.jpg\" \/>\n\t<meta property=\"og:image:width\" content=\"1080\" \/>\n\t<meta property=\"og:image:height\" content=\"1080\" \/>\n\t<meta property=\"og:image:type\" content=\"image\/jpeg\" \/>\n<meta name=\"author\" content=\"guenter.wolfgang\" \/>\n<meta name=\"twitter:card\" content=\"summary_large_image\" \/>\n<meta name=\"twitter:label1\" content=\"Verfasst von\" \/>\n\t<meta name=\"twitter:data1\" content=\"guenter.wolfgang\" \/>\n<script type=\"application\/ld+json\" class=\"yoast-schema-graph\">{\"@context\":\"https:\/\/schema.org\",\"@graph\":[{\"@type\":\"Article\",\"@id\":\"https:\/\/kulturonline.tv\/de\/die-kulturwoche-folge-03\/#article\",\"isPartOf\":{\"@id\":\"https:\/\/kulturonline.tv\/de\/die-kulturwoche-folge-03\/\"},\"author\":{\"name\":\"guenter.wolfgang\",\"@id\":\"https:\/\/kulturonline.tv\/de\/#\/schema\/person\/b0fac729bb9a0c193fb1df23449df4fe\"},\"headline\":\"Die Kulturwoche Folge 01\",\"datePublished\":\"2023-12-29T21:09:36+00:00\",\"dateModified\":\"2024-05-02T20:52:55+00:00\",\"mainEntityOfPage\":{\"@id\":\"https:\/\/kulturonline.tv\/de\/die-kulturwoche-folge-03\/\"},\"wordCount\":58,\"commentCount\":6,\"publisher\":{\"@id\":\"https:\/\/kulturonline.tv\/de\/#organization\"},\"image\":{\"@id\":\"https:\/\/kulturonline.tv\/de\/die-kulturwoche-folge-03\/#primaryimage\"},\"thumbnailUrl\":\"https:\/\/kulturonline.tv\/wp-content\/uploads\/2023\/12\/1-2.jpg\",\"articleSection\":[\"Unkategorisiert\"],\"inLanguage\":\"de\",\"potentialAction\":[{\"@type\":\"CommentAction\",\"name\":\"Comment\",\"target\":[\"https:\/\/kulturonline.tv\/de\/die-kulturwoche-folge-03\/#respond\"]}]},{\"@type\":\"WebPage\",\"@id\":\"https:\/\/kulturonline.tv\/de\/die-kulturwoche-folge-03\/\",\"url\":\"https:\/\/kulturonline.tv\/de\/die-kulturwoche-folge-03\/\",\"name\":\"Die Kulturwoche Folge 01 - Kultur Online TV &amp; FM\",\"isPartOf\":{\"@id\":\"https:\/\/kulturonline.tv\/de\/#website\"},\"primaryImageOfPage\":{\"@id\":\"https:\/\/kulturonline.tv\/de\/die-kulturwoche-folge-03\/#primaryimage\"},\"image\":{\"@id\":\"https:\/\/kulturonline.tv\/de\/die-kulturwoche-folge-03\/#primaryimage\"},\"thumbnailUrl\":\"https:\/\/kulturonline.tv\/wp-content\/uploads\/2023\/12\/1-2.jpg\",\"datePublished\":\"2023-12-29T21:09:36+00:00\",\"dateModified\":\"2024-05-02T20:52:55+00:00\",\"description\":\"Die Kulturwoche unser w\u00f6chentliches Radioformat das sich mit Kultur, Kunst in Deutschland und \u00d6sterreich sowie allgemeiner Gesellschaftsthemen der jeweilgen Woche besch\u00e4ftigt.\",\"breadcrumb\":{\"@id\":\"https:\/\/kulturonline.tv\/de\/die-kulturwoche-folge-03\/#breadcrumb\"},\"inLanguage\":\"de\",\"potentialAction\":[{\"@type\":\"ReadAction\",\"target\":[\"https:\/\/kulturonline.tv\/de\/die-kulturwoche-folge-03\/\"]}]},{\"@type\":\"ImageObject\",\"inLanguage\":\"de\",\"@id\":\"https:\/\/kulturonline.tv\/de\/die-kulturwoche-folge-03\/#primaryimage\",\"url\":\"https:\/\/kulturonline.tv\/wp-content\/uploads\/2023\/12\/1-2.jpg\",\"contentUrl\":\"https:\/\/kulturonline.tv\/wp-content\/uploads\/2023\/12\/1-2.jpg\",\"width\":1080,\"height\":1080},{\"@type\":\"BreadcrumbList\",\"@id\":\"https:\/\/kulturonline.tv\/de\/die-kulturwoche-folge-03\/#breadcrumb\",\"itemListElement\":[{\"@type\":\"ListItem\",\"position\":1,\"name\":\"Startseite\",\"item\":\"https:\/\/kulturonline.tv\/de\/\"},{\"@type\":\"ListItem\",\"position\":2,\"name\":\"Die Kulturwoche Folge 01\"}]},{\"@type\":\"WebSite\",\"@id\":\"https:\/\/kulturonline.tv\/de\/#website\",\"url\":\"https:\/\/kulturonline.tv\/de\/\",\"name\":\"Kultur Online TV &amp; FM\",\"description\":\"Wir sind Kultur 2.0 zum sehen &amp; h\u00f6ren\",\"publisher\":{\"@id\":\"https:\/\/kulturonline.tv\/de\/#organization\"},\"potentialAction\":[{\"@type\":\"SearchAction\",\"target\":{\"@type\":\"EntryPoint\",\"urlTemplate\":\"https:\/\/kulturonline.tv\/de\/?s={search_term_string}\"},\"query-input\":{\"@type\":\"PropertyValueSpecification\",\"valueRequired\":true,\"valueName\":\"search_term_string\"}}],\"inLanguage\":\"de\"},{\"@type\":\"Organization\",\"@id\":\"https:\/\/kulturonline.tv\/de\/#organization\",\"name\":\"Kultur Online TV\",\"url\":\"https:\/\/kulturonline.tv\/de\/\",\"logo\":{\"@type\":\"ImageObject\",\"inLanguage\":\"de\",\"@id\":\"https:\/\/kulturonline.tv\/de\/#\/schema\/logo\/image\/\",\"url\":\"https:\/\/kulturonline.tv\/wp-content\/uploads\/2021\/08\/Kultur-Online-Tv-Logo-Endversion-neu.png\",\"contentUrl\":\"https:\/\/kulturonline.tv\/wp-content\/uploads\/2021\/08\/Kultur-Online-Tv-Logo-Endversion-neu.png\",\"width\":200,\"height\":200,\"caption\":\"Kultur Online TV\"},\"image\":{\"@id\":\"https:\/\/kulturonline.tv\/de\/#\/schema\/logo\/image\/\"},\"sameAs\":[\"https:\/\/www.facebook.com\/kulturonline.tv\",\"https:\/\/www.instagram.com\/kulturonline.tv\"]},{\"@type\":\"Person\",\"@id\":\"https:\/\/kulturonline.tv\/de\/#\/schema\/person\/b0fac729bb9a0c193fb1df23449df4fe\",\"name\":\"guenter.wolfgang\"}]}<\/script>\n<!-- \/ Yoast SEO plugin. -->","yoast_head_json":{"title":"Die Kulturwoche Folge 01 - Kultur Online TV &amp; FM","description":"Die Kulturwoche unser w\u00f6chentliches Radioformat das sich mit Kultur, Kunst in Deutschland und \u00d6sterreich sowie allgemeiner Gesellschaftsthemen der jeweilgen Woche besch\u00e4ftigt.","robots":{"index":"index","follow":"follow","max-snippet":"max-snippet:-1","max-image-preview":"max-image-preview:large","max-video-preview":"max-video-preview:-1"},"canonical":"https:\/\/kulturonline.tv\/de\/die-kulturwoche-folge-03\/","og_locale":"de_DE","og_type":"article","og_title":"Die Kulturwoche Folge 01 - Kultur Online TV &amp; FM","og_description":"Die Kulturwoche unser w\u00f6chentliches Radioformat das sich mit Kultur, Kunst in Deutschland und \u00d6sterreich sowie allgemeiner Gesellschaftsthemen der jeweilgen Woche besch\u00e4ftigt.","og_url":"https:\/\/kulturonline.tv\/de\/die-kulturwoche-folge-03\/","og_site_name":"Kultur Online TV &amp; FM","article_publisher":"https:\/\/www.facebook.com\/kulturonline.tv","article_published_time":"2023-12-29T21:09:36+00:00","article_modified_time":"2024-05-02T20:52:55+00:00","og_image":[{"width":1080,"height":1080,"url":"https:\/\/kulturonline.tv\/wp-content\/uploads\/2023\/12\/1-2.jpg","type":"image\/jpeg"}],"author":"guenter.wolfgang","twitter_card":"summary_large_image","twitter_misc":{"Verfasst von":"guenter.wolfgang"},"schema":{"@context":"https:\/\/schema.org","@graph":[{"@type":"Article","@id":"https:\/\/kulturonline.tv\/de\/die-kulturwoche-folge-03\/#article","isPartOf":{"@id":"https:\/\/kulturonline.tv\/de\/die-kulturwoche-folge-03\/"},"author":{"name":"guenter.wolfgang","@id":"https:\/\/kulturonline.tv\/de\/#\/schema\/person\/b0fac729bb9a0c193fb1df23449df4fe"},"headline":"Die Kulturwoche Folge 01","datePublished":"2023-12-29T21:09:36+00:00","dateModified":"2024-05-02T20:52:55+00:00","mainEntityOfPage":{"@id":"https:\/\/kulturonline.tv\/de\/die-kulturwoche-folge-03\/"},"wordCount":58,"commentCount":6,"publisher":{"@id":"https:\/\/kulturonline.tv\/de\/#organization"},"image":{"@id":"https:\/\/kulturonline.tv\/de\/die-kulturwoche-folge-03\/#primaryimage"},"thumbnailUrl":"https:\/\/kulturonline.tv\/wp-content\/uploads\/2023\/12\/1-2.jpg","articleSection":["Unkategorisiert"],"inLanguage":"de","potentialAction":[{"@type":"CommentAction","name":"Comment","target":["https:\/\/kulturonline.tv\/de\/die-kulturwoche-folge-03\/#respond"]}]},{"@type":"WebPage","@id":"https:\/\/kulturonline.tv\/de\/die-kulturwoche-folge-03\/","url":"https:\/\/kulturonline.tv\/de\/die-kulturwoche-folge-03\/","name":"Die Kulturwoche Folge 01 - Kultur Online TV &amp; FM","isPartOf":{"@id":"https:\/\/kulturonline.tv\/de\/#website"},"primaryImageOfPage":{"@id":"https:\/\/kulturonline.tv\/de\/die-kulturwoche-folge-03\/#primaryimage"},"image":{"@id":"https:\/\/kulturonline.tv\/de\/die-kulturwoche-folge-03\/#primaryimage"},"thumbnailUrl":"https:\/\/kulturonline.tv\/wp-content\/uploads\/2023\/12\/1-2.jpg","datePublished":"2023-12-29T21:09:36+00:00","dateModified":"2024-05-02T20:52:55+00:00","description":"Die Kulturwoche unser w\u00f6chentliches Radioformat das sich mit Kultur, Kunst in Deutschland und \u00d6sterreich sowie allgemeiner Gesellschaftsthemen der jeweilgen Woche besch\u00e4ftigt.","breadcrumb":{"@id":"https:\/\/kulturonline.tv\/de\/die-kulturwoche-folge-03\/#breadcrumb"},"inLanguage":"de","potentialAction":[{"@type":"ReadAction","target":["https:\/\/kulturonline.tv\/de\/die-kulturwoche-folge-03\/"]}]},{"@type":"ImageObject","inLanguage":"de","@id":"https:\/\/kulturonline.tv\/de\/die-kulturwoche-folge-03\/#primaryimage","url":"https:\/\/kulturonline.tv\/wp-content\/uploads\/2023\/12\/1-2.jpg","contentUrl":"https:\/\/kulturonline.tv\/wp-content\/uploads\/2023\/12\/1-2.jpg","width":1080,"height":1080},{"@type":"BreadcrumbList","@id":"https:\/\/kulturonline.tv\/de\/die-kulturwoche-folge-03\/#breadcrumb","itemListElement":[{"@type":"ListItem","position":1,"name":"Startseite","item":"https:\/\/kulturonline.tv\/de\/"},{"@type":"ListItem","position":2,"name":"Die Kulturwoche Folge 01"}]},{"@type":"WebSite","@id":"https:\/\/kulturonline.tv\/de\/#website","url":"https:\/\/kulturonline.tv\/de\/","name":"Kultur Online TV &amp; FM","description":"Wir sind Kultur 2.0 zum sehen &amp; h\u00f6ren","publisher":{"@id":"https:\/\/kulturonline.tv\/de\/#organization"},"potentialAction":[{"@type":"SearchAction","target":{"@type":"EntryPoint","urlTemplate":"https:\/\/kulturonline.tv\/de\/?s={search_term_string}"},"query-input":{"@type":"PropertyValueSpecification","valueRequired":true,"valueName":"search_term_string"}}],"inLanguage":"de"},{"@type":"Organization","@id":"https:\/\/kulturonline.tv\/de\/#organization","name":"Kultur Online TV","url":"https:\/\/kulturonline.tv\/de\/","logo":{"@type":"ImageObject","inLanguage":"de","@id":"https:\/\/kulturonline.tv\/de\/#\/schema\/logo\/image\/","url":"https:\/\/kulturonline.tv\/wp-content\/uploads\/2021\/08\/Kultur-Online-Tv-Logo-Endversion-neu.png","contentUrl":"https:\/\/kulturonline.tv\/wp-content\/uploads\/2021\/08\/Kultur-Online-Tv-Logo-Endversion-neu.png","width":200,"height":200,"caption":"Kultur Online TV"},"image":{"@id":"https:\/\/kulturonline.tv\/de\/#\/schema\/logo\/image\/"},"sameAs":["https:\/\/www.facebook.com\/kulturonline.tv","https:\/\/www.instagram.com\/kulturonline.tv"]},{"@type":"Person","@id":"https:\/\/kulturonline.tv\/de\/#\/schema\/person\/b0fac729bb9a0c193fb1df23449df4fe","name":"guenter.wolfgang"}]}},"_links":{"self":[{"href":"https:\/\/kulturonline.tv\/de\/wp-json\/wp\/v2\/posts\/69565","targetHints":{"allow":["GET"]}}],"collection":[{"href":"https:\/\/kulturonline.tv\/de\/wp-json\/wp\/v2\/posts"}],"about":[{"href":"https:\/\/kulturonline.tv\/de\/wp-json\/wp\/v2\/types\/post"}],"author":[{"embeddable":true,"href":"https:\/\/kulturonline.tv\/de\/wp-json\/wp\/v2\/users\/2"}],"replies":[{"embeddable":true,"href":"https:\/\/kulturonline.tv\/de\/wp-json\/wp\/v2\/comments?post=69565"}],"version-history":[{"count":0,"href":"https:\/\/kulturonline.tv\/de\/wp-json\/wp\/v2\/posts\/69565\/revisions"}],"wp:featuredmedia":[{"embeddable":true,"href":"https:\/\/kulturonline.tv\/de\/wp-json\/wp\/v2\/media\/74370"}],"wp:attachment":[{"href":"https:\/\/kulturonline.tv\/de\/wp-json\/wp\/v2\/media?parent=69565"}],"wp:term":[{"taxonomy":"category","embeddable":true,"href":"https:\/\/kulturonline.tv\/de\/wp-json\/wp\/v2\/categories?post=69565"},{"taxonomy":"post_tag","embeddable":true,"href":"https:\/\/kulturonline.tv\/de\/wp-json\/wp\/v2\/tags?post=69565"}],"curies":[{"name":"wp","href":"https:\/\/api.w.org\/{rel}","templated":true}]}}