{"id":70077,"date":"2024-01-07T19:11:04","date_gmt":"2024-01-07T18:11:04","guid":{"rendered":"https:\/\/kulturonline.tv\/?p=70077"},"modified":"2024-01-07T19:11:06","modified_gmt":"2024-01-07T18:11:06","slug":"jan-delay-das-beste-aus-25-jahren-die-tour-2024","status":"publish","type":"post","link":"https:\/\/kulturonline.tv\/de\/jan-delay-das-beste-aus-25-jahren-die-tour-2024\/","title":{"rendered":"Jan Delay: Das Beste aus 25 Jahren \u2013 Die Tour 2024"},"content":{"rendered":"\n<p>Jan Delay pr\u00e4gte wie kein anderer die deutsche Rap- und Popszene und entwickelte sich stetig weiter. Mit f\u00fcnf Soloalben, vier Livealben, drei einflussreichen Gruppen und unz\u00e4hligen Shows schrieb er Musikgeschichte. 2024 geht er auf gro\u00dfe Jubil\u00e4umstournee.<\/p>\n\n\n\n<figure class=\"wp-block-image size-full\"><img fetchpriority=\"high\" decoding=\"async\" width=\"1024\" height=\"576\" src=\"https:\/\/kulturonline.tv\/wp-content\/uploads\/2024\/01\/Jan-Delay-edited.jpg\" alt=\"\" class=\"wp-image-70080\" srcset=\"https:\/\/kulturonline.tv\/wp-content\/uploads\/2024\/01\/Jan-Delay-edited.jpg 1024w, https:\/\/kulturonline.tv\/wp-content\/uploads\/2024\/01\/Jan-Delay-edited-800x450.jpg 800w, https:\/\/kulturonline.tv\/wp-content\/uploads\/2024\/01\/Jan-Delay-edited-768x432.jpg 768w, https:\/\/kulturonline.tv\/wp-content\/uploads\/2024\/01\/Jan-Delay-edited-600x338.jpg 600w\" sizes=\"(max-width: 1024px) 100vw, 1024px\" \/><\/figure>\n\n\n\n<p>copyright Bild: Sven Mandel, CC BY-SA 4.0 <a href=\"https:\/\/creativecommons.org\/licenses\/by-sa\/4.0\">https:\/\/creativecommons.org\/licenses\/by-sa\/4.0<\/a>, via Wikimedia Commons<\/p>\n\n\n\n<p>Jan Delay ist ein Drittel der Hip-Hop-Combo Beginner (ehemals Absolute Beginner), in der er meist unter dem Pseudonym Eizi Eiz oder Ei\u00dffeldt auftritt, w\u00e4hrend er das Pseudonym Jan Delay haupts\u00e4chlich als Solo-K\u00fcnstler und in den Genres Reggae und Funk verwendet. Mit Tropf bildet er die Formation La Boom.<\/p>\n\n\n\n<p>Das Pseudonym Jan Delay hingegen ist eine Anspielung auf den in den 90er Jahren kurzzeitig erfolgreichen Rapper Young Deenay. Andererseits bedeutet Delay auf Englisch Verz\u00f6gerung und ist auch die Bezeichnung f\u00fcr einen Hintergrundeffekt in der Reggae-\/Tanzmusik  Ein anderer Name, den Jan Delay unter anderem in mehreren Untergrundpublikationen verwendet, ist Boba Fett- basierend auf der Star Wars-Figur Boba Fett.<\/p>\n\n\n\n<figure class=\"wp-block-embed is-type-video is-provider-youtube wp-block-embed-youtube wp-embed-aspect-4-3 wp-has-aspect-ratio\"><div class=\"wp-block-embed__wrapper\">\n<iframe title=\"Jan Delay - Irgendwie, Irgendwo, Irgendwann (Official Video)\" width=\"800\" height=\"600\" src=\"https:\/\/www.youtube.com\/embed\/wIgQovuYiR8?feature=oembed\" frameborder=\"0\" allow=\"accelerometer; autoplay; clipboard-write; encrypted-media; gyroscope; picture-in-picture; web-share\" referrerpolicy=\"strict-origin-when-cross-origin\" allowfullscreen><\/iframe>\n<\/div><\/figure>\n\n\n\n<p>Sein Soloalbum Searching for the Jan Soul Rebels, das mit der Sam Ragga Band aufgenommen und 2001 ver\u00f6ffentlicht wurde, erhielt f\u00fcr seine gekonnte und manchmal innovative Verschmelzung von Musikstilen gro\u00dfe Anerkennung.<\/p>\n\n\n\n<p>Der Titel bezieht sich auf das Deb\u00fctalbum Searching for the Young Soul Rebels von Dexys Midnight Runners. Dieses Album entstand in enger Zusammenarbeit mit dem Produzenten Matthias Arfmann, der das erste Album des Reggae-K\u00fcnstlers Patrice und die ersten beiden Alben von Beginner produzierte. Im selben Jahr nahm er mit Sleepwalker im Rahmen der Hamburg City Allstars die Single Audition auf.Es blieb neun Wochen lang in den deutschen Single-Charts und erreichte Platz 44.<\/p>\n\n\n\n<p>Die \u201eBest of 25 Years\u201c Tour verspricht ein musikalisches Highlight zu werden, bei dem Jan Delay und seine perfekt eingespielte Band ihr Publikum begeistern werden. Wenn du die Gelegenheit hast, sie live zu erleben, solltest du sie auf keinen Fall verpassen. Jan Delay ist und bleibt eine Ikone des deutschen Pop und hat eine Musikkarriere hingelegt, die sich sehen lassen kann.<\/p>\n\n\n\n<p>Kultur Online TV-FM<\/p>\n\n\n\n<p>#musik #konzerte #ticket<\/p>\n","protected":false},"excerpt":{"rendered":"<p>Jan Delay pr\u00e4gte wie kein anderer die deutsche Rap- und Popszene und entwickelte sich stetig weiter. Mit f\u00fcnf Soloalben, vier Livealben, drei einflussreichen Gruppen und unz\u00e4hligen Shows schrieb er Musikgeschichte. 2024 geht er auf gro\u00dfe Jubil\u00e4umstournee. copyright Bild: Sven Mandel, CC BY-SA 4.0 https:\/\/creativecommons.org\/licenses\/by-sa\/4.0, via Wikimedia Commons Jan Delay ist ein Drittel der Hip-Hop-Combo Beginner [&hellip;]<\/p>\n","protected":false},"author":2,"featured_media":70080,"comment_status":"open","ping_status":"closed","sticky":false,"template":"","format":"standard","meta":{"_acf_changed":false,"footnotes":""},"categories":[1],"tags":[],"class_list":["post-70077","post","type-post","status-publish","format-standard","has-post-thumbnail","hentry","category-unkategorisiert"],"acf":[],"yoast_head":"<!-- This site is optimized with the Yoast SEO plugin v26.1.1 - https:\/\/yoast.com\/wordpress\/plugins\/seo\/ -->\n<title>Jan Delay: Das Beste aus 25 Jahren \u2013 Die Tour 2024 - Kultur Online TV &amp; FM<\/title>\n<meta name=\"description\" content=\"Jan Delay pr\u00e4gte wie kein anderer die deutsche Rap- und Popszene und entwickelte sich stetig weiter. Mit f\u00fcnf Soloalben, vier Livealben, drei einflussreichen Gruppen und unz\u00e4hligen Shows schrieb er Musikgeschichte.\" \/>\n<meta name=\"robots\" content=\"index, follow, max-snippet:-1, max-image-preview:large, max-video-preview:-1\" \/>\n<link rel=\"canonical\" href=\"https:\/\/kulturonline.tv\/de\/jan-delay-das-beste-aus-25-jahren-die-tour-2024\/\" \/>\n<meta property=\"og:locale\" content=\"de_DE\" \/>\n<meta property=\"og:type\" content=\"article\" \/>\n<meta property=\"og:title\" content=\"Jan Delay: Das Beste aus 25 Jahren \u2013 Die Tour 2024 - Kultur Online TV &amp; FM\" \/>\n<meta property=\"og:description\" content=\"Jan Delay pr\u00e4gte wie kein anderer die deutsche Rap- und Popszene und entwickelte sich stetig weiter. Mit f\u00fcnf Soloalben, vier Livealben, drei einflussreichen Gruppen und unz\u00e4hligen Shows schrieb er Musikgeschichte.\" \/>\n<meta property=\"og:url\" content=\"https:\/\/kulturonline.tv\/de\/jan-delay-das-beste-aus-25-jahren-die-tour-2024\/\" \/>\n<meta property=\"og:site_name\" content=\"Kultur Online TV &amp; FM\" \/>\n<meta property=\"article:publisher\" content=\"https:\/\/www.facebook.com\/kulturonline.tv\" \/>\n<meta property=\"article:published_time\" content=\"2024-01-07T18:11:04+00:00\" \/>\n<meta property=\"article:modified_time\" content=\"2024-01-07T18:11:06+00:00\" \/>\n<meta property=\"og:image\" content=\"https:\/\/kulturonline.tv\/wp-content\/uploads\/2024\/01\/Jan-Delay-edited.jpg\" \/>\n\t<meta property=\"og:image:width\" content=\"1024\" \/>\n\t<meta property=\"og:image:height\" content=\"576\" \/>\n\t<meta property=\"og:image:type\" content=\"image\/jpeg\" \/>\n<meta name=\"author\" content=\"guenter.wolfgang\" \/>\n<meta name=\"twitter:card\" content=\"summary_large_image\" \/>\n<meta name=\"twitter:label1\" content=\"Verfasst von\" \/>\n\t<meta name=\"twitter:data1\" content=\"guenter.wolfgang\" \/>\n\t<meta name=\"twitter:label2\" content=\"Gesch\u00e4tzte Lesezeit\" \/>\n\t<meta name=\"twitter:data2\" content=\"2\u00a0Minuten\" \/>\n<script type=\"application\/ld+json\" class=\"yoast-schema-graph\">{\"@context\":\"https:\/\/schema.org\",\"@graph\":[{\"@type\":\"Article\",\"@id\":\"https:\/\/kulturonline.tv\/de\/jan-delay-das-beste-aus-25-jahren-die-tour-2024\/#article\",\"isPartOf\":{\"@id\":\"https:\/\/kulturonline.tv\/de\/jan-delay-das-beste-aus-25-jahren-die-tour-2024\/\"},\"author\":{\"name\":\"guenter.wolfgang\",\"@id\":\"https:\/\/kulturonline.tv\/de\/#\/schema\/person\/b0fac729bb9a0c193fb1df23449df4fe\"},\"headline\":\"Jan Delay: Das Beste aus 25 Jahren \u2013 Die Tour 2024\",\"datePublished\":\"2024-01-07T18:11:04+00:00\",\"dateModified\":\"2024-01-07T18:11:06+00:00\",\"mainEntityOfPage\":{\"@id\":\"https:\/\/kulturonline.tv\/de\/jan-delay-das-beste-aus-25-jahren-die-tour-2024\/\"},\"wordCount\":352,\"commentCount\":3,\"publisher\":{\"@id\":\"https:\/\/kulturonline.tv\/de\/#organization\"},\"image\":{\"@id\":\"https:\/\/kulturonline.tv\/de\/jan-delay-das-beste-aus-25-jahren-die-tour-2024\/#primaryimage\"},\"thumbnailUrl\":\"https:\/\/kulturonline.tv\/wp-content\/uploads\/2024\/01\/Jan-Delay-edited.jpg\",\"articleSection\":[\"Unkategorisiert\"],\"inLanguage\":\"de\",\"potentialAction\":[{\"@type\":\"CommentAction\",\"name\":\"Comment\",\"target\":[\"https:\/\/kulturonline.tv\/de\/jan-delay-das-beste-aus-25-jahren-die-tour-2024\/#respond\"]}]},{\"@type\":\"WebPage\",\"@id\":\"https:\/\/kulturonline.tv\/de\/jan-delay-das-beste-aus-25-jahren-die-tour-2024\/\",\"url\":\"https:\/\/kulturonline.tv\/de\/jan-delay-das-beste-aus-25-jahren-die-tour-2024\/\",\"name\":\"Jan Delay: Das Beste aus 25 Jahren \u2013 Die Tour 2024 - Kultur Online TV &amp; FM\",\"isPartOf\":{\"@id\":\"https:\/\/kulturonline.tv\/de\/#website\"},\"primaryImageOfPage\":{\"@id\":\"https:\/\/kulturonline.tv\/de\/jan-delay-das-beste-aus-25-jahren-die-tour-2024\/#primaryimage\"},\"image\":{\"@id\":\"https:\/\/kulturonline.tv\/de\/jan-delay-das-beste-aus-25-jahren-die-tour-2024\/#primaryimage\"},\"thumbnailUrl\":\"https:\/\/kulturonline.tv\/wp-content\/uploads\/2024\/01\/Jan-Delay-edited.jpg\",\"datePublished\":\"2024-01-07T18:11:04+00:00\",\"dateModified\":\"2024-01-07T18:11:06+00:00\",\"description\":\"Jan Delay pr\u00e4gte wie kein anderer die deutsche Rap- und Popszene und entwickelte sich stetig weiter. Mit f\u00fcnf Soloalben, vier Livealben, drei einflussreichen Gruppen und unz\u00e4hligen Shows schrieb er Musikgeschichte.\",\"breadcrumb\":{\"@id\":\"https:\/\/kulturonline.tv\/de\/jan-delay-das-beste-aus-25-jahren-die-tour-2024\/#breadcrumb\"},\"inLanguage\":\"de\",\"potentialAction\":[{\"@type\":\"ReadAction\",\"target\":[\"https:\/\/kulturonline.tv\/de\/jan-delay-das-beste-aus-25-jahren-die-tour-2024\/\"]}]},{\"@type\":\"ImageObject\",\"inLanguage\":\"de\",\"@id\":\"https:\/\/kulturonline.tv\/de\/jan-delay-das-beste-aus-25-jahren-die-tour-2024\/#primaryimage\",\"url\":\"https:\/\/kulturonline.tv\/wp-content\/uploads\/2024\/01\/Jan-Delay-edited.jpg\",\"contentUrl\":\"https:\/\/kulturonline.tv\/wp-content\/uploads\/2024\/01\/Jan-Delay-edited.jpg\",\"width\":1024,\"height\":576},{\"@type\":\"BreadcrumbList\",\"@id\":\"https:\/\/kulturonline.tv\/de\/jan-delay-das-beste-aus-25-jahren-die-tour-2024\/#breadcrumb\",\"itemListElement\":[{\"@type\":\"ListItem\",\"position\":1,\"name\":\"Startseite\",\"item\":\"https:\/\/kulturonline.tv\/de\/\"},{\"@type\":\"ListItem\",\"position\":2,\"name\":\"Jan Delay: Das Beste aus 25 Jahren \u2013 Die Tour 2024\"}]},{\"@type\":\"WebSite\",\"@id\":\"https:\/\/kulturonline.tv\/de\/#website\",\"url\":\"https:\/\/kulturonline.tv\/de\/\",\"name\":\"Kultur Online TV &amp; FM\",\"description\":\"Wir sind Kultur 2.0 zum sehen &amp; h\u00f6ren\",\"publisher\":{\"@id\":\"https:\/\/kulturonline.tv\/de\/#organization\"},\"potentialAction\":[{\"@type\":\"SearchAction\",\"target\":{\"@type\":\"EntryPoint\",\"urlTemplate\":\"https:\/\/kulturonline.tv\/de\/?s={search_term_string}\"},\"query-input\":{\"@type\":\"PropertyValueSpecification\",\"valueRequired\":true,\"valueName\":\"search_term_string\"}}],\"inLanguage\":\"de\"},{\"@type\":\"Organization\",\"@id\":\"https:\/\/kulturonline.tv\/de\/#organization\",\"name\":\"Kultur Online TV\",\"url\":\"https:\/\/kulturonline.tv\/de\/\",\"logo\":{\"@type\":\"ImageObject\",\"inLanguage\":\"de\",\"@id\":\"https:\/\/kulturonline.tv\/de\/#\/schema\/logo\/image\/\",\"url\":\"https:\/\/kulturonline.tv\/wp-content\/uploads\/2021\/08\/Kultur-Online-Tv-Logo-Endversion-neu.png\",\"contentUrl\":\"https:\/\/kulturonline.tv\/wp-content\/uploads\/2021\/08\/Kultur-Online-Tv-Logo-Endversion-neu.png\",\"width\":200,\"height\":200,\"caption\":\"Kultur Online TV\"},\"image\":{\"@id\":\"https:\/\/kulturonline.tv\/de\/#\/schema\/logo\/image\/\"},\"sameAs\":[\"https:\/\/www.facebook.com\/kulturonline.tv\",\"https:\/\/www.instagram.com\/kulturonline.tv\"]},{\"@type\":\"Person\",\"@id\":\"https:\/\/kulturonline.tv\/de\/#\/schema\/person\/b0fac729bb9a0c193fb1df23449df4fe\",\"name\":\"guenter.wolfgang\"}]}<\/script>\n<!-- \/ Yoast SEO plugin. -->","yoast_head_json":{"title":"Jan Delay: Das Beste aus 25 Jahren \u2013 Die Tour 2024 - Kultur Online TV &amp; FM","description":"Jan Delay pr\u00e4gte wie kein anderer die deutsche Rap- und Popszene und entwickelte sich stetig weiter. Mit f\u00fcnf Soloalben, vier Livealben, drei einflussreichen Gruppen und unz\u00e4hligen Shows schrieb er Musikgeschichte.","robots":{"index":"index","follow":"follow","max-snippet":"max-snippet:-1","max-image-preview":"max-image-preview:large","max-video-preview":"max-video-preview:-1"},"canonical":"https:\/\/kulturonline.tv\/de\/jan-delay-das-beste-aus-25-jahren-die-tour-2024\/","og_locale":"de_DE","og_type":"article","og_title":"Jan Delay: Das Beste aus 25 Jahren \u2013 Die Tour 2024 - Kultur Online TV &amp; FM","og_description":"Jan Delay pr\u00e4gte wie kein anderer die deutsche Rap- und Popszene und entwickelte sich stetig weiter. Mit f\u00fcnf Soloalben, vier Livealben, drei einflussreichen Gruppen und unz\u00e4hligen Shows schrieb er Musikgeschichte.","og_url":"https:\/\/kulturonline.tv\/de\/jan-delay-das-beste-aus-25-jahren-die-tour-2024\/","og_site_name":"Kultur Online TV &amp; FM","article_publisher":"https:\/\/www.facebook.com\/kulturonline.tv","article_published_time":"2024-01-07T18:11:04+00:00","article_modified_time":"2024-01-07T18:11:06+00:00","og_image":[{"width":1024,"height":576,"url":"https:\/\/kulturonline.tv\/wp-content\/uploads\/2024\/01\/Jan-Delay-edited.jpg","type":"image\/jpeg"}],"author":"guenter.wolfgang","twitter_card":"summary_large_image","twitter_misc":{"Verfasst von":"guenter.wolfgang","Gesch\u00e4tzte Lesezeit":"2\u00a0Minuten"},"schema":{"@context":"https:\/\/schema.org","@graph":[{"@type":"Article","@id":"https:\/\/kulturonline.tv\/de\/jan-delay-das-beste-aus-25-jahren-die-tour-2024\/#article","isPartOf":{"@id":"https:\/\/kulturonline.tv\/de\/jan-delay-das-beste-aus-25-jahren-die-tour-2024\/"},"author":{"name":"guenter.wolfgang","@id":"https:\/\/kulturonline.tv\/de\/#\/schema\/person\/b0fac729bb9a0c193fb1df23449df4fe"},"headline":"Jan Delay: Das Beste aus 25 Jahren \u2013 Die Tour 2024","datePublished":"2024-01-07T18:11:04+00:00","dateModified":"2024-01-07T18:11:06+00:00","mainEntityOfPage":{"@id":"https:\/\/kulturonline.tv\/de\/jan-delay-das-beste-aus-25-jahren-die-tour-2024\/"},"wordCount":352,"commentCount":3,"publisher":{"@id":"https:\/\/kulturonline.tv\/de\/#organization"},"image":{"@id":"https:\/\/kulturonline.tv\/de\/jan-delay-das-beste-aus-25-jahren-die-tour-2024\/#primaryimage"},"thumbnailUrl":"https:\/\/kulturonline.tv\/wp-content\/uploads\/2024\/01\/Jan-Delay-edited.jpg","articleSection":["Unkategorisiert"],"inLanguage":"de","potentialAction":[{"@type":"CommentAction","name":"Comment","target":["https:\/\/kulturonline.tv\/de\/jan-delay-das-beste-aus-25-jahren-die-tour-2024\/#respond"]}]},{"@type":"WebPage","@id":"https:\/\/kulturonline.tv\/de\/jan-delay-das-beste-aus-25-jahren-die-tour-2024\/","url":"https:\/\/kulturonline.tv\/de\/jan-delay-das-beste-aus-25-jahren-die-tour-2024\/","name":"Jan Delay: Das Beste aus 25 Jahren \u2013 Die Tour 2024 - Kultur Online TV &amp; FM","isPartOf":{"@id":"https:\/\/kulturonline.tv\/de\/#website"},"primaryImageOfPage":{"@id":"https:\/\/kulturonline.tv\/de\/jan-delay-das-beste-aus-25-jahren-die-tour-2024\/#primaryimage"},"image":{"@id":"https:\/\/kulturonline.tv\/de\/jan-delay-das-beste-aus-25-jahren-die-tour-2024\/#primaryimage"},"thumbnailUrl":"https:\/\/kulturonline.tv\/wp-content\/uploads\/2024\/01\/Jan-Delay-edited.jpg","datePublished":"2024-01-07T18:11:04+00:00","dateModified":"2024-01-07T18:11:06+00:00","description":"Jan Delay pr\u00e4gte wie kein anderer die deutsche Rap- und Popszene und entwickelte sich stetig weiter. Mit f\u00fcnf Soloalben, vier Livealben, drei einflussreichen Gruppen und unz\u00e4hligen Shows schrieb er Musikgeschichte.","breadcrumb":{"@id":"https:\/\/kulturonline.tv\/de\/jan-delay-das-beste-aus-25-jahren-die-tour-2024\/#breadcrumb"},"inLanguage":"de","potentialAction":[{"@type":"ReadAction","target":["https:\/\/kulturonline.tv\/de\/jan-delay-das-beste-aus-25-jahren-die-tour-2024\/"]}]},{"@type":"ImageObject","inLanguage":"de","@id":"https:\/\/kulturonline.tv\/de\/jan-delay-das-beste-aus-25-jahren-die-tour-2024\/#primaryimage","url":"https:\/\/kulturonline.tv\/wp-content\/uploads\/2024\/01\/Jan-Delay-edited.jpg","contentUrl":"https:\/\/kulturonline.tv\/wp-content\/uploads\/2024\/01\/Jan-Delay-edited.jpg","width":1024,"height":576},{"@type":"BreadcrumbList","@id":"https:\/\/kulturonline.tv\/de\/jan-delay-das-beste-aus-25-jahren-die-tour-2024\/#breadcrumb","itemListElement":[{"@type":"ListItem","position":1,"name":"Startseite","item":"https:\/\/kulturonline.tv\/de\/"},{"@type":"ListItem","position":2,"name":"Jan Delay: Das Beste aus 25 Jahren \u2013 Die Tour 2024"}]},{"@type":"WebSite","@id":"https:\/\/kulturonline.tv\/de\/#website","url":"https:\/\/kulturonline.tv\/de\/","name":"Kultur Online TV &amp; FM","description":"Wir sind Kultur 2.0 zum sehen &amp; h\u00f6ren","publisher":{"@id":"https:\/\/kulturonline.tv\/de\/#organization"},"potentialAction":[{"@type":"SearchAction","target":{"@type":"EntryPoint","urlTemplate":"https:\/\/kulturonline.tv\/de\/?s={search_term_string}"},"query-input":{"@type":"PropertyValueSpecification","valueRequired":true,"valueName":"search_term_string"}}],"inLanguage":"de"},{"@type":"Organization","@id":"https:\/\/kulturonline.tv\/de\/#organization","name":"Kultur Online TV","url":"https:\/\/kulturonline.tv\/de\/","logo":{"@type":"ImageObject","inLanguage":"de","@id":"https:\/\/kulturonline.tv\/de\/#\/schema\/logo\/image\/","url":"https:\/\/kulturonline.tv\/wp-content\/uploads\/2021\/08\/Kultur-Online-Tv-Logo-Endversion-neu.png","contentUrl":"https:\/\/kulturonline.tv\/wp-content\/uploads\/2021\/08\/Kultur-Online-Tv-Logo-Endversion-neu.png","width":200,"height":200,"caption":"Kultur Online TV"},"image":{"@id":"https:\/\/kulturonline.tv\/de\/#\/schema\/logo\/image\/"},"sameAs":["https:\/\/www.facebook.com\/kulturonline.tv","https:\/\/www.instagram.com\/kulturonline.tv"]},{"@type":"Person","@id":"https:\/\/kulturonline.tv\/de\/#\/schema\/person\/b0fac729bb9a0c193fb1df23449df4fe","name":"guenter.wolfgang"}]}},"_links":{"self":[{"href":"https:\/\/kulturonline.tv\/de\/wp-json\/wp\/v2\/posts\/70077","targetHints":{"allow":["GET"]}}],"collection":[{"href":"https:\/\/kulturonline.tv\/de\/wp-json\/wp\/v2\/posts"}],"about":[{"href":"https:\/\/kulturonline.tv\/de\/wp-json\/wp\/v2\/types\/post"}],"author":[{"embeddable":true,"href":"https:\/\/kulturonline.tv\/de\/wp-json\/wp\/v2\/users\/2"}],"replies":[{"embeddable":true,"href":"https:\/\/kulturonline.tv\/de\/wp-json\/wp\/v2\/comments?post=70077"}],"version-history":[{"count":0,"href":"https:\/\/kulturonline.tv\/de\/wp-json\/wp\/v2\/posts\/70077\/revisions"}],"wp:featuredmedia":[{"embeddable":true,"href":"https:\/\/kulturonline.tv\/de\/wp-json\/wp\/v2\/media\/70080"}],"wp:attachment":[{"href":"https:\/\/kulturonline.tv\/de\/wp-json\/wp\/v2\/media?parent=70077"}],"wp:term":[{"taxonomy":"category","embeddable":true,"href":"https:\/\/kulturonline.tv\/de\/wp-json\/wp\/v2\/categories?post=70077"},{"taxonomy":"post_tag","embeddable":true,"href":"https:\/\/kulturonline.tv\/de\/wp-json\/wp\/v2\/tags?post=70077"}],"curies":[{"name":"wp","href":"https:\/\/api.w.org\/{rel}","templated":true}]}}