{"id":70087,"date":"2024-01-09T21:57:45","date_gmt":"2024-01-09T20:57:45","guid":{"rendered":"https:\/\/kulturonline.tv\/?p=70087"},"modified":"2024-01-09T21:57:47","modified_gmt":"2024-01-09T20:57:47","slug":"westernhagen-tour-2024","status":"publish","type":"post","link":"https:\/\/kulturonline.tv\/de\/westernhagen-tour-2024\/","title":{"rendered":"Westernhagen- Tour 2024"},"content":{"rendered":"\n<p>Zur Feier seines 75. Geburtstags geht er noch einmal auf gro\u00dfe Tour und spielt seine Hits aus 50 Jahren.<\/p>\n\n\n\n<figure class=\"wp-block-image size-full is-resized\"><img fetchpriority=\"high\" decoding=\"async\" width=\"1024\" height=\"576\" src=\"https:\/\/kulturonline.tv\/wp-content\/uploads\/2024\/01\/Westernhagen_by_2eight_9529-edited.jpg\" alt=\"\" class=\"wp-image-70090\" style=\"width:839px;height:auto\" srcset=\"https:\/\/kulturonline.tv\/wp-content\/uploads\/2024\/01\/Westernhagen_by_2eight_9529-edited.jpg 1024w, https:\/\/kulturonline.tv\/wp-content\/uploads\/2024\/01\/Westernhagen_by_2eight_9529-edited-800x450.jpg 800w, https:\/\/kulturonline.tv\/wp-content\/uploads\/2024\/01\/Westernhagen_by_2eight_9529-edited-768x432.jpg 768w, https:\/\/kulturonline.tv\/wp-content\/uploads\/2024\/01\/Westernhagen_by_2eight_9529-edited-600x338.jpg 600w\" sizes=\"(max-width: 1024px) 100vw, 1024px\" \/><\/figure>\n\n\n\n<p>Copyright Bilder Foto: Stefan Brending https:\/\/upload.wikimedia.org\/wikipedia\/commons\/c\/c0\/Westernhagen_by_2eight_9529.jpg<\/p>\n\n\n\n<p>Westernhagen ist vor allem f\u00fcr seine charismatische und energiegeladene B\u00fchnenpr\u00e4senz bekannt. Er versteht es, ein Publikum zu fesseln und eine intensive Bindung zu seinen Fans aufzubauen. Nach eigenen Angaben investierte er enorme Summen in seine geplanten B\u00fchnenauftritte, weshalb diese sich einst nicht mehr rentierten. 1998 gab Westernhagen bekannt, dass er nicht mehr in Stadien auftreten werde und spielte eine Abschiedstournee.<a href=\"https:\/\/www.youtube.com\/watch?v=L9E6UIZ9M0g\"><br><\/a>.<\/p>\n\n\n\n<figure class=\"wp-block-embed is-type-video is-provider-youtube wp-block-embed-youtube wp-embed-aspect-4-3 wp-has-aspect-ratio\"><div class=\"wp-block-embed__wrapper\">\n<iframe title=\"Westernhagen - Eins (Offizielles Musikvideo)\" width=\"800\" height=\"600\" src=\"https:\/\/www.youtube.com\/embed\/L9E6UIZ9M0g?feature=oembed\" frameborder=\"0\" allow=\"accelerometer; autoplay; clipboard-write; encrypted-media; gyroscope; picture-in-picture; web-share\" referrerpolicy=\"strict-origin-when-cross-origin\" allowfullscreen><\/iframe>\n<\/div><\/figure>\n\n\n\n<p><strong>Westernhagen Tour 75 Live<\/strong><\/p>\n\n\n\n<p>10.05.2024 \u2013 Dortmund \u2013 Westfalenhalle<\/p>\n\n\n\n<p>12.05.2024 \u2013 Hannover \u2013 ZAG Arena<\/p>\n\n\n\n<p>13.05.2024 \u2013 K\u00f6ln, LANXESS Arena<\/p>\n\n\n\n<p>16.05.2024 \u2013 Leipzig, Quarterback Immobilien Arena<\/p>\n\n\n\n<p>17.05.2024 \u2013 Hamburg, Barclays Arena<\/p>\n\n\n\n<p>20.05.2024 \u2013 Frankfurt, Festhalle<\/p>\n\n\n\n<p>21.05.2024 \u2013 Stuttgart, Schleyerhalle<\/p>\n\n\n\n<div class=\"wp-block-buttons is-layout-flex wp-block-buttons-is-layout-flex\">\n<div class=\"wp-block-button\"><a class=\"wp-block-button__link wp-element-button\" href=\"https:\/\/www.eventim.de\/artist\/marius-mueller-westernhagen\/?affiliate=UDR\">TICKET<\/a><\/div>\n<\/div>\n\n\n\n<p>Kultur Online TV-FM<\/p>\n\n\n\n<p>#musik #konzert #ticket<\/p>\n","protected":false},"excerpt":{"rendered":"<p>Zur Feier seines 75. Geburtstags geht er noch einmal auf gro\u00dfe Tour und spielt seine Hits aus 50 Jahren. Copyright Bilder Foto: Stefan Brending https:\/\/upload.wikimedia.org\/wikipedia\/commons\/c\/c0\/Westernhagen_by_2eight_9529.jpg Westernhagen ist vor allem f\u00fcr seine charismatische und energiegeladene B\u00fchnenpr\u00e4senz bekannt. Er versteht es, ein Publikum zu fesseln und eine intensive Bindung zu seinen Fans aufzubauen. Nach eigenen Angaben investierte [&hellip;]<\/p>\n","protected":false},"author":2,"featured_media":70090,"comment_status":"open","ping_status":"closed","sticky":false,"template":"","format":"standard","meta":{"_acf_changed":false,"footnotes":""},"categories":[1],"tags":[],"class_list":["post-70087","post","type-post","status-publish","format-standard","has-post-thumbnail","hentry","category-unkategorisiert"],"acf":[],"yoast_head":"<!-- This site is optimized with the Yoast SEO plugin v26.1.1 - https:\/\/yoast.com\/wordpress\/plugins\/seo\/ -->\n<title>Westernhagen- Tour 2024 - Kultur Online TV &amp; FM<\/title>\n<meta name=\"description\" content=\"Zur Feier seines 75. Geburtstags geht er noch einmal auf gro\u00dfe Tour und spielt seine Hits aus 50 Jahren.\" \/>\n<meta name=\"robots\" content=\"index, follow, max-snippet:-1, max-image-preview:large, max-video-preview:-1\" \/>\n<link rel=\"canonical\" href=\"https:\/\/kulturonline.tv\/de\/westernhagen-tour-2024\/\" \/>\n<meta property=\"og:locale\" content=\"de_DE\" \/>\n<meta property=\"og:type\" content=\"article\" \/>\n<meta property=\"og:title\" content=\"Westernhagen- Tour 2024 - Kultur Online TV &amp; FM\" \/>\n<meta property=\"og:description\" content=\"Zur Feier seines 75. Geburtstags geht er noch einmal auf gro\u00dfe Tour und spielt seine Hits aus 50 Jahren.\" \/>\n<meta property=\"og:url\" content=\"https:\/\/kulturonline.tv\/de\/westernhagen-tour-2024\/\" \/>\n<meta property=\"og:site_name\" content=\"Kultur Online TV &amp; FM\" \/>\n<meta property=\"article:publisher\" content=\"https:\/\/www.facebook.com\/kulturonline.tv\" \/>\n<meta property=\"article:published_time\" content=\"2024-01-09T20:57:45+00:00\" \/>\n<meta property=\"article:modified_time\" content=\"2024-01-09T20:57:47+00:00\" \/>\n<meta property=\"og:image\" content=\"https:\/\/kulturonline.tv\/wp-content\/uploads\/2024\/01\/Westernhagen_by_2eight_9529-edited.jpg\" \/>\n\t<meta property=\"og:image:width\" content=\"1024\" \/>\n\t<meta property=\"og:image:height\" content=\"576\" \/>\n\t<meta property=\"og:image:type\" content=\"image\/jpeg\" \/>\n<meta name=\"author\" content=\"guenter.wolfgang\" \/>\n<meta name=\"twitter:card\" content=\"summary_large_image\" \/>\n<meta name=\"twitter:label1\" content=\"Verfasst von\" \/>\n\t<meta name=\"twitter:data1\" content=\"guenter.wolfgang\" \/>\n\t<meta name=\"twitter:label2\" content=\"Gesch\u00e4tzte Lesezeit\" \/>\n\t<meta name=\"twitter:data2\" content=\"1\u00a0Minute\" \/>\n<script type=\"application\/ld+json\" class=\"yoast-schema-graph\">{\"@context\":\"https:\/\/schema.org\",\"@graph\":[{\"@type\":\"Article\",\"@id\":\"https:\/\/kulturonline.tv\/de\/westernhagen-tour-2024\/#article\",\"isPartOf\":{\"@id\":\"https:\/\/kulturonline.tv\/de\/westernhagen-tour-2024\/\"},\"author\":{\"name\":\"guenter.wolfgang\",\"@id\":\"https:\/\/kulturonline.tv\/de\/#\/schema\/person\/b0fac729bb9a0c193fb1df23449df4fe\"},\"headline\":\"Westernhagen- Tour 2024\",\"datePublished\":\"2024-01-09T20:57:45+00:00\",\"dateModified\":\"2024-01-09T20:57:47+00:00\",\"mainEntityOfPage\":{\"@id\":\"https:\/\/kulturonline.tv\/de\/westernhagen-tour-2024\/\"},\"wordCount\":141,\"commentCount\":0,\"publisher\":{\"@id\":\"https:\/\/kulturonline.tv\/de\/#organization\"},\"image\":{\"@id\":\"https:\/\/kulturonline.tv\/de\/westernhagen-tour-2024\/#primaryimage\"},\"thumbnailUrl\":\"https:\/\/kulturonline.tv\/wp-content\/uploads\/2024\/01\/Westernhagen_by_2eight_9529-edited.jpg\",\"articleSection\":[\"Unkategorisiert\"],\"inLanguage\":\"de\",\"potentialAction\":[{\"@type\":\"CommentAction\",\"name\":\"Comment\",\"target\":[\"https:\/\/kulturonline.tv\/de\/westernhagen-tour-2024\/#respond\"]}]},{\"@type\":\"WebPage\",\"@id\":\"https:\/\/kulturonline.tv\/de\/westernhagen-tour-2024\/\",\"url\":\"https:\/\/kulturonline.tv\/de\/westernhagen-tour-2024\/\",\"name\":\"Westernhagen- Tour 2024 - Kultur Online TV &amp; FM\",\"isPartOf\":{\"@id\":\"https:\/\/kulturonline.tv\/de\/#website\"},\"primaryImageOfPage\":{\"@id\":\"https:\/\/kulturonline.tv\/de\/westernhagen-tour-2024\/#primaryimage\"},\"image\":{\"@id\":\"https:\/\/kulturonline.tv\/de\/westernhagen-tour-2024\/#primaryimage\"},\"thumbnailUrl\":\"https:\/\/kulturonline.tv\/wp-content\/uploads\/2024\/01\/Westernhagen_by_2eight_9529-edited.jpg\",\"datePublished\":\"2024-01-09T20:57:45+00:00\",\"dateModified\":\"2024-01-09T20:57:47+00:00\",\"description\":\"Zur Feier seines 75. Geburtstags geht er noch einmal auf gro\u00dfe Tour und spielt seine Hits aus 50 Jahren.\",\"breadcrumb\":{\"@id\":\"https:\/\/kulturonline.tv\/de\/westernhagen-tour-2024\/#breadcrumb\"},\"inLanguage\":\"de\",\"potentialAction\":[{\"@type\":\"ReadAction\",\"target\":[\"https:\/\/kulturonline.tv\/de\/westernhagen-tour-2024\/\"]}]},{\"@type\":\"ImageObject\",\"inLanguage\":\"de\",\"@id\":\"https:\/\/kulturonline.tv\/de\/westernhagen-tour-2024\/#primaryimage\",\"url\":\"https:\/\/kulturonline.tv\/wp-content\/uploads\/2024\/01\/Westernhagen_by_2eight_9529-edited.jpg\",\"contentUrl\":\"https:\/\/kulturonline.tv\/wp-content\/uploads\/2024\/01\/Westernhagen_by_2eight_9529-edited.jpg\",\"width\":1024,\"height\":576},{\"@type\":\"BreadcrumbList\",\"@id\":\"https:\/\/kulturonline.tv\/de\/westernhagen-tour-2024\/#breadcrumb\",\"itemListElement\":[{\"@type\":\"ListItem\",\"position\":1,\"name\":\"Startseite\",\"item\":\"https:\/\/kulturonline.tv\/de\/\"},{\"@type\":\"ListItem\",\"position\":2,\"name\":\"Westernhagen- Tour 2024\"}]},{\"@type\":\"WebSite\",\"@id\":\"https:\/\/kulturonline.tv\/de\/#website\",\"url\":\"https:\/\/kulturonline.tv\/de\/\",\"name\":\"Kultur Online TV &amp; FM\",\"description\":\"Wir sind Kultur 2.0 zum sehen &amp; h\u00f6ren\",\"publisher\":{\"@id\":\"https:\/\/kulturonline.tv\/de\/#organization\"},\"potentialAction\":[{\"@type\":\"SearchAction\",\"target\":{\"@type\":\"EntryPoint\",\"urlTemplate\":\"https:\/\/kulturonline.tv\/de\/?s={search_term_string}\"},\"query-input\":{\"@type\":\"PropertyValueSpecification\",\"valueRequired\":true,\"valueName\":\"search_term_string\"}}],\"inLanguage\":\"de\"},{\"@type\":\"Organization\",\"@id\":\"https:\/\/kulturonline.tv\/de\/#organization\",\"name\":\"Kultur Online TV\",\"url\":\"https:\/\/kulturonline.tv\/de\/\",\"logo\":{\"@type\":\"ImageObject\",\"inLanguage\":\"de\",\"@id\":\"https:\/\/kulturonline.tv\/de\/#\/schema\/logo\/image\/\",\"url\":\"https:\/\/kulturonline.tv\/wp-content\/uploads\/2021\/08\/Kultur-Online-Tv-Logo-Endversion-neu.png\",\"contentUrl\":\"https:\/\/kulturonline.tv\/wp-content\/uploads\/2021\/08\/Kultur-Online-Tv-Logo-Endversion-neu.png\",\"width\":200,\"height\":200,\"caption\":\"Kultur Online TV\"},\"image\":{\"@id\":\"https:\/\/kulturonline.tv\/de\/#\/schema\/logo\/image\/\"},\"sameAs\":[\"https:\/\/www.facebook.com\/kulturonline.tv\",\"https:\/\/www.instagram.com\/kulturonline.tv\"]},{\"@type\":\"Person\",\"@id\":\"https:\/\/kulturonline.tv\/de\/#\/schema\/person\/b0fac729bb9a0c193fb1df23449df4fe\",\"name\":\"guenter.wolfgang\"}]}<\/script>\n<!-- \/ Yoast SEO plugin. -->","yoast_head_json":{"title":"Westernhagen- Tour 2024 - Kultur Online TV &amp; FM","description":"Zur Feier seines 75. Geburtstags geht er noch einmal auf gro\u00dfe Tour und spielt seine Hits aus 50 Jahren.","robots":{"index":"index","follow":"follow","max-snippet":"max-snippet:-1","max-image-preview":"max-image-preview:large","max-video-preview":"max-video-preview:-1"},"canonical":"https:\/\/kulturonline.tv\/de\/westernhagen-tour-2024\/","og_locale":"de_DE","og_type":"article","og_title":"Westernhagen- Tour 2024 - Kultur Online TV &amp; FM","og_description":"Zur Feier seines 75. Geburtstags geht er noch einmal auf gro\u00dfe Tour und spielt seine Hits aus 50 Jahren.","og_url":"https:\/\/kulturonline.tv\/de\/westernhagen-tour-2024\/","og_site_name":"Kultur Online TV &amp; FM","article_publisher":"https:\/\/www.facebook.com\/kulturonline.tv","article_published_time":"2024-01-09T20:57:45+00:00","article_modified_time":"2024-01-09T20:57:47+00:00","og_image":[{"width":1024,"height":576,"url":"https:\/\/kulturonline.tv\/wp-content\/uploads\/2024\/01\/Westernhagen_by_2eight_9529-edited.jpg","type":"image\/jpeg"}],"author":"guenter.wolfgang","twitter_card":"summary_large_image","twitter_misc":{"Verfasst von":"guenter.wolfgang","Gesch\u00e4tzte Lesezeit":"1\u00a0Minute"},"schema":{"@context":"https:\/\/schema.org","@graph":[{"@type":"Article","@id":"https:\/\/kulturonline.tv\/de\/westernhagen-tour-2024\/#article","isPartOf":{"@id":"https:\/\/kulturonline.tv\/de\/westernhagen-tour-2024\/"},"author":{"name":"guenter.wolfgang","@id":"https:\/\/kulturonline.tv\/de\/#\/schema\/person\/b0fac729bb9a0c193fb1df23449df4fe"},"headline":"Westernhagen- Tour 2024","datePublished":"2024-01-09T20:57:45+00:00","dateModified":"2024-01-09T20:57:47+00:00","mainEntityOfPage":{"@id":"https:\/\/kulturonline.tv\/de\/westernhagen-tour-2024\/"},"wordCount":141,"commentCount":0,"publisher":{"@id":"https:\/\/kulturonline.tv\/de\/#organization"},"image":{"@id":"https:\/\/kulturonline.tv\/de\/westernhagen-tour-2024\/#primaryimage"},"thumbnailUrl":"https:\/\/kulturonline.tv\/wp-content\/uploads\/2024\/01\/Westernhagen_by_2eight_9529-edited.jpg","articleSection":["Unkategorisiert"],"inLanguage":"de","potentialAction":[{"@type":"CommentAction","name":"Comment","target":["https:\/\/kulturonline.tv\/de\/westernhagen-tour-2024\/#respond"]}]},{"@type":"WebPage","@id":"https:\/\/kulturonline.tv\/de\/westernhagen-tour-2024\/","url":"https:\/\/kulturonline.tv\/de\/westernhagen-tour-2024\/","name":"Westernhagen- Tour 2024 - Kultur Online TV &amp; FM","isPartOf":{"@id":"https:\/\/kulturonline.tv\/de\/#website"},"primaryImageOfPage":{"@id":"https:\/\/kulturonline.tv\/de\/westernhagen-tour-2024\/#primaryimage"},"image":{"@id":"https:\/\/kulturonline.tv\/de\/westernhagen-tour-2024\/#primaryimage"},"thumbnailUrl":"https:\/\/kulturonline.tv\/wp-content\/uploads\/2024\/01\/Westernhagen_by_2eight_9529-edited.jpg","datePublished":"2024-01-09T20:57:45+00:00","dateModified":"2024-01-09T20:57:47+00:00","description":"Zur Feier seines 75. Geburtstags geht er noch einmal auf gro\u00dfe Tour und spielt seine Hits aus 50 Jahren.","breadcrumb":{"@id":"https:\/\/kulturonline.tv\/de\/westernhagen-tour-2024\/#breadcrumb"},"inLanguage":"de","potentialAction":[{"@type":"ReadAction","target":["https:\/\/kulturonline.tv\/de\/westernhagen-tour-2024\/"]}]},{"@type":"ImageObject","inLanguage":"de","@id":"https:\/\/kulturonline.tv\/de\/westernhagen-tour-2024\/#primaryimage","url":"https:\/\/kulturonline.tv\/wp-content\/uploads\/2024\/01\/Westernhagen_by_2eight_9529-edited.jpg","contentUrl":"https:\/\/kulturonline.tv\/wp-content\/uploads\/2024\/01\/Westernhagen_by_2eight_9529-edited.jpg","width":1024,"height":576},{"@type":"BreadcrumbList","@id":"https:\/\/kulturonline.tv\/de\/westernhagen-tour-2024\/#breadcrumb","itemListElement":[{"@type":"ListItem","position":1,"name":"Startseite","item":"https:\/\/kulturonline.tv\/de\/"},{"@type":"ListItem","position":2,"name":"Westernhagen- Tour 2024"}]},{"@type":"WebSite","@id":"https:\/\/kulturonline.tv\/de\/#website","url":"https:\/\/kulturonline.tv\/de\/","name":"Kultur Online TV &amp; FM","description":"Wir sind Kultur 2.0 zum sehen &amp; h\u00f6ren","publisher":{"@id":"https:\/\/kulturonline.tv\/de\/#organization"},"potentialAction":[{"@type":"SearchAction","target":{"@type":"EntryPoint","urlTemplate":"https:\/\/kulturonline.tv\/de\/?s={search_term_string}"},"query-input":{"@type":"PropertyValueSpecification","valueRequired":true,"valueName":"search_term_string"}}],"inLanguage":"de"},{"@type":"Organization","@id":"https:\/\/kulturonline.tv\/de\/#organization","name":"Kultur Online TV","url":"https:\/\/kulturonline.tv\/de\/","logo":{"@type":"ImageObject","inLanguage":"de","@id":"https:\/\/kulturonline.tv\/de\/#\/schema\/logo\/image\/","url":"https:\/\/kulturonline.tv\/wp-content\/uploads\/2021\/08\/Kultur-Online-Tv-Logo-Endversion-neu.png","contentUrl":"https:\/\/kulturonline.tv\/wp-content\/uploads\/2021\/08\/Kultur-Online-Tv-Logo-Endversion-neu.png","width":200,"height":200,"caption":"Kultur Online TV"},"image":{"@id":"https:\/\/kulturonline.tv\/de\/#\/schema\/logo\/image\/"},"sameAs":["https:\/\/www.facebook.com\/kulturonline.tv","https:\/\/www.instagram.com\/kulturonline.tv"]},{"@type":"Person","@id":"https:\/\/kulturonline.tv\/de\/#\/schema\/person\/b0fac729bb9a0c193fb1df23449df4fe","name":"guenter.wolfgang"}]}},"_links":{"self":[{"href":"https:\/\/kulturonline.tv\/de\/wp-json\/wp\/v2\/posts\/70087","targetHints":{"allow":["GET"]}}],"collection":[{"href":"https:\/\/kulturonline.tv\/de\/wp-json\/wp\/v2\/posts"}],"about":[{"href":"https:\/\/kulturonline.tv\/de\/wp-json\/wp\/v2\/types\/post"}],"author":[{"embeddable":true,"href":"https:\/\/kulturonline.tv\/de\/wp-json\/wp\/v2\/users\/2"}],"replies":[{"embeddable":true,"href":"https:\/\/kulturonline.tv\/de\/wp-json\/wp\/v2\/comments?post=70087"}],"version-history":[{"count":0,"href":"https:\/\/kulturonline.tv\/de\/wp-json\/wp\/v2\/posts\/70087\/revisions"}],"wp:featuredmedia":[{"embeddable":true,"href":"https:\/\/kulturonline.tv\/de\/wp-json\/wp\/v2\/media\/70090"}],"wp:attachment":[{"href":"https:\/\/kulturonline.tv\/de\/wp-json\/wp\/v2\/media?parent=70087"}],"wp:term":[{"taxonomy":"category","embeddable":true,"href":"https:\/\/kulturonline.tv\/de\/wp-json\/wp\/v2\/categories?post=70087"},{"taxonomy":"post_tag","embeddable":true,"href":"https:\/\/kulturonline.tv\/de\/wp-json\/wp\/v2\/tags?post=70087"}],"curies":[{"name":"wp","href":"https:\/\/api.w.org\/{rel}","templated":true}]}}