{"id":70114,"date":"2024-01-10T22:02:53","date_gmt":"2024-01-10T21:02:53","guid":{"rendered":"https:\/\/kulturonline.tv\/?p=70114"},"modified":"2024-01-10T22:02:55","modified_gmt":"2024-01-10T21:02:55","slug":"rock-am-ring","status":"publish","type":"post","link":"https:\/\/kulturonline.tv\/de\/rock-am-ring\/","title":{"rendered":"Rock Am Ring"},"content":{"rendered":"\n<p>Eines der bekanntesten Festivals in Deutschland ist das Rock am Ring Festival. Mit etwa 100.000 Besuchern z\u00e4hlt das Festival zu den gr\u00f6\u00dften in Deutschland.<\/p>\n\n\n\n<figure class=\"wp-block-image size-full\"><img fetchpriority=\"high\" decoding=\"async\" width=\"1024\" height=\"576\" src=\"https:\/\/kulturonline.tv\/wp-content\/uploads\/2024\/01\/Prodigy-rock-am-ring-2009.jpg\" alt=\"\" class=\"wp-image-70115\" srcset=\"https:\/\/kulturonline.tv\/wp-content\/uploads\/2024\/01\/Prodigy-rock-am-ring-2009.jpg 1024w, https:\/\/kulturonline.tv\/wp-content\/uploads\/2024\/01\/Prodigy-rock-am-ring-2009-800x450.jpg 800w, https:\/\/kulturonline.tv\/wp-content\/uploads\/2024\/01\/Prodigy-rock-am-ring-2009-768x432.jpg 768w, https:\/\/kulturonline.tv\/wp-content\/uploads\/2024\/01\/Prodigy-rock-am-ring-2009-600x338.jpg 600w\" sizes=\"(max-width: 1024px) 100vw, 1024px\" \/><\/figure>\n\n\n\n<p>copyright bild Herr Stern, CC BY 2.0 <a href=\"https:\/\/creativecommons.org\/licenses\/by\/2.0\">https:\/\/creativecommons.org\/licenses\/by\/2.0<\/a>, via Wikimedia Commons<\/p>\n\n\n\n<p>Das Rock am Ring Festival 2024 findet am 07.06. &#8211; 09.06.2024 in N\u00fcrburg statt und ist ein mehrt\u00e4giges Festival. Zur \u00dcbernachtung kann vor Ort gecampt werden. <\/p>\n\n\n\n<p>Rock am Ring ist ein von Marek Lieberberg gegr\u00fcndetes Musikfestival, das von 1985 bis 2014 und seit 2017 wieder auf dem N\u00fcrburgring in der N\u00e4he der Stadt Adenau in der Eifel stattfindet. Es gilt als das traditionsreichste Rockfestival Deutschlands, wobei mittlerweile allerdings verschiedene Genres vertreten sind: Neben K\u00fcnstlern im Bereich der Rockmusik treten oftmals auch Rapper und Produzenten der elektronischen Tanzmusik auf. In den Jahren 2015 und 2016 fand das Festival auf dem ehemaligen Bundeswehr-Flugplatz in Mendig statt. Es l\u00e4uft parallel zum Schwesterfestival Rock im Park und hat in der Regel eine identische Bandbesetzung.<\/p>\n\n\n\n<p>Rock am Ring wurde erstmals 1985 veranstaltet und war urspr\u00fcnglich als ein einmaliges Ereignis geplant. Aufgrund des gro\u00dfen Erfolges mit 75.000 Zuschauern entschloss man sich jedoch, diese Veranstaltung jedes Jahr stattfinden zu lassen. Der Einbruch der Zuschauerzahlen 1988 hatte eine zweij\u00e4hrige Pause zur Folge. 1991 startete das gr\u00f6\u00dfte deutsche Rockfestival mit einem \u00fcberarbeiteten Konzept erneut. Ein neues Hauptaugenmerk wurde darauf gelegt, dem Publikum mehr Newcomer vorzustellen. So traten unter anderem die zu diesem Zeitpunkt eher unbekannten INXS oder Alanis Morissette bei Rock am Ring vor gro\u00dfem Publikum auf.<\/p>\n\n\n\n<p>Im Juni 2012 wurde in der Rhein-Zeitung bekanntgegeben, dass es Probleme mit dem Land Rheinland-Pfalz hinsichtlich der Austragung des Festivals im Jahr 2013 gebe. Grund sei, dass das Infrastrukturministerium den angesetzten Termin nicht best\u00e4tigt habe und die ersten Gespr\u00e4che mit den Musikern f\u00fcr das n\u00e4chste Festival bereits in den folgenden Wochen beginnen sollten. Rock am Ring fand 2013 jedoch wie geplant statt und stellte einen neuen Besucherrekord auf.<\/p>\n\n\n\n<div class=\"wp-block-buttons is-layout-flex wp-block-buttons-is-layout-flex\">\n<div class=\"wp-block-button\"><a class=\"wp-block-button__link wp-element-button\" href=\"https:\/\/www.eventim.de\/artist\/rock-am-ring\/?affiliate=ZEE&amp;utm_source=awin&amp;utm_medium=affiliate&amp;utm_campaign=490669&amp;awc=11388_1704920282_c00b03e2b225fafe13e0a4b7f260093c\">TICKET<\/a><\/div>\n<\/div>\n\n\n\n<p>Kultur Online TV-FM<\/p>\n\n\n\n<p>#news #ticket #musik<\/p>\n","protected":false},"excerpt":{"rendered":"<p>Eines der bekanntesten Festivals in Deutschland ist das Rock am Ring Festival. Mit etwa 100.000 Besuchern z\u00e4hlt das Festival zu den gr\u00f6\u00dften in Deutschland. copyright bild Herr Stern, CC BY 2.0 https:\/\/creativecommons.org\/licenses\/by\/2.0, via Wikimedia Commons Das Rock am Ring Festival 2024 findet am 07.06. &#8211; 09.06.2024 in N\u00fcrburg statt und ist ein mehrt\u00e4giges Festival. Zur [&hellip;]<\/p>\n","protected":false},"author":2,"featured_media":70115,"comment_status":"open","ping_status":"closed","sticky":false,"template":"","format":"standard","meta":{"_acf_changed":false,"footnotes":""},"categories":[560],"tags":[],"class_list":["post-70114","post","type-post","status-publish","format-standard","has-post-thumbnail","hentry","category-tipps-festivals"],"acf":[],"yoast_head":"<!-- This site is optimized with the Yoast SEO plugin v26.1.1 - https:\/\/yoast.com\/wordpress\/plugins\/seo\/ -->\n<title>Rock Am Ring - Kultur Online TV &amp; FM<\/title>\n<meta name=\"description\" content=\"Eines der bekanntesten Festivals in Deutschland ist das Rock am Ring Festival. Mit etwa 100.000 Besuchern z\u00e4hlt das Festival zu den gr\u00f6\u00dften in Deutschland.\" \/>\n<meta name=\"robots\" content=\"index, follow, max-snippet:-1, max-image-preview:large, max-video-preview:-1\" \/>\n<link rel=\"canonical\" href=\"https:\/\/kulturonline.tv\/de\/rock-am-ring\/\" \/>\n<meta property=\"og:locale\" content=\"de_DE\" \/>\n<meta property=\"og:type\" content=\"article\" \/>\n<meta property=\"og:title\" content=\"Rock Am Ring - Kultur Online TV &amp; FM\" \/>\n<meta property=\"og:description\" content=\"Eines der bekanntesten Festivals in Deutschland ist das Rock am Ring Festival. Mit etwa 100.000 Besuchern z\u00e4hlt das Festival zu den gr\u00f6\u00dften in Deutschland.\" \/>\n<meta property=\"og:url\" content=\"https:\/\/kulturonline.tv\/de\/rock-am-ring\/\" \/>\n<meta property=\"og:site_name\" content=\"Kultur Online TV &amp; FM\" \/>\n<meta property=\"article:publisher\" content=\"https:\/\/www.facebook.com\/kulturonline.tv\" \/>\n<meta property=\"article:published_time\" content=\"2024-01-10T21:02:53+00:00\" \/>\n<meta property=\"article:modified_time\" content=\"2024-01-10T21:02:55+00:00\" \/>\n<meta property=\"og:image\" content=\"https:\/\/kulturonline.tv\/wp-content\/uploads\/2024\/01\/Prodigy-rock-am-ring-2009.jpg\" \/>\n\t<meta property=\"og:image:width\" content=\"1024\" \/>\n\t<meta property=\"og:image:height\" content=\"576\" \/>\n\t<meta property=\"og:image:type\" content=\"image\/jpeg\" \/>\n<meta name=\"author\" content=\"guenter.wolfgang\" \/>\n<meta name=\"twitter:card\" content=\"summary_large_image\" \/>\n<meta name=\"twitter:label1\" content=\"Verfasst von\" \/>\n\t<meta name=\"twitter:data1\" content=\"guenter.wolfgang\" \/>\n\t<meta name=\"twitter:label2\" content=\"Gesch\u00e4tzte Lesezeit\" \/>\n\t<meta name=\"twitter:data2\" content=\"2\u00a0Minuten\" \/>\n<script type=\"application\/ld+json\" class=\"yoast-schema-graph\">{\"@context\":\"https:\/\/schema.org\",\"@graph\":[{\"@type\":\"Article\",\"@id\":\"https:\/\/kulturonline.tv\/de\/rock-am-ring\/#article\",\"isPartOf\":{\"@id\":\"https:\/\/kulturonline.tv\/de\/rock-am-ring\/\"},\"author\":{\"name\":\"guenter.wolfgang\",\"@id\":\"https:\/\/kulturonline.tv\/de\/#\/schema\/person\/b0fac729bb9a0c193fb1df23449df4fe\"},\"headline\":\"Rock Am Ring\",\"datePublished\":\"2024-01-10T21:02:53+00:00\",\"dateModified\":\"2024-01-10T21:02:55+00:00\",\"mainEntityOfPage\":{\"@id\":\"https:\/\/kulturonline.tv\/de\/rock-am-ring\/\"},\"wordCount\":326,\"commentCount\":3,\"publisher\":{\"@id\":\"https:\/\/kulturonline.tv\/de\/#organization\"},\"image\":{\"@id\":\"https:\/\/kulturonline.tv\/de\/rock-am-ring\/#primaryimage\"},\"thumbnailUrl\":\"https:\/\/kulturonline.tv\/wp-content\/uploads\/2024\/01\/Prodigy-rock-am-ring-2009.jpg\",\"articleSection\":[\"Tipps Festivals\"],\"inLanguage\":\"de\",\"potentialAction\":[{\"@type\":\"CommentAction\",\"name\":\"Comment\",\"target\":[\"https:\/\/kulturonline.tv\/de\/rock-am-ring\/#respond\"]}]},{\"@type\":\"WebPage\",\"@id\":\"https:\/\/kulturonline.tv\/de\/rock-am-ring\/\",\"url\":\"https:\/\/kulturonline.tv\/de\/rock-am-ring\/\",\"name\":\"Rock Am Ring - Kultur Online TV &amp; FM\",\"isPartOf\":{\"@id\":\"https:\/\/kulturonline.tv\/de\/#website\"},\"primaryImageOfPage\":{\"@id\":\"https:\/\/kulturonline.tv\/de\/rock-am-ring\/#primaryimage\"},\"image\":{\"@id\":\"https:\/\/kulturonline.tv\/de\/rock-am-ring\/#primaryimage\"},\"thumbnailUrl\":\"https:\/\/kulturonline.tv\/wp-content\/uploads\/2024\/01\/Prodigy-rock-am-ring-2009.jpg\",\"datePublished\":\"2024-01-10T21:02:53+00:00\",\"dateModified\":\"2024-01-10T21:02:55+00:00\",\"description\":\"Eines der bekanntesten Festivals in Deutschland ist das Rock am Ring Festival. Mit etwa 100.000 Besuchern z\u00e4hlt das Festival zu den gr\u00f6\u00dften in Deutschland.\",\"breadcrumb\":{\"@id\":\"https:\/\/kulturonline.tv\/de\/rock-am-ring\/#breadcrumb\"},\"inLanguage\":\"de\",\"potentialAction\":[{\"@type\":\"ReadAction\",\"target\":[\"https:\/\/kulturonline.tv\/de\/rock-am-ring\/\"]}]},{\"@type\":\"ImageObject\",\"inLanguage\":\"de\",\"@id\":\"https:\/\/kulturonline.tv\/de\/rock-am-ring\/#primaryimage\",\"url\":\"https:\/\/kulturonline.tv\/wp-content\/uploads\/2024\/01\/Prodigy-rock-am-ring-2009.jpg\",\"contentUrl\":\"https:\/\/kulturonline.tv\/wp-content\/uploads\/2024\/01\/Prodigy-rock-am-ring-2009.jpg\",\"width\":1024,\"height\":576},{\"@type\":\"BreadcrumbList\",\"@id\":\"https:\/\/kulturonline.tv\/de\/rock-am-ring\/#breadcrumb\",\"itemListElement\":[{\"@type\":\"ListItem\",\"position\":1,\"name\":\"Startseite\",\"item\":\"https:\/\/kulturonline.tv\/de\/\"},{\"@type\":\"ListItem\",\"position\":2,\"name\":\"Rock Am Ring\"}]},{\"@type\":\"WebSite\",\"@id\":\"https:\/\/kulturonline.tv\/de\/#website\",\"url\":\"https:\/\/kulturonline.tv\/de\/\",\"name\":\"Kultur Online TV &amp; FM\",\"description\":\"Wir sind Kultur 2.0 zum sehen &amp; h\u00f6ren\",\"publisher\":{\"@id\":\"https:\/\/kulturonline.tv\/de\/#organization\"},\"potentialAction\":[{\"@type\":\"SearchAction\",\"target\":{\"@type\":\"EntryPoint\",\"urlTemplate\":\"https:\/\/kulturonline.tv\/de\/?s={search_term_string}\"},\"query-input\":{\"@type\":\"PropertyValueSpecification\",\"valueRequired\":true,\"valueName\":\"search_term_string\"}}],\"inLanguage\":\"de\"},{\"@type\":\"Organization\",\"@id\":\"https:\/\/kulturonline.tv\/de\/#organization\",\"name\":\"Kultur Online TV\",\"url\":\"https:\/\/kulturonline.tv\/de\/\",\"logo\":{\"@type\":\"ImageObject\",\"inLanguage\":\"de\",\"@id\":\"https:\/\/kulturonline.tv\/de\/#\/schema\/logo\/image\/\",\"url\":\"https:\/\/kulturonline.tv\/wp-content\/uploads\/2021\/08\/Kultur-Online-Tv-Logo-Endversion-neu.png\",\"contentUrl\":\"https:\/\/kulturonline.tv\/wp-content\/uploads\/2021\/08\/Kultur-Online-Tv-Logo-Endversion-neu.png\",\"width\":200,\"height\":200,\"caption\":\"Kultur Online TV\"},\"image\":{\"@id\":\"https:\/\/kulturonline.tv\/de\/#\/schema\/logo\/image\/\"},\"sameAs\":[\"https:\/\/www.facebook.com\/kulturonline.tv\",\"https:\/\/www.instagram.com\/kulturonline.tv\"]},{\"@type\":\"Person\",\"@id\":\"https:\/\/kulturonline.tv\/de\/#\/schema\/person\/b0fac729bb9a0c193fb1df23449df4fe\",\"name\":\"guenter.wolfgang\"}]}<\/script>\n<!-- \/ Yoast SEO plugin. -->","yoast_head_json":{"title":"Rock Am Ring - Kultur Online TV &amp; FM","description":"Eines der bekanntesten Festivals in Deutschland ist das Rock am Ring Festival. Mit etwa 100.000 Besuchern z\u00e4hlt das Festival zu den gr\u00f6\u00dften in Deutschland.","robots":{"index":"index","follow":"follow","max-snippet":"max-snippet:-1","max-image-preview":"max-image-preview:large","max-video-preview":"max-video-preview:-1"},"canonical":"https:\/\/kulturonline.tv\/de\/rock-am-ring\/","og_locale":"de_DE","og_type":"article","og_title":"Rock Am Ring - Kultur Online TV &amp; FM","og_description":"Eines der bekanntesten Festivals in Deutschland ist das Rock am Ring Festival. Mit etwa 100.000 Besuchern z\u00e4hlt das Festival zu den gr\u00f6\u00dften in Deutschland.","og_url":"https:\/\/kulturonline.tv\/de\/rock-am-ring\/","og_site_name":"Kultur Online TV &amp; FM","article_publisher":"https:\/\/www.facebook.com\/kulturonline.tv","article_published_time":"2024-01-10T21:02:53+00:00","article_modified_time":"2024-01-10T21:02:55+00:00","og_image":[{"width":1024,"height":576,"url":"https:\/\/kulturonline.tv\/wp-content\/uploads\/2024\/01\/Prodigy-rock-am-ring-2009.jpg","type":"image\/jpeg"}],"author":"guenter.wolfgang","twitter_card":"summary_large_image","twitter_misc":{"Verfasst von":"guenter.wolfgang","Gesch\u00e4tzte Lesezeit":"2\u00a0Minuten"},"schema":{"@context":"https:\/\/schema.org","@graph":[{"@type":"Article","@id":"https:\/\/kulturonline.tv\/de\/rock-am-ring\/#article","isPartOf":{"@id":"https:\/\/kulturonline.tv\/de\/rock-am-ring\/"},"author":{"name":"guenter.wolfgang","@id":"https:\/\/kulturonline.tv\/de\/#\/schema\/person\/b0fac729bb9a0c193fb1df23449df4fe"},"headline":"Rock Am Ring","datePublished":"2024-01-10T21:02:53+00:00","dateModified":"2024-01-10T21:02:55+00:00","mainEntityOfPage":{"@id":"https:\/\/kulturonline.tv\/de\/rock-am-ring\/"},"wordCount":326,"commentCount":3,"publisher":{"@id":"https:\/\/kulturonline.tv\/de\/#organization"},"image":{"@id":"https:\/\/kulturonline.tv\/de\/rock-am-ring\/#primaryimage"},"thumbnailUrl":"https:\/\/kulturonline.tv\/wp-content\/uploads\/2024\/01\/Prodigy-rock-am-ring-2009.jpg","articleSection":["Tipps Festivals"],"inLanguage":"de","potentialAction":[{"@type":"CommentAction","name":"Comment","target":["https:\/\/kulturonline.tv\/de\/rock-am-ring\/#respond"]}]},{"@type":"WebPage","@id":"https:\/\/kulturonline.tv\/de\/rock-am-ring\/","url":"https:\/\/kulturonline.tv\/de\/rock-am-ring\/","name":"Rock Am Ring - Kultur Online TV &amp; FM","isPartOf":{"@id":"https:\/\/kulturonline.tv\/de\/#website"},"primaryImageOfPage":{"@id":"https:\/\/kulturonline.tv\/de\/rock-am-ring\/#primaryimage"},"image":{"@id":"https:\/\/kulturonline.tv\/de\/rock-am-ring\/#primaryimage"},"thumbnailUrl":"https:\/\/kulturonline.tv\/wp-content\/uploads\/2024\/01\/Prodigy-rock-am-ring-2009.jpg","datePublished":"2024-01-10T21:02:53+00:00","dateModified":"2024-01-10T21:02:55+00:00","description":"Eines der bekanntesten Festivals in Deutschland ist das Rock am Ring Festival. Mit etwa 100.000 Besuchern z\u00e4hlt das Festival zu den gr\u00f6\u00dften in Deutschland.","breadcrumb":{"@id":"https:\/\/kulturonline.tv\/de\/rock-am-ring\/#breadcrumb"},"inLanguage":"de","potentialAction":[{"@type":"ReadAction","target":["https:\/\/kulturonline.tv\/de\/rock-am-ring\/"]}]},{"@type":"ImageObject","inLanguage":"de","@id":"https:\/\/kulturonline.tv\/de\/rock-am-ring\/#primaryimage","url":"https:\/\/kulturonline.tv\/wp-content\/uploads\/2024\/01\/Prodigy-rock-am-ring-2009.jpg","contentUrl":"https:\/\/kulturonline.tv\/wp-content\/uploads\/2024\/01\/Prodigy-rock-am-ring-2009.jpg","width":1024,"height":576},{"@type":"BreadcrumbList","@id":"https:\/\/kulturonline.tv\/de\/rock-am-ring\/#breadcrumb","itemListElement":[{"@type":"ListItem","position":1,"name":"Startseite","item":"https:\/\/kulturonline.tv\/de\/"},{"@type":"ListItem","position":2,"name":"Rock Am Ring"}]},{"@type":"WebSite","@id":"https:\/\/kulturonline.tv\/de\/#website","url":"https:\/\/kulturonline.tv\/de\/","name":"Kultur Online TV &amp; FM","description":"Wir sind Kultur 2.0 zum sehen &amp; h\u00f6ren","publisher":{"@id":"https:\/\/kulturonline.tv\/de\/#organization"},"potentialAction":[{"@type":"SearchAction","target":{"@type":"EntryPoint","urlTemplate":"https:\/\/kulturonline.tv\/de\/?s={search_term_string}"},"query-input":{"@type":"PropertyValueSpecification","valueRequired":true,"valueName":"search_term_string"}}],"inLanguage":"de"},{"@type":"Organization","@id":"https:\/\/kulturonline.tv\/de\/#organization","name":"Kultur Online TV","url":"https:\/\/kulturonline.tv\/de\/","logo":{"@type":"ImageObject","inLanguage":"de","@id":"https:\/\/kulturonline.tv\/de\/#\/schema\/logo\/image\/","url":"https:\/\/kulturonline.tv\/wp-content\/uploads\/2021\/08\/Kultur-Online-Tv-Logo-Endversion-neu.png","contentUrl":"https:\/\/kulturonline.tv\/wp-content\/uploads\/2021\/08\/Kultur-Online-Tv-Logo-Endversion-neu.png","width":200,"height":200,"caption":"Kultur Online TV"},"image":{"@id":"https:\/\/kulturonline.tv\/de\/#\/schema\/logo\/image\/"},"sameAs":["https:\/\/www.facebook.com\/kulturonline.tv","https:\/\/www.instagram.com\/kulturonline.tv"]},{"@type":"Person","@id":"https:\/\/kulturonline.tv\/de\/#\/schema\/person\/b0fac729bb9a0c193fb1df23449df4fe","name":"guenter.wolfgang"}]}},"_links":{"self":[{"href":"https:\/\/kulturonline.tv\/de\/wp-json\/wp\/v2\/posts\/70114","targetHints":{"allow":["GET"]}}],"collection":[{"href":"https:\/\/kulturonline.tv\/de\/wp-json\/wp\/v2\/posts"}],"about":[{"href":"https:\/\/kulturonline.tv\/de\/wp-json\/wp\/v2\/types\/post"}],"author":[{"embeddable":true,"href":"https:\/\/kulturonline.tv\/de\/wp-json\/wp\/v2\/users\/2"}],"replies":[{"embeddable":true,"href":"https:\/\/kulturonline.tv\/de\/wp-json\/wp\/v2\/comments?post=70114"}],"version-history":[{"count":0,"href":"https:\/\/kulturonline.tv\/de\/wp-json\/wp\/v2\/posts\/70114\/revisions"}],"wp:featuredmedia":[{"embeddable":true,"href":"https:\/\/kulturonline.tv\/de\/wp-json\/wp\/v2\/media\/70115"}],"wp:attachment":[{"href":"https:\/\/kulturonline.tv\/de\/wp-json\/wp\/v2\/media?parent=70114"}],"wp:term":[{"taxonomy":"category","embeddable":true,"href":"https:\/\/kulturonline.tv\/de\/wp-json\/wp\/v2\/categories?post=70114"},{"taxonomy":"post_tag","embeddable":true,"href":"https:\/\/kulturonline.tv\/de\/wp-json\/wp\/v2\/tags?post=70114"}],"curies":[{"name":"wp","href":"https:\/\/api.w.org\/{rel}","templated":true}]}}