{"id":70264,"date":"2024-01-13T19:42:28","date_gmt":"2024-01-13T18:42:28","guid":{"rendered":"https:\/\/kulturonline.tv\/?p=70264"},"modified":"2024-01-13T21:40:30","modified_gmt":"2024-01-13T20:40:30","slug":"josef-hader-hader-on-ice","status":"publish","type":"post","link":"https:\/\/kulturonline.tv\/de\/josef-hader-hader-on-ice\/","title":{"rendered":"Josef Hader: Hader on Ice"},"content":{"rendered":"\n<figure class=\"wp-block-image size-full is-resized\"><img fetchpriority=\"high\" decoding=\"async\" width=\"1280\" height=\"720\" src=\"https:\/\/kulturonline.tv\/wp-content\/uploads\/2024\/01\/Josef_Hader-edited.jpg\" alt=\"\" class=\"wp-image-70267\" style=\"width:840px;height:auto\" srcset=\"https:\/\/kulturonline.tv\/wp-content\/uploads\/2024\/01\/Josef_Hader-edited.jpg 1280w, https:\/\/kulturonline.tv\/wp-content\/uploads\/2024\/01\/Josef_Hader-edited-800x450.jpg 800w, https:\/\/kulturonline.tv\/wp-content\/uploads\/2024\/01\/Josef_Hader-edited-768x432.jpg 768w, https:\/\/kulturonline.tv\/wp-content\/uploads\/2024\/01\/Josef_Hader-edited-600x338.jpg 600w\" sizes=\"(max-width: 1280px) 100vw, 1280px\" \/><\/figure>\n\n\n\n<div style=\"height:31px\" aria-hidden=\"true\" class=\"wp-block-spacer\"><\/div>\n\n\n\n<p>Immer is irgendwas. Entweder die Fia\u00df schlafen mir ein. Oder sie jucken. Dann krieg i wieder ka Luft, wenn i schneller geh. Oder i hab an Schwei\u00dfausbruch. Dann friert mich wieder. Das Essen schmeckt mir nimmer, der Sex ist fad, die Hosen sind z\u2019eng. Was is das bitte? &#8211; Des muss alles dieser Klimawandel sein, oder? Temperaturen hat\u2019s im Sommer wie in den Tropen! Dadurch gibt\u2019s auf einmal diese riesigen Insekten! Die hat\u2019s doch fr\u00fcher net geb\u2019n! Wenn die dich stechen, kriegst einen Dippel, der geht monatelang net weg! Wahrscheinlich san die alle gentechnisch ver\u00e4ndert. <\/p>\n\n\n\n<figure class=\"wp-block-embed is-type-video is-provider-youtube wp-block-embed-youtube wp-embed-aspect-16-9 wp-has-aspect-ratio\"><div class=\"wp-block-embed__wrapper\">\n<iframe title=\"Josef Hader \u00fcber &quot;Hader on Ice&quot; | BR Kabarett &amp; Comedy\" width=\"800\" height=\"450\" src=\"https:\/\/www.youtube.com\/embed\/3Jujs2NrQH4?feature=oembed\" frameborder=\"0\" allow=\"accelerometer; autoplay; clipboard-write; encrypted-media; gyroscope; picture-in-picture; web-share\" referrerpolicy=\"strict-origin-when-cross-origin\" allowfullscreen><\/iframe>\n<\/div><\/figure>\n\n\n\n<p>Und die Pflanzen! Die werd\u2019n jetzt auch schon deppert. Die spinnen, die Pflanzen! Die wachsen jetzt alles zua! Seit i nimmer aus\u2019n Haus geh. Meine Theorie is, die Pflanzen woll\u2019n die Herrschaft \u00fcber den Planeten zur\u00fcck. Die sind alle miteinander unterirdisch verbunden \u00fcber ihre Wurzeln. Weltweit! Die Pflanzen hab\u2019n einen geheimen Plan. Sie wollen die totale Zerst\u00f6rung der abendl\u00e4ndischen Kultur und des \u00f6sterreichischen Volks-Rock\u2019n\u2019 Roll. Das soll alles ersetzt werden durch \u00e4h Photosynthese.<\/p>\n\n\n\n<p>&#8222;Es ist also alles besprochen in diesem Gustost\u00fcckerl der Hader&#8217;schen B\u00fchnenkunst, mit dem der Kabarettist seiner eigenen, satten Generation die zynische Abgekl\u00e4rtheit um die Ohren wirft. Klare Empfehlung.&#8220; (Der Standard)<\/p>\n\n\n\n<p>&#8222;Ansonsten macht der \u00f6sterreichische Schauspieler, Regisseur und Drehbuchautor das, was er immer gemacht hat, und er macht es, wie immer, irre gut.&#8220; (S\u00fcddeutsche Zeitung)<\/p>\n\n\n\n<p>&#8222;Josef Hader zeigt, dass er der derzeit wohl beste Kabarettist des Landes ist: Er unterh\u00e4lt blendend, ohne ernste Themen auszuklammern, und h\u00e4lt seiner Zeit den Spiegel vor -mit einem Schm\u00e4h, der unter die Haut geht.&#8220; (O\u00d6N)<\/p>\n\n\n\n<p>Bild Josef Hader: \u00a9 Manfred Werner\/Tsui &#8211; CC by-sa 3.0, CC BY-SA 3.0, via Wikimedia Commons<\/p>\n\n\n\n<p>Kultur Online TV-FM #tipp #kabarett<\/p>\n","protected":false},"excerpt":{"rendered":"<p>Immer is irgendwas. Entweder die Fia\u00df schlafen mir ein. Oder sie jucken. Dann krieg i wieder ka Luft, wenn i schneller geh. Oder i hab an Schwei\u00dfausbruch. Dann friert mich wieder. Das Essen schmeckt mir nimmer, der Sex ist fad, die Hosen sind z\u2019eng. Was is das bitte? &#8211; Des muss alles dieser Klimawandel sein, [&hellip;]<\/p>\n","protected":false},"author":2,"featured_media":70267,"comment_status":"open","ping_status":"closed","sticky":false,"template":"","format":"standard","meta":{"_acf_changed":false,"footnotes":""},"categories":[1],"tags":[],"class_list":["post-70264","post","type-post","status-publish","format-standard","has-post-thumbnail","hentry","category-unkategorisiert"],"acf":[],"yoast_head":"<!-- This site is optimized with the Yoast SEO plugin v26.1.1 - https:\/\/yoast.com\/wordpress\/plugins\/seo\/ -->\n<title>Josef Hader: Hader on Ice - Kultur Online TV &amp; FM<\/title>\n<meta name=\"description\" content=\"Immer is irgendwas. Entweder die Fia\u00df schlafen mir ein. Oder sie jucken. Dann krieg i wieder ka Luft, wenn i schneller geh.\" \/>\n<meta name=\"robots\" content=\"index, follow, max-snippet:-1, max-image-preview:large, max-video-preview:-1\" \/>\n<link rel=\"canonical\" href=\"https:\/\/kulturonline.tv\/de\/josef-hader-hader-on-ice\/\" \/>\n<meta property=\"og:locale\" content=\"de_DE\" \/>\n<meta property=\"og:type\" content=\"article\" \/>\n<meta property=\"og:title\" content=\"Josef Hader: Hader on Ice - Kultur Online TV &amp; FM\" \/>\n<meta property=\"og:description\" content=\"Immer is irgendwas. Entweder die Fia\u00df schlafen mir ein. Oder sie jucken. Dann krieg i wieder ka Luft, wenn i schneller geh.\" \/>\n<meta property=\"og:url\" content=\"https:\/\/kulturonline.tv\/de\/josef-hader-hader-on-ice\/\" \/>\n<meta property=\"og:site_name\" content=\"Kultur Online TV &amp; FM\" \/>\n<meta property=\"article:publisher\" content=\"https:\/\/www.facebook.com\/kulturonline.tv\" \/>\n<meta property=\"article:published_time\" content=\"2024-01-13T18:42:28+00:00\" \/>\n<meta property=\"article:modified_time\" content=\"2024-01-13T20:40:30+00:00\" \/>\n<meta property=\"og:image\" content=\"https:\/\/kulturonline.tv\/wp-content\/uploads\/2024\/01\/Josef_Hader-edited.jpg\" \/>\n\t<meta property=\"og:image:width\" content=\"1280\" \/>\n\t<meta property=\"og:image:height\" content=\"720\" \/>\n\t<meta property=\"og:image:type\" content=\"image\/jpeg\" \/>\n<meta name=\"author\" content=\"guenter.wolfgang\" \/>\n<meta name=\"twitter:card\" content=\"summary_large_image\" \/>\n<meta name=\"twitter:label1\" content=\"Verfasst von\" \/>\n\t<meta name=\"twitter:data1\" content=\"guenter.wolfgang\" \/>\n\t<meta name=\"twitter:label2\" content=\"Gesch\u00e4tzte Lesezeit\" \/>\n\t<meta name=\"twitter:data2\" content=\"2\u00a0Minuten\" \/>\n<script type=\"application\/ld+json\" class=\"yoast-schema-graph\">{\"@context\":\"https:\/\/schema.org\",\"@graph\":[{\"@type\":\"Article\",\"@id\":\"https:\/\/kulturonline.tv\/de\/josef-hader-hader-on-ice\/#article\",\"isPartOf\":{\"@id\":\"https:\/\/kulturonline.tv\/de\/josef-hader-hader-on-ice\/\"},\"author\":{\"name\":\"guenter.wolfgang\",\"@id\":\"https:\/\/kulturonline.tv\/de\/#\/schema\/person\/b0fac729bb9a0c193fb1df23449df4fe\"},\"headline\":\"Josef Hader: Hader on Ice\",\"datePublished\":\"2024-01-13T18:42:28+00:00\",\"dateModified\":\"2024-01-13T20:40:30+00:00\",\"mainEntityOfPage\":{\"@id\":\"https:\/\/kulturonline.tv\/de\/josef-hader-hader-on-ice\/\"},\"wordCount\":315,\"commentCount\":5,\"publisher\":{\"@id\":\"https:\/\/kulturonline.tv\/de\/#organization\"},\"image\":{\"@id\":\"https:\/\/kulturonline.tv\/de\/josef-hader-hader-on-ice\/#primaryimage\"},\"thumbnailUrl\":\"https:\/\/kulturonline.tv\/wp-content\/uploads\/2024\/01\/Josef_Hader-edited.jpg\",\"articleSection\":[\"Unkategorisiert\"],\"inLanguage\":\"de\",\"potentialAction\":[{\"@type\":\"CommentAction\",\"name\":\"Comment\",\"target\":[\"https:\/\/kulturonline.tv\/de\/josef-hader-hader-on-ice\/#respond\"]}]},{\"@type\":\"WebPage\",\"@id\":\"https:\/\/kulturonline.tv\/de\/josef-hader-hader-on-ice\/\",\"url\":\"https:\/\/kulturonline.tv\/de\/josef-hader-hader-on-ice\/\",\"name\":\"Josef Hader: Hader on Ice - Kultur Online TV &amp; FM\",\"isPartOf\":{\"@id\":\"https:\/\/kulturonline.tv\/de\/#website\"},\"primaryImageOfPage\":{\"@id\":\"https:\/\/kulturonline.tv\/de\/josef-hader-hader-on-ice\/#primaryimage\"},\"image\":{\"@id\":\"https:\/\/kulturonline.tv\/de\/josef-hader-hader-on-ice\/#primaryimage\"},\"thumbnailUrl\":\"https:\/\/kulturonline.tv\/wp-content\/uploads\/2024\/01\/Josef_Hader-edited.jpg\",\"datePublished\":\"2024-01-13T18:42:28+00:00\",\"dateModified\":\"2024-01-13T20:40:30+00:00\",\"description\":\"Immer is irgendwas. Entweder die Fia\u00df schlafen mir ein. Oder sie jucken. Dann krieg i wieder ka Luft, wenn i schneller geh.\",\"breadcrumb\":{\"@id\":\"https:\/\/kulturonline.tv\/de\/josef-hader-hader-on-ice\/#breadcrumb\"},\"inLanguage\":\"de\",\"potentialAction\":[{\"@type\":\"ReadAction\",\"target\":[\"https:\/\/kulturonline.tv\/de\/josef-hader-hader-on-ice\/\"]}]},{\"@type\":\"ImageObject\",\"inLanguage\":\"de\",\"@id\":\"https:\/\/kulturonline.tv\/de\/josef-hader-hader-on-ice\/#primaryimage\",\"url\":\"https:\/\/kulturonline.tv\/wp-content\/uploads\/2024\/01\/Josef_Hader-edited.jpg\",\"contentUrl\":\"https:\/\/kulturonline.tv\/wp-content\/uploads\/2024\/01\/Josef_Hader-edited.jpg\",\"width\":1280,\"height\":720},{\"@type\":\"BreadcrumbList\",\"@id\":\"https:\/\/kulturonline.tv\/de\/josef-hader-hader-on-ice\/#breadcrumb\",\"itemListElement\":[{\"@type\":\"ListItem\",\"position\":1,\"name\":\"Startseite\",\"item\":\"https:\/\/kulturonline.tv\/de\/\"},{\"@type\":\"ListItem\",\"position\":2,\"name\":\"Josef Hader: Hader on Ice\"}]},{\"@type\":\"WebSite\",\"@id\":\"https:\/\/kulturonline.tv\/de\/#website\",\"url\":\"https:\/\/kulturonline.tv\/de\/\",\"name\":\"Kultur Online TV &amp; FM\",\"description\":\"Wir sind Kultur 2.0 zum sehen &amp; h\u00f6ren\",\"publisher\":{\"@id\":\"https:\/\/kulturonline.tv\/de\/#organization\"},\"potentialAction\":[{\"@type\":\"SearchAction\",\"target\":{\"@type\":\"EntryPoint\",\"urlTemplate\":\"https:\/\/kulturonline.tv\/de\/?s={search_term_string}\"},\"query-input\":{\"@type\":\"PropertyValueSpecification\",\"valueRequired\":true,\"valueName\":\"search_term_string\"}}],\"inLanguage\":\"de\"},{\"@type\":\"Organization\",\"@id\":\"https:\/\/kulturonline.tv\/de\/#organization\",\"name\":\"Kultur Online TV\",\"url\":\"https:\/\/kulturonline.tv\/de\/\",\"logo\":{\"@type\":\"ImageObject\",\"inLanguage\":\"de\",\"@id\":\"https:\/\/kulturonline.tv\/de\/#\/schema\/logo\/image\/\",\"url\":\"https:\/\/kulturonline.tv\/wp-content\/uploads\/2021\/08\/Kultur-Online-Tv-Logo-Endversion-neu.png\",\"contentUrl\":\"https:\/\/kulturonline.tv\/wp-content\/uploads\/2021\/08\/Kultur-Online-Tv-Logo-Endversion-neu.png\",\"width\":200,\"height\":200,\"caption\":\"Kultur Online TV\"},\"image\":{\"@id\":\"https:\/\/kulturonline.tv\/de\/#\/schema\/logo\/image\/\"},\"sameAs\":[\"https:\/\/www.facebook.com\/kulturonline.tv\",\"https:\/\/www.instagram.com\/kulturonline.tv\"]},{\"@type\":\"Person\",\"@id\":\"https:\/\/kulturonline.tv\/de\/#\/schema\/person\/b0fac729bb9a0c193fb1df23449df4fe\",\"name\":\"guenter.wolfgang\"}]}<\/script>\n<!-- \/ Yoast SEO plugin. -->","yoast_head_json":{"title":"Josef Hader: Hader on Ice - Kultur Online TV &amp; FM","description":"Immer is irgendwas. Entweder die Fia\u00df schlafen mir ein. Oder sie jucken. Dann krieg i wieder ka Luft, wenn i schneller geh.","robots":{"index":"index","follow":"follow","max-snippet":"max-snippet:-1","max-image-preview":"max-image-preview:large","max-video-preview":"max-video-preview:-1"},"canonical":"https:\/\/kulturonline.tv\/de\/josef-hader-hader-on-ice\/","og_locale":"de_DE","og_type":"article","og_title":"Josef Hader: Hader on Ice - Kultur Online TV &amp; FM","og_description":"Immer is irgendwas. Entweder die Fia\u00df schlafen mir ein. Oder sie jucken. Dann krieg i wieder ka Luft, wenn i schneller geh.","og_url":"https:\/\/kulturonline.tv\/de\/josef-hader-hader-on-ice\/","og_site_name":"Kultur Online TV &amp; FM","article_publisher":"https:\/\/www.facebook.com\/kulturonline.tv","article_published_time":"2024-01-13T18:42:28+00:00","article_modified_time":"2024-01-13T20:40:30+00:00","og_image":[{"width":1280,"height":720,"url":"https:\/\/kulturonline.tv\/wp-content\/uploads\/2024\/01\/Josef_Hader-edited.jpg","type":"image\/jpeg"}],"author":"guenter.wolfgang","twitter_card":"summary_large_image","twitter_misc":{"Verfasst von":"guenter.wolfgang","Gesch\u00e4tzte Lesezeit":"2\u00a0Minuten"},"schema":{"@context":"https:\/\/schema.org","@graph":[{"@type":"Article","@id":"https:\/\/kulturonline.tv\/de\/josef-hader-hader-on-ice\/#article","isPartOf":{"@id":"https:\/\/kulturonline.tv\/de\/josef-hader-hader-on-ice\/"},"author":{"name":"guenter.wolfgang","@id":"https:\/\/kulturonline.tv\/de\/#\/schema\/person\/b0fac729bb9a0c193fb1df23449df4fe"},"headline":"Josef Hader: Hader on Ice","datePublished":"2024-01-13T18:42:28+00:00","dateModified":"2024-01-13T20:40:30+00:00","mainEntityOfPage":{"@id":"https:\/\/kulturonline.tv\/de\/josef-hader-hader-on-ice\/"},"wordCount":315,"commentCount":5,"publisher":{"@id":"https:\/\/kulturonline.tv\/de\/#organization"},"image":{"@id":"https:\/\/kulturonline.tv\/de\/josef-hader-hader-on-ice\/#primaryimage"},"thumbnailUrl":"https:\/\/kulturonline.tv\/wp-content\/uploads\/2024\/01\/Josef_Hader-edited.jpg","articleSection":["Unkategorisiert"],"inLanguage":"de","potentialAction":[{"@type":"CommentAction","name":"Comment","target":["https:\/\/kulturonline.tv\/de\/josef-hader-hader-on-ice\/#respond"]}]},{"@type":"WebPage","@id":"https:\/\/kulturonline.tv\/de\/josef-hader-hader-on-ice\/","url":"https:\/\/kulturonline.tv\/de\/josef-hader-hader-on-ice\/","name":"Josef Hader: Hader on Ice - Kultur Online TV &amp; FM","isPartOf":{"@id":"https:\/\/kulturonline.tv\/de\/#website"},"primaryImageOfPage":{"@id":"https:\/\/kulturonline.tv\/de\/josef-hader-hader-on-ice\/#primaryimage"},"image":{"@id":"https:\/\/kulturonline.tv\/de\/josef-hader-hader-on-ice\/#primaryimage"},"thumbnailUrl":"https:\/\/kulturonline.tv\/wp-content\/uploads\/2024\/01\/Josef_Hader-edited.jpg","datePublished":"2024-01-13T18:42:28+00:00","dateModified":"2024-01-13T20:40:30+00:00","description":"Immer is irgendwas. Entweder die Fia\u00df schlafen mir ein. Oder sie jucken. Dann krieg i wieder ka Luft, wenn i schneller geh.","breadcrumb":{"@id":"https:\/\/kulturonline.tv\/de\/josef-hader-hader-on-ice\/#breadcrumb"},"inLanguage":"de","potentialAction":[{"@type":"ReadAction","target":["https:\/\/kulturonline.tv\/de\/josef-hader-hader-on-ice\/"]}]},{"@type":"ImageObject","inLanguage":"de","@id":"https:\/\/kulturonline.tv\/de\/josef-hader-hader-on-ice\/#primaryimage","url":"https:\/\/kulturonline.tv\/wp-content\/uploads\/2024\/01\/Josef_Hader-edited.jpg","contentUrl":"https:\/\/kulturonline.tv\/wp-content\/uploads\/2024\/01\/Josef_Hader-edited.jpg","width":1280,"height":720},{"@type":"BreadcrumbList","@id":"https:\/\/kulturonline.tv\/de\/josef-hader-hader-on-ice\/#breadcrumb","itemListElement":[{"@type":"ListItem","position":1,"name":"Startseite","item":"https:\/\/kulturonline.tv\/de\/"},{"@type":"ListItem","position":2,"name":"Josef Hader: Hader on Ice"}]},{"@type":"WebSite","@id":"https:\/\/kulturonline.tv\/de\/#website","url":"https:\/\/kulturonline.tv\/de\/","name":"Kultur Online TV &amp; FM","description":"Wir sind Kultur 2.0 zum sehen &amp; h\u00f6ren","publisher":{"@id":"https:\/\/kulturonline.tv\/de\/#organization"},"potentialAction":[{"@type":"SearchAction","target":{"@type":"EntryPoint","urlTemplate":"https:\/\/kulturonline.tv\/de\/?s={search_term_string}"},"query-input":{"@type":"PropertyValueSpecification","valueRequired":true,"valueName":"search_term_string"}}],"inLanguage":"de"},{"@type":"Organization","@id":"https:\/\/kulturonline.tv\/de\/#organization","name":"Kultur Online TV","url":"https:\/\/kulturonline.tv\/de\/","logo":{"@type":"ImageObject","inLanguage":"de","@id":"https:\/\/kulturonline.tv\/de\/#\/schema\/logo\/image\/","url":"https:\/\/kulturonline.tv\/wp-content\/uploads\/2021\/08\/Kultur-Online-Tv-Logo-Endversion-neu.png","contentUrl":"https:\/\/kulturonline.tv\/wp-content\/uploads\/2021\/08\/Kultur-Online-Tv-Logo-Endversion-neu.png","width":200,"height":200,"caption":"Kultur Online TV"},"image":{"@id":"https:\/\/kulturonline.tv\/de\/#\/schema\/logo\/image\/"},"sameAs":["https:\/\/www.facebook.com\/kulturonline.tv","https:\/\/www.instagram.com\/kulturonline.tv"]},{"@type":"Person","@id":"https:\/\/kulturonline.tv\/de\/#\/schema\/person\/b0fac729bb9a0c193fb1df23449df4fe","name":"guenter.wolfgang"}]}},"_links":{"self":[{"href":"https:\/\/kulturonline.tv\/de\/wp-json\/wp\/v2\/posts\/70264","targetHints":{"allow":["GET"]}}],"collection":[{"href":"https:\/\/kulturonline.tv\/de\/wp-json\/wp\/v2\/posts"}],"about":[{"href":"https:\/\/kulturonline.tv\/de\/wp-json\/wp\/v2\/types\/post"}],"author":[{"embeddable":true,"href":"https:\/\/kulturonline.tv\/de\/wp-json\/wp\/v2\/users\/2"}],"replies":[{"embeddable":true,"href":"https:\/\/kulturonline.tv\/de\/wp-json\/wp\/v2\/comments?post=70264"}],"version-history":[{"count":0,"href":"https:\/\/kulturonline.tv\/de\/wp-json\/wp\/v2\/posts\/70264\/revisions"}],"wp:featuredmedia":[{"embeddable":true,"href":"https:\/\/kulturonline.tv\/de\/wp-json\/wp\/v2\/media\/70267"}],"wp:attachment":[{"href":"https:\/\/kulturonline.tv\/de\/wp-json\/wp\/v2\/media?parent=70264"}],"wp:term":[{"taxonomy":"category","embeddable":true,"href":"https:\/\/kulturonline.tv\/de\/wp-json\/wp\/v2\/categories?post=70264"},{"taxonomy":"post_tag","embeddable":true,"href":"https:\/\/kulturonline.tv\/de\/wp-json\/wp\/v2\/tags?post=70264"}],"curies":[{"name":"wp","href":"https:\/\/api.w.org\/{rel}","templated":true}]}}