{"id":70339,"date":"2024-01-14T16:08:56","date_gmt":"2024-01-14T15:08:56","guid":{"rendered":"https:\/\/kulturonline.tv\/?p=70339"},"modified":"2024-03-05T18:20:02","modified_gmt":"2024-03-05T17:20:02","slug":"the-music-of-the-wall-live-in-concert","status":"publish","type":"post","link":"https:\/\/kulturonline.tv\/de\/the-music-of-the-wall-live-in-concert\/","title":{"rendered":"The Music of The Wall &#8211; Live in Concert"},"content":{"rendered":"\n<p>Eine Hommage an die gr\u00f6\u00dfte Rockoper aller Zeiten mit Musikern der original Pink-Floyd- und Roger-Waters-Tourneen plus Band.<\/p>\n\n\n\n<figure class=\"wp-block-image size-full\"><img fetchpriority=\"high\" decoding=\"async\" width=\"900\" height=\"506\" src=\"https:\/\/kulturonline.tv\/wp-content\/uploads\/2024\/01\/The-Music-Of-The-Wall-10-edited.jpg\" alt=\"\" class=\"wp-image-70344\" srcset=\"https:\/\/kulturonline.tv\/wp-content\/uploads\/2024\/01\/The-Music-Of-The-Wall-10-edited.jpg 900w, https:\/\/kulturonline.tv\/wp-content\/uploads\/2024\/01\/The-Music-Of-The-Wall-10-edited-800x450.jpg 800w, https:\/\/kulturonline.tv\/wp-content\/uploads\/2024\/01\/The-Music-Of-The-Wall-10-edited-768x432.jpg 768w, https:\/\/kulturonline.tv\/wp-content\/uploads\/2024\/01\/The-Music-Of-The-Wall-10-edited-600x337.jpg 600w\" sizes=\"(max-width: 900px) 100vw, 900px\" \/><\/figure>\n\n\n\n<p>Regisseurin Julie Taymor ist es zu verdanken, dass aus Disneys erfolgreichem Zeichentrick-Meisterwerk ein fulminantes und legend\u00e4res B\u00fchnenst\u00fcck geworden\u201eLaufen Sie wie die H\u00f6lle\u201c! Ab jetzt sind Eintrittskarten f\u00fcr das Tribut an das bedeutendste Konzert der Rockgeschichte &#8222;The Wall &#8211; in Concert&#8220; mit Musikern der urspr\u00fcnglichen Pink-Floyd- oder Roger-Waters-Tournee erh\u00e4ltlich.<\/p>\n\n\n\n<p>\u201eThe Wall\u201c z\u00e4hlt zu den besten Rockalben aller Zeiten. Pink Floyd pr\u00e4sentierten 1980\/81 ihr vollst\u00e4ndiges Album, w\u00e4hrend Roger Waters 1990 an der Berliner Mauer zwischen Ost und West vor einem Rekordpublikum spielte. Roger Waters tourte von 2010 bis 2013 mit \u201eThe Wall\u201c, was zu diesem Zeitpunkt die Tournee mit den h\u00f6chsten Einnahmen f\u00fcr einen Solok\u00fcnstler war.<\/p>\n\n\n\n<p>Auf dem Gedenkkonzert werden neben der Musik des beliebten Albums &#8222;The Wall&#8220; auch weitere Songs von Pink Floyd gespielt. <\/p>\n\n\n\n<p>Kultur Online TV-FM #musical #konzerte #musik <\/p>\n\n\n\n<p><\/p>\n","protected":false},"excerpt":{"rendered":"<p>Eine Hommage an die gr\u00f6\u00dfte Rockoper aller Zeiten mit Musikern der original Pink-Floyd- und Roger-Waters-Tourneen plus Band. Regisseurin Julie Taymor ist es zu verdanken, dass aus Disneys erfolgreichem Zeichentrick-Meisterwerk ein fulminantes und legend\u00e4res B\u00fchnenst\u00fcck geworden\u201eLaufen Sie wie die H\u00f6lle\u201c! Ab jetzt sind Eintrittskarten f\u00fcr das Tribut an das bedeutendste Konzert der Rockgeschichte &#8222;The Wall &#8211; [&hellip;]<\/p>\n","protected":false},"author":2,"featured_media":70344,"comment_status":"open","ping_status":"closed","sticky":false,"template":"","format":"standard","meta":{"_acf_changed":false,"footnotes":""},"categories":[1],"tags":[],"class_list":["post-70339","post","type-post","status-publish","format-standard","has-post-thumbnail","hentry","category-unkategorisiert"],"acf":[],"yoast_head":"<!-- This site is optimized with the Yoast SEO plugin v26.1.1 - https:\/\/yoast.com\/wordpress\/plugins\/seo\/ -->\n<title>The Music of The Wall &#8211; Live in Concert - Kultur Online TV &amp; FM<\/title>\n<meta name=\"description\" content=\"Eine Hommage an die gr\u00f6\u00dfte Rockoper aller Zeiten mit Musikern der original Pink-Floyd- und Roger-Waters-Tourneen plus Band.\" \/>\n<meta name=\"robots\" content=\"index, follow, max-snippet:-1, max-image-preview:large, max-video-preview:-1\" \/>\n<link rel=\"canonical\" href=\"https:\/\/kulturonline.tv\/de\/the-music-of-the-wall-live-in-concert\/\" \/>\n<meta property=\"og:locale\" content=\"de_DE\" \/>\n<meta property=\"og:type\" content=\"article\" \/>\n<meta property=\"og:title\" content=\"The Music of The Wall &#8211; Live in Concert - Kultur Online TV &amp; FM\" \/>\n<meta property=\"og:description\" content=\"Eine Hommage an die gr\u00f6\u00dfte Rockoper aller Zeiten mit Musikern der original Pink-Floyd- und Roger-Waters-Tourneen plus Band.\" \/>\n<meta property=\"og:url\" content=\"https:\/\/kulturonline.tv\/de\/the-music-of-the-wall-live-in-concert\/\" \/>\n<meta property=\"og:site_name\" content=\"Kultur Online TV &amp; FM\" \/>\n<meta property=\"article:publisher\" content=\"https:\/\/www.facebook.com\/kulturonline.tv\" \/>\n<meta property=\"article:published_time\" content=\"2024-01-14T15:08:56+00:00\" \/>\n<meta property=\"article:modified_time\" content=\"2024-03-05T17:20:02+00:00\" \/>\n<meta property=\"og:image\" content=\"https:\/\/kulturonline.tv\/wp-content\/uploads\/2024\/01\/The-Music-Of-The-Wall-10-edited.jpg\" \/>\n\t<meta property=\"og:image:width\" content=\"900\" \/>\n\t<meta property=\"og:image:height\" content=\"506\" \/>\n\t<meta property=\"og:image:type\" content=\"image\/jpeg\" \/>\n<meta name=\"author\" content=\"guenter.wolfgang\" \/>\n<meta name=\"twitter:card\" content=\"summary_large_image\" \/>\n<meta name=\"twitter:label1\" content=\"Verfasst von\" \/>\n\t<meta name=\"twitter:data1\" content=\"guenter.wolfgang\" \/>\n\t<meta name=\"twitter:label2\" content=\"Gesch\u00e4tzte Lesezeit\" \/>\n\t<meta name=\"twitter:data2\" content=\"1\u00a0Minute\" \/>\n<script type=\"application\/ld+json\" class=\"yoast-schema-graph\">{\"@context\":\"https:\/\/schema.org\",\"@graph\":[{\"@type\":\"Article\",\"@id\":\"https:\/\/kulturonline.tv\/de\/the-music-of-the-wall-live-in-concert\/#article\",\"isPartOf\":{\"@id\":\"https:\/\/kulturonline.tv\/de\/the-music-of-the-wall-live-in-concert\/\"},\"author\":{\"name\":\"guenter.wolfgang\",\"@id\":\"https:\/\/kulturonline.tv\/de\/#\/schema\/person\/b0fac729bb9a0c193fb1df23449df4fe\"},\"headline\":\"The Music of The Wall &#8211; Live in Concert\",\"datePublished\":\"2024-01-14T15:08:56+00:00\",\"dateModified\":\"2024-03-05T17:20:02+00:00\",\"mainEntityOfPage\":{\"@id\":\"https:\/\/kulturonline.tv\/de\/the-music-of-the-wall-live-in-concert\/\"},\"wordCount\":166,\"commentCount\":1,\"publisher\":{\"@id\":\"https:\/\/kulturonline.tv\/de\/#organization\"},\"image\":{\"@id\":\"https:\/\/kulturonline.tv\/de\/the-music-of-the-wall-live-in-concert\/#primaryimage\"},\"thumbnailUrl\":\"https:\/\/kulturonline.tv\/wp-content\/uploads\/2024\/01\/The-Music-Of-The-Wall-10-edited.jpg\",\"articleSection\":[\"Unkategorisiert\"],\"inLanguage\":\"de\",\"potentialAction\":[{\"@type\":\"CommentAction\",\"name\":\"Comment\",\"target\":[\"https:\/\/kulturonline.tv\/de\/the-music-of-the-wall-live-in-concert\/#respond\"]}]},{\"@type\":\"WebPage\",\"@id\":\"https:\/\/kulturonline.tv\/de\/the-music-of-the-wall-live-in-concert\/\",\"url\":\"https:\/\/kulturonline.tv\/de\/the-music-of-the-wall-live-in-concert\/\",\"name\":\"The Music of The Wall &#8211; Live in Concert - Kultur Online TV &amp; FM\",\"isPartOf\":{\"@id\":\"https:\/\/kulturonline.tv\/de\/#website\"},\"primaryImageOfPage\":{\"@id\":\"https:\/\/kulturonline.tv\/de\/the-music-of-the-wall-live-in-concert\/#primaryimage\"},\"image\":{\"@id\":\"https:\/\/kulturonline.tv\/de\/the-music-of-the-wall-live-in-concert\/#primaryimage\"},\"thumbnailUrl\":\"https:\/\/kulturonline.tv\/wp-content\/uploads\/2024\/01\/The-Music-Of-The-Wall-10-edited.jpg\",\"datePublished\":\"2024-01-14T15:08:56+00:00\",\"dateModified\":\"2024-03-05T17:20:02+00:00\",\"description\":\"Eine Hommage an die gr\u00f6\u00dfte Rockoper aller Zeiten mit Musikern der original Pink-Floyd- und Roger-Waters-Tourneen plus Band.\",\"breadcrumb\":{\"@id\":\"https:\/\/kulturonline.tv\/de\/the-music-of-the-wall-live-in-concert\/#breadcrumb\"},\"inLanguage\":\"de\",\"potentialAction\":[{\"@type\":\"ReadAction\",\"target\":[\"https:\/\/kulturonline.tv\/de\/the-music-of-the-wall-live-in-concert\/\"]}]},{\"@type\":\"ImageObject\",\"inLanguage\":\"de\",\"@id\":\"https:\/\/kulturonline.tv\/de\/the-music-of-the-wall-live-in-concert\/#primaryimage\",\"url\":\"https:\/\/kulturonline.tv\/wp-content\/uploads\/2024\/01\/The-Music-Of-The-Wall-10-edited.jpg\",\"contentUrl\":\"https:\/\/kulturonline.tv\/wp-content\/uploads\/2024\/01\/The-Music-Of-The-Wall-10-edited.jpg\",\"width\":900,\"height\":506},{\"@type\":\"BreadcrumbList\",\"@id\":\"https:\/\/kulturonline.tv\/de\/the-music-of-the-wall-live-in-concert\/#breadcrumb\",\"itemListElement\":[{\"@type\":\"ListItem\",\"position\":1,\"name\":\"Startseite\",\"item\":\"https:\/\/kulturonline.tv\/de\/\"},{\"@type\":\"ListItem\",\"position\":2,\"name\":\"The Music of The Wall &#8211; Live in Concert\"}]},{\"@type\":\"WebSite\",\"@id\":\"https:\/\/kulturonline.tv\/de\/#website\",\"url\":\"https:\/\/kulturonline.tv\/de\/\",\"name\":\"Kultur Online TV &amp; FM\",\"description\":\"Wir sind Kultur 2.0 zum sehen &amp; h\u00f6ren\",\"publisher\":{\"@id\":\"https:\/\/kulturonline.tv\/de\/#organization\"},\"potentialAction\":[{\"@type\":\"SearchAction\",\"target\":{\"@type\":\"EntryPoint\",\"urlTemplate\":\"https:\/\/kulturonline.tv\/de\/?s={search_term_string}\"},\"query-input\":{\"@type\":\"PropertyValueSpecification\",\"valueRequired\":true,\"valueName\":\"search_term_string\"}}],\"inLanguage\":\"de\"},{\"@type\":\"Organization\",\"@id\":\"https:\/\/kulturonline.tv\/de\/#organization\",\"name\":\"Kultur Online TV\",\"url\":\"https:\/\/kulturonline.tv\/de\/\",\"logo\":{\"@type\":\"ImageObject\",\"inLanguage\":\"de\",\"@id\":\"https:\/\/kulturonline.tv\/de\/#\/schema\/logo\/image\/\",\"url\":\"https:\/\/kulturonline.tv\/wp-content\/uploads\/2021\/08\/Kultur-Online-Tv-Logo-Endversion-neu.png\",\"contentUrl\":\"https:\/\/kulturonline.tv\/wp-content\/uploads\/2021\/08\/Kultur-Online-Tv-Logo-Endversion-neu.png\",\"width\":200,\"height\":200,\"caption\":\"Kultur Online TV\"},\"image\":{\"@id\":\"https:\/\/kulturonline.tv\/de\/#\/schema\/logo\/image\/\"},\"sameAs\":[\"https:\/\/www.facebook.com\/kulturonline.tv\",\"https:\/\/www.instagram.com\/kulturonline.tv\"]},{\"@type\":\"Person\",\"@id\":\"https:\/\/kulturonline.tv\/de\/#\/schema\/person\/b0fac729bb9a0c193fb1df23449df4fe\",\"name\":\"guenter.wolfgang\"}]}<\/script>\n<!-- \/ Yoast SEO plugin. -->","yoast_head_json":{"title":"The Music of The Wall &#8211; Live in Concert - Kultur Online TV &amp; FM","description":"Eine Hommage an die gr\u00f6\u00dfte Rockoper aller Zeiten mit Musikern der original Pink-Floyd- und Roger-Waters-Tourneen plus Band.","robots":{"index":"index","follow":"follow","max-snippet":"max-snippet:-1","max-image-preview":"max-image-preview:large","max-video-preview":"max-video-preview:-1"},"canonical":"https:\/\/kulturonline.tv\/de\/the-music-of-the-wall-live-in-concert\/","og_locale":"de_DE","og_type":"article","og_title":"The Music of The Wall &#8211; Live in Concert - Kultur Online TV &amp; FM","og_description":"Eine Hommage an die gr\u00f6\u00dfte Rockoper aller Zeiten mit Musikern der original Pink-Floyd- und Roger-Waters-Tourneen plus Band.","og_url":"https:\/\/kulturonline.tv\/de\/the-music-of-the-wall-live-in-concert\/","og_site_name":"Kultur Online TV &amp; FM","article_publisher":"https:\/\/www.facebook.com\/kulturonline.tv","article_published_time":"2024-01-14T15:08:56+00:00","article_modified_time":"2024-03-05T17:20:02+00:00","og_image":[{"width":900,"height":506,"url":"https:\/\/kulturonline.tv\/wp-content\/uploads\/2024\/01\/The-Music-Of-The-Wall-10-edited.jpg","type":"image\/jpeg"}],"author":"guenter.wolfgang","twitter_card":"summary_large_image","twitter_misc":{"Verfasst von":"guenter.wolfgang","Gesch\u00e4tzte Lesezeit":"1\u00a0Minute"},"schema":{"@context":"https:\/\/schema.org","@graph":[{"@type":"Article","@id":"https:\/\/kulturonline.tv\/de\/the-music-of-the-wall-live-in-concert\/#article","isPartOf":{"@id":"https:\/\/kulturonline.tv\/de\/the-music-of-the-wall-live-in-concert\/"},"author":{"name":"guenter.wolfgang","@id":"https:\/\/kulturonline.tv\/de\/#\/schema\/person\/b0fac729bb9a0c193fb1df23449df4fe"},"headline":"The Music of The Wall &#8211; Live in Concert","datePublished":"2024-01-14T15:08:56+00:00","dateModified":"2024-03-05T17:20:02+00:00","mainEntityOfPage":{"@id":"https:\/\/kulturonline.tv\/de\/the-music-of-the-wall-live-in-concert\/"},"wordCount":166,"commentCount":1,"publisher":{"@id":"https:\/\/kulturonline.tv\/de\/#organization"},"image":{"@id":"https:\/\/kulturonline.tv\/de\/the-music-of-the-wall-live-in-concert\/#primaryimage"},"thumbnailUrl":"https:\/\/kulturonline.tv\/wp-content\/uploads\/2024\/01\/The-Music-Of-The-Wall-10-edited.jpg","articleSection":["Unkategorisiert"],"inLanguage":"de","potentialAction":[{"@type":"CommentAction","name":"Comment","target":["https:\/\/kulturonline.tv\/de\/the-music-of-the-wall-live-in-concert\/#respond"]}]},{"@type":"WebPage","@id":"https:\/\/kulturonline.tv\/de\/the-music-of-the-wall-live-in-concert\/","url":"https:\/\/kulturonline.tv\/de\/the-music-of-the-wall-live-in-concert\/","name":"The Music of The Wall &#8211; Live in Concert - Kultur Online TV &amp; FM","isPartOf":{"@id":"https:\/\/kulturonline.tv\/de\/#website"},"primaryImageOfPage":{"@id":"https:\/\/kulturonline.tv\/de\/the-music-of-the-wall-live-in-concert\/#primaryimage"},"image":{"@id":"https:\/\/kulturonline.tv\/de\/the-music-of-the-wall-live-in-concert\/#primaryimage"},"thumbnailUrl":"https:\/\/kulturonline.tv\/wp-content\/uploads\/2024\/01\/The-Music-Of-The-Wall-10-edited.jpg","datePublished":"2024-01-14T15:08:56+00:00","dateModified":"2024-03-05T17:20:02+00:00","description":"Eine Hommage an die gr\u00f6\u00dfte Rockoper aller Zeiten mit Musikern der original Pink-Floyd- und Roger-Waters-Tourneen plus Band.","breadcrumb":{"@id":"https:\/\/kulturonline.tv\/de\/the-music-of-the-wall-live-in-concert\/#breadcrumb"},"inLanguage":"de","potentialAction":[{"@type":"ReadAction","target":["https:\/\/kulturonline.tv\/de\/the-music-of-the-wall-live-in-concert\/"]}]},{"@type":"ImageObject","inLanguage":"de","@id":"https:\/\/kulturonline.tv\/de\/the-music-of-the-wall-live-in-concert\/#primaryimage","url":"https:\/\/kulturonline.tv\/wp-content\/uploads\/2024\/01\/The-Music-Of-The-Wall-10-edited.jpg","contentUrl":"https:\/\/kulturonline.tv\/wp-content\/uploads\/2024\/01\/The-Music-Of-The-Wall-10-edited.jpg","width":900,"height":506},{"@type":"BreadcrumbList","@id":"https:\/\/kulturonline.tv\/de\/the-music-of-the-wall-live-in-concert\/#breadcrumb","itemListElement":[{"@type":"ListItem","position":1,"name":"Startseite","item":"https:\/\/kulturonline.tv\/de\/"},{"@type":"ListItem","position":2,"name":"The Music of The Wall &#8211; Live in Concert"}]},{"@type":"WebSite","@id":"https:\/\/kulturonline.tv\/de\/#website","url":"https:\/\/kulturonline.tv\/de\/","name":"Kultur Online TV &amp; FM","description":"Wir sind Kultur 2.0 zum sehen &amp; h\u00f6ren","publisher":{"@id":"https:\/\/kulturonline.tv\/de\/#organization"},"potentialAction":[{"@type":"SearchAction","target":{"@type":"EntryPoint","urlTemplate":"https:\/\/kulturonline.tv\/de\/?s={search_term_string}"},"query-input":{"@type":"PropertyValueSpecification","valueRequired":true,"valueName":"search_term_string"}}],"inLanguage":"de"},{"@type":"Organization","@id":"https:\/\/kulturonline.tv\/de\/#organization","name":"Kultur Online TV","url":"https:\/\/kulturonline.tv\/de\/","logo":{"@type":"ImageObject","inLanguage":"de","@id":"https:\/\/kulturonline.tv\/de\/#\/schema\/logo\/image\/","url":"https:\/\/kulturonline.tv\/wp-content\/uploads\/2021\/08\/Kultur-Online-Tv-Logo-Endversion-neu.png","contentUrl":"https:\/\/kulturonline.tv\/wp-content\/uploads\/2021\/08\/Kultur-Online-Tv-Logo-Endversion-neu.png","width":200,"height":200,"caption":"Kultur Online TV"},"image":{"@id":"https:\/\/kulturonline.tv\/de\/#\/schema\/logo\/image\/"},"sameAs":["https:\/\/www.facebook.com\/kulturonline.tv","https:\/\/www.instagram.com\/kulturonline.tv"]},{"@type":"Person","@id":"https:\/\/kulturonline.tv\/de\/#\/schema\/person\/b0fac729bb9a0c193fb1df23449df4fe","name":"guenter.wolfgang"}]}},"_links":{"self":[{"href":"https:\/\/kulturonline.tv\/de\/wp-json\/wp\/v2\/posts\/70339","targetHints":{"allow":["GET"]}}],"collection":[{"href":"https:\/\/kulturonline.tv\/de\/wp-json\/wp\/v2\/posts"}],"about":[{"href":"https:\/\/kulturonline.tv\/de\/wp-json\/wp\/v2\/types\/post"}],"author":[{"embeddable":true,"href":"https:\/\/kulturonline.tv\/de\/wp-json\/wp\/v2\/users\/2"}],"replies":[{"embeddable":true,"href":"https:\/\/kulturonline.tv\/de\/wp-json\/wp\/v2\/comments?post=70339"}],"version-history":[{"count":0,"href":"https:\/\/kulturonline.tv\/de\/wp-json\/wp\/v2\/posts\/70339\/revisions"}],"wp:featuredmedia":[{"embeddable":true,"href":"https:\/\/kulturonline.tv\/de\/wp-json\/wp\/v2\/media\/70344"}],"wp:attachment":[{"href":"https:\/\/kulturonline.tv\/de\/wp-json\/wp\/v2\/media?parent=70339"}],"wp:term":[{"taxonomy":"category","embeddable":true,"href":"https:\/\/kulturonline.tv\/de\/wp-json\/wp\/v2\/categories?post=70339"},{"taxonomy":"post_tag","embeddable":true,"href":"https:\/\/kulturonline.tv\/de\/wp-json\/wp\/v2\/tags?post=70339"}],"curies":[{"name":"wp","href":"https:\/\/api.w.org\/{rel}","templated":true}]}}