{"id":70341,"date":"2024-01-14T16:28:11","date_gmt":"2024-01-14T15:28:11","guid":{"rendered":"https:\/\/kulturonline.tv\/?p=70341"},"modified":"2024-01-14T16:28:13","modified_gmt":"2024-01-14T15:28:13","slug":"riverdance-das-original","status":"publish","type":"post","link":"https:\/\/kulturonline.tv\/de\/riverdance-das-original\/","title":{"rendered":"Riverdance &#8211; Das Original"},"content":{"rendered":"\n<p>Die erfolgreichste Tanzshow der Welt live! 10.11.2024 \u2013 13.12.2024 | 25 Events<\/p>\n\n\n\n<figure class=\"wp-block-image size-full is-resized\"><img fetchpriority=\"high\" decoding=\"async\" width=\"596\" height=\"335\" src=\"https:\/\/kulturonline.tv\/wp-content\/uploads\/2024\/01\/riverdance-edited.jpg\" alt=\"\" class=\"wp-image-70351\" style=\"width:840px;height:auto\"\/><\/figure>\n\n\n\n<p>Disneys erfolgreiches Zeichentrick-Meisterwerk ist dank der Regisseurin Julie Taymor zu einem beeindruckenden und legend\u00e4ren B\u00fchnenst\u00fcck geworden.Nach dem Jubil\u00e4umserfolg von Riverdance wird das Original auch im Jahr 2024 auf gro\u00dfe Tournee!<\/p>\n\n\n\n<p>Riverdance, das Original atemberaubender irischer Tanzkunst, wird im Herbst 2024 erneut in Deutschland auftreten! Die \u00fcberw\u00e4ltigende Begeisterung des Publikums in diesem Jahr deutet darauf hin, dass Riverdances Stepptanz-Virtuosen auch im Jahr 2024 die B\u00fchnen in ganz Deutschland zum Beben bringen werden! Ab morgen k\u00f6nnen die Tickets f\u00fcr das beeindruckende Tanzspektakel erworben werden.<\/p>\n\n\n\n<figure class=\"wp-block-embed is-type-video is-provider-youtube wp-block-embed-youtube wp-embed-aspect-16-9 wp-has-aspect-ratio\"><div class=\"wp-block-embed__wrapper\">\n<iframe title=\"Riverdance - Das Original - Official Trailer 2024\" width=\"800\" height=\"450\" src=\"https:\/\/www.youtube.com\/embed\/T15k9rzKTik?feature=oembed\" frameborder=\"0\" allow=\"accelerometer; autoplay; clipboard-write; encrypted-media; gyroscope; picture-in-picture; web-share\" referrerpolicy=\"strict-origin-when-cross-origin\" allowfullscreen><\/iframe>\n<\/div><\/figure>\n\n\n\n<p>Riverdance eroberte erneut das Publikum im Sturm, als sie sein 25-j\u00e4hriges Bestehen mit Standing Ovations feierte. Bislang haben \u00fcber 30 Millionen Zuschauer weltweit das ber\u00fchmte Ensemble mit seiner beeindruckenden Auff\u00fchrung bezaubert. Die internationale Laufbahn dieser besonderen Gruppe aus Irland<\/p>\n\n\n\n<p>Spannende Fakten zu Riverdance:<\/p>\n\n\n\n<ul class=\"wp-block-list\">\n<li>bereits \u00fcber 15.000 Auff\u00fchrungen auf der ganzen Welt<\/li>\n\n\n\n<li>\u00fcber 30 Millionen begeisterte Zuschauer weltweit (davon 6 Millionen allein in Deutschland)<\/li>\n\n\n\n<li>war bereits in 49 L\u00e4ndern und auf sechs Kontinenten zu sehen<\/li>\n\n\n\n<li>\u00fcber 3 Millionen verkaufte Kopien des Grammy-ausgezeichneten Albums<\/li>\n\n\n\n<li>die Tanzshows von Riverdance wurden im Fernsehen weltweit von mehr als 3,5 Milliarden Menschen gesehen<\/li>\n\n\n\n<li>Riverdance hat mehr als 10 Millionen Videos und DVDs verkauft<\/li>\n\n\n\n<li>Riverdance h\u00e4lt den Guiness Weltrekord f\u00fcr die l\u00e4ngste Tanzkette der Welt (1.693 Menschen am 21.07.2013 entlang des Flusses Liffey in Dublin)<\/li>\n<\/ul>\n","protected":false},"excerpt":{"rendered":"<p>Die erfolgreichste Tanzshow der Welt live! 10.11.2024 \u2013 13.12.2024 | 25 Events Disneys erfolgreiches Zeichentrick-Meisterwerk ist dank der Regisseurin Julie Taymor zu einem beeindruckenden und legend\u00e4ren B\u00fchnenst\u00fcck geworden.Nach dem Jubil\u00e4umserfolg von Riverdance wird das Original auch im Jahr 2024 auf gro\u00dfe Tournee! Riverdance, das Original atemberaubender irischer Tanzkunst, wird im Herbst 2024 erneut in Deutschland [&hellip;]<\/p>\n","protected":false},"author":2,"featured_media":70351,"comment_status":"open","ping_status":"closed","sticky":false,"template":"","format":"standard","meta":{"_acf_changed":false,"footnotes":""},"categories":[1],"tags":[],"class_list":["post-70341","post","type-post","status-publish","format-standard","has-post-thumbnail","hentry","category-unkategorisiert"],"acf":[],"yoast_head":"<!-- This site is optimized with the Yoast SEO plugin v26.1.1 - https:\/\/yoast.com\/wordpress\/plugins\/seo\/ -->\n<title>Riverdance &#8211; Das Original - Kultur Online TV &amp; FM<\/title>\n<meta name=\"description\" content=\"Nach dem Jubil\u00e4umserfolg von Riverdance wird das Original auch im Jahr 2024 auf gro\u00dfe Tournee!\" \/>\n<meta name=\"robots\" content=\"index, follow, max-snippet:-1, max-image-preview:large, max-video-preview:-1\" \/>\n<link rel=\"canonical\" href=\"https:\/\/kulturonline.tv\/de\/riverdance-das-original\/\" \/>\n<meta property=\"og:locale\" content=\"de_DE\" \/>\n<meta property=\"og:type\" content=\"article\" \/>\n<meta property=\"og:title\" content=\"Riverdance &#8211; Das Original - Kultur Online TV &amp; FM\" \/>\n<meta property=\"og:description\" content=\"Nach dem Jubil\u00e4umserfolg von Riverdance wird das Original auch im Jahr 2024 auf gro\u00dfe Tournee!\" \/>\n<meta property=\"og:url\" content=\"https:\/\/kulturonline.tv\/de\/riverdance-das-original\/\" \/>\n<meta property=\"og:site_name\" content=\"Kultur Online TV &amp; FM\" \/>\n<meta property=\"article:publisher\" content=\"https:\/\/www.facebook.com\/kulturonline.tv\" \/>\n<meta property=\"article:published_time\" content=\"2024-01-14T15:28:11+00:00\" \/>\n<meta property=\"article:modified_time\" content=\"2024-01-14T15:28:13+00:00\" \/>\n<meta property=\"og:image\" content=\"https:\/\/kulturonline.tv\/wp-content\/uploads\/2024\/01\/riverdance-edited.jpg\" \/>\n\t<meta property=\"og:image:width\" content=\"596\" \/>\n\t<meta property=\"og:image:height\" content=\"335\" \/>\n\t<meta property=\"og:image:type\" content=\"image\/jpeg\" \/>\n<meta name=\"author\" content=\"guenter.wolfgang\" \/>\n<meta name=\"twitter:card\" content=\"summary_large_image\" \/>\n<meta name=\"twitter:label1\" content=\"Verfasst von\" \/>\n\t<meta name=\"twitter:data1\" content=\"guenter.wolfgang\" \/>\n\t<meta name=\"twitter:label2\" content=\"Gesch\u00e4tzte Lesezeit\" \/>\n\t<meta name=\"twitter:data2\" content=\"1\u00a0Minute\" \/>\n<script type=\"application\/ld+json\" class=\"yoast-schema-graph\">{\"@context\":\"https:\/\/schema.org\",\"@graph\":[{\"@type\":\"Article\",\"@id\":\"https:\/\/kulturonline.tv\/de\/riverdance-das-original\/#article\",\"isPartOf\":{\"@id\":\"https:\/\/kulturonline.tv\/de\/riverdance-das-original\/\"},\"author\":{\"name\":\"guenter.wolfgang\",\"@id\":\"https:\/\/kulturonline.tv\/de\/#\/schema\/person\/b0fac729bb9a0c193fb1df23449df4fe\"},\"headline\":\"Riverdance &#8211; Das Original\",\"datePublished\":\"2024-01-14T15:28:11+00:00\",\"dateModified\":\"2024-01-14T15:28:13+00:00\",\"mainEntityOfPage\":{\"@id\":\"https:\/\/kulturonline.tv\/de\/riverdance-das-original\/\"},\"wordCount\":234,\"commentCount\":1,\"publisher\":{\"@id\":\"https:\/\/kulturonline.tv\/de\/#organization\"},\"image\":{\"@id\":\"https:\/\/kulturonline.tv\/de\/riverdance-das-original\/#primaryimage\"},\"thumbnailUrl\":\"https:\/\/kulturonline.tv\/wp-content\/uploads\/2024\/01\/riverdance-edited.jpg\",\"articleSection\":[\"Unkategorisiert\"],\"inLanguage\":\"de\",\"potentialAction\":[{\"@type\":\"CommentAction\",\"name\":\"Comment\",\"target\":[\"https:\/\/kulturonline.tv\/de\/riverdance-das-original\/#respond\"]}]},{\"@type\":\"WebPage\",\"@id\":\"https:\/\/kulturonline.tv\/de\/riverdance-das-original\/\",\"url\":\"https:\/\/kulturonline.tv\/de\/riverdance-das-original\/\",\"name\":\"Riverdance &#8211; Das Original - Kultur Online TV &amp; FM\",\"isPartOf\":{\"@id\":\"https:\/\/kulturonline.tv\/de\/#website\"},\"primaryImageOfPage\":{\"@id\":\"https:\/\/kulturonline.tv\/de\/riverdance-das-original\/#primaryimage\"},\"image\":{\"@id\":\"https:\/\/kulturonline.tv\/de\/riverdance-das-original\/#primaryimage\"},\"thumbnailUrl\":\"https:\/\/kulturonline.tv\/wp-content\/uploads\/2024\/01\/riverdance-edited.jpg\",\"datePublished\":\"2024-01-14T15:28:11+00:00\",\"dateModified\":\"2024-01-14T15:28:13+00:00\",\"description\":\"Nach dem Jubil\u00e4umserfolg von Riverdance wird das Original auch im Jahr 2024 auf gro\u00dfe Tournee!\",\"breadcrumb\":{\"@id\":\"https:\/\/kulturonline.tv\/de\/riverdance-das-original\/#breadcrumb\"},\"inLanguage\":\"de\",\"potentialAction\":[{\"@type\":\"ReadAction\",\"target\":[\"https:\/\/kulturonline.tv\/de\/riverdance-das-original\/\"]}]},{\"@type\":\"ImageObject\",\"inLanguage\":\"de\",\"@id\":\"https:\/\/kulturonline.tv\/de\/riverdance-das-original\/#primaryimage\",\"url\":\"https:\/\/kulturonline.tv\/wp-content\/uploads\/2024\/01\/riverdance-edited.jpg\",\"contentUrl\":\"https:\/\/kulturonline.tv\/wp-content\/uploads\/2024\/01\/riverdance-edited.jpg\",\"width\":596,\"height\":335},{\"@type\":\"BreadcrumbList\",\"@id\":\"https:\/\/kulturonline.tv\/de\/riverdance-das-original\/#breadcrumb\",\"itemListElement\":[{\"@type\":\"ListItem\",\"position\":1,\"name\":\"Startseite\",\"item\":\"https:\/\/kulturonline.tv\/de\/\"},{\"@type\":\"ListItem\",\"position\":2,\"name\":\"Riverdance &#8211; Das Original\"}]},{\"@type\":\"WebSite\",\"@id\":\"https:\/\/kulturonline.tv\/de\/#website\",\"url\":\"https:\/\/kulturonline.tv\/de\/\",\"name\":\"Kultur Online TV &amp; FM\",\"description\":\"Wir sind Kultur 2.0 zum sehen &amp; h\u00f6ren\",\"publisher\":{\"@id\":\"https:\/\/kulturonline.tv\/de\/#organization\"},\"potentialAction\":[{\"@type\":\"SearchAction\",\"target\":{\"@type\":\"EntryPoint\",\"urlTemplate\":\"https:\/\/kulturonline.tv\/de\/?s={search_term_string}\"},\"query-input\":{\"@type\":\"PropertyValueSpecification\",\"valueRequired\":true,\"valueName\":\"search_term_string\"}}],\"inLanguage\":\"de\"},{\"@type\":\"Organization\",\"@id\":\"https:\/\/kulturonline.tv\/de\/#organization\",\"name\":\"Kultur Online TV\",\"url\":\"https:\/\/kulturonline.tv\/de\/\",\"logo\":{\"@type\":\"ImageObject\",\"inLanguage\":\"de\",\"@id\":\"https:\/\/kulturonline.tv\/de\/#\/schema\/logo\/image\/\",\"url\":\"https:\/\/kulturonline.tv\/wp-content\/uploads\/2021\/08\/Kultur-Online-Tv-Logo-Endversion-neu.png\",\"contentUrl\":\"https:\/\/kulturonline.tv\/wp-content\/uploads\/2021\/08\/Kultur-Online-Tv-Logo-Endversion-neu.png\",\"width\":200,\"height\":200,\"caption\":\"Kultur Online TV\"},\"image\":{\"@id\":\"https:\/\/kulturonline.tv\/de\/#\/schema\/logo\/image\/\"},\"sameAs\":[\"https:\/\/www.facebook.com\/kulturonline.tv\",\"https:\/\/www.instagram.com\/kulturonline.tv\"]},{\"@type\":\"Person\",\"@id\":\"https:\/\/kulturonline.tv\/de\/#\/schema\/person\/b0fac729bb9a0c193fb1df23449df4fe\",\"name\":\"guenter.wolfgang\"}]}<\/script>\n<!-- \/ Yoast SEO plugin. -->","yoast_head_json":{"title":"Riverdance &#8211; Das Original - Kultur Online TV &amp; FM","description":"Nach dem Jubil\u00e4umserfolg von Riverdance wird das Original auch im Jahr 2024 auf gro\u00dfe Tournee!","robots":{"index":"index","follow":"follow","max-snippet":"max-snippet:-1","max-image-preview":"max-image-preview:large","max-video-preview":"max-video-preview:-1"},"canonical":"https:\/\/kulturonline.tv\/de\/riverdance-das-original\/","og_locale":"de_DE","og_type":"article","og_title":"Riverdance &#8211; Das Original - Kultur Online TV &amp; FM","og_description":"Nach dem Jubil\u00e4umserfolg von Riverdance wird das Original auch im Jahr 2024 auf gro\u00dfe Tournee!","og_url":"https:\/\/kulturonline.tv\/de\/riverdance-das-original\/","og_site_name":"Kultur Online TV &amp; FM","article_publisher":"https:\/\/www.facebook.com\/kulturonline.tv","article_published_time":"2024-01-14T15:28:11+00:00","article_modified_time":"2024-01-14T15:28:13+00:00","og_image":[{"width":596,"height":335,"url":"https:\/\/kulturonline.tv\/wp-content\/uploads\/2024\/01\/riverdance-edited.jpg","type":"image\/jpeg"}],"author":"guenter.wolfgang","twitter_card":"summary_large_image","twitter_misc":{"Verfasst von":"guenter.wolfgang","Gesch\u00e4tzte Lesezeit":"1\u00a0Minute"},"schema":{"@context":"https:\/\/schema.org","@graph":[{"@type":"Article","@id":"https:\/\/kulturonline.tv\/de\/riverdance-das-original\/#article","isPartOf":{"@id":"https:\/\/kulturonline.tv\/de\/riverdance-das-original\/"},"author":{"name":"guenter.wolfgang","@id":"https:\/\/kulturonline.tv\/de\/#\/schema\/person\/b0fac729bb9a0c193fb1df23449df4fe"},"headline":"Riverdance &#8211; Das Original","datePublished":"2024-01-14T15:28:11+00:00","dateModified":"2024-01-14T15:28:13+00:00","mainEntityOfPage":{"@id":"https:\/\/kulturonline.tv\/de\/riverdance-das-original\/"},"wordCount":234,"commentCount":1,"publisher":{"@id":"https:\/\/kulturonline.tv\/de\/#organization"},"image":{"@id":"https:\/\/kulturonline.tv\/de\/riverdance-das-original\/#primaryimage"},"thumbnailUrl":"https:\/\/kulturonline.tv\/wp-content\/uploads\/2024\/01\/riverdance-edited.jpg","articleSection":["Unkategorisiert"],"inLanguage":"de","potentialAction":[{"@type":"CommentAction","name":"Comment","target":["https:\/\/kulturonline.tv\/de\/riverdance-das-original\/#respond"]}]},{"@type":"WebPage","@id":"https:\/\/kulturonline.tv\/de\/riverdance-das-original\/","url":"https:\/\/kulturonline.tv\/de\/riverdance-das-original\/","name":"Riverdance &#8211; Das Original - Kultur Online TV &amp; FM","isPartOf":{"@id":"https:\/\/kulturonline.tv\/de\/#website"},"primaryImageOfPage":{"@id":"https:\/\/kulturonline.tv\/de\/riverdance-das-original\/#primaryimage"},"image":{"@id":"https:\/\/kulturonline.tv\/de\/riverdance-das-original\/#primaryimage"},"thumbnailUrl":"https:\/\/kulturonline.tv\/wp-content\/uploads\/2024\/01\/riverdance-edited.jpg","datePublished":"2024-01-14T15:28:11+00:00","dateModified":"2024-01-14T15:28:13+00:00","description":"Nach dem Jubil\u00e4umserfolg von Riverdance wird das Original auch im Jahr 2024 auf gro\u00dfe Tournee!","breadcrumb":{"@id":"https:\/\/kulturonline.tv\/de\/riverdance-das-original\/#breadcrumb"},"inLanguage":"de","potentialAction":[{"@type":"ReadAction","target":["https:\/\/kulturonline.tv\/de\/riverdance-das-original\/"]}]},{"@type":"ImageObject","inLanguage":"de","@id":"https:\/\/kulturonline.tv\/de\/riverdance-das-original\/#primaryimage","url":"https:\/\/kulturonline.tv\/wp-content\/uploads\/2024\/01\/riverdance-edited.jpg","contentUrl":"https:\/\/kulturonline.tv\/wp-content\/uploads\/2024\/01\/riverdance-edited.jpg","width":596,"height":335},{"@type":"BreadcrumbList","@id":"https:\/\/kulturonline.tv\/de\/riverdance-das-original\/#breadcrumb","itemListElement":[{"@type":"ListItem","position":1,"name":"Startseite","item":"https:\/\/kulturonline.tv\/de\/"},{"@type":"ListItem","position":2,"name":"Riverdance &#8211; Das Original"}]},{"@type":"WebSite","@id":"https:\/\/kulturonline.tv\/de\/#website","url":"https:\/\/kulturonline.tv\/de\/","name":"Kultur Online TV &amp; FM","description":"Wir sind Kultur 2.0 zum sehen &amp; h\u00f6ren","publisher":{"@id":"https:\/\/kulturonline.tv\/de\/#organization"},"potentialAction":[{"@type":"SearchAction","target":{"@type":"EntryPoint","urlTemplate":"https:\/\/kulturonline.tv\/de\/?s={search_term_string}"},"query-input":{"@type":"PropertyValueSpecification","valueRequired":true,"valueName":"search_term_string"}}],"inLanguage":"de"},{"@type":"Organization","@id":"https:\/\/kulturonline.tv\/de\/#organization","name":"Kultur Online TV","url":"https:\/\/kulturonline.tv\/de\/","logo":{"@type":"ImageObject","inLanguage":"de","@id":"https:\/\/kulturonline.tv\/de\/#\/schema\/logo\/image\/","url":"https:\/\/kulturonline.tv\/wp-content\/uploads\/2021\/08\/Kultur-Online-Tv-Logo-Endversion-neu.png","contentUrl":"https:\/\/kulturonline.tv\/wp-content\/uploads\/2021\/08\/Kultur-Online-Tv-Logo-Endversion-neu.png","width":200,"height":200,"caption":"Kultur Online TV"},"image":{"@id":"https:\/\/kulturonline.tv\/de\/#\/schema\/logo\/image\/"},"sameAs":["https:\/\/www.facebook.com\/kulturonline.tv","https:\/\/www.instagram.com\/kulturonline.tv"]},{"@type":"Person","@id":"https:\/\/kulturonline.tv\/de\/#\/schema\/person\/b0fac729bb9a0c193fb1df23449df4fe","name":"guenter.wolfgang"}]}},"_links":{"self":[{"href":"https:\/\/kulturonline.tv\/de\/wp-json\/wp\/v2\/posts\/70341","targetHints":{"allow":["GET"]}}],"collection":[{"href":"https:\/\/kulturonline.tv\/de\/wp-json\/wp\/v2\/posts"}],"about":[{"href":"https:\/\/kulturonline.tv\/de\/wp-json\/wp\/v2\/types\/post"}],"author":[{"embeddable":true,"href":"https:\/\/kulturonline.tv\/de\/wp-json\/wp\/v2\/users\/2"}],"replies":[{"embeddable":true,"href":"https:\/\/kulturonline.tv\/de\/wp-json\/wp\/v2\/comments?post=70341"}],"version-history":[{"count":0,"href":"https:\/\/kulturonline.tv\/de\/wp-json\/wp\/v2\/posts\/70341\/revisions"}],"wp:featuredmedia":[{"embeddable":true,"href":"https:\/\/kulturonline.tv\/de\/wp-json\/wp\/v2\/media\/70351"}],"wp:attachment":[{"href":"https:\/\/kulturonline.tv\/de\/wp-json\/wp\/v2\/media?parent=70341"}],"wp:term":[{"taxonomy":"category","embeddable":true,"href":"https:\/\/kulturonline.tv\/de\/wp-json\/wp\/v2\/categories?post=70341"},{"taxonomy":"post_tag","embeddable":true,"href":"https:\/\/kulturonline.tv\/de\/wp-json\/wp\/v2\/tags?post=70341"}],"curies":[{"name":"wp","href":"https:\/\/api.w.org\/{rel}","templated":true}]}}