{"id":70457,"date":"2024-01-15T05:58:03","date_gmt":"2024-01-15T04:58:03","guid":{"rendered":"https:\/\/kulturonline.tv\/?p=70457"},"modified":"2024-01-15T05:58:05","modified_gmt":"2024-01-15T04:58:05","slug":"der-welt-ein-augenzwinkern","status":"publish","type":"post","link":"https:\/\/kulturonline.tv\/de\/der-welt-ein-augenzwinkern\/","title":{"rendered":"Der Welt ein Augenzwinkern"},"content":{"rendered":"\n<div class=\"wp-block-media-text is-stacked-on-mobile\" style=\"grid-template-columns:29% auto\"><figure class=\"wp-block-media-text__media\"><img fetchpriority=\"high\" decoding=\"async\" width=\"380\" height=\"600\" src=\"https:\/\/kulturonline.tv\/wp-content\/uploads\/2024\/01\/der-welt-ein-augenzwinkern-taschenbuch-max-ballerstaller.webp\" alt=\"\" class=\"wp-image-70152 size-full\"\/><\/figure><div class=\"wp-block-media-text__content\">\n<p>Buchvorstellung und Gespr\u00e4ch mit dem Autor Max Ballerstaller<\/p>\n\n\n\n<p><\/p>\n\n\n\n<p><\/p>\n<\/div><\/div>\n\n\n\n<p>F\u00fcnf Themenbereiche kn\u00f6pft sich das Buch in seinen 24 Geschichten satirisch \u2013 ironisch vor.<\/p>\n\n\n\n<p>Lach- und Krachgeschichten vom Lande: Eine sch\u00f6ne Leich wird aufs Korn genommen, ein eitler B\u00fcrgermeister, ein absurder Kleinkrieg um einen Ortsheiligen, eine Liebe, der die PS den Garaus machen, eine sonderbare Betriebsversammlung, die deutsche Italiensehnsucht und ihre Perversion,<br>und zuletzt die Vision einer entschlackten Weihnachtszeit.<\/p>\n\n\n\n<p><strong>Im Gespr\u00e4ch mit dem Autor Max Ballerstaller<\/strong><\/p>\n\n\n\n<figure class=\"wp-block-audio\"><audio controls src=\"https:\/\/kulturonline.tv\/wp-content\/uploads\/2024\/01\/Buch-1.mp3\"><\/audio><\/figure>\n\n\n\n<p>Im Gespr\u00e4ch mit dem Autor: \u00dcber das Buch und wie es dazu gekommen ist: Wie ein Navi eine Liebe ins Wanken bringt, wie ein Rechthaber zum Autodidakten wird, wie Goethe auf seiner Italienreise zum BMW-Fan h\u00e4tte werden k\u00f6nnen. Schulzuweisung: Verzweifelter Versuch, Sch\u00fcler Schillers Wilhelm Tell spielen zu lassen, eine Sprechstunden-Kom\u00f6die, der Ein-Kind-Optimierungswahn. Auf Fall und Knall: Das Krimi-Genre wird in verschiedenen Versionen zerlegt.<br>Poetereien: Die Literatur und das Schreiben selbst werden augenzwinkernd zum Thema. Der Autor als souver\u00e4ner Sch\u00f6pfer in seiner Lust und Unlust, seine Figuren mal dahin, mal dorthin zu schicken,<br>und am Ende dann pl\u00f6tzlich einen unerwarteten Haken schlagend.<\/p>\n\n\n\n<p><strong>Im Gespr\u00e4ch mit dem Autor: \u00dcber das Buch und wie es dazu gekommen ist<\/strong><\/p>\n\n\n\n<figure class=\"wp-block-audio\"><audio controls src=\"https:\/\/kulturonline.tv\/wp-content\/uploads\/2024\/01\/Buch-2.mp3\"><\/audio><\/figure>\n\n\n\n<p>Automobilmachung: Wie ein Navi eine Liebe ins Wanken bringt, wie ein Rechthaber zum Autodidakten wird, wie Goethe auf seiner Italienreise zum BMW-Fan h\u00e4tte werden k\u00f6nnen. Schulzuweisung: Verzweifelter Versuch, Sch\u00fcler Schillers Wilhelm Tell spielen zu lassen, eine Sprechstunden-Kom\u00f6die, der Ein-Kind-Optimierungswahn. Auf Fall und Knall: Das Krimi-Genre wird in verschiedenen Versionen zerlegt.<br>Poetereien: Die Literatur und das Schreiben selbst werden augenzwinkernd zum Thema. Der Autor als souver\u00e4ner Sch\u00f6pfer in seiner Lust und Unlust, seine Figuren mal dahin, mal dorthin zu schicken,<br>und am Ende dann pl\u00f6tzlich einen unerwarteten Haken schlagend.<\/p>\n\n\n\n<p><strong>Max Ballerstaller liest aus seinem Buch die Geschichte \u201cYamaha Amore\u201d<\/strong><\/p>\n\n\n\n<figure class=\"wp-block-audio\"><audio controls src=\"https:\/\/kulturonline.tv\/wp-content\/uploads\/2024\/01\/Buch-3-Lesung.mp3\"><\/audio><\/figure>\n\n\n\n<div style=\"height:57px\" aria-hidden=\"true\" class=\"wp-block-spacer\"><\/div>\n\n\n\n<div class=\"wp-block-media-text is-stacked-on-mobile\" style=\"grid-template-columns:20% auto\"><figure class=\"wp-block-media-text__media\"><img decoding=\"async\" width=\"490\" height=\"434\" src=\"https:\/\/kulturonline.tv\/wp-content\/uploads\/2024\/01\/tipp.jpg\" alt=\"\" class=\"wp-image-70163 size-full\"\/><\/figure><div class=\"wp-block-media-text__content\">\n<p><\/p>\n<\/div><\/div>\n\n\n\n<h2 class=\"wp-block-heading\">Lesung in Burghausen an der Alz<\/h2>\n\n\n\n<div class=\"wp-block-media-text is-stacked-on-mobile\" style=\"grid-template-columns:47% auto\"><figure class=\"wp-block-media-text__media\"><img decoding=\"async\" width=\"516\" height=\"402\" src=\"https:\/\/kulturonline.tv\/wp-content\/uploads\/2024\/01\/20.1.-MB-e1702886652606.jpg\" alt=\"\" class=\"wp-image-70141 size-full\"\/><\/figure><div class=\"wp-block-media-text__content\">\n<p><\/p>\n<\/div><\/div>\n\n\n\n<p><strong>Lesung Max Ballerstaller: \u201eDer Welt ein Augenzwinkern\u201c<br>Samstag, 20. J\u00e4nner 19.00 Uhr, Jazzkeller<br>Eintritt: 8 \u20ac \/ erm\u00e4\u00dfigt 4 \u20ac<\/strong><\/p>\n\n\n\n<ul class=\"wp-block-list\">\n<li>Ticketverkauf:&nbsp;Abendkasse, Vorverkauf<\/li>\n\n\n\n<li>Ticketverkauf unter:&nbsp;<a href=\"https:\/\/www.burghausen.de\/kultur\/tickets-und-abos\/vorverkaufsstellen-und-tickets\/\" target=\"_blank\" rel=\"noreferrer noopener\">https:\/\/www.burghausen.de\/kultur\/tickets-und-abos\/vorverkaufsstellen-und-tickets\/<\/a><\/li>\n\n\n\n<li>Vorverkauf Start:&nbsp;11.12.2023<\/li>\n\n\n\n<li><a href=\"ticketverkauf: Abendkasse, VorverkaufTicketverkauf unter: https:\/\/www.burghausen.de\/kultur\/tickets-und-abos\/vorverkaufsstellen-und-tickets\/Vorverkauf Start: 11.12.2023\">Webseite Veranstalter<\/a><\/li>\n<\/ul>\n\n\n\n<p>Kultur Online TV-FM #news #literatur #tipp<\/p>\n","protected":false},"excerpt":{"rendered":"<p>Buchvorstellung und Gespr\u00e4ch mit dem Autor Max Ballerstaller F\u00fcnf Themenbereiche kn\u00f6pft sich das Buch in seinen 24 Geschichten satirisch \u2013 ironisch vor. Lach- und Krachgeschichten vom Lande: Eine sch\u00f6ne Leich wird aufs Korn genommen, ein eitler B\u00fcrgermeister, ein absurder Kleinkrieg um einen Ortsheiligen, eine Liebe, der die PS den Garaus machen, eine sonderbare Betriebsversammlung, die [&hellip;]<\/p>\n","protected":false},"author":2,"featured_media":70152,"comment_status":"open","ping_status":"closed","sticky":false,"template":"","format":"standard","meta":{"_acf_changed":false,"footnotes":""},"categories":[1],"tags":[],"class_list":["post-70457","post","type-post","status-publish","format-standard","has-post-thumbnail","hentry","category-unkategorisiert"],"acf":[],"yoast_head":"<!-- This site is optimized with the Yoast SEO plugin v26.1.1 - https:\/\/yoast.com\/wordpress\/plugins\/seo\/ -->\n<title>Der Welt ein Augenzwinkern - Kultur Online TV &amp; FM<\/title>\n<meta name=\"description\" content=\"Kultur sehen und H\u00f6ren\" \/>\n<meta name=\"robots\" content=\"index, follow, max-snippet:-1, max-image-preview:large, max-video-preview:-1\" \/>\n<link rel=\"canonical\" href=\"https:\/\/kulturonline.tv\/de\/der-welt-ein-augenzwinkern\/\" \/>\n<meta property=\"og:locale\" content=\"de_DE\" \/>\n<meta property=\"og:type\" content=\"article\" \/>\n<meta property=\"og:title\" content=\"Der Welt ein Augenzwinkern - Kultur Online TV &amp; FM\" \/>\n<meta property=\"og:description\" content=\"Kultur sehen und H\u00f6ren\" \/>\n<meta property=\"og:url\" content=\"https:\/\/kulturonline.tv\/de\/der-welt-ein-augenzwinkern\/\" \/>\n<meta property=\"og:site_name\" content=\"Kultur Online TV &amp; FM\" \/>\n<meta property=\"article:publisher\" content=\"https:\/\/www.facebook.com\/kulturonline.tv\" \/>\n<meta property=\"article:published_time\" content=\"2024-01-15T04:58:03+00:00\" \/>\n<meta property=\"article:modified_time\" content=\"2024-01-15T04:58:05+00:00\" \/>\n<meta property=\"og:image\" content=\"https:\/\/kulturonline.tv\/wp-content\/uploads\/2024\/01\/der-welt-ein-augenzwinkern-taschenbuch-max-ballerstaller.webp\" \/>\n\t<meta property=\"og:image:width\" content=\"380\" \/>\n\t<meta property=\"og:image:height\" content=\"600\" \/>\n\t<meta property=\"og:image:type\" content=\"image\/webp\" \/>\n<meta name=\"author\" content=\"guenter.wolfgang\" \/>\n<meta name=\"twitter:card\" content=\"summary_large_image\" \/>\n<meta name=\"twitter:label1\" content=\"Verfasst von\" \/>\n\t<meta name=\"twitter:data1\" content=\"guenter.wolfgang\" \/>\n\t<meta name=\"twitter:label2\" content=\"Gesch\u00e4tzte Lesezeit\" \/>\n\t<meta name=\"twitter:data2\" content=\"2\u00a0Minuten\" \/>\n<script type=\"application\/ld+json\" class=\"yoast-schema-graph\">{\"@context\":\"https:\/\/schema.org\",\"@graph\":[{\"@type\":\"Article\",\"@id\":\"https:\/\/kulturonline.tv\/de\/der-welt-ein-augenzwinkern\/#article\",\"isPartOf\":{\"@id\":\"https:\/\/kulturonline.tv\/de\/der-welt-ein-augenzwinkern\/\"},\"author\":{\"name\":\"guenter.wolfgang\",\"@id\":\"https:\/\/kulturonline.tv\/de\/#\/schema\/person\/b0fac729bb9a0c193fb1df23449df4fe\"},\"headline\":\"Der Welt ein Augenzwinkern\",\"datePublished\":\"2024-01-15T04:58:03+00:00\",\"dateModified\":\"2024-01-15T04:58:05+00:00\",\"mainEntityOfPage\":{\"@id\":\"https:\/\/kulturonline.tv\/de\/der-welt-ein-augenzwinkern\/\"},\"wordCount\":356,\"commentCount\":2,\"publisher\":{\"@id\":\"https:\/\/kulturonline.tv\/de\/#organization\"},\"image\":{\"@id\":\"https:\/\/kulturonline.tv\/de\/der-welt-ein-augenzwinkern\/#primaryimage\"},\"thumbnailUrl\":\"https:\/\/kulturonline.tv\/wp-content\/uploads\/2024\/01\/der-welt-ein-augenzwinkern-taschenbuch-max-ballerstaller.webp\",\"articleSection\":[\"Unkategorisiert\"],\"inLanguage\":\"de\",\"potentialAction\":[{\"@type\":\"CommentAction\",\"name\":\"Comment\",\"target\":[\"https:\/\/kulturonline.tv\/de\/der-welt-ein-augenzwinkern\/#respond\"]}]},{\"@type\":\"WebPage\",\"@id\":\"https:\/\/kulturonline.tv\/de\/der-welt-ein-augenzwinkern\/\",\"url\":\"https:\/\/kulturonline.tv\/de\/der-welt-ein-augenzwinkern\/\",\"name\":\"Der Welt ein Augenzwinkern - Kultur Online TV &amp; FM\",\"isPartOf\":{\"@id\":\"https:\/\/kulturonline.tv\/de\/#website\"},\"primaryImageOfPage\":{\"@id\":\"https:\/\/kulturonline.tv\/de\/der-welt-ein-augenzwinkern\/#primaryimage\"},\"image\":{\"@id\":\"https:\/\/kulturonline.tv\/de\/der-welt-ein-augenzwinkern\/#primaryimage\"},\"thumbnailUrl\":\"https:\/\/kulturonline.tv\/wp-content\/uploads\/2024\/01\/der-welt-ein-augenzwinkern-taschenbuch-max-ballerstaller.webp\",\"datePublished\":\"2024-01-15T04:58:03+00:00\",\"dateModified\":\"2024-01-15T04:58:05+00:00\",\"description\":\"Kultur sehen und H\u00f6ren\",\"breadcrumb\":{\"@id\":\"https:\/\/kulturonline.tv\/de\/der-welt-ein-augenzwinkern\/#breadcrumb\"},\"inLanguage\":\"de\",\"potentialAction\":[{\"@type\":\"ReadAction\",\"target\":[\"https:\/\/kulturonline.tv\/de\/der-welt-ein-augenzwinkern\/\"]}]},{\"@type\":\"ImageObject\",\"inLanguage\":\"de\",\"@id\":\"https:\/\/kulturonline.tv\/de\/der-welt-ein-augenzwinkern\/#primaryimage\",\"url\":\"https:\/\/kulturonline.tv\/wp-content\/uploads\/2024\/01\/der-welt-ein-augenzwinkern-taschenbuch-max-ballerstaller.webp\",\"contentUrl\":\"https:\/\/kulturonline.tv\/wp-content\/uploads\/2024\/01\/der-welt-ein-augenzwinkern-taschenbuch-max-ballerstaller.webp\",\"width\":380,\"height\":600},{\"@type\":\"BreadcrumbList\",\"@id\":\"https:\/\/kulturonline.tv\/de\/der-welt-ein-augenzwinkern\/#breadcrumb\",\"itemListElement\":[{\"@type\":\"ListItem\",\"position\":1,\"name\":\"Startseite\",\"item\":\"https:\/\/kulturonline.tv\/de\/\"},{\"@type\":\"ListItem\",\"position\":2,\"name\":\"Der Welt ein Augenzwinkern\"}]},{\"@type\":\"WebSite\",\"@id\":\"https:\/\/kulturonline.tv\/de\/#website\",\"url\":\"https:\/\/kulturonline.tv\/de\/\",\"name\":\"Kultur Online TV &amp; FM\",\"description\":\"Wir sind Kultur 2.0 zum sehen &amp; h\u00f6ren\",\"publisher\":{\"@id\":\"https:\/\/kulturonline.tv\/de\/#organization\"},\"potentialAction\":[{\"@type\":\"SearchAction\",\"target\":{\"@type\":\"EntryPoint\",\"urlTemplate\":\"https:\/\/kulturonline.tv\/de\/?s={search_term_string}\"},\"query-input\":{\"@type\":\"PropertyValueSpecification\",\"valueRequired\":true,\"valueName\":\"search_term_string\"}}],\"inLanguage\":\"de\"},{\"@type\":\"Organization\",\"@id\":\"https:\/\/kulturonline.tv\/de\/#organization\",\"name\":\"Kultur Online TV\",\"url\":\"https:\/\/kulturonline.tv\/de\/\",\"logo\":{\"@type\":\"ImageObject\",\"inLanguage\":\"de\",\"@id\":\"https:\/\/kulturonline.tv\/de\/#\/schema\/logo\/image\/\",\"url\":\"https:\/\/kulturonline.tv\/wp-content\/uploads\/2021\/08\/Kultur-Online-Tv-Logo-Endversion-neu.png\",\"contentUrl\":\"https:\/\/kulturonline.tv\/wp-content\/uploads\/2021\/08\/Kultur-Online-Tv-Logo-Endversion-neu.png\",\"width\":200,\"height\":200,\"caption\":\"Kultur Online TV\"},\"image\":{\"@id\":\"https:\/\/kulturonline.tv\/de\/#\/schema\/logo\/image\/\"},\"sameAs\":[\"https:\/\/www.facebook.com\/kulturonline.tv\",\"https:\/\/www.instagram.com\/kulturonline.tv\"]},{\"@type\":\"Person\",\"@id\":\"https:\/\/kulturonline.tv\/de\/#\/schema\/person\/b0fac729bb9a0c193fb1df23449df4fe\",\"name\":\"guenter.wolfgang\"}]}<\/script>\n<!-- \/ Yoast SEO plugin. -->","yoast_head_json":{"title":"Der Welt ein Augenzwinkern - Kultur Online TV &amp; FM","description":"Kultur sehen und H\u00f6ren","robots":{"index":"index","follow":"follow","max-snippet":"max-snippet:-1","max-image-preview":"max-image-preview:large","max-video-preview":"max-video-preview:-1"},"canonical":"https:\/\/kulturonline.tv\/de\/der-welt-ein-augenzwinkern\/","og_locale":"de_DE","og_type":"article","og_title":"Der Welt ein Augenzwinkern - Kultur Online TV &amp; FM","og_description":"Kultur sehen und H\u00f6ren","og_url":"https:\/\/kulturonline.tv\/de\/der-welt-ein-augenzwinkern\/","og_site_name":"Kultur Online TV &amp; FM","article_publisher":"https:\/\/www.facebook.com\/kulturonline.tv","article_published_time":"2024-01-15T04:58:03+00:00","article_modified_time":"2024-01-15T04:58:05+00:00","og_image":[{"width":380,"height":600,"url":"https:\/\/kulturonline.tv\/wp-content\/uploads\/2024\/01\/der-welt-ein-augenzwinkern-taschenbuch-max-ballerstaller.webp","type":"image\/webp"}],"author":"guenter.wolfgang","twitter_card":"summary_large_image","twitter_misc":{"Verfasst von":"guenter.wolfgang","Gesch\u00e4tzte Lesezeit":"2\u00a0Minuten"},"schema":{"@context":"https:\/\/schema.org","@graph":[{"@type":"Article","@id":"https:\/\/kulturonline.tv\/de\/der-welt-ein-augenzwinkern\/#article","isPartOf":{"@id":"https:\/\/kulturonline.tv\/de\/der-welt-ein-augenzwinkern\/"},"author":{"name":"guenter.wolfgang","@id":"https:\/\/kulturonline.tv\/de\/#\/schema\/person\/b0fac729bb9a0c193fb1df23449df4fe"},"headline":"Der Welt ein Augenzwinkern","datePublished":"2024-01-15T04:58:03+00:00","dateModified":"2024-01-15T04:58:05+00:00","mainEntityOfPage":{"@id":"https:\/\/kulturonline.tv\/de\/der-welt-ein-augenzwinkern\/"},"wordCount":356,"commentCount":2,"publisher":{"@id":"https:\/\/kulturonline.tv\/de\/#organization"},"image":{"@id":"https:\/\/kulturonline.tv\/de\/der-welt-ein-augenzwinkern\/#primaryimage"},"thumbnailUrl":"https:\/\/kulturonline.tv\/wp-content\/uploads\/2024\/01\/der-welt-ein-augenzwinkern-taschenbuch-max-ballerstaller.webp","articleSection":["Unkategorisiert"],"inLanguage":"de","potentialAction":[{"@type":"CommentAction","name":"Comment","target":["https:\/\/kulturonline.tv\/de\/der-welt-ein-augenzwinkern\/#respond"]}]},{"@type":"WebPage","@id":"https:\/\/kulturonline.tv\/de\/der-welt-ein-augenzwinkern\/","url":"https:\/\/kulturonline.tv\/de\/der-welt-ein-augenzwinkern\/","name":"Der Welt ein Augenzwinkern - Kultur Online TV &amp; FM","isPartOf":{"@id":"https:\/\/kulturonline.tv\/de\/#website"},"primaryImageOfPage":{"@id":"https:\/\/kulturonline.tv\/de\/der-welt-ein-augenzwinkern\/#primaryimage"},"image":{"@id":"https:\/\/kulturonline.tv\/de\/der-welt-ein-augenzwinkern\/#primaryimage"},"thumbnailUrl":"https:\/\/kulturonline.tv\/wp-content\/uploads\/2024\/01\/der-welt-ein-augenzwinkern-taschenbuch-max-ballerstaller.webp","datePublished":"2024-01-15T04:58:03+00:00","dateModified":"2024-01-15T04:58:05+00:00","description":"Kultur sehen und H\u00f6ren","breadcrumb":{"@id":"https:\/\/kulturonline.tv\/de\/der-welt-ein-augenzwinkern\/#breadcrumb"},"inLanguage":"de","potentialAction":[{"@type":"ReadAction","target":["https:\/\/kulturonline.tv\/de\/der-welt-ein-augenzwinkern\/"]}]},{"@type":"ImageObject","inLanguage":"de","@id":"https:\/\/kulturonline.tv\/de\/der-welt-ein-augenzwinkern\/#primaryimage","url":"https:\/\/kulturonline.tv\/wp-content\/uploads\/2024\/01\/der-welt-ein-augenzwinkern-taschenbuch-max-ballerstaller.webp","contentUrl":"https:\/\/kulturonline.tv\/wp-content\/uploads\/2024\/01\/der-welt-ein-augenzwinkern-taschenbuch-max-ballerstaller.webp","width":380,"height":600},{"@type":"BreadcrumbList","@id":"https:\/\/kulturonline.tv\/de\/der-welt-ein-augenzwinkern\/#breadcrumb","itemListElement":[{"@type":"ListItem","position":1,"name":"Startseite","item":"https:\/\/kulturonline.tv\/de\/"},{"@type":"ListItem","position":2,"name":"Der Welt ein Augenzwinkern"}]},{"@type":"WebSite","@id":"https:\/\/kulturonline.tv\/de\/#website","url":"https:\/\/kulturonline.tv\/de\/","name":"Kultur Online TV &amp; FM","description":"Wir sind Kultur 2.0 zum sehen &amp; h\u00f6ren","publisher":{"@id":"https:\/\/kulturonline.tv\/de\/#organization"},"potentialAction":[{"@type":"SearchAction","target":{"@type":"EntryPoint","urlTemplate":"https:\/\/kulturonline.tv\/de\/?s={search_term_string}"},"query-input":{"@type":"PropertyValueSpecification","valueRequired":true,"valueName":"search_term_string"}}],"inLanguage":"de"},{"@type":"Organization","@id":"https:\/\/kulturonline.tv\/de\/#organization","name":"Kultur Online TV","url":"https:\/\/kulturonline.tv\/de\/","logo":{"@type":"ImageObject","inLanguage":"de","@id":"https:\/\/kulturonline.tv\/de\/#\/schema\/logo\/image\/","url":"https:\/\/kulturonline.tv\/wp-content\/uploads\/2021\/08\/Kultur-Online-Tv-Logo-Endversion-neu.png","contentUrl":"https:\/\/kulturonline.tv\/wp-content\/uploads\/2021\/08\/Kultur-Online-Tv-Logo-Endversion-neu.png","width":200,"height":200,"caption":"Kultur Online TV"},"image":{"@id":"https:\/\/kulturonline.tv\/de\/#\/schema\/logo\/image\/"},"sameAs":["https:\/\/www.facebook.com\/kulturonline.tv","https:\/\/www.instagram.com\/kulturonline.tv"]},{"@type":"Person","@id":"https:\/\/kulturonline.tv\/de\/#\/schema\/person\/b0fac729bb9a0c193fb1df23449df4fe","name":"guenter.wolfgang"}]}},"_links":{"self":[{"href":"https:\/\/kulturonline.tv\/de\/wp-json\/wp\/v2\/posts\/70457","targetHints":{"allow":["GET"]}}],"collection":[{"href":"https:\/\/kulturonline.tv\/de\/wp-json\/wp\/v2\/posts"}],"about":[{"href":"https:\/\/kulturonline.tv\/de\/wp-json\/wp\/v2\/types\/post"}],"author":[{"embeddable":true,"href":"https:\/\/kulturonline.tv\/de\/wp-json\/wp\/v2\/users\/2"}],"replies":[{"embeddable":true,"href":"https:\/\/kulturonline.tv\/de\/wp-json\/wp\/v2\/comments?post=70457"}],"version-history":[{"count":0,"href":"https:\/\/kulturonline.tv\/de\/wp-json\/wp\/v2\/posts\/70457\/revisions"}],"wp:featuredmedia":[{"embeddable":true,"href":"https:\/\/kulturonline.tv\/de\/wp-json\/wp\/v2\/media\/70152"}],"wp:attachment":[{"href":"https:\/\/kulturonline.tv\/de\/wp-json\/wp\/v2\/media?parent=70457"}],"wp:term":[{"taxonomy":"category","embeddable":true,"href":"https:\/\/kulturonline.tv\/de\/wp-json\/wp\/v2\/categories?post=70457"},{"taxonomy":"post_tag","embeddable":true,"href":"https:\/\/kulturonline.tv\/de\/wp-json\/wp\/v2\/tags?post=70457"}],"curies":[{"name":"wp","href":"https:\/\/api.w.org\/{rel}","templated":true}]}}