{"id":70656,"date":"2024-01-30T10:25:52","date_gmt":"2024-01-30T09:25:52","guid":{"rendered":"https:\/\/kulturonline.tv\/?p=70656"},"modified":"2024-01-30T10:56:11","modified_gmt":"2024-01-30T09:56:11","slug":"disco-revival-mit-dj-charly-leder","status":"publish","type":"post","link":"https:\/\/kulturonline.tv\/de\/disco-revival-mit-dj-charly-leder\/","title":{"rendered":"DISCO REVIVAL mit DJ Charly Leder"},"content":{"rendered":"\n<p>Der Countdown l\u00e4uft f\u00fcr eine Kult-Veranstaltung der besonderen Art in Neu\u00f6tting-Landkreis Alt\u00f6tting, die es so seit \u00fcber 20 Jahren nicht mehr gegeben hat. <\/p>\n\n\n\n<figure class=\"wp-block-image size-full is-resized\"><img fetchpriority=\"high\" decoding=\"async\" width=\"480\" height=\"270\" src=\"https:\/\/kulturonline.tv\/wp-content\/uploads\/2024\/01\/Anzeige_DiscoRevival_90x138-K3__Klein_-edited-1.webp\" alt=\"\" class=\"wp-image-70661\" style=\"width:842px;height:auto\"\/><\/figure>\n\n\n\n<div style=\"height:32px\" aria-hidden=\"true\" class=\"wp-block-spacer\"><\/div>\n\n\n\n<p>250.000 junge Menschen sind mit der Musik von Charly Leder gro\u00df geworden, haben getanzt, gelacht, und gefeiert, im letzten Sommer wurde dann die Idee zu diesem Disco Revival geboren. <\/p>\n\n\n\n<p>Der Countdown l\u00e4uft &#8211; f\u00fcr eine Kultveranstaltung in Neu\u00f6tting, die es seit \u00fcber 20 Jahren nicht mehr gegeben hat: Disco mit DJ Charly Leder. Am Freitag den 22. M\u00e4rz, von 20 bis 24 Uhr, ist es soweit, der Stadtsaal im Rathaus in Neu\u00f6tting wird zur Diskothek f\u00fcr \u00fcber 40-J\u00e4hrige, und Ankl\u00e4nge an das legend\u00e4re &#8222;Forum&#8220;, das es ebenfalls l\u00e4ngst nicht mehr gibt, sind nicht ganz zuf\u00e4llig. Der Reinerl\u00f6s der Veranstaltung kommt der freien Schule Unterneukirchen zugute. <\/p>\n\n\n\n<p>Wir haben mit Charly Leder \u00fcber diesen Event gesprochen:<\/p>\n\n\n\n<h2 class=\"wp-block-heading\">Charly Leder \u00fcber seine Kariere als Entertainer-DJ<\/h2>\n\n\n\n<p><strong>Wie hat den alles angefangen?<\/strong><\/p>\n\n\n\n<figure class=\"wp-block-audio\"><audio controls src=\"https:\/\/kulturonline.tv\/wp-content\/uploads\/2024\/01\/b2-Wie-hat-alles-angefangen-.mp3\"><\/audio><\/figure>\n\n\n\n<div style=\"height:23px\" aria-hidden=\"true\" class=\"wp-block-spacer\"><\/div>\n\n\n\n<p><strong>Zeitreise- \u00fcber die &#8222;PSD Discothek&#8220;<\/strong><\/p>\n\n\n\n<figure class=\"wp-block-audio\"><audio controls src=\"https:\/\/kulturonline.tv\/wp-content\/uploads\/2024\/01\/ueber-die-psd-disco.mp3\"><\/audio><\/figure>\n\n\n\n<div style=\"height:31px\" aria-hidden=\"true\" class=\"wp-block-spacer\"><\/div>\n\n\n\n<p><strong>Zeitreise- &#8222;Millenium&#8220;<\/strong><\/p>\n\n\n\n<figure class=\"wp-block-audio\"><audio controls src=\"https:\/\/kulturonline.tv\/wp-content\/uploads\/2024\/01\/Milenium.mp3\"><\/audio><\/figure>\n\n\n\n<div style=\"height:30px\" aria-hidden=\"true\" class=\"wp-block-spacer\"><\/div>\n\n\n\n<p><strong>Ein Event f\u00fcr den guten Zweck<\/strong><\/p>\n\n\n\n<figure class=\"wp-block-audio\"><audio controls src=\"https:\/\/kulturonline.tv\/wp-content\/uploads\/2024\/01\/fuer-den-guten-zweck-das-projekt.mp3\"><\/audio><\/figure>\n\n\n\n<div style=\"height:31px\" aria-hidden=\"true\" class=\"wp-block-spacer\"><\/div>\n\n\n\n<p><strong>\u00dcber den Event<\/strong><\/p>\n\n\n\n<figure class=\"wp-block-audio\"><audio controls src=\"https:\/\/kulturonline.tv\/wp-content\/uploads\/2024\/01\/ueber-den-Event-2.mp3\"><\/audio><\/figure>\n\n\n\n<div style=\"height:32px\" aria-hidden=\"true\" class=\"wp-block-spacer\"><\/div>\n\n\n\n<p><strong>Die Unterst\u00fctzer<\/strong><\/p>\n\n\n\n<figure class=\"wp-block-audio\"><audio controls src=\"https:\/\/kulturonline.tv\/wp-content\/uploads\/2024\/01\/Unterstuetzer-1.mp3\"><\/audio><\/figure>\n\n\n\n<div style=\"height:30px\" aria-hidden=\"true\" class=\"wp-block-spacer\"><\/div>\n\n\n\n<div class=\"wp-block-media-text is-stacked-on-mobile\" style=\"grid-template-columns:20% auto\"><figure class=\"wp-block-media-text__media\"><img decoding=\"async\" width=\"1181\" height=\"1181\" src=\"https:\/\/kulturonline.tv\/wp-content\/uploads\/2024\/01\/image.png\" alt=\"\" class=\"wp-image-70669 size-full\" srcset=\"https:\/\/kulturonline.tv\/wp-content\/uploads\/2024\/01\/image.png 1181w, https:\/\/kulturonline.tv\/wp-content\/uploads\/2024\/01\/image-800x800.png 800w, https:\/\/kulturonline.tv\/wp-content\/uploads\/2024\/01\/image-500x500.png 500w, https:\/\/kulturonline.tv\/wp-content\/uploads\/2024\/01\/image-768x768.png 768w, https:\/\/kulturonline.tv\/wp-content\/uploads\/2024\/01\/image-150x150.png 150w, https:\/\/kulturonline.tv\/wp-content\/uploads\/2024\/01\/image-300x300.png 300w, https:\/\/kulturonline.tv\/wp-content\/uploads\/2024\/01\/image-600x600.png 600w, https:\/\/kulturonline.tv\/wp-content\/uploads\/2024\/01\/image-100x100.png 100w\" sizes=\"(max-width: 1181px) 100vw, 1181px\" \/><\/figure><div class=\"wp-block-media-text__content\">\n<p><a href=\"https:\/\/www.bellissima-events.de\/index.php\/de\/\">https:\/\/www.bellissima-events.de\/index.php\/de\/<\/a><\/p>\n<\/div><\/div>\n\n\n\n<div style=\"height:51px\" aria-hidden=\"true\" class=\"wp-block-spacer\"><\/div>\n\n\n\n<p>Kultur Online TV-FM #news #event<\/p>\n\n\n\n<h1 class=\"wp-block-heading\"><strong>WIR SIND KULTUR ZUM SEHEN UND H\u00d6REN<\/strong><\/h1>\n","protected":false},"excerpt":{"rendered":"<p>Der Countdown l\u00e4uft f\u00fcr eine Kult-Veranstaltung der besonderen Art in Neu\u00f6tting-Landkreis Alt\u00f6tting, die es so seit \u00fcber 20 Jahren nicht mehr gegeben hat. 250.000 junge Menschen sind mit der Musik von Charly Leder gro\u00df geworden, haben getanzt, gelacht, und gefeiert, im letzten Sommer wurde dann die Idee zu diesem Disco Revival geboren. Der Countdown l\u00e4uft [&hellip;]<\/p>\n","protected":false},"author":2,"featured_media":70661,"comment_status":"open","ping_status":"closed","sticky":false,"template":"","format":"standard","meta":{"_acf_changed":false,"footnotes":""},"categories":[1],"tags":[],"class_list":["post-70656","post","type-post","status-publish","format-standard","has-post-thumbnail","hentry","category-unkategorisiert"],"acf":[],"yoast_head":"<!-- This site is optimized with the Yoast SEO plugin v26.1.1 - https:\/\/yoast.com\/wordpress\/plugins\/seo\/ -->\n<title>DISCO REVIVAL mit DJ Charly Leder - Kultur Online TV &amp; FM<\/title>\n<meta name=\"description\" content=\"Kultur sehen und H\u00f6ren\" \/>\n<meta name=\"robots\" content=\"index, follow, max-snippet:-1, max-image-preview:large, max-video-preview:-1\" \/>\n<link rel=\"canonical\" href=\"https:\/\/kulturonline.tv\/de\/disco-revival-mit-dj-charly-leder\/\" \/>\n<meta property=\"og:locale\" content=\"de_DE\" \/>\n<meta property=\"og:type\" content=\"article\" \/>\n<meta property=\"og:title\" content=\"DISCO REVIVAL mit DJ Charly Leder - Kultur Online TV &amp; FM\" \/>\n<meta property=\"og:description\" content=\"Kultur sehen und H\u00f6ren\" \/>\n<meta property=\"og:url\" content=\"https:\/\/kulturonline.tv\/de\/disco-revival-mit-dj-charly-leder\/\" \/>\n<meta property=\"og:site_name\" content=\"Kultur Online TV &amp; FM\" \/>\n<meta property=\"article:publisher\" content=\"https:\/\/www.facebook.com\/kulturonline.tv\" \/>\n<meta property=\"article:published_time\" content=\"2024-01-30T09:25:52+00:00\" \/>\n<meta property=\"article:modified_time\" content=\"2024-01-30T09:56:11+00:00\" \/>\n<meta property=\"og:image\" content=\"https:\/\/kulturonline.tv\/wp-content\/uploads\/2024\/01\/Anzeige_DiscoRevival_90x138-K3__Klein_-edited-1.webp\" \/>\n\t<meta property=\"og:image:width\" content=\"480\" \/>\n\t<meta property=\"og:image:height\" content=\"270\" \/>\n\t<meta property=\"og:image:type\" content=\"image\/webp\" \/>\n<meta name=\"author\" content=\"guenter.wolfgang\" \/>\n<meta name=\"twitter:card\" content=\"summary_large_image\" \/>\n<meta name=\"twitter:label1\" content=\"Verfasst von\" \/>\n\t<meta name=\"twitter:data1\" content=\"guenter.wolfgang\" \/>\n\t<meta name=\"twitter:label2\" content=\"Gesch\u00e4tzte Lesezeit\" \/>\n\t<meta name=\"twitter:data2\" content=\"1\u00a0Minute\" \/>\n<script type=\"application\/ld+json\" class=\"yoast-schema-graph\">{\"@context\":\"https:\/\/schema.org\",\"@graph\":[{\"@type\":\"Article\",\"@id\":\"https:\/\/kulturonline.tv\/de\/disco-revival-mit-dj-charly-leder\/#article\",\"isPartOf\":{\"@id\":\"https:\/\/kulturonline.tv\/de\/disco-revival-mit-dj-charly-leder\/\"},\"author\":{\"name\":\"guenter.wolfgang\",\"@id\":\"https:\/\/kulturonline.tv\/de\/#\/schema\/person\/b0fac729bb9a0c193fb1df23449df4fe\"},\"headline\":\"DISCO REVIVAL mit DJ Charly Leder\",\"datePublished\":\"2024-01-30T09:25:52+00:00\",\"dateModified\":\"2024-01-30T09:56:11+00:00\",\"mainEntityOfPage\":{\"@id\":\"https:\/\/kulturonline.tv\/de\/disco-revival-mit-dj-charly-leder\/\"},\"wordCount\":205,\"commentCount\":2,\"publisher\":{\"@id\":\"https:\/\/kulturonline.tv\/de\/#organization\"},\"image\":{\"@id\":\"https:\/\/kulturonline.tv\/de\/disco-revival-mit-dj-charly-leder\/#primaryimage\"},\"thumbnailUrl\":\"https:\/\/kulturonline.tv\/wp-content\/uploads\/2024\/01\/Anzeige_DiscoRevival_90x138-K3__Klein_-edited-1.webp\",\"articleSection\":[\"Unkategorisiert\"],\"inLanguage\":\"de\",\"potentialAction\":[{\"@type\":\"CommentAction\",\"name\":\"Comment\",\"target\":[\"https:\/\/kulturonline.tv\/de\/disco-revival-mit-dj-charly-leder\/#respond\"]}]},{\"@type\":\"WebPage\",\"@id\":\"https:\/\/kulturonline.tv\/de\/disco-revival-mit-dj-charly-leder\/\",\"url\":\"https:\/\/kulturonline.tv\/de\/disco-revival-mit-dj-charly-leder\/\",\"name\":\"DISCO REVIVAL mit DJ Charly Leder - Kultur Online TV &amp; FM\",\"isPartOf\":{\"@id\":\"https:\/\/kulturonline.tv\/de\/#website\"},\"primaryImageOfPage\":{\"@id\":\"https:\/\/kulturonline.tv\/de\/disco-revival-mit-dj-charly-leder\/#primaryimage\"},\"image\":{\"@id\":\"https:\/\/kulturonline.tv\/de\/disco-revival-mit-dj-charly-leder\/#primaryimage\"},\"thumbnailUrl\":\"https:\/\/kulturonline.tv\/wp-content\/uploads\/2024\/01\/Anzeige_DiscoRevival_90x138-K3__Klein_-edited-1.webp\",\"datePublished\":\"2024-01-30T09:25:52+00:00\",\"dateModified\":\"2024-01-30T09:56:11+00:00\",\"description\":\"Kultur sehen und H\u00f6ren\",\"breadcrumb\":{\"@id\":\"https:\/\/kulturonline.tv\/de\/disco-revival-mit-dj-charly-leder\/#breadcrumb\"},\"inLanguage\":\"de\",\"potentialAction\":[{\"@type\":\"ReadAction\",\"target\":[\"https:\/\/kulturonline.tv\/de\/disco-revival-mit-dj-charly-leder\/\"]}]},{\"@type\":\"ImageObject\",\"inLanguage\":\"de\",\"@id\":\"https:\/\/kulturonline.tv\/de\/disco-revival-mit-dj-charly-leder\/#primaryimage\",\"url\":\"https:\/\/kulturonline.tv\/wp-content\/uploads\/2024\/01\/Anzeige_DiscoRevival_90x138-K3__Klein_-edited-1.webp\",\"contentUrl\":\"https:\/\/kulturonline.tv\/wp-content\/uploads\/2024\/01\/Anzeige_DiscoRevival_90x138-K3__Klein_-edited-1.webp\",\"width\":480,\"height\":270},{\"@type\":\"BreadcrumbList\",\"@id\":\"https:\/\/kulturonline.tv\/de\/disco-revival-mit-dj-charly-leder\/#breadcrumb\",\"itemListElement\":[{\"@type\":\"ListItem\",\"position\":1,\"name\":\"Startseite\",\"item\":\"https:\/\/kulturonline.tv\/de\/\"},{\"@type\":\"ListItem\",\"position\":2,\"name\":\"DISCO REVIVAL mit DJ Charly Leder\"}]},{\"@type\":\"WebSite\",\"@id\":\"https:\/\/kulturonline.tv\/de\/#website\",\"url\":\"https:\/\/kulturonline.tv\/de\/\",\"name\":\"Kultur Online TV &amp; FM\",\"description\":\"Wir sind Kultur 2.0 zum sehen &amp; h\u00f6ren\",\"publisher\":{\"@id\":\"https:\/\/kulturonline.tv\/de\/#organization\"},\"potentialAction\":[{\"@type\":\"SearchAction\",\"target\":{\"@type\":\"EntryPoint\",\"urlTemplate\":\"https:\/\/kulturonline.tv\/de\/?s={search_term_string}\"},\"query-input\":{\"@type\":\"PropertyValueSpecification\",\"valueRequired\":true,\"valueName\":\"search_term_string\"}}],\"inLanguage\":\"de\"},{\"@type\":\"Organization\",\"@id\":\"https:\/\/kulturonline.tv\/de\/#organization\",\"name\":\"Kultur Online TV\",\"url\":\"https:\/\/kulturonline.tv\/de\/\",\"logo\":{\"@type\":\"ImageObject\",\"inLanguage\":\"de\",\"@id\":\"https:\/\/kulturonline.tv\/de\/#\/schema\/logo\/image\/\",\"url\":\"https:\/\/kulturonline.tv\/wp-content\/uploads\/2021\/08\/Kultur-Online-Tv-Logo-Endversion-neu.png\",\"contentUrl\":\"https:\/\/kulturonline.tv\/wp-content\/uploads\/2021\/08\/Kultur-Online-Tv-Logo-Endversion-neu.png\",\"width\":200,\"height\":200,\"caption\":\"Kultur Online TV\"},\"image\":{\"@id\":\"https:\/\/kulturonline.tv\/de\/#\/schema\/logo\/image\/\"},\"sameAs\":[\"https:\/\/www.facebook.com\/kulturonline.tv\",\"https:\/\/www.instagram.com\/kulturonline.tv\"]},{\"@type\":\"Person\",\"@id\":\"https:\/\/kulturonline.tv\/de\/#\/schema\/person\/b0fac729bb9a0c193fb1df23449df4fe\",\"name\":\"guenter.wolfgang\"}]}<\/script>\n<!-- \/ Yoast SEO plugin. -->","yoast_head_json":{"title":"DISCO REVIVAL mit DJ Charly Leder - Kultur Online TV &amp; FM","description":"Kultur sehen und H\u00f6ren","robots":{"index":"index","follow":"follow","max-snippet":"max-snippet:-1","max-image-preview":"max-image-preview:large","max-video-preview":"max-video-preview:-1"},"canonical":"https:\/\/kulturonline.tv\/de\/disco-revival-mit-dj-charly-leder\/","og_locale":"de_DE","og_type":"article","og_title":"DISCO REVIVAL mit DJ Charly Leder - Kultur Online TV &amp; FM","og_description":"Kultur sehen und H\u00f6ren","og_url":"https:\/\/kulturonline.tv\/de\/disco-revival-mit-dj-charly-leder\/","og_site_name":"Kultur Online TV &amp; FM","article_publisher":"https:\/\/www.facebook.com\/kulturonline.tv","article_published_time":"2024-01-30T09:25:52+00:00","article_modified_time":"2024-01-30T09:56:11+00:00","og_image":[{"width":480,"height":270,"url":"https:\/\/kulturonline.tv\/wp-content\/uploads\/2024\/01\/Anzeige_DiscoRevival_90x138-K3__Klein_-edited-1.webp","type":"image\/webp"}],"author":"guenter.wolfgang","twitter_card":"summary_large_image","twitter_misc":{"Verfasst von":"guenter.wolfgang","Gesch\u00e4tzte Lesezeit":"1\u00a0Minute"},"schema":{"@context":"https:\/\/schema.org","@graph":[{"@type":"Article","@id":"https:\/\/kulturonline.tv\/de\/disco-revival-mit-dj-charly-leder\/#article","isPartOf":{"@id":"https:\/\/kulturonline.tv\/de\/disco-revival-mit-dj-charly-leder\/"},"author":{"name":"guenter.wolfgang","@id":"https:\/\/kulturonline.tv\/de\/#\/schema\/person\/b0fac729bb9a0c193fb1df23449df4fe"},"headline":"DISCO REVIVAL mit DJ Charly Leder","datePublished":"2024-01-30T09:25:52+00:00","dateModified":"2024-01-30T09:56:11+00:00","mainEntityOfPage":{"@id":"https:\/\/kulturonline.tv\/de\/disco-revival-mit-dj-charly-leder\/"},"wordCount":205,"commentCount":2,"publisher":{"@id":"https:\/\/kulturonline.tv\/de\/#organization"},"image":{"@id":"https:\/\/kulturonline.tv\/de\/disco-revival-mit-dj-charly-leder\/#primaryimage"},"thumbnailUrl":"https:\/\/kulturonline.tv\/wp-content\/uploads\/2024\/01\/Anzeige_DiscoRevival_90x138-K3__Klein_-edited-1.webp","articleSection":["Unkategorisiert"],"inLanguage":"de","potentialAction":[{"@type":"CommentAction","name":"Comment","target":["https:\/\/kulturonline.tv\/de\/disco-revival-mit-dj-charly-leder\/#respond"]}]},{"@type":"WebPage","@id":"https:\/\/kulturonline.tv\/de\/disco-revival-mit-dj-charly-leder\/","url":"https:\/\/kulturonline.tv\/de\/disco-revival-mit-dj-charly-leder\/","name":"DISCO REVIVAL mit DJ Charly Leder - Kultur Online TV &amp; FM","isPartOf":{"@id":"https:\/\/kulturonline.tv\/de\/#website"},"primaryImageOfPage":{"@id":"https:\/\/kulturonline.tv\/de\/disco-revival-mit-dj-charly-leder\/#primaryimage"},"image":{"@id":"https:\/\/kulturonline.tv\/de\/disco-revival-mit-dj-charly-leder\/#primaryimage"},"thumbnailUrl":"https:\/\/kulturonline.tv\/wp-content\/uploads\/2024\/01\/Anzeige_DiscoRevival_90x138-K3__Klein_-edited-1.webp","datePublished":"2024-01-30T09:25:52+00:00","dateModified":"2024-01-30T09:56:11+00:00","description":"Kultur sehen und H\u00f6ren","breadcrumb":{"@id":"https:\/\/kulturonline.tv\/de\/disco-revival-mit-dj-charly-leder\/#breadcrumb"},"inLanguage":"de","potentialAction":[{"@type":"ReadAction","target":["https:\/\/kulturonline.tv\/de\/disco-revival-mit-dj-charly-leder\/"]}]},{"@type":"ImageObject","inLanguage":"de","@id":"https:\/\/kulturonline.tv\/de\/disco-revival-mit-dj-charly-leder\/#primaryimage","url":"https:\/\/kulturonline.tv\/wp-content\/uploads\/2024\/01\/Anzeige_DiscoRevival_90x138-K3__Klein_-edited-1.webp","contentUrl":"https:\/\/kulturonline.tv\/wp-content\/uploads\/2024\/01\/Anzeige_DiscoRevival_90x138-K3__Klein_-edited-1.webp","width":480,"height":270},{"@type":"BreadcrumbList","@id":"https:\/\/kulturonline.tv\/de\/disco-revival-mit-dj-charly-leder\/#breadcrumb","itemListElement":[{"@type":"ListItem","position":1,"name":"Startseite","item":"https:\/\/kulturonline.tv\/de\/"},{"@type":"ListItem","position":2,"name":"DISCO REVIVAL mit DJ Charly Leder"}]},{"@type":"WebSite","@id":"https:\/\/kulturonline.tv\/de\/#website","url":"https:\/\/kulturonline.tv\/de\/","name":"Kultur Online TV &amp; FM","description":"Wir sind Kultur 2.0 zum sehen &amp; h\u00f6ren","publisher":{"@id":"https:\/\/kulturonline.tv\/de\/#organization"},"potentialAction":[{"@type":"SearchAction","target":{"@type":"EntryPoint","urlTemplate":"https:\/\/kulturonline.tv\/de\/?s={search_term_string}"},"query-input":{"@type":"PropertyValueSpecification","valueRequired":true,"valueName":"search_term_string"}}],"inLanguage":"de"},{"@type":"Organization","@id":"https:\/\/kulturonline.tv\/de\/#organization","name":"Kultur Online TV","url":"https:\/\/kulturonline.tv\/de\/","logo":{"@type":"ImageObject","inLanguage":"de","@id":"https:\/\/kulturonline.tv\/de\/#\/schema\/logo\/image\/","url":"https:\/\/kulturonline.tv\/wp-content\/uploads\/2021\/08\/Kultur-Online-Tv-Logo-Endversion-neu.png","contentUrl":"https:\/\/kulturonline.tv\/wp-content\/uploads\/2021\/08\/Kultur-Online-Tv-Logo-Endversion-neu.png","width":200,"height":200,"caption":"Kultur Online TV"},"image":{"@id":"https:\/\/kulturonline.tv\/de\/#\/schema\/logo\/image\/"},"sameAs":["https:\/\/www.facebook.com\/kulturonline.tv","https:\/\/www.instagram.com\/kulturonline.tv"]},{"@type":"Person","@id":"https:\/\/kulturonline.tv\/de\/#\/schema\/person\/b0fac729bb9a0c193fb1df23449df4fe","name":"guenter.wolfgang"}]}},"_links":{"self":[{"href":"https:\/\/kulturonline.tv\/de\/wp-json\/wp\/v2\/posts\/70656","targetHints":{"allow":["GET"]}}],"collection":[{"href":"https:\/\/kulturonline.tv\/de\/wp-json\/wp\/v2\/posts"}],"about":[{"href":"https:\/\/kulturonline.tv\/de\/wp-json\/wp\/v2\/types\/post"}],"author":[{"embeddable":true,"href":"https:\/\/kulturonline.tv\/de\/wp-json\/wp\/v2\/users\/2"}],"replies":[{"embeddable":true,"href":"https:\/\/kulturonline.tv\/de\/wp-json\/wp\/v2\/comments?post=70656"}],"version-history":[{"count":0,"href":"https:\/\/kulturonline.tv\/de\/wp-json\/wp\/v2\/posts\/70656\/revisions"}],"wp:featuredmedia":[{"embeddable":true,"href":"https:\/\/kulturonline.tv\/de\/wp-json\/wp\/v2\/media\/70661"}],"wp:attachment":[{"href":"https:\/\/kulturonline.tv\/de\/wp-json\/wp\/v2\/media?parent=70656"}],"wp:term":[{"taxonomy":"category","embeddable":true,"href":"https:\/\/kulturonline.tv\/de\/wp-json\/wp\/v2\/categories?post=70656"},{"taxonomy":"post_tag","embeddable":true,"href":"https:\/\/kulturonline.tv\/de\/wp-json\/wp\/v2\/tags?post=70656"}],"curies":[{"name":"wp","href":"https:\/\/api.w.org\/{rel}","templated":true}]}}