{"id":70722,"date":"2024-02-28T09:50:34","date_gmt":"2024-02-28T08:50:34","guid":{"rendered":"https:\/\/kulturonline.tv\/?p=70722"},"modified":"2024-05-31T00:05:09","modified_gmt":"2024-05-30T22:05:09","slug":"tausende-buecher-werden-wegen-moeglicher-arsenbelastung-ueberprueft","status":"publish","type":"post","link":"https:\/\/kulturonline.tv\/de\/tausende-buecher-werden-wegen-moeglicher-arsenbelastung-ueberprueft\/","title":{"rendered":"Tausende B\u00fccher werden wegen m\u00f6glicher Arsenbelastung \u00fcberpr\u00fcft"},"content":{"rendered":"\n<p>Die Universit\u00e4t Bielefeld hat in einer E-Mail ihre Studierenden \u00fcber arsenbelastete B\u00fccher in der Unibibliothek dar\u00fcber informiert, das  60.000 B\u00fccher vor\u00fcbergehend gesperrt und \u00fcberpr\u00fcft werden m\u00fcssen.<\/p>\n\n\n\n<figure class=\"wp-block-image size-full\"><img fetchpriority=\"high\" decoding=\"async\" width=\"1280\" height=\"720\" src=\"https:\/\/kulturonline.tv\/wp-content\/uploads\/2023\/07\/Buecher-Kultur-Onlne-TV-edited.jpg\" alt=\"\" class=\"wp-image-60092\" srcset=\"https:\/\/kulturonline.tv\/wp-content\/uploads\/2023\/07\/Buecher-Kultur-Onlne-TV-edited.jpg 1280w, https:\/\/kulturonline.tv\/wp-content\/uploads\/2023\/07\/Buecher-Kultur-Onlne-TV-edited-800x450.jpg 800w, https:\/\/kulturonline.tv\/wp-content\/uploads\/2023\/07\/Buecher-Kultur-Onlne-TV-edited-768x432.jpg 768w, https:\/\/kulturonline.tv\/wp-content\/uploads\/2023\/07\/Buecher-Kultur-Onlne-TV-edited-600x338.jpg 600w\" sizes=\"(max-width: 1280px) 100vw, 1280px\" \/><\/figure>\n\n\n\n<p>\u00a9 pixabay<\/p>\n\n\n\n<p>Bei der Herstellung von B\u00fcchern und Zeitschriften im 19. Jahrhundert wurden manchmal Arsenverbindungen verwendet. Die Universit\u00e4t hat nun  beschlossen, alle 60.000 B\u00fccher und Zeitschriften aus dieser Zeit zu sperren, da Arsen giftig und krebserregend ist. Es ist geplant, dass die B\u00fccher  schrittweise aus dem Bestand entfernt werden, eingelagert und sp\u00e4ter \u00fcberpr\u00fcft werden. <br>Es wird angenommen, dass weniger als zehn Prozent der B\u00fccher betroffen sein k\u00f6nnten, so das Rektorat. <\/p>\n\n\n\n<p>Kultur Online TV-FM<\/p>\n\n\n\n<p>#news #b\u00fccher<\/p>\n","protected":false},"excerpt":{"rendered":"<p>Die Universit\u00e4t Bielefeld hat in einer E-Mail ihre Studierenden \u00fcber arsenbelastete B\u00fccher in der Unibibliothek dar\u00fcber informiert, das 60.000 B\u00fccher vor\u00fcbergehend gesperrt und \u00fcberpr\u00fcft werden m\u00fcssen. \u00a9 pixabay Bei der Herstellung von B\u00fcchern und Zeitschriften im 19. Jahrhundert wurden manchmal Arsenverbindungen verwendet. Die Universit\u00e4t hat nun beschlossen, alle 60.000 B\u00fccher und Zeitschriften aus dieser Zeit [&hellip;]<\/p>\n","protected":false},"author":2,"featured_media":60092,"comment_status":"open","ping_status":"closed","sticky":false,"template":"","format":"standard","meta":{"_acf_changed":false,"footnotes":""},"categories":[106],"tags":[],"class_list":["post-70722","post","type-post","status-publish","format-standard","has-post-thumbnail","hentry","category-literatur"],"acf":[],"yoast_head":"<!-- This site is optimized with the Yoast SEO plugin v26.1.1 - https:\/\/yoast.com\/wordpress\/plugins\/seo\/ -->\n<title>Tausende B\u00fccher werden wegen m\u00f6glicher Arsenbelastung \u00fcberpr\u00fcft - Kultur Online TV &amp; FM<\/title>\n<meta name=\"description\" content=\"60.000 B\u00fccher m\u00fcssen vor\u00fcbergehend gesperrt und \u00fcberpr\u00fcft werden.\" \/>\n<meta name=\"robots\" content=\"index, follow, max-snippet:-1, max-image-preview:large, max-video-preview:-1\" \/>\n<link rel=\"canonical\" href=\"https:\/\/kulturonline.tv\/de\/tausende-buecher-werden-wegen-moeglicher-arsenbelastung-ueberprueft\/\" \/>\n<meta property=\"og:locale\" content=\"de_DE\" \/>\n<meta property=\"og:type\" content=\"article\" \/>\n<meta property=\"og:title\" content=\"Tausende B\u00fccher werden wegen m\u00f6glicher Arsenbelastung \u00fcberpr\u00fcft - Kultur Online TV &amp; FM\" \/>\n<meta property=\"og:description\" content=\"60.000 B\u00fccher m\u00fcssen vor\u00fcbergehend gesperrt und \u00fcberpr\u00fcft werden.\" \/>\n<meta property=\"og:url\" content=\"https:\/\/kulturonline.tv\/de\/tausende-buecher-werden-wegen-moeglicher-arsenbelastung-ueberprueft\/\" \/>\n<meta property=\"og:site_name\" content=\"Kultur Online TV &amp; FM\" \/>\n<meta property=\"article:publisher\" content=\"https:\/\/www.facebook.com\/kulturonline.tv\" \/>\n<meta property=\"article:published_time\" content=\"2024-02-28T08:50:34+00:00\" \/>\n<meta property=\"article:modified_time\" content=\"2024-05-30T22:05:09+00:00\" \/>\n<meta property=\"og:image\" content=\"https:\/\/kulturonline.tv\/wp-content\/uploads\/2023\/07\/Buecher-Kultur-Onlne-TV-edited.jpg\" \/>\n\t<meta property=\"og:image:width\" content=\"1280\" \/>\n\t<meta property=\"og:image:height\" content=\"720\" \/>\n\t<meta property=\"og:image:type\" content=\"image\/jpeg\" \/>\n<meta name=\"author\" content=\"guenter.wolfgang\" \/>\n<meta name=\"twitter:card\" content=\"summary_large_image\" \/>\n<meta name=\"twitter:label1\" content=\"Verfasst von\" \/>\n\t<meta name=\"twitter:data1\" content=\"guenter.wolfgang\" \/>\n\t<meta name=\"twitter:label2\" content=\"Gesch\u00e4tzte Lesezeit\" \/>\n\t<meta name=\"twitter:data2\" content=\"1\u00a0Minute\" \/>\n<script type=\"application\/ld+json\" class=\"yoast-schema-graph\">{\"@context\":\"https:\/\/schema.org\",\"@graph\":[{\"@type\":\"Article\",\"@id\":\"https:\/\/kulturonline.tv\/de\/tausende-buecher-werden-wegen-moeglicher-arsenbelastung-ueberprueft\/#article\",\"isPartOf\":{\"@id\":\"https:\/\/kulturonline.tv\/de\/tausende-buecher-werden-wegen-moeglicher-arsenbelastung-ueberprueft\/\"},\"author\":{\"name\":\"guenter.wolfgang\",\"@id\":\"https:\/\/kulturonline.tv\/de\/#\/schema\/person\/b0fac729bb9a0c193fb1df23449df4fe\"},\"headline\":\"Tausende B\u00fccher werden wegen m\u00f6glicher Arsenbelastung \u00fcberpr\u00fcft\",\"datePublished\":\"2024-02-28T08:50:34+00:00\",\"dateModified\":\"2024-05-30T22:05:09+00:00\",\"mainEntityOfPage\":{\"@id\":\"https:\/\/kulturonline.tv\/de\/tausende-buecher-werden-wegen-moeglicher-arsenbelastung-ueberprueft\/\"},\"wordCount\":123,\"commentCount\":2,\"publisher\":{\"@id\":\"https:\/\/kulturonline.tv\/de\/#organization\"},\"image\":{\"@id\":\"https:\/\/kulturonline.tv\/de\/tausende-buecher-werden-wegen-moeglicher-arsenbelastung-ueberprueft\/#primaryimage\"},\"thumbnailUrl\":\"https:\/\/kulturonline.tv\/wp-content\/uploads\/2023\/07\/Buecher-Kultur-Onlne-TV-edited.jpg\",\"articleSection\":[\"Literatur\"],\"inLanguage\":\"de\",\"potentialAction\":[{\"@type\":\"CommentAction\",\"name\":\"Comment\",\"target\":[\"https:\/\/kulturonline.tv\/de\/tausende-buecher-werden-wegen-moeglicher-arsenbelastung-ueberprueft\/#respond\"]}]},{\"@type\":\"WebPage\",\"@id\":\"https:\/\/kulturonline.tv\/de\/tausende-buecher-werden-wegen-moeglicher-arsenbelastung-ueberprueft\/\",\"url\":\"https:\/\/kulturonline.tv\/de\/tausende-buecher-werden-wegen-moeglicher-arsenbelastung-ueberprueft\/\",\"name\":\"Tausende B\u00fccher werden wegen m\u00f6glicher Arsenbelastung \u00fcberpr\u00fcft - Kultur Online TV &amp; FM\",\"isPartOf\":{\"@id\":\"https:\/\/kulturonline.tv\/de\/#website\"},\"primaryImageOfPage\":{\"@id\":\"https:\/\/kulturonline.tv\/de\/tausende-buecher-werden-wegen-moeglicher-arsenbelastung-ueberprueft\/#primaryimage\"},\"image\":{\"@id\":\"https:\/\/kulturonline.tv\/de\/tausende-buecher-werden-wegen-moeglicher-arsenbelastung-ueberprueft\/#primaryimage\"},\"thumbnailUrl\":\"https:\/\/kulturonline.tv\/wp-content\/uploads\/2023\/07\/Buecher-Kultur-Onlne-TV-edited.jpg\",\"datePublished\":\"2024-02-28T08:50:34+00:00\",\"dateModified\":\"2024-05-30T22:05:09+00:00\",\"description\":\"60.000 B\u00fccher m\u00fcssen vor\u00fcbergehend gesperrt und \u00fcberpr\u00fcft werden.\",\"breadcrumb\":{\"@id\":\"https:\/\/kulturonline.tv\/de\/tausende-buecher-werden-wegen-moeglicher-arsenbelastung-ueberprueft\/#breadcrumb\"},\"inLanguage\":\"de\",\"potentialAction\":[{\"@type\":\"ReadAction\",\"target\":[\"https:\/\/kulturonline.tv\/de\/tausende-buecher-werden-wegen-moeglicher-arsenbelastung-ueberprueft\/\"]}]},{\"@type\":\"ImageObject\",\"inLanguage\":\"de\",\"@id\":\"https:\/\/kulturonline.tv\/de\/tausende-buecher-werden-wegen-moeglicher-arsenbelastung-ueberprueft\/#primaryimage\",\"url\":\"https:\/\/kulturonline.tv\/wp-content\/uploads\/2023\/07\/Buecher-Kultur-Onlne-TV-edited.jpg\",\"contentUrl\":\"https:\/\/kulturonline.tv\/wp-content\/uploads\/2023\/07\/Buecher-Kultur-Onlne-TV-edited.jpg\",\"width\":1280,\"height\":720},{\"@type\":\"BreadcrumbList\",\"@id\":\"https:\/\/kulturonline.tv\/de\/tausende-buecher-werden-wegen-moeglicher-arsenbelastung-ueberprueft\/#breadcrumb\",\"itemListElement\":[{\"@type\":\"ListItem\",\"position\":1,\"name\":\"Startseite\",\"item\":\"https:\/\/kulturonline.tv\/de\/\"},{\"@type\":\"ListItem\",\"position\":2,\"name\":\"Tausende B\u00fccher werden wegen m\u00f6glicher Arsenbelastung \u00fcberpr\u00fcft\"}]},{\"@type\":\"WebSite\",\"@id\":\"https:\/\/kulturonline.tv\/de\/#website\",\"url\":\"https:\/\/kulturonline.tv\/de\/\",\"name\":\"Kultur Online TV &amp; FM\",\"description\":\"Wir sind Kultur 2.0 zum sehen &amp; h\u00f6ren\",\"publisher\":{\"@id\":\"https:\/\/kulturonline.tv\/de\/#organization\"},\"potentialAction\":[{\"@type\":\"SearchAction\",\"target\":{\"@type\":\"EntryPoint\",\"urlTemplate\":\"https:\/\/kulturonline.tv\/de\/?s={search_term_string}\"},\"query-input\":{\"@type\":\"PropertyValueSpecification\",\"valueRequired\":true,\"valueName\":\"search_term_string\"}}],\"inLanguage\":\"de\"},{\"@type\":\"Organization\",\"@id\":\"https:\/\/kulturonline.tv\/de\/#organization\",\"name\":\"Kultur Online TV\",\"url\":\"https:\/\/kulturonline.tv\/de\/\",\"logo\":{\"@type\":\"ImageObject\",\"inLanguage\":\"de\",\"@id\":\"https:\/\/kulturonline.tv\/de\/#\/schema\/logo\/image\/\",\"url\":\"https:\/\/kulturonline.tv\/wp-content\/uploads\/2021\/08\/Kultur-Online-Tv-Logo-Endversion-neu.png\",\"contentUrl\":\"https:\/\/kulturonline.tv\/wp-content\/uploads\/2021\/08\/Kultur-Online-Tv-Logo-Endversion-neu.png\",\"width\":200,\"height\":200,\"caption\":\"Kultur Online TV\"},\"image\":{\"@id\":\"https:\/\/kulturonline.tv\/de\/#\/schema\/logo\/image\/\"},\"sameAs\":[\"https:\/\/www.facebook.com\/kulturonline.tv\",\"https:\/\/www.instagram.com\/kulturonline.tv\"]},{\"@type\":\"Person\",\"@id\":\"https:\/\/kulturonline.tv\/de\/#\/schema\/person\/b0fac729bb9a0c193fb1df23449df4fe\",\"name\":\"guenter.wolfgang\"}]}<\/script>\n<!-- \/ Yoast SEO plugin. -->","yoast_head_json":{"title":"Tausende B\u00fccher werden wegen m\u00f6glicher Arsenbelastung \u00fcberpr\u00fcft - Kultur Online TV &amp; FM","description":"60.000 B\u00fccher m\u00fcssen vor\u00fcbergehend gesperrt und \u00fcberpr\u00fcft werden.","robots":{"index":"index","follow":"follow","max-snippet":"max-snippet:-1","max-image-preview":"max-image-preview:large","max-video-preview":"max-video-preview:-1"},"canonical":"https:\/\/kulturonline.tv\/de\/tausende-buecher-werden-wegen-moeglicher-arsenbelastung-ueberprueft\/","og_locale":"de_DE","og_type":"article","og_title":"Tausende B\u00fccher werden wegen m\u00f6glicher Arsenbelastung \u00fcberpr\u00fcft - Kultur Online TV &amp; FM","og_description":"60.000 B\u00fccher m\u00fcssen vor\u00fcbergehend gesperrt und \u00fcberpr\u00fcft werden.","og_url":"https:\/\/kulturonline.tv\/de\/tausende-buecher-werden-wegen-moeglicher-arsenbelastung-ueberprueft\/","og_site_name":"Kultur Online TV &amp; FM","article_publisher":"https:\/\/www.facebook.com\/kulturonline.tv","article_published_time":"2024-02-28T08:50:34+00:00","article_modified_time":"2024-05-30T22:05:09+00:00","og_image":[{"width":1280,"height":720,"url":"https:\/\/kulturonline.tv\/wp-content\/uploads\/2023\/07\/Buecher-Kultur-Onlne-TV-edited.jpg","type":"image\/jpeg"}],"author":"guenter.wolfgang","twitter_card":"summary_large_image","twitter_misc":{"Verfasst von":"guenter.wolfgang","Gesch\u00e4tzte Lesezeit":"1\u00a0Minute"},"schema":{"@context":"https:\/\/schema.org","@graph":[{"@type":"Article","@id":"https:\/\/kulturonline.tv\/de\/tausende-buecher-werden-wegen-moeglicher-arsenbelastung-ueberprueft\/#article","isPartOf":{"@id":"https:\/\/kulturonline.tv\/de\/tausende-buecher-werden-wegen-moeglicher-arsenbelastung-ueberprueft\/"},"author":{"name":"guenter.wolfgang","@id":"https:\/\/kulturonline.tv\/de\/#\/schema\/person\/b0fac729bb9a0c193fb1df23449df4fe"},"headline":"Tausende B\u00fccher werden wegen m\u00f6glicher Arsenbelastung \u00fcberpr\u00fcft","datePublished":"2024-02-28T08:50:34+00:00","dateModified":"2024-05-30T22:05:09+00:00","mainEntityOfPage":{"@id":"https:\/\/kulturonline.tv\/de\/tausende-buecher-werden-wegen-moeglicher-arsenbelastung-ueberprueft\/"},"wordCount":123,"commentCount":2,"publisher":{"@id":"https:\/\/kulturonline.tv\/de\/#organization"},"image":{"@id":"https:\/\/kulturonline.tv\/de\/tausende-buecher-werden-wegen-moeglicher-arsenbelastung-ueberprueft\/#primaryimage"},"thumbnailUrl":"https:\/\/kulturonline.tv\/wp-content\/uploads\/2023\/07\/Buecher-Kultur-Onlne-TV-edited.jpg","articleSection":["Literatur"],"inLanguage":"de","potentialAction":[{"@type":"CommentAction","name":"Comment","target":["https:\/\/kulturonline.tv\/de\/tausende-buecher-werden-wegen-moeglicher-arsenbelastung-ueberprueft\/#respond"]}]},{"@type":"WebPage","@id":"https:\/\/kulturonline.tv\/de\/tausende-buecher-werden-wegen-moeglicher-arsenbelastung-ueberprueft\/","url":"https:\/\/kulturonline.tv\/de\/tausende-buecher-werden-wegen-moeglicher-arsenbelastung-ueberprueft\/","name":"Tausende B\u00fccher werden wegen m\u00f6glicher Arsenbelastung \u00fcberpr\u00fcft - Kultur Online TV &amp; FM","isPartOf":{"@id":"https:\/\/kulturonline.tv\/de\/#website"},"primaryImageOfPage":{"@id":"https:\/\/kulturonline.tv\/de\/tausende-buecher-werden-wegen-moeglicher-arsenbelastung-ueberprueft\/#primaryimage"},"image":{"@id":"https:\/\/kulturonline.tv\/de\/tausende-buecher-werden-wegen-moeglicher-arsenbelastung-ueberprueft\/#primaryimage"},"thumbnailUrl":"https:\/\/kulturonline.tv\/wp-content\/uploads\/2023\/07\/Buecher-Kultur-Onlne-TV-edited.jpg","datePublished":"2024-02-28T08:50:34+00:00","dateModified":"2024-05-30T22:05:09+00:00","description":"60.000 B\u00fccher m\u00fcssen vor\u00fcbergehend gesperrt und \u00fcberpr\u00fcft werden.","breadcrumb":{"@id":"https:\/\/kulturonline.tv\/de\/tausende-buecher-werden-wegen-moeglicher-arsenbelastung-ueberprueft\/#breadcrumb"},"inLanguage":"de","potentialAction":[{"@type":"ReadAction","target":["https:\/\/kulturonline.tv\/de\/tausende-buecher-werden-wegen-moeglicher-arsenbelastung-ueberprueft\/"]}]},{"@type":"ImageObject","inLanguage":"de","@id":"https:\/\/kulturonline.tv\/de\/tausende-buecher-werden-wegen-moeglicher-arsenbelastung-ueberprueft\/#primaryimage","url":"https:\/\/kulturonline.tv\/wp-content\/uploads\/2023\/07\/Buecher-Kultur-Onlne-TV-edited.jpg","contentUrl":"https:\/\/kulturonline.tv\/wp-content\/uploads\/2023\/07\/Buecher-Kultur-Onlne-TV-edited.jpg","width":1280,"height":720},{"@type":"BreadcrumbList","@id":"https:\/\/kulturonline.tv\/de\/tausende-buecher-werden-wegen-moeglicher-arsenbelastung-ueberprueft\/#breadcrumb","itemListElement":[{"@type":"ListItem","position":1,"name":"Startseite","item":"https:\/\/kulturonline.tv\/de\/"},{"@type":"ListItem","position":2,"name":"Tausende B\u00fccher werden wegen m\u00f6glicher Arsenbelastung \u00fcberpr\u00fcft"}]},{"@type":"WebSite","@id":"https:\/\/kulturonline.tv\/de\/#website","url":"https:\/\/kulturonline.tv\/de\/","name":"Kultur Online TV &amp; FM","description":"Wir sind Kultur 2.0 zum sehen &amp; h\u00f6ren","publisher":{"@id":"https:\/\/kulturonline.tv\/de\/#organization"},"potentialAction":[{"@type":"SearchAction","target":{"@type":"EntryPoint","urlTemplate":"https:\/\/kulturonline.tv\/de\/?s={search_term_string}"},"query-input":{"@type":"PropertyValueSpecification","valueRequired":true,"valueName":"search_term_string"}}],"inLanguage":"de"},{"@type":"Organization","@id":"https:\/\/kulturonline.tv\/de\/#organization","name":"Kultur Online TV","url":"https:\/\/kulturonline.tv\/de\/","logo":{"@type":"ImageObject","inLanguage":"de","@id":"https:\/\/kulturonline.tv\/de\/#\/schema\/logo\/image\/","url":"https:\/\/kulturonline.tv\/wp-content\/uploads\/2021\/08\/Kultur-Online-Tv-Logo-Endversion-neu.png","contentUrl":"https:\/\/kulturonline.tv\/wp-content\/uploads\/2021\/08\/Kultur-Online-Tv-Logo-Endversion-neu.png","width":200,"height":200,"caption":"Kultur Online TV"},"image":{"@id":"https:\/\/kulturonline.tv\/de\/#\/schema\/logo\/image\/"},"sameAs":["https:\/\/www.facebook.com\/kulturonline.tv","https:\/\/www.instagram.com\/kulturonline.tv"]},{"@type":"Person","@id":"https:\/\/kulturonline.tv\/de\/#\/schema\/person\/b0fac729bb9a0c193fb1df23449df4fe","name":"guenter.wolfgang"}]}},"_links":{"self":[{"href":"https:\/\/kulturonline.tv\/de\/wp-json\/wp\/v2\/posts\/70722","targetHints":{"allow":["GET"]}}],"collection":[{"href":"https:\/\/kulturonline.tv\/de\/wp-json\/wp\/v2\/posts"}],"about":[{"href":"https:\/\/kulturonline.tv\/de\/wp-json\/wp\/v2\/types\/post"}],"author":[{"embeddable":true,"href":"https:\/\/kulturonline.tv\/de\/wp-json\/wp\/v2\/users\/2"}],"replies":[{"embeddable":true,"href":"https:\/\/kulturonline.tv\/de\/wp-json\/wp\/v2\/comments?post=70722"}],"version-history":[{"count":0,"href":"https:\/\/kulturonline.tv\/de\/wp-json\/wp\/v2\/posts\/70722\/revisions"}],"wp:featuredmedia":[{"embeddable":true,"href":"https:\/\/kulturonline.tv\/de\/wp-json\/wp\/v2\/media\/60092"}],"wp:attachment":[{"href":"https:\/\/kulturonline.tv\/de\/wp-json\/wp\/v2\/media?parent=70722"}],"wp:term":[{"taxonomy":"category","embeddable":true,"href":"https:\/\/kulturonline.tv\/de\/wp-json\/wp\/v2\/categories?post=70722"},{"taxonomy":"post_tag","embeddable":true,"href":"https:\/\/kulturonline.tv\/de\/wp-json\/wp\/v2\/tags?post=70722"}],"curies":[{"name":"wp","href":"https:\/\/api.w.org\/{rel}","templated":true}]}}