{"id":7124,"date":"2021-09-29T15:48:20","date_gmt":"2021-09-29T13:48:20","guid":{"rendered":"https:\/\/kulturonline.tv\/?p=7124"},"modified":"2021-09-29T15:49:15","modified_gmt":"2021-09-29T13:49:15","slug":"peter-lodynski-im-alter-von-84-jahren-gestorben","status":"publish","type":"post","link":"https:\/\/kulturonline.tv\/de\/peter-lodynski-im-alter-von-84-jahren-gestorben\/","title":{"rendered":"Peter Lodynski im Alter von 84 Jahren gestorben"},"content":{"rendered":"\n<p>Der bekannte \u00f6sterreichische Zauberk\u00fcnstler, Autor und Regisseur Peter Lodynski ist im Alter von 60 Jahren verstorben. <\/p>\n\n\n\n<figure class=\"wp-block-image size-full\"><img fetchpriority=\"high\" decoding=\"async\" width=\"1037\" height=\"518\" src=\"https:\/\/kulturonline.tv\/wp-content\/uploads\/2021\/09\/Peter-Lodynski-Kultur-Online-TV.png\" alt=\"\" class=\"wp-image-7126\" srcset=\"https:\/\/kulturonline.tv\/wp-content\/uploads\/2021\/09\/Peter-Lodynski-Kultur-Online-TV.png 1037w, https:\/\/kulturonline.tv\/wp-content\/uploads\/2021\/09\/Peter-Lodynski-Kultur-Online-TV-600x300.png 600w, https:\/\/kulturonline.tv\/wp-content\/uploads\/2021\/09\/Peter-Lodynski-Kultur-Online-TV-800x400.png 800w, https:\/\/kulturonline.tv\/wp-content\/uploads\/2021\/09\/Peter-Lodynski-Kultur-Online-TV-768x384.png 768w\" sizes=\"(max-width: 1037px) 100vw, 1037px\" \/><figcaption>\u00a9APA<\/figcaption><\/figure>\n\n\n\n<p>Peter Lodysnki studierte in Wien Theaterwissenschaften und Kunstgeschichte und absolvierte die Schauspielschule Krauss. Seinen ersten Auftritt hatte er 1960 im Wiener Kabarett Simpmper,in den n den Jahren 1960 und 1961 hatte er seine ersten Auftritte in\u00a0<a href=\"https:\/\/de.wikipedia.org\/wiki\/Gerhard_Bronner\">Gerhard Bronners<\/a>\u00a0Kabarett im Wiener\u00a0<a href=\"https:\/\/de.wikipedia.org\/wiki\/Theater_am_K%C3%A4rntnertor\">Theater am K\u00e4rntnertor<\/a>. Danach gr\u00fcndete er 1963 in der Wiener Himmelpfortgasse mit Grazer Freunden sein eigenes Kabarett,\u00a0<em><a href=\"https:\/\/de.wikipedia.org\/w\/index.php?title=Der_W%C3%BCrfel&amp;action=edit&amp;redlink=1\">Der W\u00fcrfel<\/a><\/em>, und brachte innovativ konzipierte, satirische Programme mit Einstreuungen magischer Komponenten und anspruchsvoll f\u00fcr das Auge des Betrachters aufbereitet. Er war auch als Film- und Fernsehjournalist f\u00fcr die Tageszeitung Neues \u00d6sterreich t\u00e4tig.<\/p>\n\n\n\n<p>Kultur Online TV<\/p>\n\n\n\n<p>#kultur #schauspiel #theater #kabarett<\/p>\n","protected":false},"excerpt":{"rendered":"<p>Der bekannte \u00f6sterreichische Zauberk\u00fcnstler, Autor und Regisseur Peter Lodynski ist im Alter von 60 Jahren verstorben. Peter Lodysnki studierte in Wien Theaterwissenschaften und Kunstgeschichte und absolvierte die Schauspielschule Krauss. Seinen ersten Auftritt hatte er 1960 im Wiener Kabarett Simpmper,in den n den Jahren 1960 und 1961 hatte er seine ersten Auftritte in\u00a0Gerhard Bronners\u00a0Kabarett im Wiener\u00a0Theater [&hellip;]<\/p>\n","protected":false},"author":2,"featured_media":7126,"comment_status":"closed","ping_status":"closed","sticky":false,"template":"","format":"standard","meta":{"_acf_changed":false,"footnotes":""},"categories":[105],"tags":[],"class_list":["post-7124","post","type-post","status-publish","format-standard","has-post-thumbnail","hentry","category-theater"],"acf":[],"yoast_head":"<!-- This site is optimized with the Yoast SEO plugin v26.1.1 - https:\/\/yoast.com\/wordpress\/plugins\/seo\/ -->\n<title>Peter Lodynski im Alter von 84 Jahren gestorben - Kultur Online TV &amp; FM<\/title>\n<meta name=\"description\" content=\"Kultur sehen und H\u00f6ren\" \/>\n<meta name=\"robots\" content=\"index, follow, max-snippet:-1, max-image-preview:large, max-video-preview:-1\" \/>\n<link rel=\"canonical\" href=\"https:\/\/kulturonline.tv\/de\/peter-lodynski-im-alter-von-84-jahren-gestorben\/\" \/>\n<meta property=\"og:locale\" content=\"de_DE\" \/>\n<meta property=\"og:type\" content=\"article\" \/>\n<meta property=\"og:title\" content=\"Peter Lodynski im Alter von 84 Jahren gestorben - Kultur Online TV &amp; FM\" \/>\n<meta property=\"og:description\" content=\"Kultur sehen und H\u00f6ren\" \/>\n<meta property=\"og:url\" content=\"https:\/\/kulturonline.tv\/de\/peter-lodynski-im-alter-von-84-jahren-gestorben\/\" \/>\n<meta property=\"og:site_name\" content=\"Kultur Online TV &amp; FM\" \/>\n<meta property=\"article:publisher\" content=\"https:\/\/www.facebook.com\/kulturonline.tv\" \/>\n<meta property=\"article:published_time\" content=\"2021-09-29T13:48:20+00:00\" \/>\n<meta property=\"article:modified_time\" content=\"2021-09-29T13:49:15+00:00\" \/>\n<meta property=\"og:image\" content=\"https:\/\/kulturonline.tv\/wp-content\/uploads\/2021\/09\/Peter-Lodynski-Kultur-Online-TV.png\" \/>\n\t<meta property=\"og:image:width\" content=\"1037\" \/>\n\t<meta property=\"og:image:height\" content=\"518\" \/>\n\t<meta property=\"og:image:type\" content=\"image\/png\" \/>\n<meta name=\"author\" content=\"guenter.wolfgang\" \/>\n<meta name=\"twitter:card\" content=\"summary_large_image\" \/>\n<meta name=\"twitter:label1\" content=\"Verfasst von\" \/>\n\t<meta name=\"twitter:data1\" content=\"guenter.wolfgang\" \/>\n\t<meta name=\"twitter:label2\" content=\"Gesch\u00e4tzte Lesezeit\" \/>\n\t<meta name=\"twitter:data2\" content=\"1\u00a0Minute\" \/>\n<script type=\"application\/ld+json\" class=\"yoast-schema-graph\">{\"@context\":\"https:\/\/schema.org\",\"@graph\":[{\"@type\":\"Article\",\"@id\":\"https:\/\/kulturonline.tv\/de\/peter-lodynski-im-alter-von-84-jahren-gestorben\/#article\",\"isPartOf\":{\"@id\":\"https:\/\/kulturonline.tv\/de\/peter-lodynski-im-alter-von-84-jahren-gestorben\/\"},\"author\":{\"name\":\"guenter.wolfgang\",\"@id\":\"https:\/\/kulturonline.tv\/de\/#\/schema\/person\/b0fac729bb9a0c193fb1df23449df4fe\"},\"headline\":\"Peter Lodynski im Alter von 84 Jahren gestorben\",\"datePublished\":\"2021-09-29T13:48:20+00:00\",\"dateModified\":\"2021-09-29T13:49:15+00:00\",\"mainEntityOfPage\":{\"@id\":\"https:\/\/kulturonline.tv\/de\/peter-lodynski-im-alter-von-84-jahren-gestorben\/\"},\"wordCount\":125,\"publisher\":{\"@id\":\"https:\/\/kulturonline.tv\/de\/#organization\"},\"image\":{\"@id\":\"https:\/\/kulturonline.tv\/de\/peter-lodynski-im-alter-von-84-jahren-gestorben\/#primaryimage\"},\"thumbnailUrl\":\"https:\/\/kulturonline.tv\/wp-content\/uploads\/2021\/09\/Peter-Lodynski-Kultur-Online-TV.png\",\"articleSection\":[\"Theater\"],\"inLanguage\":\"de\"},{\"@type\":\"WebPage\",\"@id\":\"https:\/\/kulturonline.tv\/de\/peter-lodynski-im-alter-von-84-jahren-gestorben\/\",\"url\":\"https:\/\/kulturonline.tv\/de\/peter-lodynski-im-alter-von-84-jahren-gestorben\/\",\"name\":\"Peter Lodynski im Alter von 84 Jahren gestorben - Kultur Online TV &amp; FM\",\"isPartOf\":{\"@id\":\"https:\/\/kulturonline.tv\/de\/#website\"},\"primaryImageOfPage\":{\"@id\":\"https:\/\/kulturonline.tv\/de\/peter-lodynski-im-alter-von-84-jahren-gestorben\/#primaryimage\"},\"image\":{\"@id\":\"https:\/\/kulturonline.tv\/de\/peter-lodynski-im-alter-von-84-jahren-gestorben\/#primaryimage\"},\"thumbnailUrl\":\"https:\/\/kulturonline.tv\/wp-content\/uploads\/2021\/09\/Peter-Lodynski-Kultur-Online-TV.png\",\"datePublished\":\"2021-09-29T13:48:20+00:00\",\"dateModified\":\"2021-09-29T13:49:15+00:00\",\"description\":\"Kultur sehen und H\u00f6ren\",\"breadcrumb\":{\"@id\":\"https:\/\/kulturonline.tv\/de\/peter-lodynski-im-alter-von-84-jahren-gestorben\/#breadcrumb\"},\"inLanguage\":\"de\",\"potentialAction\":[{\"@type\":\"ReadAction\",\"target\":[\"https:\/\/kulturonline.tv\/de\/peter-lodynski-im-alter-von-84-jahren-gestorben\/\"]}]},{\"@type\":\"ImageObject\",\"inLanguage\":\"de\",\"@id\":\"https:\/\/kulturonline.tv\/de\/peter-lodynski-im-alter-von-84-jahren-gestorben\/#primaryimage\",\"url\":\"https:\/\/kulturonline.tv\/wp-content\/uploads\/2021\/09\/Peter-Lodynski-Kultur-Online-TV.png\",\"contentUrl\":\"https:\/\/kulturonline.tv\/wp-content\/uploads\/2021\/09\/Peter-Lodynski-Kultur-Online-TV.png\",\"width\":1037,\"height\":518},{\"@type\":\"BreadcrumbList\",\"@id\":\"https:\/\/kulturonline.tv\/de\/peter-lodynski-im-alter-von-84-jahren-gestorben\/#breadcrumb\",\"itemListElement\":[{\"@type\":\"ListItem\",\"position\":1,\"name\":\"Startseite\",\"item\":\"https:\/\/kulturonline.tv\/de\/\"},{\"@type\":\"ListItem\",\"position\":2,\"name\":\"Peter Lodynski im Alter von 84 Jahren gestorben\"}]},{\"@type\":\"WebSite\",\"@id\":\"https:\/\/kulturonline.tv\/de\/#website\",\"url\":\"https:\/\/kulturonline.tv\/de\/\",\"name\":\"Kultur Online TV &amp; FM\",\"description\":\"Wir sind Kultur 2.0 zum sehen &amp; h\u00f6ren\",\"publisher\":{\"@id\":\"https:\/\/kulturonline.tv\/de\/#organization\"},\"potentialAction\":[{\"@type\":\"SearchAction\",\"target\":{\"@type\":\"EntryPoint\",\"urlTemplate\":\"https:\/\/kulturonline.tv\/de\/?s={search_term_string}\"},\"query-input\":{\"@type\":\"PropertyValueSpecification\",\"valueRequired\":true,\"valueName\":\"search_term_string\"}}],\"inLanguage\":\"de\"},{\"@type\":\"Organization\",\"@id\":\"https:\/\/kulturonline.tv\/de\/#organization\",\"name\":\"Kultur Online TV\",\"url\":\"https:\/\/kulturonline.tv\/de\/\",\"logo\":{\"@type\":\"ImageObject\",\"inLanguage\":\"de\",\"@id\":\"https:\/\/kulturonline.tv\/de\/#\/schema\/logo\/image\/\",\"url\":\"https:\/\/kulturonline.tv\/wp-content\/uploads\/2021\/08\/Kultur-Online-Tv-Logo-Endversion-neu.png\",\"contentUrl\":\"https:\/\/kulturonline.tv\/wp-content\/uploads\/2021\/08\/Kultur-Online-Tv-Logo-Endversion-neu.png\",\"width\":200,\"height\":200,\"caption\":\"Kultur Online TV\"},\"image\":{\"@id\":\"https:\/\/kulturonline.tv\/de\/#\/schema\/logo\/image\/\"},\"sameAs\":[\"https:\/\/www.facebook.com\/kulturonline.tv\",\"https:\/\/www.instagram.com\/kulturonline.tv\"]},{\"@type\":\"Person\",\"@id\":\"https:\/\/kulturonline.tv\/de\/#\/schema\/person\/b0fac729bb9a0c193fb1df23449df4fe\",\"name\":\"guenter.wolfgang\"}]}<\/script>\n<!-- \/ Yoast SEO plugin. -->","yoast_head_json":{"title":"Peter Lodynski im Alter von 84 Jahren gestorben - Kultur Online TV &amp; FM","description":"Kultur sehen und H\u00f6ren","robots":{"index":"index","follow":"follow","max-snippet":"max-snippet:-1","max-image-preview":"max-image-preview:large","max-video-preview":"max-video-preview:-1"},"canonical":"https:\/\/kulturonline.tv\/de\/peter-lodynski-im-alter-von-84-jahren-gestorben\/","og_locale":"de_DE","og_type":"article","og_title":"Peter Lodynski im Alter von 84 Jahren gestorben - Kultur Online TV &amp; FM","og_description":"Kultur sehen und H\u00f6ren","og_url":"https:\/\/kulturonline.tv\/de\/peter-lodynski-im-alter-von-84-jahren-gestorben\/","og_site_name":"Kultur Online TV &amp; FM","article_publisher":"https:\/\/www.facebook.com\/kulturonline.tv","article_published_time":"2021-09-29T13:48:20+00:00","article_modified_time":"2021-09-29T13:49:15+00:00","og_image":[{"width":1037,"height":518,"url":"https:\/\/kulturonline.tv\/wp-content\/uploads\/2021\/09\/Peter-Lodynski-Kultur-Online-TV.png","type":"image\/png"}],"author":"guenter.wolfgang","twitter_card":"summary_large_image","twitter_misc":{"Verfasst von":"guenter.wolfgang","Gesch\u00e4tzte Lesezeit":"1\u00a0Minute"},"schema":{"@context":"https:\/\/schema.org","@graph":[{"@type":"Article","@id":"https:\/\/kulturonline.tv\/de\/peter-lodynski-im-alter-von-84-jahren-gestorben\/#article","isPartOf":{"@id":"https:\/\/kulturonline.tv\/de\/peter-lodynski-im-alter-von-84-jahren-gestorben\/"},"author":{"name":"guenter.wolfgang","@id":"https:\/\/kulturonline.tv\/de\/#\/schema\/person\/b0fac729bb9a0c193fb1df23449df4fe"},"headline":"Peter Lodynski im Alter von 84 Jahren gestorben","datePublished":"2021-09-29T13:48:20+00:00","dateModified":"2021-09-29T13:49:15+00:00","mainEntityOfPage":{"@id":"https:\/\/kulturonline.tv\/de\/peter-lodynski-im-alter-von-84-jahren-gestorben\/"},"wordCount":125,"publisher":{"@id":"https:\/\/kulturonline.tv\/de\/#organization"},"image":{"@id":"https:\/\/kulturonline.tv\/de\/peter-lodynski-im-alter-von-84-jahren-gestorben\/#primaryimage"},"thumbnailUrl":"https:\/\/kulturonline.tv\/wp-content\/uploads\/2021\/09\/Peter-Lodynski-Kultur-Online-TV.png","articleSection":["Theater"],"inLanguage":"de"},{"@type":"WebPage","@id":"https:\/\/kulturonline.tv\/de\/peter-lodynski-im-alter-von-84-jahren-gestorben\/","url":"https:\/\/kulturonline.tv\/de\/peter-lodynski-im-alter-von-84-jahren-gestorben\/","name":"Peter Lodynski im Alter von 84 Jahren gestorben - Kultur Online TV &amp; FM","isPartOf":{"@id":"https:\/\/kulturonline.tv\/de\/#website"},"primaryImageOfPage":{"@id":"https:\/\/kulturonline.tv\/de\/peter-lodynski-im-alter-von-84-jahren-gestorben\/#primaryimage"},"image":{"@id":"https:\/\/kulturonline.tv\/de\/peter-lodynski-im-alter-von-84-jahren-gestorben\/#primaryimage"},"thumbnailUrl":"https:\/\/kulturonline.tv\/wp-content\/uploads\/2021\/09\/Peter-Lodynski-Kultur-Online-TV.png","datePublished":"2021-09-29T13:48:20+00:00","dateModified":"2021-09-29T13:49:15+00:00","description":"Kultur sehen und H\u00f6ren","breadcrumb":{"@id":"https:\/\/kulturonline.tv\/de\/peter-lodynski-im-alter-von-84-jahren-gestorben\/#breadcrumb"},"inLanguage":"de","potentialAction":[{"@type":"ReadAction","target":["https:\/\/kulturonline.tv\/de\/peter-lodynski-im-alter-von-84-jahren-gestorben\/"]}]},{"@type":"ImageObject","inLanguage":"de","@id":"https:\/\/kulturonline.tv\/de\/peter-lodynski-im-alter-von-84-jahren-gestorben\/#primaryimage","url":"https:\/\/kulturonline.tv\/wp-content\/uploads\/2021\/09\/Peter-Lodynski-Kultur-Online-TV.png","contentUrl":"https:\/\/kulturonline.tv\/wp-content\/uploads\/2021\/09\/Peter-Lodynski-Kultur-Online-TV.png","width":1037,"height":518},{"@type":"BreadcrumbList","@id":"https:\/\/kulturonline.tv\/de\/peter-lodynski-im-alter-von-84-jahren-gestorben\/#breadcrumb","itemListElement":[{"@type":"ListItem","position":1,"name":"Startseite","item":"https:\/\/kulturonline.tv\/de\/"},{"@type":"ListItem","position":2,"name":"Peter Lodynski im Alter von 84 Jahren gestorben"}]},{"@type":"WebSite","@id":"https:\/\/kulturonline.tv\/de\/#website","url":"https:\/\/kulturonline.tv\/de\/","name":"Kultur Online TV &amp; FM","description":"Wir sind Kultur 2.0 zum sehen &amp; h\u00f6ren","publisher":{"@id":"https:\/\/kulturonline.tv\/de\/#organization"},"potentialAction":[{"@type":"SearchAction","target":{"@type":"EntryPoint","urlTemplate":"https:\/\/kulturonline.tv\/de\/?s={search_term_string}"},"query-input":{"@type":"PropertyValueSpecification","valueRequired":true,"valueName":"search_term_string"}}],"inLanguage":"de"},{"@type":"Organization","@id":"https:\/\/kulturonline.tv\/de\/#organization","name":"Kultur Online TV","url":"https:\/\/kulturonline.tv\/de\/","logo":{"@type":"ImageObject","inLanguage":"de","@id":"https:\/\/kulturonline.tv\/de\/#\/schema\/logo\/image\/","url":"https:\/\/kulturonline.tv\/wp-content\/uploads\/2021\/08\/Kultur-Online-Tv-Logo-Endversion-neu.png","contentUrl":"https:\/\/kulturonline.tv\/wp-content\/uploads\/2021\/08\/Kultur-Online-Tv-Logo-Endversion-neu.png","width":200,"height":200,"caption":"Kultur Online TV"},"image":{"@id":"https:\/\/kulturonline.tv\/de\/#\/schema\/logo\/image\/"},"sameAs":["https:\/\/www.facebook.com\/kulturonline.tv","https:\/\/www.instagram.com\/kulturonline.tv"]},{"@type":"Person","@id":"https:\/\/kulturonline.tv\/de\/#\/schema\/person\/b0fac729bb9a0c193fb1df23449df4fe","name":"guenter.wolfgang"}]}},"_links":{"self":[{"href":"https:\/\/kulturonline.tv\/de\/wp-json\/wp\/v2\/posts\/7124","targetHints":{"allow":["GET"]}}],"collection":[{"href":"https:\/\/kulturonline.tv\/de\/wp-json\/wp\/v2\/posts"}],"about":[{"href":"https:\/\/kulturonline.tv\/de\/wp-json\/wp\/v2\/types\/post"}],"author":[{"embeddable":true,"href":"https:\/\/kulturonline.tv\/de\/wp-json\/wp\/v2\/users\/2"}],"replies":[{"embeddable":true,"href":"https:\/\/kulturonline.tv\/de\/wp-json\/wp\/v2\/comments?post=7124"}],"version-history":[{"count":0,"href":"https:\/\/kulturonline.tv\/de\/wp-json\/wp\/v2\/posts\/7124\/revisions"}],"wp:featuredmedia":[{"embeddable":true,"href":"https:\/\/kulturonline.tv\/de\/wp-json\/wp\/v2\/media\/7126"}],"wp:attachment":[{"href":"https:\/\/kulturonline.tv\/de\/wp-json\/wp\/v2\/media?parent=7124"}],"wp:term":[{"taxonomy":"category","embeddable":true,"href":"https:\/\/kulturonline.tv\/de\/wp-json\/wp\/v2\/categories?post=7124"},{"taxonomy":"post_tag","embeddable":true,"href":"https:\/\/kulturonline.tv\/de\/wp-json\/wp\/v2\/tags?post=7124"}],"curies":[{"name":"wp","href":"https:\/\/api.w.org\/{rel}","templated":true}]}}