{"id":71934,"date":"2024-04-01T22:21:39","date_gmt":"2024-04-01T20:21:39","guid":{"rendered":"https:\/\/kulturonline.tv\/?p=71934"},"modified":"2024-04-05T16:24:59","modified_gmt":"2024-04-05T14:24:59","slug":"video-ausstellung-schoen-wie-seine-bilder-attersee","status":"publish","type":"post","link":"https:\/\/kulturonline.tv\/de\/video-ausstellung-schoen-wie-seine-bilder-attersee\/","title":{"rendered":"VIDEO . Ausstellung-Sch\u00f6n wie seine Bilder Attersee"},"content":{"rendered":"\n<p>Die Galerie Gmurzynska zeigt eine gesamtwerk\u00fcbergreifende Retrospektive des legend\u00e4ren \u00f6sterreichischen K\u00fcnstlers\u00a0Christian\u00a0Ludwig\u00a0Attersee\u00a0in ihren beiden Z\u00fcrcher Ausstellungsr\u00e4umen.<\/p>\n\n\n\n<figure class=\"wp-block-embed is-type-video is-provider-youtube wp-block-embed-youtube wp-embed-aspect-16-9 wp-has-aspect-ratio\"><div class=\"wp-block-embed__wrapper\">\n<iframe title=\"Im Gespr\u00e4ch mit Christian Ludwig Attersee\" width=\"800\" height=\"450\" src=\"https:\/\/www.youtube.com\/embed\/u3VLdk9Ie6M?feature=oembed\" frameborder=\"0\" allow=\"accelerometer; autoplay; clipboard-write; encrypted-media; gyroscope; picture-in-picture; web-share\" referrerpolicy=\"strict-origin-when-cross-origin\" allowfullscreen><\/iframe>\n<\/div><\/figure>\n\n\n\n<p>Die Ausstellung vereint Gem\u00e4lde und Skulpturen der 1960er bis hin zu seinen neuesten, genre\u00fcbergreifenden Gem\u00e4lden von heute. Attersees unabh\u00e4ngige und gleichzeitig bahnbrechende, kreative Einstellung hat sich \u00fcber die Formen des Wiener Aktionismus, Fluxus, internationalem Pop und Dada erhalten und sie mit virtuoser Technik und humoristischen Neuerungen fantasievoll unterwandert. Seine Kunst hat immer ein besonderes Auge auf Motive des Konsums, der Liebe, der m\u00e4nnlichen Sch\u00f6nheit und des Essens.<\/p>\n\n\n\n<figure class=\"wp-block-image size-large\"><img fetchpriority=\"high\" decoding=\"async\" width=\"1600\" height=\"1059\" src=\"https:\/\/kulturonline.tv\/wp-content\/uploads\/2024\/04\/Galerie-Gmurzynska_Attersee_Installation_Zeus-ankert_Junge-Sonne_Gruenstueck_Farbenfresser-1600x1059.jpg\" alt=\"\" class=\"wp-image-71935\" srcset=\"https:\/\/kulturonline.tv\/wp-content\/uploads\/2024\/04\/Galerie-Gmurzynska_Attersee_Installation_Zeus-ankert_Junge-Sonne_Gruenstueck_Farbenfresser-1600x1059.jpg 1600w, https:\/\/kulturonline.tv\/wp-content\/uploads\/2024\/04\/Galerie-Gmurzynska_Attersee_Installation_Zeus-ankert_Junge-Sonne_Gruenstueck_Farbenfresser-800x529.jpg 800w, https:\/\/kulturonline.tv\/wp-content\/uploads\/2024\/04\/Galerie-Gmurzynska_Attersee_Installation_Zeus-ankert_Junge-Sonne_Gruenstueck_Farbenfresser-768x508.jpg 768w, https:\/\/kulturonline.tv\/wp-content\/uploads\/2024\/04\/Galerie-Gmurzynska_Attersee_Installation_Zeus-ankert_Junge-Sonne_Gruenstueck_Farbenfresser-1536x1016.jpg 1536w, https:\/\/kulturonline.tv\/wp-content\/uploads\/2024\/04\/Galerie-Gmurzynska_Attersee_Installation_Zeus-ankert_Junge-Sonne_Gruenstueck_Farbenfresser-2048x1355.jpg 2048w, https:\/\/kulturonline.tv\/wp-content\/uploads\/2024\/04\/Galerie-Gmurzynska_Attersee_Installation_Zeus-ankert_Junge-Sonne_Gruenstueck_Farbenfresser-600x397.jpg 600w\" sizes=\"(max-width: 1600px) 100vw, 1600px\" \/><\/figure>\n\n\n\n<p>Attersees Werke sind gro\u00dfz\u00fcgige, aufregende, bereichernde Geschichten f\u00fcr den Betrachter. Voller entwaffnender Erotik und subversivem Humor verwandeln und vermischen sie alles in verdrehte, verf\u00fchrerische Erz\u00e4hlungen \u00fcber h\u00f6chst sinnliche Ereignisse. Der K\u00fcnstler fesselt, unterh\u00e4lt und umgibt den Betrachter mit Werken, die vor kr\u00e4ftigen Farben und gewagten Motiven strotzen. Ein&nbsp;Attersee-Gem\u00e4lde ist immer ein Fest, ein Happening, ein \u00dcberkochen mit einer neuen Bildsprache, einer erfindungsreichen Symbolik des Lebens, der Liebe und der Natur. Seine Bilder sollen gesehen, gerochen, geschmeckt und geliebt werden.<\/p>\n\n\n\n<figure class=\"wp-block-image size-large\"><img decoding=\"async\" width=\"1600\" height=\"887\" src=\"https:\/\/kulturonline.tv\/wp-content\/uploads\/2024\/04\/Galerie-Gmurzynska_Attersee_Installation-1600x887.jpg\" alt=\"\" class=\"wp-image-71937\" srcset=\"https:\/\/kulturonline.tv\/wp-content\/uploads\/2024\/04\/Galerie-Gmurzynska_Attersee_Installation-1600x887.jpg 1600w, https:\/\/kulturonline.tv\/wp-content\/uploads\/2024\/04\/Galerie-Gmurzynska_Attersee_Installation-800x443.jpg 800w, https:\/\/kulturonline.tv\/wp-content\/uploads\/2024\/04\/Galerie-Gmurzynska_Attersee_Installation-768x426.jpg 768w, https:\/\/kulturonline.tv\/wp-content\/uploads\/2024\/04\/Galerie-Gmurzynska_Attersee_Installation-1536x851.jpg 1536w, https:\/\/kulturonline.tv\/wp-content\/uploads\/2024\/04\/Galerie-Gmurzynska_Attersee_Installation-2048x1135.jpg 2048w, https:\/\/kulturonline.tv\/wp-content\/uploads\/2024\/04\/Galerie-Gmurzynska_Attersee_Installation-600x333.jpg 600w\" sizes=\"(max-width: 1600px) 100vw, 1600px\" \/><\/figure>\n\n\n\n<p>Christian&nbsp;Ludwig&nbsp;Attersee&nbsp;wurde 1940 in Bratislava\/Slowakei geboren und kam 1944 nach \u00d6sterreich; heute lebt er in Wien und am Semmering, in Nieder\u00f6sterreich. Seine Jugend verbrachte&nbsp;Attersee&nbsp;in Aschach bei Linz und am ober\u00f6sterreichischen&nbsp;Attersee; er war einer der gro\u00dfen Segelsportler \u00d6sterreichs &#8211; daher auch sein Pseudonym&nbsp;Attersee.&nbsp;Attersee&nbsp;machte sich nicht nur als K\u00fcnstler in der bildenden Kunst einen Namen, sondern auch als Musiker, Schriftsteller, Objektk\u00fcnstler, Designer, B\u00fchnenbildner und Filmemacher. Der K\u00fcnstler gilt in erster Linie als einer der f\u00fchrenden Vertreter der gegenst\u00e4ndlichen Malerei in Europa der letzten 50 Jahre, als Einzelk\u00e4mpfer in fast allen Bereichen der bildenden Kunst, als Gegenpol zum Wiener Aktionismus und als Begr\u00fcnder der &#8222;Neuen \u00d6sterreichischen Malerei&#8220;.<\/p>\n\n\n\n<p>Seine Werke wurden bereits Mitte der Sechzigerjahre erstmals ausgestellt.&nbsp;Attersee&nbsp;arbeitete mit K\u00fcnstlerkollegen wie u. a. G\u00fcnter Brus, Gotthard Graubner, J\u00f6rg Immendorff, Markus L\u00fcpertz, Hermann Nitsch, Walter Pichler, Dieter Roth, Gerhard R\u00fchm, Oswald Wiener zusammen und war mit ihnen befreundet. Seit Attersees ersten gegenst\u00e4ndlichen Erfindungen (1964-66) im Bereich der Erotik und des Alltagslebens wird er als eigenst\u00e4ndiger Einfluss in der europ\u00e4ischen Pop Art gewertet.&nbsp;<\/p>\n\n\n\n<p>Kultur Online TV-FM<\/p>\n\n\n\n<p>#kunst #ausstellungen <\/p>\n","protected":false},"excerpt":{"rendered":"<p>Die Galerie Gmurzynska zeigt eine gesamtwerk\u00fcbergreifende Retrospektive des legend\u00e4ren \u00f6sterreichischen K\u00fcnstlers\u00a0Christian\u00a0Ludwig\u00a0Attersee\u00a0in ihren beiden Z\u00fcrcher Ausstellungsr\u00e4umen. Die Ausstellung vereint Gem\u00e4lde und Skulpturen der 1960er bis hin zu seinen neuesten, genre\u00fcbergreifenden Gem\u00e4lden von heute. Attersees unabh\u00e4ngige und gleichzeitig bahnbrechende, kreative Einstellung hat sich \u00fcber die Formen des Wiener Aktionismus, Fluxus, internationalem Pop und Dada erhalten und sie [&hellip;]<\/p>\n","protected":false},"author":2,"featured_media":71939,"comment_status":"open","ping_status":"closed","sticky":false,"template":"","format":"standard","meta":{"_acf_changed":false,"footnotes":""},"categories":[107,3],"tags":[],"class_list":["post-71934","post","type-post","status-publish","format-standard","has-post-thumbnail","hentry","category-kunst","category-newsflash"],"acf":[],"yoast_head":"<!-- This site is optimized with the Yoast SEO plugin v26.1.1 - https:\/\/yoast.com\/wordpress\/plugins\/seo\/ -->\n<title>VIDEO . Ausstellung-Sch\u00f6n wie seine Bilder Attersee - Kultur Online TV &amp; FM<\/title>\n<meta name=\"description\" content=\"Die Galerie Gmurzynska zeigt eine gesamtwerk\u00fcbergreifende Retrospektive des legend\u00e4ren \u00f6sterreichischen K\u00fcnstlers\u00a0Christian\u00a0Ludwig\u00a0Attersee.\" \/>\n<meta name=\"robots\" content=\"index, follow, max-snippet:-1, max-image-preview:large, max-video-preview:-1\" \/>\n<link rel=\"canonical\" href=\"https:\/\/kulturonline.tv\/de\/video-ausstellung-schoen-wie-seine-bilder-attersee\/\" \/>\n<meta property=\"og:locale\" content=\"de_DE\" \/>\n<meta property=\"og:type\" content=\"article\" \/>\n<meta property=\"og:title\" content=\"VIDEO . Ausstellung-Sch\u00f6n wie seine Bilder Attersee - Kultur Online TV &amp; FM\" \/>\n<meta property=\"og:description\" content=\"Die Galerie Gmurzynska zeigt eine gesamtwerk\u00fcbergreifende Retrospektive des legend\u00e4ren \u00f6sterreichischen K\u00fcnstlers\u00a0Christian\u00a0Ludwig\u00a0Attersee.\" \/>\n<meta property=\"og:url\" content=\"https:\/\/kulturonline.tv\/de\/video-ausstellung-schoen-wie-seine-bilder-attersee\/\" \/>\n<meta property=\"og:site_name\" content=\"Kultur Online TV &amp; FM\" \/>\n<meta property=\"article:publisher\" content=\"https:\/\/www.facebook.com\/kulturonline.tv\" \/>\n<meta property=\"article:published_time\" content=\"2024-04-01T20:21:39+00:00\" \/>\n<meta property=\"article:modified_time\" content=\"2024-04-05T14:24:59+00:00\" \/>\n<meta property=\"og:image\" content=\"https:\/\/kulturonline.tv\/wp-content\/uploads\/2024\/04\/Galerie-Gmurzynska_Attersee_Installation_Zeus-ankert_Junge-Sonne_Gruenstueck_Farbenfresser-1-scaled.jpg\" \/>\n\t<meta property=\"og:image:width\" content=\"2560\" \/>\n\t<meta property=\"og:image:height\" content=\"1694\" \/>\n\t<meta property=\"og:image:type\" content=\"image\/jpeg\" \/>\n<meta name=\"author\" content=\"guenter.wolfgang\" \/>\n<meta name=\"twitter:card\" content=\"summary_large_image\" \/>\n<meta name=\"twitter:label1\" content=\"Verfasst von\" \/>\n\t<meta name=\"twitter:data1\" content=\"guenter.wolfgang\" \/>\n\t<meta name=\"twitter:label2\" content=\"Gesch\u00e4tzte Lesezeit\" \/>\n\t<meta name=\"twitter:data2\" content=\"2\u00a0Minuten\" \/>\n<script type=\"application\/ld+json\" class=\"yoast-schema-graph\">{\"@context\":\"https:\/\/schema.org\",\"@graph\":[{\"@type\":\"Article\",\"@id\":\"https:\/\/kulturonline.tv\/de\/video-ausstellung-schoen-wie-seine-bilder-attersee\/#article\",\"isPartOf\":{\"@id\":\"https:\/\/kulturonline.tv\/de\/video-ausstellung-schoen-wie-seine-bilder-attersee\/\"},\"author\":{\"name\":\"guenter.wolfgang\",\"@id\":\"https:\/\/kulturonline.tv\/de\/#\/schema\/person\/b0fac729bb9a0c193fb1df23449df4fe\"},\"headline\":\"VIDEO . Ausstellung-Sch\u00f6n wie seine Bilder Attersee\",\"datePublished\":\"2024-04-01T20:21:39+00:00\",\"dateModified\":\"2024-04-05T14:24:59+00:00\",\"mainEntityOfPage\":{\"@id\":\"https:\/\/kulturonline.tv\/de\/video-ausstellung-schoen-wie-seine-bilder-attersee\/\"},\"wordCount\":415,\"commentCount\":2,\"publisher\":{\"@id\":\"https:\/\/kulturonline.tv\/de\/#organization\"},\"image\":{\"@id\":\"https:\/\/kulturonline.tv\/de\/video-ausstellung-schoen-wie-seine-bilder-attersee\/#primaryimage\"},\"thumbnailUrl\":\"https:\/\/kulturonline.tv\/wp-content\/uploads\/2024\/04\/Galerie-Gmurzynska_Attersee_Installation_Zeus-ankert_Junge-Sonne_Gruenstueck_Farbenfresser-1-scaled.jpg\",\"articleSection\":[\"Kunst\",\"Newsflash\"],\"inLanguage\":\"de\",\"potentialAction\":[{\"@type\":\"CommentAction\",\"name\":\"Comment\",\"target\":[\"https:\/\/kulturonline.tv\/de\/video-ausstellung-schoen-wie-seine-bilder-attersee\/#respond\"]}]},{\"@type\":\"WebPage\",\"@id\":\"https:\/\/kulturonline.tv\/de\/video-ausstellung-schoen-wie-seine-bilder-attersee\/\",\"url\":\"https:\/\/kulturonline.tv\/de\/video-ausstellung-schoen-wie-seine-bilder-attersee\/\",\"name\":\"VIDEO . Ausstellung-Sch\u00f6n wie seine Bilder Attersee - Kultur Online TV &amp; FM\",\"isPartOf\":{\"@id\":\"https:\/\/kulturonline.tv\/de\/#website\"},\"primaryImageOfPage\":{\"@id\":\"https:\/\/kulturonline.tv\/de\/video-ausstellung-schoen-wie-seine-bilder-attersee\/#primaryimage\"},\"image\":{\"@id\":\"https:\/\/kulturonline.tv\/de\/video-ausstellung-schoen-wie-seine-bilder-attersee\/#primaryimage\"},\"thumbnailUrl\":\"https:\/\/kulturonline.tv\/wp-content\/uploads\/2024\/04\/Galerie-Gmurzynska_Attersee_Installation_Zeus-ankert_Junge-Sonne_Gruenstueck_Farbenfresser-1-scaled.jpg\",\"datePublished\":\"2024-04-01T20:21:39+00:00\",\"dateModified\":\"2024-04-05T14:24:59+00:00\",\"description\":\"Die Galerie Gmurzynska zeigt eine gesamtwerk\u00fcbergreifende Retrospektive des legend\u00e4ren \u00f6sterreichischen K\u00fcnstlers\u00a0Christian\u00a0Ludwig\u00a0Attersee.\",\"breadcrumb\":{\"@id\":\"https:\/\/kulturonline.tv\/de\/video-ausstellung-schoen-wie-seine-bilder-attersee\/#breadcrumb\"},\"inLanguage\":\"de\",\"potentialAction\":[{\"@type\":\"ReadAction\",\"target\":[\"https:\/\/kulturonline.tv\/de\/video-ausstellung-schoen-wie-seine-bilder-attersee\/\"]}]},{\"@type\":\"ImageObject\",\"inLanguage\":\"de\",\"@id\":\"https:\/\/kulturonline.tv\/de\/video-ausstellung-schoen-wie-seine-bilder-attersee\/#primaryimage\",\"url\":\"https:\/\/kulturonline.tv\/wp-content\/uploads\/2024\/04\/Galerie-Gmurzynska_Attersee_Installation_Zeus-ankert_Junge-Sonne_Gruenstueck_Farbenfresser-1-scaled.jpg\",\"contentUrl\":\"https:\/\/kulturonline.tv\/wp-content\/uploads\/2024\/04\/Galerie-Gmurzynska_Attersee_Installation_Zeus-ankert_Junge-Sonne_Gruenstueck_Farbenfresser-1-scaled.jpg\",\"width\":2560,\"height\":1694},{\"@type\":\"BreadcrumbList\",\"@id\":\"https:\/\/kulturonline.tv\/de\/video-ausstellung-schoen-wie-seine-bilder-attersee\/#breadcrumb\",\"itemListElement\":[{\"@type\":\"ListItem\",\"position\":1,\"name\":\"Startseite\",\"item\":\"https:\/\/kulturonline.tv\/de\/\"},{\"@type\":\"ListItem\",\"position\":2,\"name\":\"VIDEO . Ausstellung-Sch\u00f6n wie seine Bilder Attersee\"}]},{\"@type\":\"WebSite\",\"@id\":\"https:\/\/kulturonline.tv\/de\/#website\",\"url\":\"https:\/\/kulturonline.tv\/de\/\",\"name\":\"Kultur Online TV &amp; FM\",\"description\":\"Wir sind Kultur 2.0 zum sehen &amp; h\u00f6ren\",\"publisher\":{\"@id\":\"https:\/\/kulturonline.tv\/de\/#organization\"},\"potentialAction\":[{\"@type\":\"SearchAction\",\"target\":{\"@type\":\"EntryPoint\",\"urlTemplate\":\"https:\/\/kulturonline.tv\/de\/?s={search_term_string}\"},\"query-input\":{\"@type\":\"PropertyValueSpecification\",\"valueRequired\":true,\"valueName\":\"search_term_string\"}}],\"inLanguage\":\"de\"},{\"@type\":\"Organization\",\"@id\":\"https:\/\/kulturonline.tv\/de\/#organization\",\"name\":\"Kultur Online TV\",\"url\":\"https:\/\/kulturonline.tv\/de\/\",\"logo\":{\"@type\":\"ImageObject\",\"inLanguage\":\"de\",\"@id\":\"https:\/\/kulturonline.tv\/de\/#\/schema\/logo\/image\/\",\"url\":\"https:\/\/kulturonline.tv\/wp-content\/uploads\/2021\/08\/Kultur-Online-Tv-Logo-Endversion-neu.png\",\"contentUrl\":\"https:\/\/kulturonline.tv\/wp-content\/uploads\/2021\/08\/Kultur-Online-Tv-Logo-Endversion-neu.png\",\"width\":200,\"height\":200,\"caption\":\"Kultur Online TV\"},\"image\":{\"@id\":\"https:\/\/kulturonline.tv\/de\/#\/schema\/logo\/image\/\"},\"sameAs\":[\"https:\/\/www.facebook.com\/kulturonline.tv\",\"https:\/\/www.instagram.com\/kulturonline.tv\"]},{\"@type\":\"Person\",\"@id\":\"https:\/\/kulturonline.tv\/de\/#\/schema\/person\/b0fac729bb9a0c193fb1df23449df4fe\",\"name\":\"guenter.wolfgang\"}]}<\/script>\n<!-- \/ Yoast SEO plugin. -->","yoast_head_json":{"title":"VIDEO . Ausstellung-Sch\u00f6n wie seine Bilder Attersee - Kultur Online TV &amp; FM","description":"Die Galerie Gmurzynska zeigt eine gesamtwerk\u00fcbergreifende Retrospektive des legend\u00e4ren \u00f6sterreichischen K\u00fcnstlers\u00a0Christian\u00a0Ludwig\u00a0Attersee.","robots":{"index":"index","follow":"follow","max-snippet":"max-snippet:-1","max-image-preview":"max-image-preview:large","max-video-preview":"max-video-preview:-1"},"canonical":"https:\/\/kulturonline.tv\/de\/video-ausstellung-schoen-wie-seine-bilder-attersee\/","og_locale":"de_DE","og_type":"article","og_title":"VIDEO . Ausstellung-Sch\u00f6n wie seine Bilder Attersee - Kultur Online TV &amp; FM","og_description":"Die Galerie Gmurzynska zeigt eine gesamtwerk\u00fcbergreifende Retrospektive des legend\u00e4ren \u00f6sterreichischen K\u00fcnstlers\u00a0Christian\u00a0Ludwig\u00a0Attersee.","og_url":"https:\/\/kulturonline.tv\/de\/video-ausstellung-schoen-wie-seine-bilder-attersee\/","og_site_name":"Kultur Online TV &amp; FM","article_publisher":"https:\/\/www.facebook.com\/kulturonline.tv","article_published_time":"2024-04-01T20:21:39+00:00","article_modified_time":"2024-04-05T14:24:59+00:00","og_image":[{"width":2560,"height":1694,"url":"https:\/\/kulturonline.tv\/wp-content\/uploads\/2024\/04\/Galerie-Gmurzynska_Attersee_Installation_Zeus-ankert_Junge-Sonne_Gruenstueck_Farbenfresser-1-scaled.jpg","type":"image\/jpeg"}],"author":"guenter.wolfgang","twitter_card":"summary_large_image","twitter_misc":{"Verfasst von":"guenter.wolfgang","Gesch\u00e4tzte Lesezeit":"2\u00a0Minuten"},"schema":{"@context":"https:\/\/schema.org","@graph":[{"@type":"Article","@id":"https:\/\/kulturonline.tv\/de\/video-ausstellung-schoen-wie-seine-bilder-attersee\/#article","isPartOf":{"@id":"https:\/\/kulturonline.tv\/de\/video-ausstellung-schoen-wie-seine-bilder-attersee\/"},"author":{"name":"guenter.wolfgang","@id":"https:\/\/kulturonline.tv\/de\/#\/schema\/person\/b0fac729bb9a0c193fb1df23449df4fe"},"headline":"VIDEO . Ausstellung-Sch\u00f6n wie seine Bilder Attersee","datePublished":"2024-04-01T20:21:39+00:00","dateModified":"2024-04-05T14:24:59+00:00","mainEntityOfPage":{"@id":"https:\/\/kulturonline.tv\/de\/video-ausstellung-schoen-wie-seine-bilder-attersee\/"},"wordCount":415,"commentCount":2,"publisher":{"@id":"https:\/\/kulturonline.tv\/de\/#organization"},"image":{"@id":"https:\/\/kulturonline.tv\/de\/video-ausstellung-schoen-wie-seine-bilder-attersee\/#primaryimage"},"thumbnailUrl":"https:\/\/kulturonline.tv\/wp-content\/uploads\/2024\/04\/Galerie-Gmurzynska_Attersee_Installation_Zeus-ankert_Junge-Sonne_Gruenstueck_Farbenfresser-1-scaled.jpg","articleSection":["Kunst","Newsflash"],"inLanguage":"de","potentialAction":[{"@type":"CommentAction","name":"Comment","target":["https:\/\/kulturonline.tv\/de\/video-ausstellung-schoen-wie-seine-bilder-attersee\/#respond"]}]},{"@type":"WebPage","@id":"https:\/\/kulturonline.tv\/de\/video-ausstellung-schoen-wie-seine-bilder-attersee\/","url":"https:\/\/kulturonline.tv\/de\/video-ausstellung-schoen-wie-seine-bilder-attersee\/","name":"VIDEO . Ausstellung-Sch\u00f6n wie seine Bilder Attersee - Kultur Online TV &amp; FM","isPartOf":{"@id":"https:\/\/kulturonline.tv\/de\/#website"},"primaryImageOfPage":{"@id":"https:\/\/kulturonline.tv\/de\/video-ausstellung-schoen-wie-seine-bilder-attersee\/#primaryimage"},"image":{"@id":"https:\/\/kulturonline.tv\/de\/video-ausstellung-schoen-wie-seine-bilder-attersee\/#primaryimage"},"thumbnailUrl":"https:\/\/kulturonline.tv\/wp-content\/uploads\/2024\/04\/Galerie-Gmurzynska_Attersee_Installation_Zeus-ankert_Junge-Sonne_Gruenstueck_Farbenfresser-1-scaled.jpg","datePublished":"2024-04-01T20:21:39+00:00","dateModified":"2024-04-05T14:24:59+00:00","description":"Die Galerie Gmurzynska zeigt eine gesamtwerk\u00fcbergreifende Retrospektive des legend\u00e4ren \u00f6sterreichischen K\u00fcnstlers\u00a0Christian\u00a0Ludwig\u00a0Attersee.","breadcrumb":{"@id":"https:\/\/kulturonline.tv\/de\/video-ausstellung-schoen-wie-seine-bilder-attersee\/#breadcrumb"},"inLanguage":"de","potentialAction":[{"@type":"ReadAction","target":["https:\/\/kulturonline.tv\/de\/video-ausstellung-schoen-wie-seine-bilder-attersee\/"]}]},{"@type":"ImageObject","inLanguage":"de","@id":"https:\/\/kulturonline.tv\/de\/video-ausstellung-schoen-wie-seine-bilder-attersee\/#primaryimage","url":"https:\/\/kulturonline.tv\/wp-content\/uploads\/2024\/04\/Galerie-Gmurzynska_Attersee_Installation_Zeus-ankert_Junge-Sonne_Gruenstueck_Farbenfresser-1-scaled.jpg","contentUrl":"https:\/\/kulturonline.tv\/wp-content\/uploads\/2024\/04\/Galerie-Gmurzynska_Attersee_Installation_Zeus-ankert_Junge-Sonne_Gruenstueck_Farbenfresser-1-scaled.jpg","width":2560,"height":1694},{"@type":"BreadcrumbList","@id":"https:\/\/kulturonline.tv\/de\/video-ausstellung-schoen-wie-seine-bilder-attersee\/#breadcrumb","itemListElement":[{"@type":"ListItem","position":1,"name":"Startseite","item":"https:\/\/kulturonline.tv\/de\/"},{"@type":"ListItem","position":2,"name":"VIDEO . Ausstellung-Sch\u00f6n wie seine Bilder Attersee"}]},{"@type":"WebSite","@id":"https:\/\/kulturonline.tv\/de\/#website","url":"https:\/\/kulturonline.tv\/de\/","name":"Kultur Online TV &amp; FM","description":"Wir sind Kultur 2.0 zum sehen &amp; h\u00f6ren","publisher":{"@id":"https:\/\/kulturonline.tv\/de\/#organization"},"potentialAction":[{"@type":"SearchAction","target":{"@type":"EntryPoint","urlTemplate":"https:\/\/kulturonline.tv\/de\/?s={search_term_string}"},"query-input":{"@type":"PropertyValueSpecification","valueRequired":true,"valueName":"search_term_string"}}],"inLanguage":"de"},{"@type":"Organization","@id":"https:\/\/kulturonline.tv\/de\/#organization","name":"Kultur Online TV","url":"https:\/\/kulturonline.tv\/de\/","logo":{"@type":"ImageObject","inLanguage":"de","@id":"https:\/\/kulturonline.tv\/de\/#\/schema\/logo\/image\/","url":"https:\/\/kulturonline.tv\/wp-content\/uploads\/2021\/08\/Kultur-Online-Tv-Logo-Endversion-neu.png","contentUrl":"https:\/\/kulturonline.tv\/wp-content\/uploads\/2021\/08\/Kultur-Online-Tv-Logo-Endversion-neu.png","width":200,"height":200,"caption":"Kultur Online TV"},"image":{"@id":"https:\/\/kulturonline.tv\/de\/#\/schema\/logo\/image\/"},"sameAs":["https:\/\/www.facebook.com\/kulturonline.tv","https:\/\/www.instagram.com\/kulturonline.tv"]},{"@type":"Person","@id":"https:\/\/kulturonline.tv\/de\/#\/schema\/person\/b0fac729bb9a0c193fb1df23449df4fe","name":"guenter.wolfgang"}]}},"_links":{"self":[{"href":"https:\/\/kulturonline.tv\/de\/wp-json\/wp\/v2\/posts\/71934","targetHints":{"allow":["GET"]}}],"collection":[{"href":"https:\/\/kulturonline.tv\/de\/wp-json\/wp\/v2\/posts"}],"about":[{"href":"https:\/\/kulturonline.tv\/de\/wp-json\/wp\/v2\/types\/post"}],"author":[{"embeddable":true,"href":"https:\/\/kulturonline.tv\/de\/wp-json\/wp\/v2\/users\/2"}],"replies":[{"embeddable":true,"href":"https:\/\/kulturonline.tv\/de\/wp-json\/wp\/v2\/comments?post=71934"}],"version-history":[{"count":0,"href":"https:\/\/kulturonline.tv\/de\/wp-json\/wp\/v2\/posts\/71934\/revisions"}],"wp:featuredmedia":[{"embeddable":true,"href":"https:\/\/kulturonline.tv\/de\/wp-json\/wp\/v2\/media\/71939"}],"wp:attachment":[{"href":"https:\/\/kulturonline.tv\/de\/wp-json\/wp\/v2\/media?parent=71934"}],"wp:term":[{"taxonomy":"category","embeddable":true,"href":"https:\/\/kulturonline.tv\/de\/wp-json\/wp\/v2\/categories?post=71934"},{"taxonomy":"post_tag","embeddable":true,"href":"https:\/\/kulturonline.tv\/de\/wp-json\/wp\/v2\/tags?post=71934"}],"curies":[{"name":"wp","href":"https:\/\/api.w.org\/{rel}","templated":true}]}}